{"id":18194,"date":"2016-09-23T12:13:47","date_gmt":"2016-09-23T15:13:47","guid":{"rendered":"http:\/\/www.100xd.com.ar\/?p=18194"},"modified":"2016-09-23T12:13:55","modified_gmt":"2016-09-23T15:13:55","slug":"retiro-espiritual-de-voceros-del-gobierno-se-reunen-en-el-cck-para-redefinir-la-comunicacion-oficial","status":"publish","type":"post","link":"https:\/\/100xd.com.ar\/es\/retiro-espiritual-de-voceros-del-gobierno-se-reunen-en-el-cck-para-redefinir-la-comunicacion-oficial\/","title":{"rendered":"Retiro espiritual de voceros del Gobierno: se re\u00fanen en el CCK para redefinir la comunicaci\u00f3n oficial"},"content":{"rendered":"<p class=\"primero\">Retiro espiritual para voceros y &#8220;prenseros&#8221; del gobierno de <a class=\"tema topico mauricio-macri\" title=\"Ver todas las notas de Mauricio Macri\" href=\"http:\/\/www.lanacion.com.ar\/mauricio-macri-t447\">Mauricio Macri.<\/a>Con el objetivo de afinar la comunicaci\u00f3n oficial, la jefatura de Gabinete de<a class=\"tema topico marcos-pena\" title=\"Ver todas las notas de Marcos Pe\u00f1a\" href=\"http:\/\/www.lanacion.com.ar\/marcos-pena-t51660\">Marcos Pe\u00f1a<\/a> organiz\u00f3 para hoy en el Centro Cultura Kirchner (CCK) un evento donde se invit\u00f3 a todos los miembros de las \u00e1reas de prensa de los distintos ministerios.<\/p>\n<aside class=\"banner caja2\" data-adpos=\"caja2\">\n<div id=\"eplAdDivcaja2\">.<\/div>\n<\/aside>\n<p>La &#8220;Jornada de comunicaci\u00f3n&#8221;, como fue bautizada, se realiza d\u00edas despu\u00e9s de la pol\u00e9mica que abri\u00f3 el propio Presidente al desmentirse a s\u00ed mismo sobre <a class=\"link\" href=\"http:\/\/www.lanacion.com.ar\/1940138-macri-admitio-que-no-hablaron-de-soberania-con-la-premier-britanica\" target=\"_blank\">su conversaci\u00f3n con la premier brit\u00e1nica, Theresa May, por Malvinas.<\/a><\/p>\n<p>Con desayuno y almuerzo incluido, la cita de 8 a 15.30 no era de asistencia obligatoria y buscaba tambi\u00e9n que todos los comunicadores que dependen de la Casa Rosada se vean las caras por primera vez desde que Pro lleg\u00f3 al Gobierno.<\/p>\n<figure class=\"S encolumnada relacionada\">\n<div class=\"conModal f-imagenRelacionada\" data-notaid=\"1940609\" data-imagenid=\"2274320\" data-tipo=\"imagen\" data-extension=\"jpg\" data-esrelacionada=\"1\"><img decoding=\"async\" id=\"imagen_2274320\" class=\"f-sinGif\" src=\"http:\/\/bucket1.glanacion.com\/anexos\/fotos\/20\/medios-y-politica-2274320w280.jpg\" alt=\"La invitaci\u00f3n interna que se envi\u00f3 por mail a todos los voceros del Gobierno\" data-imagenid=\"2274320\"  title=\"Retiro espiritual de voceros del Gobierno: se re\u00fanen en el CCK para redefinir la comunicaci\u00f3n oficial\" \/><\/div><figcaption id=\"epigrafe2274320\">La invitaci\u00f3n interna que se envi\u00f3 por mail a todos los voceros del Gobierno. Foto: LA NACION<\/figcaption><\/figure>\n<aside class=\"S relacionadas\">\n<div class=\"techo\">M\u00e1s notas para entender este tema<\/div>\n<hr \/>\n<h3>El Gobierno abre a debate la redacci\u00f3n de su propia ley de telecomunicaciones<\/h3>\n<\/aside>\n<aside class=\"banner caja3\" data-adpos=\"caja3\">\n<div id=\"eplAdDivcaja3\">.<\/div>\n<\/aside>\n<p>&#8220;Charlas que conectan a todos los que comunicamos&#8221;, rezaba el mail interno de invitaci\u00f3n, que se envi\u00f3 hace una semana. Unas 850 personas se inscribieron.<\/p>\n<p>&#8220;Es para encontrarnos, no s\u00e9 si lo pensaron para mejorar la comunicaci\u00f3n&#8221;, cont\u00f3 desde el CCK a <b>LA NACION <\/b>uno de los participantes. &#8220;Hay talleres y dem\u00e1s para todos los equipos, es abierta&#8221;, dijo otro vocero de un ministro.<\/p>\n<aside class=\"banner caja4\" data-adpos=\"caja4\">\n<div id=\"eplAdDivcaja4\">.<\/div>\n<\/aside>\n<p>\u00bfSe trata de una &#8220;bajada de l\u00ednea&#8221; sobre c\u00f3mo comunicar?, pregunt\u00f3 este diario a un tercer vocero de un funcionario con acceso al despacho de Macri, que respondi\u00f3: &#8220;No, no es una bajada de l\u00ednea. Es una jornada para laburar todos en una misma l\u00ednea&#8221;.<\/p>\n<h2>El programa<\/h2>\n<p>El propio jefe de Gabinete era el encargado de abrir el encuentro en el sal\u00f3n Argentina, con la primera charla bajo la consigna &#8220;Lineamientos generales y estrategia pol\u00edtica&#8221;. M\u00e1s tarde, el publicista que estuvo detr\u00e1s de la campa\u00f1a de Macri, Joaqu\u00edn Molla, el experto en redes sociales para el Gobierno Juli\u00e1n Gallo, y Victoria Bluthgen, integrante del equipo de Pe\u00f1a, disertaban sobre &#8220;Estrategia de comunicaci\u00f3n&#8221;.<\/p>\n<p>Antes de la pausa para caf\u00e9, Rudi Borrmann, del ministerio de Modernizaci\u00f3n y cerebro de la pol\u00edtica de &#8220;gobierno abierto&#8221;, iba a hablar sobre &#8220;Introducci\u00f3n a las din\u00e1micas&#8221;. Las primeras tres &#8220;charlas centrales&#8221;, como fueron definidas por el programa oficial, eran moderadas por el secretario general de Presidencia, Fernando de Andreis.<\/p>\n<p>A media ma\u00f1ana, las salas Naranja, Azul, Amarilla, Verde y Violeta del CCK estaban destinadas a variadas charlas tem\u00e1ticas como &#8220;Contenidos online&#8221;, &#8220;Prensa nacional y federal&#8221; y &#8220;Redacci\u00f3n y concepto creativo&#8221;. La <a class=\"link\" href=\"http:\/\/www.lanacion.com.ar\/1917439-la-palabra-de-macri-ahora-esta-cuidada-por-una-directora-nacional-de-discursos\" target=\"_blank\">flamante redactora de los discursos presidenciales, Julieta Herrero,<\/a> era la encargada de plantear &#8220;Los componentes del discurso&#8221;. Tambi\u00e9n disertaba Hern\u00e1n Iglesias Illa, uno de los principales estrategas en la comunicaci\u00f3n oficial.<\/p>\n<p>El panel de cierre del encuentro de voceros ten\u00eda a Ezequiel Colombo como moderador y al ministro de Cultura, <a class=\"tema topico pablo-avelluto\" title=\"Ver todas las notas de Pablo Avelluto\" href=\"http:\/\/www.lanacion.com.ar\/pablo-avelluto-t55375\">Pablo Avelluto,<\/a> el titular del Sistema Federal de Medios P\u00fablicos,<a class=\"tema topico hernan-lombardi\" title=\"Ver todas las notas de Hern\u00e1n Lombardi\" href=\"http:\/\/www.lanacion.com.ar\/hernan-lombardi-t48169\">Hern\u00e1n Lombardi,<\/a> y el fil\u00f3sofo presidencial Alejandro Rozitchner como oradores. Se llevar\u00eda a cabo antes del mediod\u00eda y su t\u00edtulo invitaba a la libre interpretaci\u00f3n de los &#8220;prenseros&#8221; de la Casa Rosada: &#8220;Inspirar&#8221;.<\/p>\n<p>Fuente: <a href=\"http:\/\/www.lanacion.com.ar\/\">La Nacion<\/a><\/p>","protected":false},"excerpt":{"rendered":"<p>Retiro espiritual para voceros y &#8220;prenseros&#8221; del gobierno de Mauricio Macri.Con el objetivo de afinar la comunicaci\u00f3n oficial, la jefatura de Gabinete deMarcos Pe\u00f1a organiz\u00f3 para hoy en el Centro Cultura Kirchner (CCK) un evento donde se invit\u00f3 a todos los miembros de las \u00e1reas de prensa de los distintos ministerios. . La &#8220;Jornada de [&hellip;]<\/p>\n","protected":false},"author":4,"featured_media":18195,"comment_status":"open","ping_status":"open","sticky":false,"template":"","format":"standard","meta":{"site-sidebar-layout":"default","site-content-layout":"","ast-site-content-layout":"default","site-content-style":"default","site-sidebar-style":"default","ast-global-header-display":"","ast-banner-title-visibility":"","ast-main-header-display":"","ast-hfb-above-header-display":"","ast-hfb-below-header-display":"","ast-hfb-mobile-header-display":"","site-post-title":"","ast-breadcrumbs-content":"","ast-featured-img":"","footer-sml-layout":"","ast-disable-related-posts":"","theme-transparent-header-meta":"","adv-header-id-meta":"","stick-header-meta":"","header-above-stick-meta":"","header-main-stick-meta":"","header-below-stick-meta":"","astra-migrate-meta-layouts":"default","ast-page-background-enabled":"default","ast-page-background-meta":{"desktop":{"background-color":"","background-image":"","background-repeat":"repeat","background-position":"center center","background-size":"auto","background-attachment":"scroll","background-type":"","background-media":"","overlay-type":"","overlay-color":"","overlay-opacity":"","overlay-gradient":""},"tablet":{"background-color":"","background-image":"","background-repeat":"repeat","background-position":"center center","background-size":"auto","background-attachment":"scroll","background-type":"","background-media":"","overlay-type":"","overlay-color":"","overlay-opacity":"","overlay-gradient":""},"mobile":{"background-color":"","background-image":"","background-repeat":"repeat","background-position":"center center","background-size":"auto","background-attachment":"scroll","background-type":"","background-media":"","overlay-type":"","overlay-color":"","overlay-opacity":"","overlay-gradient":""}},"ast-content-background-meta":{"desktop":{"background-color":"var(--ast-global-color-5)","background-image":"","background-repeat":"repeat","background-position":"center center","background-size":"auto","background-attachment":"scroll","background-type":"","background-media":"","overlay-type":"","overlay-color":"","overlay-opacity":"","overlay-gradient":""},"tablet":{"background-color":"var(--ast-global-color-5)","background-image":"","background-repeat":"repeat","background-position":"center center","background-size":"auto","background-attachment":"scroll","background-type":"","background-media":"","overlay-type":"","overlay-color":"","overlay-opacity":"","overlay-gradient":""},"mobile":{"background-color":"var(--ast-global-color-5)","background-image":"","background-repeat":"repeat","background-position":"center center","background-size":"auto","background-attachment":"scroll","background-type":"","background-media":"","overlay-type":"","overlay-color":"","overlay-opacity":"","overlay-gradient":""}},"footnotes":""},"categories":[2],"tags":[],"class_list":["post-18194","post","type-post","status-publish","format-standard","has-post-thumbnail","hentry","category-politica"],"spectra_blocks_featured_image_url":{"thumbnail":{"url":"https:\/\/100xd.com.ar\/wp-content\/uploads\/2016\/09\/medios-.-150x150.jpg","width":150,"height":150},"medium":{"url":"https:\/\/100xd.com.ar\/wp-content\/uploads\/2016\/09\/medios-.-300x168.jpg","width":300,"height":168},"medium_large":{"url":"https:\/\/100xd.com.ar\/wp-content\/uploads\/2016\/09\/medios-..jpg","width":620,"height":348},"large":{"url":"https:\/\/100xd.com.ar\/wp-content\/uploads\/2016\/09\/medios-..jpg","width":620,"height":348},"full":{"url":"https:\/\/100xd.com.ar\/wp-content\/uploads\/2016\/09\/medios-..jpg","width":620,"height":348}},"spectra_blocks_author_info":{"display_name":"Facundo Novillo","avatar_url":"https:\/\/secure.gravatar.com\/avatar\/09745bc65ce6bf84291d6515d5f759c04b4fce4f329b8a975a8ac2982b552d3e?s=96&d=mm&r=g","author_link":"https:\/\/100xd.com.ar\/es\/author\/facundo\/","description":""},"_links":{"self":[{"href":"https:\/\/100xd.com.ar\/es\/wp-json\/wp\/v2\/posts\/18194","targetHints":{"allow":["GET"]}}],"collection":[{"href":"https:\/\/100xd.com.ar\/es\/wp-json\/wp\/v2\/posts"}],"about":[{"href":"https:\/\/100xd.com.ar\/es\/wp-json\/wp\/v2\/types\/post"}],"author":[{"embeddable":true,"href":"https:\/\/100xd.com.ar\/es\/wp-json\/wp\/v2\/users\/4"}],"replies":[{"embeddable":true,"href":"https:\/\/100xd.com.ar\/es\/wp-json\/wp\/v2\/comments?post=18194"}],"version-history":[{"count":1,"href":"https:\/\/100xd.com.ar\/es\/wp-json\/wp\/v2\/posts\/18194\/revisions"}],"predecessor-version":[{"id":18196,"href":"https:\/\/100xd.com.ar\/es\/wp-json\/wp\/v2\/posts\/18194\/revisions\/18196"}],"wp:featuredmedia":[{"embeddable":true,"href":"https:\/\/100xd.com.ar\/es\/wp-json\/wp\/v2\/media\/18195"}],"wp:attachment":[{"href":"https:\/\/100xd.com.ar\/es\/wp-json\/wp\/v2\/media?parent=18194"}],"wp:term":[{"taxonomy":"category","embeddable":true,"href":"https:\/\/100xd.com.ar\/es\/wp-json\/wp\/v2\/categories?post=18194"},{"taxonomy":"post_tag","embeddable":true,"href":"https:\/\/100xd.com.ar\/es\/wp-json\/wp\/v2\/tags?post=18194"}],"curies":[{"name":"wp","href":"https:\/\/api.w.org\/{rel}","templated":true}]}}