{"id":17590,"date":"2016-09-09T11:57:25","date_gmt":"2016-09-09T14:57:25","guid":{"rendered":"http:\/\/www.100xd.com.ar\/?p=17590"},"modified":"2016-09-09T12:00:53","modified_gmt":"2016-09-09T15:00:53","slug":"un-ministro-de-viaje-de-egresados","status":"publish","type":"post","link":"https:\/\/100xd.com.ar\/es\/un-ministro-de-viaje-de-egresados\/","title":{"rendered":"Un ministro de viaje de egresados"},"content":{"rendered":"<div class=\"nota top12\">\n<div id=\"cuerpo\">\n<p class=\"margen0\">En medio de la interna con el presidente del Banco Central, Federico Sturzenegger, y con la situaci\u00f3n econ\u00f3mica en ca\u00edda, el ministro de Hacienda y Finanzas, Alfonso Prat Gay, aprovech\u00f3 el regreso de su viaje a la cumbre del G-20 para tomarse unos d\u00edas de descanso junto a su hijo. El funcionario no volvi\u00f3 en el avi\u00f3n con el presidente Mauricio Macri y en cambio parti\u00f3 desde China rumbo a Gran Breta\u00f1a para participar del viaje de egresados del Cardenal Newman, colegio en donde su hijo estudia y juega al rugby. Mientras tanto, en el ministerio a su cargo los trabajadores despedidos pegaron un cartel con su foto que dice: \u201cMissing Minister, ayudanos a encontrarlo\u201d, en una clara parodia a las campa\u00f1as de Missing Children que buscan ni\u00f1os perdidos.<\/p>\n<p>Los rumores sobre su renuncia y las diferencias con otros funcionarios nacionales respecto de la pol\u00edtica econ\u00f3mica, no le impidieron a Prat Gay compartir unos d\u00edas de vacaciones junto a su hijo. El ministro viaj\u00f3 el viernes pasado junto al resto de la comitiva oficial acompa\u00f1ando al presidente Macri. Mantuvo reuniones con funcionarios de distintos pa\u00edses para conseguir financiamiento y ratificar la voluntad de la argentina de presidir el G-20 en 2018. Pero una vez terminadas las actividades oficiales, tanto el jefe de Estado como los dem\u00e1s funcionarios emprendieron la vuelta al pa\u00eds.<\/p>\n<p>En cambio, el ex diputado de la Coalici\u00f3n C\u00edvica puso pausa a su agenda oficial y se encontr\u00f3 con su hijo en inglaterra. Al igual que Macri y otros dirigentes del gobierno nacional, Prat Gay estudi\u00f3 en el Cardenal Newman, donde jug\u00f3 al rugby. En ese colegio de zona Norte los alumnos suelen realizar giras por distintos pa\u00edses para competir con otros colegios europeos. Es habitual que algunos padres acompa\u00f1en a sus hijos durante la gira deportiva, que una vez finalizada se transforma en su viaje de egresados. En esta oportunidad, el rol de padre coordinador corri\u00f3 por cuenta del ministro de Hacienda y Finanzas.<\/p>\n<p>Seg\u00fan revelaron cerca del funcionario, se trat\u00f3 de una pausa breve en sus actividades. Hoy emprender\u00eda el regreso a Buenos Aires para retomar la agenda de trabajo.<\/p>\n<p>El ministro de Hacienda viene con una importante carga de trabajo desde diciembre pasado, cuando se resolvi\u00f3 la megadevaluaci\u00f3n, la eliminaci\u00f3n de las restricciones cambiarias, las retenciones mineras y agropecuarias, entre otras medidas.<\/p>\n<p>Mientras Prat Gay recorre Europa, Macri sali\u00f3 ayer a bajarle el tono a la interna que su ministro lleva con el presidente del Banco Central. \u201cEst\u00e1n bien los dos. Es sano que haya matices en las opiniones\u201d, se\u00f1al\u00f3 el jefe de Estado. En paralelo, en el ministerio aprovecharon para volver a sacar a la luz los reclamos con los afiches de \u201cMissing Minister\u201d:<\/p>\n<p>\u201cSus trabajadorxs despedidxs lo buscan. Si lo viste o sab\u00e9s algo llam\u00e1 al 4349-5050\u201d, reza el cartel.<\/p>\n<p>Fuente:<a href=\"http:\/\/www.pagina12.com.ar\/\"> P\u00e1gina 12<\/a><\/p>\n<\/div>\n<div><a href=\"http:\/\/www.pagina12.com.ar\/\">\u00a0<\/a><\/div>\n<div><\/div>\n<\/div>\n<div class=\"top12\"><\/div>","protected":false},"excerpt":{"rendered":"<p>En medio de la interna con el presidente del Banco Central, Federico Sturzenegger, y con la situaci\u00f3n econ\u00f3mica en ca\u00edda, el ministro de Hacienda y Finanzas, Alfonso Prat Gay, aprovech\u00f3 el regreso de su viaje a la cumbre del G-20 para tomarse unos d\u00edas de descanso junto a su hijo. El funcionario no volvi\u00f3 en [&hellip;]<\/p>\n","protected":false},"author":4,"featured_media":17591,"comment_status":"open","ping_status":"open","sticky":false,"template":"","format":"standard","meta":{"site-sidebar-layout":"default","site-content-layout":"","ast-site-content-layout":"default","site-content-style":"default","site-sidebar-style":"default","ast-global-header-display":"","ast-banner-title-visibility":"","ast-main-header-display":"","ast-hfb-above-header-display":"","ast-hfb-below-header-display":"","ast-hfb-mobile-header-display":"","site-post-title":"","ast-breadcrumbs-content":"","ast-featured-img":"","footer-sml-layout":"","ast-disable-related-posts":"","theme-transparent-header-meta":"","adv-header-id-meta":"","stick-header-meta":"","header-above-stick-meta":"","header-main-stick-meta":"","header-below-stick-meta":"","astra-migrate-meta-layouts":"default","ast-page-background-enabled":"default","ast-page-background-meta":{"desktop":{"background-color":"","background-image":"","background-repeat":"repeat","background-position":"center center","background-size":"auto","background-attachment":"scroll","background-type":"","background-media":"","overlay-type":"","overlay-color":"","overlay-opacity":"","overlay-gradient":""},"tablet":{"background-color":"","background-image":"","background-repeat":"repeat","background-position":"center center","background-size":"auto","background-attachment":"scroll","background-type":"","background-media":"","overlay-type":"","overlay-color":"","overlay-opacity":"","overlay-gradient":""},"mobile":{"background-color":"","background-image":"","background-repeat":"repeat","background-position":"center center","background-size":"auto","background-attachment":"scroll","background-type":"","background-media":"","overlay-type":"","overlay-color":"","overlay-opacity":"","overlay-gradient":""}},"ast-content-background-meta":{"desktop":{"background-color":"var(--ast-global-color-5)","background-image":"","background-repeat":"repeat","background-position":"center center","background-size":"auto","background-attachment":"scroll","background-type":"","background-media":"","overlay-type":"","overlay-color":"","overlay-opacity":"","overlay-gradient":""},"tablet":{"background-color":"var(--ast-global-color-5)","background-image":"","background-repeat":"repeat","background-position":"center center","background-size":"auto","background-attachment":"scroll","background-type":"","background-media":"","overlay-type":"","overlay-color":"","overlay-opacity":"","overlay-gradient":""},"mobile":{"background-color":"var(--ast-global-color-5)","background-image":"","background-repeat":"repeat","background-position":"center center","background-size":"auto","background-attachment":"scroll","background-type":"","background-media":"","overlay-type":"","overlay-color":"","overlay-opacity":"","overlay-gradient":""}},"footnotes":""},"categories":[80],"tags":[],"class_list":["post-17590","post","type-post","status-publish","format-standard","has-post-thumbnail","hentry","category-ultimas-noticias"],"spectra_blocks_featured_image_url":{"thumbnail":{"url":"https:\/\/100xd.com.ar\/wp-content\/uploads\/2016\/09\/alfonso-150x150.jpg","width":150,"height":150},"medium":{"url":"https:\/\/100xd.com.ar\/wp-content\/uploads\/2016\/09\/alfonso-300x169.jpg","width":300,"height":169},"medium_large":{"url":"https:\/\/100xd.com.ar\/wp-content\/uploads\/2016\/09\/alfonso.jpg","width":768,"height":432},"large":{"url":"https:\/\/100xd.com.ar\/wp-content\/uploads\/2016\/09\/alfonso.jpg","width":948,"height":533},"full":{"url":"https:\/\/100xd.com.ar\/wp-content\/uploads\/2016\/09\/alfonso.jpg","width":948,"height":533}},"spectra_blocks_author_info":{"display_name":"Facundo Novillo","avatar_url":"https:\/\/secure.gravatar.com\/avatar\/09745bc65ce6bf84291d6515d5f759c04b4fce4f329b8a975a8ac2982b552d3e?s=96&d=mm&r=g","author_link":"https:\/\/100xd.com.ar\/es\/author\/facundo\/","description":""},"_links":{"self":[{"href":"https:\/\/100xd.com.ar\/es\/wp-json\/wp\/v2\/posts\/17590","targetHints":{"allow":["GET"]}}],"collection":[{"href":"https:\/\/100xd.com.ar\/es\/wp-json\/wp\/v2\/posts"}],"about":[{"href":"https:\/\/100xd.com.ar\/es\/wp-json\/wp\/v2\/types\/post"}],"author":[{"embeddable":true,"href":"https:\/\/100xd.com.ar\/es\/wp-json\/wp\/v2\/users\/4"}],"replies":[{"embeddable":true,"href":"https:\/\/100xd.com.ar\/es\/wp-json\/wp\/v2\/comments?post=17590"}],"version-history":[{"count":1,"href":"https:\/\/100xd.com.ar\/es\/wp-json\/wp\/v2\/posts\/17590\/revisions"}],"predecessor-version":[{"id":17592,"href":"https:\/\/100xd.com.ar\/es\/wp-json\/wp\/v2\/posts\/17590\/revisions\/17592"}],"wp:featuredmedia":[{"embeddable":true,"href":"https:\/\/100xd.com.ar\/es\/wp-json\/wp\/v2\/media\/17591"}],"wp:attachment":[{"href":"https:\/\/100xd.com.ar\/es\/wp-json\/wp\/v2\/media?parent=17590"}],"wp:term":[{"taxonomy":"category","embeddable":true,"href":"https:\/\/100xd.com.ar\/es\/wp-json\/wp\/v2\/categories?post=17590"},{"taxonomy":"post_tag","embeddable":true,"href":"https:\/\/100xd.com.ar\/es\/wp-json\/wp\/v2\/tags?post=17590"}],"curies":[{"name":"wp","href":"https:\/\/api.w.org\/{rel}","templated":true}]}}