{"id":17316,"date":"2016-09-05T12:16:10","date_gmt":"2016-09-05T15:16:10","guid":{"rendered":"http:\/\/www.100xd.com.ar\/?p=17316"},"modified":"2016-09-05T12:16:15","modified_gmt":"2016-09-05T15:16:15","slug":"una-guerra-de-espias-que-desafia-al-gobierno","status":"publish","type":"post","link":"https:\/\/100xd.com.ar\/es\/una-guerra-de-espias-que-desafia-al-gobierno\/","title":{"rendered":"Una guerra de esp\u00edas que desaf\u00eda al Gobierno"},"content":{"rendered":"<p class=\"primero\">Antes de su llegada al poder, sobre Cambiemos pesaban dos prejuicios. Una opini\u00f3n mayoritaria sosten\u00eda que, con el peronismo enfrente, no podr\u00eda resolver la endemoniada agenda econ\u00f3mica que dej\u00f3 Cristina Kirchner. Al mismo tiempo se supon\u00eda que, en cambio, garantizaba la reparaci\u00f3n institucional que sus votantes reclamaron en las urnas.<\/p>\n<p>Al cabo de ocho meses, la realidad obliga a reajustar esos pron\u00f3sticos. El Gobierno logr\u00f3 liberar el mercado cambiario sin contratiempos, sac\u00f3 al pa\u00eds del default, supervis\u00f3 negociaciones salariales libres sin grandes conflictos sindicales a pesar de la inflaci\u00f3n y est\u00e1 logrando la desaceleraci\u00f3n de los precios.<\/p>\n<p>Es cierto que se empantan\u00f3 con la reducci\u00f3n de los subsidios al gas. Pero es muy dif\u00edcil discernir en qu\u00e9 medida ese contratiempo se debi\u00f3 a dificultades objetivas o a la propia mala praxis. Sobre la plataforma de estos \u00e9xitos, Alfonso Prat-Gay acaba de reclamar, en una entrevista con LA NACION, el beneficio de la duda: \u00bfpor qu\u00e9 rechazar la posibilidad de que, hacia fin de a\u00f1o, el pa\u00eds salga de la recesi\u00f3n?<\/p>\n<p>Si se observa el panorama institucional, lo que se pensaba inevitable todav\u00eda no se realiz\u00f3. Al contrario, Macri enfrenta una crisis en \u00e1reas que ped\u00edan una renovaci\u00f3n.<\/p>\n<p>La guerra de facciones que se libra en el aparato de inteligencia acaba de estallar, revelando lo que se preve\u00eda: una irresponsable falta de control. Esa tormenta desnud\u00f3 la persistencia de uno de los peores vicios con que el kirchnerismo agravi\u00f3 a la democracia: la manipulaci\u00f3n de la Justicia a trav\u00e9s del espionaje. Mientras tanto, el sistema de seguridad sigue bajo el mando de quienes lo conduc\u00edan en la gesti\u00f3n anterior, lo que garantiza prestaciones de la misma calidad.<\/p>\n<p>Cuando present\u00f3 a su gabinete en el Jard\u00edn Bot\u00e1nico, Macri se comprometi\u00f3 a que, bajo su mando, la Agencia Federal de Inteligencia &#8220;no estar\u00eda para espiar a los ciudadanos, como sucedi\u00f3 hasta ahora&#8221;. Frente a esa promesa, s\u00f3lo viene ofreciendo un llamativo fracaso. Elisa Carri\u00f3, cofundadora de la coalici\u00f3n gobernante, present\u00f3 el lunes pasado un proyecto de ley para eliminar esa agencia. Cuatro d\u00edas despu\u00e9s, Carri\u00f3 pidi\u00f3 al juez Ariel Lijo que investigue si Juan Jos\u00e9 G\u00f3mez Centuri\u00f3n fue v\u00edctima de seguimientos y escuchas clandestinas por parte de la AFI.<\/p>\n<p>G\u00f3mez Centuri\u00f3n es el director de la Aduana suspendido por una denuncia an\u00f3nima, basada en una grabaci\u00f3n editada. La solicitud de Carri\u00f3 se bas\u00f3 en una nota publicadas en Clar\u00edn por Claudio Savoia. El periodista denunci\u00f3 la existencia de dos bases secretas de la ex SIDE, una en Libertador y Newbery y otra en el viejo edificio del diario La Prensa, desde las cuales se realizar\u00edan operaciones de espionaje. Savoia document\u00f3 esa denuncia con registros de la persecuci\u00f3n a G\u00f3mez Centuri\u00f3n. Y consign\u00f3, citando fuentes de la AFI, que esos operativos estaban a cargo del jefe de contrainteligencia Diego Dalmau Pereyra, quien obedeci\u00f3 \u00f3rdenes de la segunda de esa agencia, Silvia Majdalani. Una pregunta clave: si esa informaci\u00f3n es verdadera, \u00bfa qui\u00e9n se le rend\u00eda cuenta de los gastos? \u00bfY a qui\u00e9n reportaban las novedades? \u00bfLlegaban hasta Macri? Esto abrir\u00eda otro \u00e1ngulo para entender la salida de G\u00f3mez Centuri\u00f3n.<\/p>\n<p>Majdalani y su jefe, Gustavo Arribas, un amigo de Macri dedicado a la compraventa de futbolistas, rechazaron las imputaciones y pidieron al fiscal Carlos Stornelli que las investigue. Sin embargo, pesa sobre ellos otra relaci\u00f3n sospechosa entre la AFI y la denuncia contra G\u00f3mez Centuri\u00f3n. D\u00edas antes de que se conocieran las grabaciones que justificaron su suspensi\u00f3n, Centuri\u00f3n recibi\u00f3 una llamada de un colaborador de Majdalani, el fiscal Eduardo Miragaya, pidiendo que fuera repuesto al frente de la delegaci\u00f3n Ezeiza de la Aduana un funcionario sospechado de proteger el contrabando. Cuando lo acusaron, Centuri\u00f3n estaba investigando a una red de importadores vinculados a esp\u00edas jubilados, encabezados por Antonio Stiuso. Majdalani tiene una estrech\u00edsima relaci\u00f3n con Francisco Larcher. Fue el jefe de la ex SIDE durante el kirchnerismo, y estuvo tan ligado a Stiuso que antes de pedirle la renuncia prefiri\u00f3 dejar el cargo.<\/p>\n<p>Adem\u00e1s de protagonizar este esc\u00e1ndalo, Miragaya provoc\u00f3 algunos papelones. Fue, por ejemplo, el responsable de negociar con L\u00e1zaro B\u00e1ez para que denunciara a Cristina Kirchner. Para facilitar ese prop\u00f3sito, dos abogados amigos de Miragaya, Claudia Balb\u00edn y Santiago Viola, patrocinaron a Leandro B\u00e1ez, uno de los hijos del constructor y testaferro. Una versi\u00f3n insistente, pero no confirmada, sostiene que para respaldar la transacci\u00f3n, Leandro B\u00e1ez fue llevado al edificio central de la AFI. \u00bfEl fiscal Guillermo Marijuan estaba al tanto de estas tratativas?<\/p>\n<p>Su colega, Miragaya, es experto en chascos. Tampoco consigui\u00f3 corroborar que, como hab\u00eda afirmado B\u00e1ez, el juez Sebasti\u00e1n Casanello visit\u00f3 Olivos para pactar con la se\u00f1ora de Kirchner. A Miragaya se le atribuye tambi\u00e9n haber acordado con Ibar P\u00e9rez Corradi una acusaci\u00f3n contra el radical Ernesto Sanz. El intermediario habr\u00eda sido un subordinado de Miragaya, el comisario Carlos Sidras, quien tiene una vieja relaci\u00f3n con el abogado del narco, Carlos Broitman. La interpretaci\u00f3n m\u00e1s difundida es que el ataque a Sanz fue promovido por Majdalani, por temor a que el radicalismo quisiera desplazarla.<\/p>\n<p>El que quiere ahora remover a Majdalani es Arribas, envuelto en un bochorno. Pero el br\u00f3ker de jugadores choca con otro amigo de Macri, Nicol\u00e1s Caputo. Es el padrino de Majdalani. Caputo tambi\u00e9n hizo designar a la hija de la funcionaria, Agustina Olivero, al frente de la Corporaci\u00f3n Puerto Madero. Por ahora Arribas se conforma con obligar a Majdalani a deshacerse de sus subordinados inmediatos. Miragaya, que estaba al frente de la Direcci\u00f3n de Delitos Econ\u00f3micos, fue enviado a la secci\u00f3n Archivos. En su lugar qued\u00f3 Fernando Di Pasquale. En Seguridad designaron a Gast\u00f3n Guildi. Sidras, que estaba al frente de lucha contra el narcotr\u00e1fico, fue desplazado. A su colega Edgardo Aoun lo destacaron en Avanzada Presidencial, una unidad para prevenir contratiempos en los desplazamientos de Macri. Y el coronel Ra\u00fal Bertoia, que estaba a cargo de las relaciones exteriores, volvi\u00f3 a su casa.<\/p>\n<p>Arribas, que seg\u00fan Macri &#8220;es viv\u00edsimo&#8221;, debe haber calculado que con estos relevos se expon\u00eda a filtraciones. No deber\u00eda sorprender, por ejemplo, que trascendieran m\u00e1s mensajes del fiscal Marijuan, que prestar\u00edan beneficios involuntarios a su antigua jefa y actual imputada, la se\u00f1ora de Kirchner. Marijuan est\u00e1 en un trance circular. Qued\u00f3 a cargo de la denuncia de Carri\u00f3 sobre unas escuchas ilegales de las que \u00e9l tambi\u00e9n pudo ser v\u00edctima. A la vez, acus\u00f3 por la grabaci\u00f3n de su voz que ya se conoci\u00f3 a Alan Bogado, el esp\u00eda al que Alberto Nisman denunci\u00f3 por traficar informaci\u00f3n sobre la AMIA con Ir\u00e1n. Bogado declar\u00f3 ser un agente de Stiuso en la Aduana. Un tema que debe investigar Marijuan, a cargo de la denuncia contra G\u00f3mez Centuri\u00f3n. Esta fatigosa enumeraci\u00f3n de nombres y de casos conduce a una conclusi\u00f3n inevitable: la emancipaci\u00f3n de las mafias requiere de una estrategia y de una voluntad pol\u00edtica que todav\u00eda no han aparecido. L\u00f3gico: es m\u00e1s f\u00e1cil derrotar a la inflaci\u00f3n.<\/p>\n<p>Macri tampoco logra alcanzar otro objetivo: reemplazar a Gils Carb\u00f3. La disputa se ha reabierto. Algunos amigos abogados recomendaron a Macri eliminar de la ley del Ministerio P\u00fablico la necesidad de conseguir dos tercios del Senado, para poder desplazarla por decreto. Pero el Presidente se lamenta: &#8220;Esa bala la gast\u00e9 con las designaciones en la Corte&#8221;.<\/p>\n<h2>En carrera<\/h2>\n<p>Macri depende, como en todo, del PJ. En los pr\u00f3ximos d\u00edas Graciela Cama\u00f1o, del Frente Renovador, quedar\u00e1 al frente de una comisi\u00f3n bicameral de control de la Procuraci\u00f3n. Cama\u00f1o, a quien Federico Pinedo describe como una serial killer, deber\u00e1 tratar una primera irregularidad: el Colegio de Abogados denunci\u00f3 a Gils Carb\u00f3 por haber seleccionado sin control alguno a los jurados de una veintena de concursos para designar fiscales. La nueva bicameral ser\u00e1 un tribunal oficioso, cuyo objetivo es lograr la renuncia de la procuradora. La carrera por el reemplazo est\u00e1 lanzada. Entre los competidores figura el vapuleado Marijuan, avalado por el empresario Gabriel Hochbaum, antiguo amigo de Julio De Vido. \u00bfLas filtraciones tendr\u00e1n que ver con este sue\u00f1o?<\/p>\n<p>La avanzada contra Gils Carb\u00f3 es parte de un enfrentamiento m\u00e1s amplio con la asociaci\u00f3n kirchnerista Justicia Leg\u00edtima. La semana pasada, varios integrantes de esa liga se quejaron ante la Comisi\u00f3n Interamericana de Derechos Humanos por la falta de garant\u00edas en el pa\u00eds. Entre los denunciantes estuvo la camarista de Casaci\u00f3n Ana Mar\u00eda Figueroa. Gracias a su excursi\u00f3n, sus colegas Gustavo Hornos y Mariano Borinsky pudieron confirmar a la Sala II de la C\u00e1mara Federal, que integran Cattani, Irurzun y Farah, en la causa por el d\u00f3lar futuro, donde est\u00e1 procesada Cristina Kirchner. Figueroa, que cajoneaba la recusaci\u00f3n, no deber\u00eda haber viajado. Un error no buscado. Como el que cometieron los camporistas Vilma Castillo y Juan Forl\u00f3n al admitir que el nuevo auditor general de la Naci\u00f3n, Oscar Lamberto, designe como asesor al hijo de Germ\u00e1n Moldes. Es el fiscal general que pidi\u00f3 para la ex presidenta la condena por traici\u00f3n a la patria.<\/p>\n<p>Las defecciones y fragilidades del Gobierno en el frente judicial preocupan a muchos dirigentes de Cambiemos. Un ejemplo notorio ha sido el del procurador del Tesoro, Carlos Balb\u00edn: se neg\u00f3 a firmar las presentaciones ante la Corte por el caso de las tarifas, acaso el m\u00e1s importante que le toque defender durante toda su gesti\u00f3n. Macri registra la alarma de esos seguidores y, como siempre, les pide que &#8220;armen una mesa&#8221;. Va quedando cada vez m\u00e1s claro un rasgo principal de su liderazgo: promover la deliberaci\u00f3n permanente, para reservarse la capacidad de decisi\u00f3n. Con ese m\u00e9todo la Casa Rosada se va transformando en una muebler\u00eda. Para la mesa judicial el Presidente puso una condici\u00f3n: que adem\u00e1s de Garavano, Rodr\u00edguez Sim\u00f3n, Torello y Clusellas haya lugar para el binguero Daniel Angelici. Un control de calidad.<\/p>\n<p>Mientras tanto, el dise\u00f1o judicial promete modificarse con prescindencia del Gobierno. El Colegio de Abogados porte\u00f1o reclam\u00f3 que la integraci\u00f3n que el kirchnerismo impuso al Consejo de la Magistratura sea declarada inconstitucional. El 19 de noviembre, los camaristas contencioso-administrativos L\u00f3pez Casti\u00f1eira y M\u00e1rquez se lo concedieron. Antes de marcharse, Cristina Kirchner pidi\u00f3 recurrir a la Corte. Y lo logr\u00f3. El m\u00e1ximo tribunal debe resolver la nueva composici\u00f3n del Consejo. La decisi\u00f3n cobija un detalle important\u00edsimo: si confirmara la inconstitucionalidad, se volver\u00eda a la formaci\u00f3n originaria. El presidente del Consejo ser\u00eda, entonces, el presidente de la Corte. Ricardo Lorenzetti duplicar\u00eda su poder. Un detalle que no contempl\u00f3 Macri. Acaso tampoco Lorenzetti.<\/p>\n<p>Fuente: <a href=\"http:\/\/www.lanacion.com.ar\/\">La Naci\u00f3n<\/a> \u00a0 Carlos Pagni<\/p>","protected":false},"excerpt":{"rendered":"<p>Antes de su llegada al poder, sobre Cambiemos pesaban dos prejuicios. Una opini\u00f3n mayoritaria sosten\u00eda que, con el peronismo enfrente, no podr\u00eda resolver la endemoniada agenda econ\u00f3mica que dej\u00f3 Cristina Kirchner. Al mismo tiempo se supon\u00eda que, en cambio, garantizaba la reparaci\u00f3n institucional que sus votantes reclamaron en las urnas. Al cabo de ocho meses, [&hellip;]<\/p>\n","protected":false},"author":4,"featured_media":17317,"comment_status":"open","ping_status":"open","sticky":false,"template":"","format":"standard","meta":{"site-sidebar-layout":"default","site-content-layout":"","ast-site-content-layout":"default","site-content-style":"default","site-sidebar-style":"default","ast-global-header-display":"","ast-banner-title-visibility":"","ast-main-header-display":"","ast-hfb-above-header-display":"","ast-hfb-below-header-display":"","ast-hfb-mobile-header-display":"","site-post-title":"","ast-breadcrumbs-content":"","ast-featured-img":"","footer-sml-layout":"","ast-disable-related-posts":"","theme-transparent-header-meta":"","adv-header-id-meta":"","stick-header-meta":"","header-above-stick-meta":"","header-main-stick-meta":"","header-below-stick-meta":"","astra-migrate-meta-layouts":"default","ast-page-background-enabled":"default","ast-page-background-meta":{"desktop":{"background-color":"","background-image":"","background-repeat":"repeat","background-position":"center center","background-size":"auto","background-attachment":"scroll","background-type":"","background-media":"","overlay-type":"","overlay-color":"","overlay-opacity":"","overlay-gradient":""},"tablet":{"background-color":"","background-image":"","background-repeat":"repeat","background-position":"center center","background-size":"auto","background-attachment":"scroll","background-type":"","background-media":"","overlay-type":"","overlay-color":"","overlay-opacity":"","overlay-gradient":""},"mobile":{"background-color":"","background-image":"","background-repeat":"repeat","background-position":"center center","background-size":"auto","background-attachment":"scroll","background-type":"","background-media":"","overlay-type":"","overlay-color":"","overlay-opacity":"","overlay-gradient":""}},"ast-content-background-meta":{"desktop":{"background-color":"var(--ast-global-color-5)","background-image":"","background-repeat":"repeat","background-position":"center center","background-size":"auto","background-attachment":"scroll","background-type":"","background-media":"","overlay-type":"","overlay-color":"","overlay-opacity":"","overlay-gradient":""},"tablet":{"background-color":"var(--ast-global-color-5)","background-image":"","background-repeat":"repeat","background-position":"center center","background-size":"auto","background-attachment":"scroll","background-type":"","background-media":"","overlay-type":"","overlay-color":"","overlay-opacity":"","overlay-gradient":""},"mobile":{"background-color":"var(--ast-global-color-5)","background-image":"","background-repeat":"repeat","background-position":"center center","background-size":"auto","background-attachment":"scroll","background-type":"","background-media":"","overlay-type":"","overlay-color":"","overlay-opacity":"","overlay-gradient":""}},"footnotes":""},"categories":[12],"tags":[],"class_list":["post-17316","post","type-post","status-publish","format-standard","has-post-thumbnail","hentry","category-opinion"],"spectra_blocks_featured_image_url":{"thumbnail":{"url":"https:\/\/100xd.com.ar\/wp-content\/uploads\/2016\/09\/pagni1-150x150.png","width":150,"height":150},"medium":{"url":"https:\/\/100xd.com.ar\/wp-content\/uploads\/2016\/09\/pagni1.png","width":180,"height":180},"medium_large":{"url":"https:\/\/100xd.com.ar\/wp-content\/uploads\/2016\/09\/pagni1.png","width":180,"height":180},"large":{"url":"https:\/\/100xd.com.ar\/wp-content\/uploads\/2016\/09\/pagni1.png","width":180,"height":180},"full":{"url":"https:\/\/100xd.com.ar\/wp-content\/uploads\/2016\/09\/pagni1.png","width":180,"height":180}},"spectra_blocks_author_info":{"display_name":"Facundo Novillo","avatar_url":"https:\/\/secure.gravatar.com\/avatar\/09745bc65ce6bf84291d6515d5f759c04b4fce4f329b8a975a8ac2982b552d3e?s=96&d=mm&r=g","author_link":"https:\/\/100xd.com.ar\/es\/author\/facundo\/","description":""},"_links":{"self":[{"href":"https:\/\/100xd.com.ar\/es\/wp-json\/wp\/v2\/posts\/17316","targetHints":{"allow":["GET"]}}],"collection":[{"href":"https:\/\/100xd.com.ar\/es\/wp-json\/wp\/v2\/posts"}],"about":[{"href":"https:\/\/100xd.com.ar\/es\/wp-json\/wp\/v2\/types\/post"}],"author":[{"embeddable":true,"href":"https:\/\/100xd.com.ar\/es\/wp-json\/wp\/v2\/users\/4"}],"replies":[{"embeddable":true,"href":"https:\/\/100xd.com.ar\/es\/wp-json\/wp\/v2\/comments?post=17316"}],"version-history":[{"count":1,"href":"https:\/\/100xd.com.ar\/es\/wp-json\/wp\/v2\/posts\/17316\/revisions"}],"predecessor-version":[{"id":17318,"href":"https:\/\/100xd.com.ar\/es\/wp-json\/wp\/v2\/posts\/17316\/revisions\/17318"}],"wp:featuredmedia":[{"embeddable":true,"href":"https:\/\/100xd.com.ar\/es\/wp-json\/wp\/v2\/media\/17317"}],"wp:attachment":[{"href":"https:\/\/100xd.com.ar\/es\/wp-json\/wp\/v2\/media?parent=17316"}],"wp:term":[{"taxonomy":"category","embeddable":true,"href":"https:\/\/100xd.com.ar\/es\/wp-json\/wp\/v2\/categories?post=17316"},{"taxonomy":"post_tag","embeddable":true,"href":"https:\/\/100xd.com.ar\/es\/wp-json\/wp\/v2\/tags?post=17316"}],"curies":[{"name":"wp","href":"https:\/\/api.w.org\/{rel}","templated":true}]}}