{"id":17072,"date":"2016-08-31T11:03:12","date_gmt":"2016-08-31T14:03:12","guid":{"rendered":"http:\/\/www.100xd.com.ar\/?p=17072"},"modified":"2016-08-31T11:03:19","modified_gmt":"2016-08-31T14:03:19","slug":"el-gobierno-estima-una-inflacion-entre-12-y-17-para-el-ano-que-viene","status":"publish","type":"post","link":"https:\/\/100xd.com.ar\/es\/el-gobierno-estima-una-inflacion-entre-12-y-17-para-el-ano-que-viene\/","title":{"rendered":"El Gobierno estima una inflaci\u00f3n entre 12 y 17% para el a\u00f1o que viene"},"content":{"rendered":"<div class=\"row\">\n<div class=\"col-md-offset-1 col-md-10 col-xs-12 col-print-12\">\n<p class=\"element element-paragraph\">La inflaci\u00f3n es \u2013quiz\u00e1s\u2013 el mayor dolor de cabeza del gobierno. El vicejefe de Gabinete, Mario Quintana, dijo esta ma\u00f1ana que <strong>&#8220;la tendencia desinflacionaria se muestra con mucha fuerza&#8221;<\/strong> en este segundo semestre y que para el pr\u00f3ximo a\u00f1o estar\u00e1 por debajo del 2% mensual.<\/p>\n<\/div>\n<\/div>\n<div class=\"row\">\n<div class=\"col-md-offset-1 col-md-10 col-xs-12 col-print-12\">\n<p class=\"element element-paragraph\">&#8220;Seg\u00fan Prat-Gay, la inflaci\u00f3n de 2017 estar\u00e1 entre 12 y 17%; eso me parece razonable&#8221;, estim\u00f3 el funcionario y record\u00f3 que el 2% que se registr\u00f3 en el mes de julio es un paso importante en esa direcci\u00f3n.<\/p>\n<\/div>\n<\/div>\n<div class=\"row\">\n<div class=\"col-md-offset-1 col-md-10 col-xs-12 col-print-12\">\n<p class=\"element element-paragraph\">En un reportaje extenso con <strong>Luis Novaresio<\/strong>, en <em>Radio La Red<\/em>, Quintana asegur\u00f3 que &#8220;la inflaci\u00f3n de agosto va a marcar la tendencia que ven\u00edamos anticipando desde hace meses&#8221; y que se cumpli\u00f3 la promesa de que &#8220;despu\u00e9s de un primer semestre con reacomodamientos de precios, m\u00e1s la correcci\u00f3n de tarifas, que gener\u00f3 \u00edndices altos, a partir del segundo semestre eso se iba a corregir&#8221;.<\/p>\n<\/div>\n<\/div>\n<div class=\"row\">\n<div class=\"col-md-offset-1 col-md-10 col-xs-12 col-print-12\">\n<p class=\"element element-paragraph\">&#8220;Agosto, sin contar el fallo de la Corte por las tarifas, va a estar rondando el uno y pico por ciento. La tendencia desinflacionaria se muestra con mucha fuerza&#8221;, dijo y afirm\u00f3:\u00a0<strong>&#8220;Nuestro plan antiinflacionario est\u00e1 funcionando&#8221;<\/strong>.<\/p>\n<\/div>\n<\/div>\n<div class=\"row\">\n<div class=\"col-md-offset-1 col-md-10 col-xs-12 col-print-12\">\n<p class=\"element element-paragraph\">Optimista, Quintana record\u00f3 que &#8220;venimos de una d\u00e9cada donde se negaba la inflaci\u00f3n&#8221; y que su gobierno puso &#8220;los n\u00fameros y la verdad sobre la mesa&#8221;. &#8220;Dijimos que iba a llevar unos meses, pero creo que la realidad nos muestra que se est\u00e1 corrigiendo&#8221;, los efectos inflacionarios, insisti\u00f3.<\/p>\n<\/div>\n<\/div>\n<div class=\"row\">\n<div class=\"col-md-offset-1 col-md-10 col-xs-12 col-print-12\">\n<p class=\"element element-paragraph\">Al ser consultado sobre el impacto de esa correcci\u00f3n, el funcionario agreg\u00f3:<strong>&#8220;No conozco ninguna alternativa de menor costo&#8221;<\/strong>.<\/p>\n<\/div>\n<\/div>\n<div class=\"row\">\n<div class=\"col-md-offset-1 col-md-10 col-xs-12 col-print-12\">\n<p class=\"element element-paragraph\">&#8220;La situaci\u00f3n de bomba de tiempo que estaba el a\u00f1o pasado, en diciembre, hab\u00eda que ir desarm\u00e1ndola paso a paso. Sab\u00edamos que esto iba a tener un costo en el bolsillo de muchas familias&#8221;, admiti\u00f3, pero record\u00f3 que se destin\u00f3 asistencia a los sectores m\u00e1s vulnerables al igual que para los sectores trabajadores, con &#8220;el aumento de las asignaciones familiares y la reducci\u00f3n del impuesto a las ganancias&#8221;. Y agreg\u00f3 que las medidas aplicadas &#8220;est\u00e1n sentando las bases para volver a crecer despu\u00e9s de 5 a\u00f1os&#8221;.<\/p>\n<\/div>\n<\/div>\n<div class=\"row\">\n<figure class=\"element element-image\">\n<div class=\"col-md-push-1 col-md-10 caption-below\"><img decoding=\"async\" class=\"image-lazy\" src=\"http:\/\/www.infobae.com\/resizer\/?op=resize&amp;url=https%3a%2f%2fs3.amazonaws.com%2farc-wordpress-client-uploads%2finfobae-wp%2fwp-content%2fuploads%2f2016%2f08%2f01110647%2fPRAT-GAY-STURZENEGGER.jpg&amp;mode=crop&amp;w=600&amp;q=75&amp;token=bar\" alt=\"Alfonso Prat Gay y Federico Sturzenegger\" width=\"600\" height=\"337.4025974025974\" data-original=\"http:\/\/www.infobae.com\/resizer\/?op=resize&amp;url=https%3a%2f%2fs3.amazonaws.com%2farc-wordpress-client-uploads%2finfobae-wp%2fwp-content%2fuploads%2f2016%2f08%2f01110647%2fPRAT-GAY-STURZENEGGER.jpg&amp;mode=crop&amp;w=600&amp;q=75&amp;token=bar\"  title=\"El Gobierno estima una inflaci\u00f3n entre 12 y 17% para el a\u00f1o que viene\" \/><\/div><figcaption class=\"col-md-push-1 col-md-10 caption-below\"><span class=\"credit\">Alfonso Prat Gay y Federico Sturzenegger<\/span><\/figcaption><\/figure>\n<\/div>\n<div class=\"row\">\n<div class=\"col-md-offset-1 col-md-10 col-xs-12 col-print-12\">\n<p class=\"element element-paragraph\"><strong>Interna<\/strong><\/p>\n<\/div>\n<\/div>\n<div class=\"row\">\n<div class=\"col-md-offset-1 col-md-10 col-xs-12 col-print-12\">\n<p class=\"element element-paragraph\">La inflaci\u00f3n no es solo un dolor de cabeza. Tambi\u00e9n genera cortocircuitos en el gabinete. El jefe de Hacienda, Alfonso Prat-Gay, y el encargado de ejecutar la pol\u00edtica monetaria y titular del BCRA, Federico Sturzenegger, dejaron nuevamente en claro sus diferencias.<\/p>\n<\/div>\n<\/div>\n<div class=\"row\">\n<div class=\"col-md-offset-1 col-md-10 col-xs-12 col-print-12\">\n<p class=\"element element-paragraph\">Sturzenegger adelant\u00f3 que &#8220;agosto mostrar\u00e1 una significativa desaceleraci\u00f3n de la inflaci\u00f3n&#8221;, pero advirti\u00f3 que ello &#8220;no provee los elementos suficientes para que pueda concluirse que sea conveniente relajar la pol\u00edtica monetaria&#8221;.<\/p>\n<\/div>\n<\/div>\n<div class=\"row\">\n<div class=\"col-md-offset-1 col-md-10 col-xs-12 col-print-12\">\n<p class=\"element element-paragraph\">As\u00ed mostr\u00f3 una postura bastante distinta al ministro de Finanzas, que d\u00edas atr\u00e1s celebr\u00f3 que el \u00cdndice de Precios al Consumidor de agosto &#8220;ser\u00e1 menor al 1 por ciento&#8221; y remarc\u00f3 que &#8220;ya no es un tema la inflaci\u00f3n&#8221; cuando hace dos meses era la \u00fanica preocupaci\u00f3n.<\/p>\n<\/div>\n<\/div>\n<div class=\"row\">\n<div class=\"col-md-offset-1 col-md-10 col-xs-12 col-print-12\">\n<p class=\"element element-paragraph\">Sin embargo, el vicejefe de Gabinete neg\u00f3 una interna entre ambos. &#8220;<strong>Compartimos el mismo objetivo: bajar la inflaci\u00f3n y poner a la Argentina en un ciclo virtuoso de crecimiento y creaci\u00f3n de empleo<\/strong>&#8220;.<\/p>\n<\/div>\n<\/div>\n<div class=\"row\">\n<div class=\"col-md-offset-1 col-md-10 col-xs-12 col-print-12\">\n<p class=\"element element-paragraph\">Sobre estas versiones contrapuestas, Quintana asegur\u00f3: &#8220;<strong>Que haya matices por el nivel de la tasa de inter\u00e9s lo veo como algo positivo, es una evidencia de un BCRA aut\u00f3nomo<\/strong>&#8220;.<\/p>\n<\/div>\n<\/div>\n<div class=\"row\">\n<figure class=\"element element-image\">\n<div class=\"col-md-push-1 col-md-10 caption-below\"><img decoding=\"async\" class=\"image-lazy\" src=\"http:\/\/www.infobae.com\/resizer\/?op=resize&amp;url=https%3a%2f%2fs3.amazonaws.com%2farc-wordpress-client-uploads%2finfobae-wp%2fwp-content%2fuploads%2f2016%2f08%2f23064444%2fJuan-Carlos-Schmid-Hector-Daer-y-Carlos-Acuna-CGT-1920-1.jpg&amp;mode=crop&amp;w=600&amp;q=75&amp;token=bar\" alt=\"Juan Carlos Schmid, Hector Daer y Carlos Acu\u00f1a (NA)\" width=\"600\" height=\"337.1875\" data-original=\"http:\/\/www.infobae.com\/resizer\/?op=resize&amp;url=https%3a%2f%2fs3.amazonaws.com%2farc-wordpress-client-uploads%2finfobae-wp%2fwp-content%2fuploads%2f2016%2f08%2f23064444%2fJuan-Carlos-Schmid-Hector-Daer-y-Carlos-Acuna-CGT-1920-1.jpg&amp;mode=crop&amp;w=600&amp;q=75&amp;token=bar\"  title=\"El Gobierno estima una inflaci\u00f3n entre 12 y 17% para el a\u00f1o que viene\" \/><\/div><figcaption class=\"col-md-push-1 col-md-10 caption-below\"><span class=\"credit\">Juan Carlos Schmid, Hector Daer y Carlos Acu\u00f1a (NA)<\/span><\/figcaption><\/figure>\n<\/div>\n<div class=\"row\">\n<div class=\"col-md-offset-1 col-md-10 col-xs-12 col-print-12\">\n<p class=\"element element-paragraph\"><strong>Reapertura de paritarias<\/strong><\/p>\n<\/div>\n<\/div>\n<div class=\"row\">\n<div class=\"col-md-offset-1 col-md-10 col-xs-12 col-print-12\">\n<p class=\"element element-paragraph\">Las declaraciones del funcionario se producen antes del encuentro que mantendr\u00e1 el gobierno con la CGT. En este contexto, Quintana agreg\u00f3 hay un &#8221; dialogo permanente&#8221; con todos los sectores gremiales y que por el freno inflacionario &#8220;las paritarias ya acordadas empiezan a recuperar en t\u00e9rminos reales de poder de compra&#8221;.<\/p>\n<\/div>\n<\/div>\n<div class=\"row\">\n<div class=\"col-md-offset-1 col-md-10 col-xs-12 col-print-12\">\n<p class=\"element element-paragraph\">&#8220;En el primer semestre la inflaci\u00f3n le gan\u00f3 a las paritarias pero en el segundo semestre la inflaci\u00f3n estar\u00e1 por debajo de esa paritaria, comenzado la recuperaci\u00f3n del salario real&#8221;, insisti\u00f3.<\/p>\n<\/div>\n<\/div>\n<div class=\"row\">\n<div class=\"col-md-offset-1 col-md-10 col-xs-12 col-print-12\">\n<p class=\"element element-paragraph\">El triunvirato formado por Juan Carlos Schmid, H\u00e9ctor Daer y Carlos Acu\u00f1a llevar\u00e1 al encuentro del pr\u00f3ximo viernes una propuesta para reabrir las paritarias. En este sentido, Quintana no hizo comentarios.<\/p>\n<\/div>\n<\/div>\n<div class=\"row\">\n<figure class=\"element element-image\">\n<div class=\"col-md-push-1 col-md-10 caption-below\"><img decoding=\"async\" class=\"image-lazy\" src=\"http:\/\/www.infobae.com\/resizer\/?op=resize&amp;url=https%3a%2f%2fs3.amazonaws.com%2farc-wordpress-client-uploads%2finfobae-wp%2fwp-content%2fuploads%2f2016%2f08%2f19175456%2fHornalla-gas-3-image.jpg&amp;mode=crop&amp;w=600&amp;q=75&amp;token=bar\" alt=\"?op=resize&amp;url=https%3a%2f%2fs3.amazonaws.com%2farc Wordpress Client Uploads%2finfobae Wp%2fwp Content%2fuploads%2f2016%2f08%2f19175456%2fHornalla Gas 3 Image\" width=\"600\" height=\"337.4025974025974\" data-original=\"http:\/\/www.infobae.com\/resizer\/?op=resize&amp;url=https%3a%2f%2fs3.amazonaws.com%2farc-wordpress-client-uploads%2finfobae-wp%2fwp-content%2fuploads%2f2016%2f08%2f19175456%2fHornalla-gas-3-image.jpg&amp;mode=crop&amp;w=600&amp;q=75&amp;token=bar\"  title=\"El Gobierno estima una inflaci\u00f3n entre 12 y 17% para el a\u00f1o que viene\" \/><\/div><figcaption class=\"col-md-push-1 col-md-10 caption-below\"><\/figcaption><\/figure>\n<\/div>\n<div class=\"row\">\n<div class=\"col-md-offset-1 col-md-10 col-xs-12 col-print-12\">\n<p class=\"element element-paragraph\"><strong>El 16 de septiembre<\/strong><\/p>\n<\/div>\n<\/div>\n<div class=\"row\">\n<div class=\"col-md-offset-1 col-md-10 col-xs-12 col-print-12\">\n<p class=\"element element-paragraph\">Quintana anticip\u00f3 que para la audiencia p\u00fablica <strong>el gobierno plantear\u00e1 una suba &#8220;menor a la que hab\u00eda&#8221;<\/strong> (400% para usuarios residenciales y 500% para pymes). &#8220;Habr\u00e1 un paso inicial de correcci\u00f3n m\u00e1s tenue y una escalera gradual&#8221;, confirm\u00f3 el funcionario.<\/p>\n<\/div>\n<\/div>\n<div class=\"row\">\n<div class=\"col-md-offset-1 col-md-10 col-xs-12 col-print-12\">\n<p class=\"element element-paragraph\">En este sentido, agreg\u00f3 que la estrategia es &#8220;reducir los subsidios a lo largo del tiempo, para <strong>dar cumplimiento a lo que dijo la Corte en t\u00e9rminos de gradualismo y previsibilidad<\/strong> en t\u00e9rminos de normas de juegos&#8221;. Aunque no confirm\u00f3 si el porcentaje ser\u00e1 del 300%, afirm\u00f3 que <strong>&#8220;va a haber un tope m\u00e1s bajo que antes&#8221;<\/strong>.<\/p>\n<p class=\"element element-paragraph\">Fuente: <a href=\"http:\/\/www.infobae.com\/?noredirect\">\u00a0Infobae.com<\/a><\/p>\n<\/div>\n<\/div>","protected":false},"excerpt":{"rendered":"<p>La inflaci\u00f3n es \u2013quiz\u00e1s\u2013 el mayor dolor de cabeza del gobierno. El vicejefe de Gabinete, Mario Quintana, dijo esta ma\u00f1ana que &#8220;la tendencia desinflacionaria se muestra con mucha fuerza&#8221; en este segundo semestre y que para el pr\u00f3ximo a\u00f1o estar\u00e1 por debajo del 2% mensual. &#8220;Seg\u00fan Prat-Gay, la inflaci\u00f3n de 2017 estar\u00e1 entre 12 y [&hellip;]<\/p>\n","protected":false},"author":4,"featured_media":17073,"comment_status":"open","ping_status":"open","sticky":false,"template":"","format":"standard","meta":{"site-sidebar-layout":"default","site-content-layout":"","ast-site-content-layout":"default","site-content-style":"default","site-sidebar-style":"default","ast-global-header-display":"","ast-banner-title-visibility":"","ast-main-header-display":"","ast-hfb-above-header-display":"","ast-hfb-below-header-display":"","ast-hfb-mobile-header-display":"","site-post-title":"","ast-breadcrumbs-content":"","ast-featured-img":"","footer-sml-layout":"","ast-disable-related-posts":"","theme-transparent-header-meta":"","adv-header-id-meta":"","stick-header-meta":"","header-above-stick-meta":"","header-main-stick-meta":"","header-below-stick-meta":"","astra-migrate-meta-layouts":"default","ast-page-background-enabled":"default","ast-page-background-meta":{"desktop":{"background-color":"","background-image":"","background-repeat":"repeat","background-position":"center center","background-size":"auto","background-attachment":"scroll","background-type":"","background-media":"","overlay-type":"","overlay-color":"","overlay-opacity":"","overlay-gradient":""},"tablet":{"background-color":"","background-image":"","background-repeat":"repeat","background-position":"center center","background-size":"auto","background-attachment":"scroll","background-type":"","background-media":"","overlay-type":"","overlay-color":"","overlay-opacity":"","overlay-gradient":""},"mobile":{"background-color":"","background-image":"","background-repeat":"repeat","background-position":"center center","background-size":"auto","background-attachment":"scroll","background-type":"","background-media":"","overlay-type":"","overlay-color":"","overlay-opacity":"","overlay-gradient":""}},"ast-content-background-meta":{"desktop":{"background-color":"var(--ast-global-color-5)","background-image":"","background-repeat":"repeat","background-position":"center center","background-size":"auto","background-attachment":"scroll","background-type":"","background-media":"","overlay-type":"","overlay-color":"","overlay-opacity":"","overlay-gradient":""},"tablet":{"background-color":"var(--ast-global-color-5)","background-image":"","background-repeat":"repeat","background-position":"center center","background-size":"auto","background-attachment":"scroll","background-type":"","background-media":"","overlay-type":"","overlay-color":"","overlay-opacity":"","overlay-gradient":""},"mobile":{"background-color":"var(--ast-global-color-5)","background-image":"","background-repeat":"repeat","background-position":"center center","background-size":"auto","background-attachment":"scroll","background-type":"","background-media":"","overlay-type":"","overlay-color":"","overlay-opacity":"","overlay-gradient":""}},"footnotes":""},"categories":[25],"tags":[],"class_list":["post-17072","post","type-post","status-publish","format-standard","has-post-thumbnail","hentry","category-destacado"],"spectra_blocks_featured_image_url":{"thumbnail":{"url":"https:\/\/100xd.com.ar\/wp-content\/uploads\/2016\/08\/los-precios-150x150.jpg","width":150,"height":150},"medium":{"url":"https:\/\/100xd.com.ar\/wp-content\/uploads\/2016\/08\/los-precios-300x168.jpg","width":300,"height":168},"medium_large":{"url":"https:\/\/100xd.com.ar\/wp-content\/uploads\/2016\/08\/los-precios.jpg","width":768,"height":431},"large":{"url":"https:\/\/100xd.com.ar\/wp-content\/uploads\/2016\/08\/los-precios.jpg","width":999,"height":561},"full":{"url":"https:\/\/100xd.com.ar\/wp-content\/uploads\/2016\/08\/los-precios.jpg","width":999,"height":561}},"spectra_blocks_author_info":{"display_name":"Facundo Novillo","avatar_url":"https:\/\/secure.gravatar.com\/avatar\/09745bc65ce6bf84291d6515d5f759c04b4fce4f329b8a975a8ac2982b552d3e?s=96&d=mm&r=g","author_link":"https:\/\/100xd.com.ar\/es\/author\/facundo\/","description":""},"_links":{"self":[{"href":"https:\/\/100xd.com.ar\/es\/wp-json\/wp\/v2\/posts\/17072","targetHints":{"allow":["GET"]}}],"collection":[{"href":"https:\/\/100xd.com.ar\/es\/wp-json\/wp\/v2\/posts"}],"about":[{"href":"https:\/\/100xd.com.ar\/es\/wp-json\/wp\/v2\/types\/post"}],"author":[{"embeddable":true,"href":"https:\/\/100xd.com.ar\/es\/wp-json\/wp\/v2\/users\/4"}],"replies":[{"embeddable":true,"href":"https:\/\/100xd.com.ar\/es\/wp-json\/wp\/v2\/comments?post=17072"}],"version-history":[{"count":1,"href":"https:\/\/100xd.com.ar\/es\/wp-json\/wp\/v2\/posts\/17072\/revisions"}],"predecessor-version":[{"id":17074,"href":"https:\/\/100xd.com.ar\/es\/wp-json\/wp\/v2\/posts\/17072\/revisions\/17074"}],"wp:featuredmedia":[{"embeddable":true,"href":"https:\/\/100xd.com.ar\/es\/wp-json\/wp\/v2\/media\/17073"}],"wp:attachment":[{"href":"https:\/\/100xd.com.ar\/es\/wp-json\/wp\/v2\/media?parent=17072"}],"wp:term":[{"taxonomy":"category","embeddable":true,"href":"https:\/\/100xd.com.ar\/es\/wp-json\/wp\/v2\/categories?post=17072"},{"taxonomy":"post_tag","embeddable":true,"href":"https:\/\/100xd.com.ar\/es\/wp-json\/wp\/v2\/tags?post=17072"}],"curies":[{"name":"wp","href":"https:\/\/api.w.org\/{rel}","templated":true}]}}