{"id":16573,"date":"2016-08-22T10:48:21","date_gmt":"2016-08-22T13:48:21","guid":{"rendered":"http:\/\/www.100xd.com.ar\/?p=16573"},"modified":"2016-08-22T10:48:28","modified_gmt":"2016-08-22T13:48:28","slug":"asume-la-nueva-cgt-con-fuertes-criticas-el-hambre-no-espera","status":"publish","type":"post","link":"https:\/\/100xd.com.ar\/es\/asume-la-nueva-cgt-con-fuertes-criticas-el-hambre-no-espera\/","title":{"rendered":"Asume la nueva CGT con fuertes cr\u00edticas: &#8220;El hambre no espera&#8221;"},"content":{"rendered":"<div class=\"row\">\n<div class=\"col-md-offset-1 col-md-10 col-xs-12 col-print-12\">\n<p class=\"element element-paragraph\">Tras casi dos a\u00f1os de\u00a0negociaciones, la CGT concretar\u00e1 este lunes\u00a0su reunificaci\u00f3n con la\u00a0elecci\u00f3n de un triunvirato que integrar\u00e1n los dirigentes<strong>Juan\u00a0Carlos Schmid<\/strong>, <strong>H\u00e9ctor Daer<\/strong> y <strong>Carlos Acu\u00f1a. <\/strong>Por otra parte, los\u00a0sectores\u00a0de la central que encabezan Ger\u00f3nimo &#8220;Momo&#8221; Venegas y Omar Viviani\u00a0<a href=\"http:\/\/www.infobae.com\/politica\/2016\/08\/20\/omar-viviani-y-momo-venegas-confirmaron-que-no-participaran-de-la-unificacion-de-la-cgt\/\">decidieron mantenerse al margen por diferencias internas<\/a>.<\/p>\n<\/div>\n<\/div>\n<div class=\"row\">\n<div class=\"col-md-offset-1 col-md-10 col-xs-12 col-print-12\">\n<p class=\"element element-paragraph\">Acu\u00f1a, representante de los trabajadores de estaciones de servicio, fue muy cr\u00edtico del gobierno de Cambiemos antes de asumir formalmente el cargo. En di\u00e1logo con Luis Novaresio en <em>radio La Red<\/em>, asegur\u00f3: &#8220;<strong>El Gobierno tiene que revertir esta situaci\u00f3n porque el hambre no espera; los despidos tampoco<\/strong>&#8220;.<\/p>\n<\/div>\n<\/div>\n<div class=\"row\">\n<div class=\"col-md-offset-1 col-md-10 col-xs-12 col-print-12\">\n<p class=\"element element-paragraph\">&#8220;Se est\u00e1 creando una situaci\u00f3n dif\u00edcil y complicada y el Gobierno tiene que empezar a dar respuestas&#8221;, agreg\u00f3 el gremialista, quien pese a las cr\u00edticas aclar\u00f3 que a\u00fan no es momento de hablar de paros, sino de plantearle al Poder Ejecutivo los problemas que afectan los intereses de los trabajadores.<\/p>\n<\/div>\n<\/div>\n<div class=\"row\">\n<div class=\"col-md-offset-1 col-md-10 col-xs-12 col-print-12\">\n<p class=\"element element-paragraph\">El congreso normalizador cegetista en el que se realizar\u00e1n las\u00a0elecciones que consagrar\u00e1n a la nueva conducci\u00f3n tripartita se\u00a0llevar\u00e1 a cabo desde las 9 en el estadio Obras Sanitarias del\u00a0barrio porte\u00f1o de N\u00fa\u00f1ez.<\/p>\n<\/div>\n<\/div>\n<div class=\"row\">\n<div class=\"col-md-offset-1 col-md-10 col-xs-12 col-print-12\">\n<p class=\"element element-paragraph\">All\u00ed, un total de 2.122 congresales de 213 gremios estar\u00e1 en\u00a0condiciones de votar, aunque se espera una presencia algo inferior\u00a0debido a los sectores de la CGT que resolvieron no asistir y de\u00a0esa forma no participar\u00e1n de la reunificaci\u00f3n.<\/p>\n<\/div>\n<\/div>\n<div class=\"row\">\n<div class=\"col-md-offset-1 col-md-10 col-xs-12 col-print-12\">\n<p class=\"element element-paragraph\">Antes de ingresar al estadio, el titular de la UOM, <strong>Antonio Cal\u00f3<\/strong>, quien hoy abandona la conducci\u00f3n de la central, se refiri\u00f3 a los sectores que estar\u00e1n ausentes en el Congreso. &#8220;Aqu\u00ed a ninguno se le coart\u00f3 la libertad para que plantee las cosas&#8221;, asegur\u00f3.<\/p>\n<\/div>\n<\/div>\n<div class=\"row\">\n<div class=\"col-md-offset-1 col-md-10 col-xs-12 col-print-12\">\n<p class=\"element element-paragraph\">Consultado sobre el perfil que cree que va a adoptar la nueva central en relaci\u00f3n con el Ejecutivo, Cal\u00f3 dijo que depender\u00e1 de las\u00a0circunstancias. &#8220;<strong>Si el movimiento obrero tiene que hacer un paro, no le va a temblar el pulso a los compa\u00f1eros<\/strong> del consejo directivo&#8221;, dijo, y record\u00f3 que pronto el nuevo triunvirato solicitar\u00e1 una audiencia con el Presidente.<\/p>\n<\/div>\n<\/div>\n<div class=\"row\">\n<div class=\"col-md-offset-1 col-md-10 col-xs-12 col-print-12\">\n<p class=\"element element-paragraph\"><strong>Una conducci\u00f3n negociada<\/strong><\/p>\n<\/div>\n<\/div>\n<div class=\"row\">\n<div class=\"col-md-offset-1 col-md-10 col-xs-12 col-print-12\">\n<p class=\"element element-paragraph\"><strong>Los referentes de las tres\u00a0CGT acordaron que la nueva conducci\u00f3n\u00a0se mantenga durante el per\u00edodo 2016-2020<\/strong>.<strong>\u00a0<\/strong>&#8220;El triunvirato es para los cuatro a\u00f1os completos&#8221;, confirm\u00f3\u00a0Antonio Cal\u00f3, uno de los secretarios generales salientes.<\/p>\n<\/div>\n<\/div>\n<div class=\"row\">\n<div class=\"col-md-offset-1 col-md-10 col-xs-12 col-print-12\">\n<p class=\"element element-paragraph\">Semanas atr\u00e1s, Schmid hab\u00eda planteado que el\u00a0triunvirato deb\u00eda ser por un a\u00f1o y que luego deb\u00eda quedar un\u00a0secretario general, pero finalmente prim\u00f3 la decisi\u00f3n de\u00a0mantenerlo el mandato completo, para evitar una nueva\u00a0interna dentro de doce meses.<\/p>\n<\/div>\n<\/div>\n<div class=\"row\">\n<div class=\"col-md-offset-1 col-md-10 col-xs-12 col-print-12\">\n<p class=\"element element-paragraph\">Luego de varios meses de gestiones para alcanzar una delicada\u00a0unidad tras a\u00f1os de enfrentamientos, los dirigentes cegetistas\u00a0<strong>resolvieron\u00a0posponer\u00a0para 2020 la discusi\u00f3n\u00a0para consagrar a un \u00fanico conductor<\/strong>.<\/p>\n<\/div>\n<\/div>\n<div class=\"row\">\n<div class=\"col-md-offset-1 col-md-10 col-xs-12\">\n<blockquote class=\"element element-blockquote\"><p>La \u00faltima experiencia de un triunvirato nunca logr\u00f3 funcionar<\/p><\/blockquote>\n<\/div>\n<\/div>\n<div class=\"row\">\n<div class=\"col-md-offset-1 col-md-10 col-xs-12 col-print-12\">\n<p class=\"element element-paragraph\">Cabe recordar que\u00a0la \u00faltima experiencia de un triunvirato, el que\u00a0integraron en 2003 Hugo Moyano, Jos\u00e9 Luis Lingeri y Susana\u00a0Rueda, nunca logr\u00f3 funcionar como\u00a0tal: a s\u00f3lo doce meses de ser presentado dej\u00f3 de existir y el\u00a0camionero qued\u00f3 como \u00fanico secretario general.<\/p>\n<\/div>\n<\/div>\n<div class=\"row\">\n<div class=\"col-md-offset-1 col-md-10 col-xs-12 col-print-12\">\n<p class=\"element element-paragraph\">El congreso de este lunes estar\u00e1 presidido\u00a0por los tres secretarios generales salientes: Cal\u00f3, Moyano y\u00a0Luis Barrionuevo.<\/p>\n<\/div>\n<\/div>\n<div class=\"row\">\n<div class=\"col-md-offset-1 col-md-10 col-xs-12 col-print-12\">\n<p class=\"element element-paragraph\">En primer lugar se conformar\u00e1n las comisiones y luego, para\u00a0poder consagrar el triunvirato, se proceder\u00e1 a votar la\u00a0modificaci\u00f3n temporaria del estatuto de la CGT que establece que\u00a0la central debe estar conducida por un secretario general.<\/p>\n<\/div>\n<\/div>\n<div class=\"row\">\n<div class=\"col-md-offset-1 col-md-10 col-xs-12 col-print-12\">\n<p class=\"element element-paragraph\">Por \u00faltimo, quedar\u00e1 conformada la Junta Electoral y se\u00a0realizar\u00e1 la votaci\u00f3n en favor de la conducci\u00f3n tripartita,\u00a0mientras que el cierre ser\u00e1 con discursos de los tres\u00a0integrantes.<\/p>\n<\/div>\n<\/div>\n<div class=\"row\">\n<div class=\"col-md-offset-1 col-md-10 col-xs-12 col-print-12\">\n<p class=\"element element-paragraph\">Tambi\u00e9n se elegir\u00e1n a los dirigentes que ocupar\u00e1n las m\u00e1s de\u00a030 Secretar\u00edas que forman parte del esquema de conducci\u00f3n.\u00a0En los d\u00edas posteriores a la asunci\u00f3n del triunvirato se\u00a0espera que haya una audiencia con el presidente Mauricio Macri para presentar la nueva conducci\u00f3n.<\/p>\n<\/div>\n<\/div>\n<div class=\"row\">\n<div class=\"col-md-offset-1 col-md-10 col-xs-12 col-print-12\">\n<p class=\"element element-paragraph\">Luego se\u00a0realizar\u00e1 la primera reuni\u00f3n del Consejo Directivo, en la que se\u00a0seguir\u00e1 trabajando en la agenda de reclamos al Gobierno, con el\u00a0pedido de la actualizaci\u00f3n del Impuesto a las Ganancias y la\u00a0preocupaci\u00f3n por la p\u00e9rdida de empleo a la cabeza.<\/p>\n<\/div>\n<\/div>\n<div class=\"row\">\n<div class=\"col-md-offset-1 col-md-10 col-xs-12 col-print-12\">\n<p class=\"element element-paragraph\">Si bien la CGT reunificada ya plante\u00f3 fuertes cr\u00edticas a las pol\u00edticas del Gobierno, la \u00faltima vez a trav\u00e9s de un<a href=\"http:\/\/www.infobae.com\/politica\/2016\/08\/05\/las-cgt-refuerzan-la-unidad-y-presentan-un-documento-critico-contra-el-gobierno\/\"> duro\u00a0documento titulado &#8220;De mal en peor&#8221;<\/a>, los miembros del\u00a0triunvirato advirtieron que <strong>no est\u00e1 previsto en el corto plazo\u00a0la convocatoria a un paro nacional<\/strong>.<\/p>\n<\/div>\n<\/div>\n<div class=\"row\">\n<div class=\"col-md-offset-1 col-md-10 col-xs-12\">\n<blockquote class=\"element element-blockquote\"><p>Venegas y Viviani quer\u00edan que la conducci\u00f3n fuera de un solo secretario general<\/p><\/blockquote>\n<\/div>\n<\/div>\n<div class=\"row\">\n<div class=\"col-md-offset-1 col-md-10 col-xs-12 col-print-12\">\n<p class=\"element element-paragraph\"><strong>Por qu\u00e9 Venegas y Viviani no participar\u00e1n<\/strong><\/p>\n<\/div>\n<\/div>\n<div class=\"row\">\n<div class=\"col-md-offset-1 col-md-10 col-xs-12 col-print-12\">\n<p class=\"element element-paragraph\">El sector de gremios que comanda\u00a0<strong>Venegas<\/strong>, titular de UATRE,\u00a0rechaza\u00a0una conducci\u00f3n que no sea de un s\u00f3lo secretario general y\u00a0confirm\u00f3 que no formar\u00e1 parte de la CGT reunificada. Quienes\u00a0asistir\u00e1n al congreso consideran que la decisi\u00f3n del titular del gremio de peones rurales, hombre cercano a Macri, se trata de un gui\u00f1o al Gobierno.<\/p>\n<\/div>\n<\/div>\n<div class=\"row\">\n<div class=\"col-md-offset-1 col-md-10 col-xs-12 col-print-12\">\n<p class=\"element element-paragraph\">El grupo de gremios\u00a0del<strong> Movimiento de Acci\u00f3n Sindical Argentino (MASA)<\/strong>, liderado por\u00a0Viviani (Taxis) e integrado por algunos sindicatos de peso como\u00a0la Uni\u00f3n Ferroviaria (UF) y el SMATA, tambi\u00e9n\u00a0ratific\u00f3\u00a0que no ir\u00e1 al congreso. Este sector tambi\u00e9n pretend\u00eda que hubiera un solo\u00a0secretario general, por lo que\u00a0se mantendr\u00e1 al margen.<\/p>\n<\/div>\n<\/div>\n<div class=\"row\">\n<div class=\"col-md-offset-1 col-md-10 col-xs-12 col-print-12\">\n<p class=\"element element-paragraph\">El MASA se\u00f1ala\u00a0que los referentes de\u00a0las tres CGT se negaron a discutir un proyecto sindical que\u00a0elaboraron con propuestas para los distintos sectores de la\u00a0econom\u00eda. En la CGT alegan que el grupo se baj\u00f3\u00a0porque no habr\u00eda conseguido los lugares que deseaba en la\u00a0conducci\u00f3n de la Central.<\/p>\n<p class=\"element element-paragraph\">Fuente:<a href=\"http:\/\/www.infobae.com\/?noredirect\"> Infobae.com<\/a><\/p>\n<\/div>\n<\/div>","protected":false},"excerpt":{"rendered":"<p>Tras casi dos a\u00f1os de\u00a0negociaciones, la CGT concretar\u00e1 este lunes\u00a0su reunificaci\u00f3n con la\u00a0elecci\u00f3n de un triunvirato que integrar\u00e1n los dirigentesJuan\u00a0Carlos Schmid, H\u00e9ctor Daer y Carlos Acu\u00f1a. Por otra parte, los\u00a0sectores\u00a0de la central que encabezan Ger\u00f3nimo &#8220;Momo&#8221; Venegas y Omar Viviani\u00a0decidieron mantenerse al margen por diferencias internas. Acu\u00f1a, representante de los trabajadores de estaciones de servicio, [&hellip;]<\/p>\n","protected":false},"author":4,"featured_media":16574,"comment_status":"open","ping_status":"open","sticky":false,"template":"","format":"standard","meta":{"site-sidebar-layout":"default","site-content-layout":"","ast-site-content-layout":"default","site-content-style":"default","site-sidebar-style":"default","ast-global-header-display":"","ast-banner-title-visibility":"","ast-main-header-display":"","ast-hfb-above-header-display":"","ast-hfb-below-header-display":"","ast-hfb-mobile-header-display":"","site-post-title":"","ast-breadcrumbs-content":"","ast-featured-img":"","footer-sml-layout":"","ast-disable-related-posts":"","theme-transparent-header-meta":"","adv-header-id-meta":"","stick-header-meta":"","header-above-stick-meta":"","header-main-stick-meta":"","header-below-stick-meta":"","astra-migrate-meta-layouts":"default","ast-page-background-enabled":"default","ast-page-background-meta":{"desktop":{"background-color":"","background-image":"","background-repeat":"repeat","background-position":"center center","background-size":"auto","background-attachment":"scroll","background-type":"","background-media":"","overlay-type":"","overlay-color":"","overlay-opacity":"","overlay-gradient":""},"tablet":{"background-color":"","background-image":"","background-repeat":"repeat","background-position":"center center","background-size":"auto","background-attachment":"scroll","background-type":"","background-media":"","overlay-type":"","overlay-color":"","overlay-opacity":"","overlay-gradient":""},"mobile":{"background-color":"","background-image":"","background-repeat":"repeat","background-position":"center center","background-size":"auto","background-attachment":"scroll","background-type":"","background-media":"","overlay-type":"","overlay-color":"","overlay-opacity":"","overlay-gradient":""}},"ast-content-background-meta":{"desktop":{"background-color":"var(--ast-global-color-5)","background-image":"","background-repeat":"repeat","background-position":"center center","background-size":"auto","background-attachment":"scroll","background-type":"","background-media":"","overlay-type":"","overlay-color":"","overlay-opacity":"","overlay-gradient":""},"tablet":{"background-color":"var(--ast-global-color-5)","background-image":"","background-repeat":"repeat","background-position":"center center","background-size":"auto","background-attachment":"scroll","background-type":"","background-media":"","overlay-type":"","overlay-color":"","overlay-opacity":"","overlay-gradient":""},"mobile":{"background-color":"var(--ast-global-color-5)","background-image":"","background-repeat":"repeat","background-position":"center center","background-size":"auto","background-attachment":"scroll","background-type":"","background-media":"","overlay-type":"","overlay-color":"","overlay-opacity":"","overlay-gradient":""}},"footnotes":""},"categories":[25],"tags":[],"class_list":["post-16573","post","type-post","status-publish","format-standard","has-post-thumbnail","hentry","category-destacado"],"spectra_blocks_featured_image_url":{"thumbnail":{"url":"https:\/\/100xd.com.ar\/wp-content\/uploads\/2016\/08\/los-3-chorros-150x150.jpg","width":150,"height":150},"medium":{"url":"https:\/\/100xd.com.ar\/wp-content\/uploads\/2016\/08\/los-3-chorros-300x169.jpg","width":300,"height":169},"medium_large":{"url":"https:\/\/100xd.com.ar\/wp-content\/uploads\/2016\/08\/los-3-chorros.jpg","width":768,"height":431},"large":{"url":"https:\/\/100xd.com.ar\/wp-content\/uploads\/2016\/08\/los-3-chorros-1024x575.jpg","width":1024,"height":575},"full":{"url":"https:\/\/100xd.com.ar\/wp-content\/uploads\/2016\/08\/los-3-chorros.jpg","width":1200,"height":674}},"spectra_blocks_author_info":{"display_name":"Facundo Novillo","avatar_url":"https:\/\/secure.gravatar.com\/avatar\/09745bc65ce6bf84291d6515d5f759c04b4fce4f329b8a975a8ac2982b552d3e?s=96&d=mm&r=g","author_link":"https:\/\/100xd.com.ar\/es\/author\/facundo\/","description":""},"_links":{"self":[{"href":"https:\/\/100xd.com.ar\/es\/wp-json\/wp\/v2\/posts\/16573","targetHints":{"allow":["GET"]}}],"collection":[{"href":"https:\/\/100xd.com.ar\/es\/wp-json\/wp\/v2\/posts"}],"about":[{"href":"https:\/\/100xd.com.ar\/es\/wp-json\/wp\/v2\/types\/post"}],"author":[{"embeddable":true,"href":"https:\/\/100xd.com.ar\/es\/wp-json\/wp\/v2\/users\/4"}],"replies":[{"embeddable":true,"href":"https:\/\/100xd.com.ar\/es\/wp-json\/wp\/v2\/comments?post=16573"}],"version-history":[{"count":1,"href":"https:\/\/100xd.com.ar\/es\/wp-json\/wp\/v2\/posts\/16573\/revisions"}],"predecessor-version":[{"id":16575,"href":"https:\/\/100xd.com.ar\/es\/wp-json\/wp\/v2\/posts\/16573\/revisions\/16575"}],"wp:featuredmedia":[{"embeddable":true,"href":"https:\/\/100xd.com.ar\/es\/wp-json\/wp\/v2\/media\/16574"}],"wp:attachment":[{"href":"https:\/\/100xd.com.ar\/es\/wp-json\/wp\/v2\/media?parent=16573"}],"wp:term":[{"taxonomy":"category","embeddable":true,"href":"https:\/\/100xd.com.ar\/es\/wp-json\/wp\/v2\/categories?post=16573"},{"taxonomy":"post_tag","embeddable":true,"href":"https:\/\/100xd.com.ar\/es\/wp-json\/wp\/v2\/tags?post=16573"}],"curies":[{"name":"wp","href":"https:\/\/api.w.org\/{rel}","templated":true}]}}