{"id":16110,"date":"2016-08-10T13:34:05","date_gmt":"2016-08-10T16:34:05","guid":{"rendered":"http:\/\/www.100xd.com.ar\/?p=16110"},"modified":"2016-08-10T13:34:11","modified_gmt":"2016-08-10T16:34:11","slug":"lomas-de-zamora-participo-del-segundo-encuentro-regional-de-discapacidad","status":"publish","type":"post","link":"https:\/\/100xd.com.ar\/es\/lomas-de-zamora-participo-del-segundo-encuentro-regional-de-discapacidad\/","title":{"rendered":"Lomas de Zamora particip\u00f3 del Segundo Encuentro Regional de Discapacidad"},"content":{"rendered":"<div class=\"introNoticia\">\n<div>El equipo de profesionales del IMDIAM, formaron parte de la jornada en donde se abordaron problem\u00e1ticas inherentes a la tem\u00e1tica y las pol\u00edticas vigentes.El Municipio de Lomas de Zamora, a trav\u00e9s del Instituto Municipal de Discapacitados y Adultos Mayores (IMDIAM), particip\u00f3 del &#8220;Segundo Encuentro Regional de Discapacidad&#8221;, desarrollado en Lan\u00fas.<\/div>\n<\/div>\n<div class=\"cuerpoNoticia\">\n<div>Parte del equipo de profesionales del IMDIAM, participaron de la jornada en donde se abordaron problem\u00e1ticas inherentes a la tem\u00e1tica y las pol\u00edticas vigentes. Adem\u00e1s de Lomas de Zamora y Lan\u00fas, formaron parte los Distritos de Berazategui, Florencio Varela y Quilmes.<\/div>\n<div>\u201cLa intenci\u00f3n de este tipo de encuentros es coordinar una agenda com\u00fan de pol\u00edticas para beneficiar a las personas con discapacidad y unificar criterios de trabajo. Entendemos que la mejor manera para abordar las diferentes problem\u00e1ticas con las que se encuentran los vecinos es a trav\u00e9s de acciones en conjunto entre las Comunas&#8221;, precis\u00f3 la directora municipal de Integraci\u00f3n de Personas con Discapacidad, Gladis Ortiz.<\/div>\n<div>Asimismo, la funcionaria confirm\u00f3 que tras la jornada, se acord\u00f3 realizar una tercera reuni\u00f3n en las instalaciones del IMDIAM, ubicadas en la Avenida Fr\u00edas 1115, Lomas de Zamora.<\/div>\n<\/div>","protected":false},"excerpt":{"rendered":"<p>El equipo de profesionales del IMDIAM, formaron parte de la jornada en donde se abordaron problem\u00e1ticas inherentes a la tem\u00e1tica y las pol\u00edticas vigentes.El Municipio de Lomas de Zamora, a trav\u00e9s del Instituto Municipal de Discapacitados y Adultos Mayores (IMDIAM), particip\u00f3 del &#8220;Segundo Encuentro Regional de Discapacidad&#8221;, desarrollado en Lan\u00fas. Parte del equipo de profesionales [&hellip;]<\/p>\n","protected":false},"author":4,"featured_media":16111,"comment_status":"open","ping_status":"open","sticky":false,"template":"","format":"standard","meta":{"site-sidebar-layout":"default","site-content-layout":"","ast-site-content-layout":"default","site-content-style":"default","site-sidebar-style":"default","ast-global-header-display":"","ast-banner-title-visibility":"","ast-main-header-display":"","ast-hfb-above-header-display":"","ast-hfb-below-header-display":"","ast-hfb-mobile-header-display":"","site-post-title":"","ast-breadcrumbs-content":"","ast-featured-img":"","footer-sml-layout":"","ast-disable-related-posts":"","theme-transparent-header-meta":"","adv-header-id-meta":"","stick-header-meta":"","header-above-stick-meta":"","header-main-stick-meta":"","header-below-stick-meta":"","astra-migrate-meta-layouts":"default","ast-page-background-enabled":"default","ast-page-background-meta":{"desktop":{"background-color":"","background-image":"","background-repeat":"repeat","background-position":"center center","background-size":"auto","background-attachment":"scroll","background-type":"","background-media":"","overlay-type":"","overlay-color":"","overlay-opacity":"","overlay-gradient":""},"tablet":{"background-color":"","background-image":"","background-repeat":"repeat","background-position":"center center","background-size":"auto","background-attachment":"scroll","background-type":"","background-media":"","overlay-type":"","overlay-color":"","overlay-opacity":"","overlay-gradient":""},"mobile":{"background-color":"","background-image":"","background-repeat":"repeat","background-position":"center center","background-size":"auto","background-attachment":"scroll","background-type":"","background-media":"","overlay-type":"","overlay-color":"","overlay-opacity":"","overlay-gradient":""}},"ast-content-background-meta":{"desktop":{"background-color":"var(--ast-global-color-5)","background-image":"","background-repeat":"repeat","background-position":"center center","background-size":"auto","background-attachment":"scroll","background-type":"","background-media":"","overlay-type":"","overlay-color":"","overlay-opacity":"","overlay-gradient":""},"tablet":{"background-color":"var(--ast-global-color-5)","background-image":"","background-repeat":"repeat","background-position":"center center","background-size":"auto","background-attachment":"scroll","background-type":"","background-media":"","overlay-type":"","overlay-color":"","overlay-opacity":"","overlay-gradient":""},"mobile":{"background-color":"var(--ast-global-color-5)","background-image":"","background-repeat":"repeat","background-position":"center center","background-size":"auto","background-attachment":"scroll","background-type":"","background-media":"","overlay-type":"","overlay-color":"","overlay-opacity":"","overlay-gradient":""}},"footnotes":""},"categories":[5],"tags":[],"class_list":["post-16110","post","type-post","status-publish","format-standard","has-post-thumbnail","hentry","category-municipios"],"spectra_blocks_featured_image_url":{"thumbnail":{"url":"https:\/\/100xd.com.ar\/wp-content\/uploads\/2016\/08\/Lomas-de-zzamora-150x150.jpg","width":150,"height":150},"medium":{"url":"https:\/\/100xd.com.ar\/wp-content\/uploads\/2016\/08\/Lomas-de-zzamora.jpg","width":260,"height":230},"medium_large":{"url":"https:\/\/100xd.com.ar\/wp-content\/uploads\/2016\/08\/Lomas-de-zzamora.jpg","width":260,"height":230},"large":{"url":"https:\/\/100xd.com.ar\/wp-content\/uploads\/2016\/08\/Lomas-de-zzamora.jpg","width":260,"height":230},"full":{"url":"https:\/\/100xd.com.ar\/wp-content\/uploads\/2016\/08\/Lomas-de-zzamora.jpg","width":260,"height":230}},"spectra_blocks_author_info":{"display_name":"Facundo Novillo","avatar_url":"https:\/\/secure.gravatar.com\/avatar\/09745bc65ce6bf84291d6515d5f759c04b4fce4f329b8a975a8ac2982b552d3e?s=96&d=mm&r=g","author_link":"https:\/\/100xd.com.ar\/es\/author\/facundo\/","description":""},"_links":{"self":[{"href":"https:\/\/100xd.com.ar\/es\/wp-json\/wp\/v2\/posts\/16110","targetHints":{"allow":["GET"]}}],"collection":[{"href":"https:\/\/100xd.com.ar\/es\/wp-json\/wp\/v2\/posts"}],"about":[{"href":"https:\/\/100xd.com.ar\/es\/wp-json\/wp\/v2\/types\/post"}],"author":[{"embeddable":true,"href":"https:\/\/100xd.com.ar\/es\/wp-json\/wp\/v2\/users\/4"}],"replies":[{"embeddable":true,"href":"https:\/\/100xd.com.ar\/es\/wp-json\/wp\/v2\/comments?post=16110"}],"version-history":[{"count":1,"href":"https:\/\/100xd.com.ar\/es\/wp-json\/wp\/v2\/posts\/16110\/revisions"}],"predecessor-version":[{"id":16112,"href":"https:\/\/100xd.com.ar\/es\/wp-json\/wp\/v2\/posts\/16110\/revisions\/16112"}],"wp:featuredmedia":[{"embeddable":true,"href":"https:\/\/100xd.com.ar\/es\/wp-json\/wp\/v2\/media\/16111"}],"wp:attachment":[{"href":"https:\/\/100xd.com.ar\/es\/wp-json\/wp\/v2\/media?parent=16110"}],"wp:term":[{"taxonomy":"category","embeddable":true,"href":"https:\/\/100xd.com.ar\/es\/wp-json\/wp\/v2\/categories?post=16110"},{"taxonomy":"post_tag","embeddable":true,"href":"https:\/\/100xd.com.ar\/es\/wp-json\/wp\/v2\/tags?post=16110"}],"curies":[{"name":"wp","href":"https:\/\/api.w.org\/{rel}","templated":true}]}}