{"id":14664,"date":"2015-11-25T18:35:20","date_gmt":"2015-11-25T21:35:20","guid":{"rendered":"http:\/\/www.100xd.com.ar\/?p=14664"},"modified":"2015-11-26T19:21:09","modified_gmt":"2015-11-26T22:21:09","slug":"marcos-pena-anuncio-el-gabinete-de-mauricio-macri","status":"publish","type":"post","link":"https:\/\/100xd.com.ar\/es\/marcos-pena-anuncio-el-gabinete-de-mauricio-macri\/","title":{"rendered":"Marcos Pe\u00f1a anunci\u00f3 el gabinete de Mauricio Macri"},"content":{"rendered":"<p>El futuro jefe de Gabinete de Mauricio Macri, Marcos Pe\u00f1a, anunci\u00f3 ayer\u00a0el equipo completo que asumir\u00e1 el pr\u00f3ximo 10 de diciembre.<\/p>\n<p style=\"text-align: center;\"><strong>Jefe de Gabinete: Marcos Pe\u00f1a<\/strong><\/p>\n<p><a href=\"http:\/\/www.100xd.com.ar\/wp-content\/uploads\/2015\/11\/Marcos-Pe\u00f1a.jpg\"><img loading=\"lazy\" decoding=\"async\" class=\"aligncenter size-medium wp-image-14665\" src=\"http:\/\/www.100xd.com.ar\/wp-content\/uploads\/2015\/11\/Marcos-Pe\u00f1a-300x176.jpg\" alt=\"Marcos Pe\u00f1a\" width=\"300\" height=\"176\"  title=\"Marcos Pe\u00f1a anunci\u00f3 el gabinete de Mauricio Macri\" \/><\/a><\/p>\n<p style=\"text-align: center;\"><strong>Hacienda y Finanzas: Alfonso Prat Gay<\/strong><\/p>\n<p style=\"text-align: center;\"><a href=\"http:\/\/www.100xd.com.ar\/wp-content\/uploads\/2015\/11\/Alfonso-Prat-Gay.jpg\"><img loading=\"lazy\" decoding=\"async\" class=\"aligncenter size-medium wp-image-14666\" src=\"http:\/\/www.100xd.com.ar\/wp-content\/uploads\/2015\/11\/Alfonso-Prat-Gay-300x165.jpg\" alt=\"Alfonso Prat Gay\" width=\"300\" height=\"165\"  title=\"Marcos Pe\u00f1a anunci\u00f3 el gabinete de Mauricio Macri\" \/><\/a><\/p>\n<p style=\"text-align: center;\"><strong>Interior: Rogelio Frigerio<\/strong><\/p>\n<p style=\"text-align: center;\"><a href=\"http:\/\/www.100xd.com.ar\/wp-content\/uploads\/2015\/11\/Rogelio-Frigerio1.jpg\"><img loading=\"lazy\" decoding=\"async\" class=\"aligncenter size-medium wp-image-14668\" src=\"http:\/\/www.100xd.com.ar\/wp-content\/uploads\/2015\/11\/Rogelio-Frigerio1-300x219.jpg\" alt=\"Rogelio Frigerio\" width=\"300\" height=\"219\"  title=\"Marcos Pe\u00f1a anunci\u00f3 el gabinete de Mauricio Macri\" \/><\/a><\/p>\n<p style=\"text-align: center;\"><strong>Justicia: Germ\u00e1n Garavano<\/strong><\/p>\n<p style=\"text-align: center;\"><a href=\"http:\/\/www.100xd.com.ar\/wp-content\/uploads\/2015\/11\/Germ\u00e1n-Garavano.jpg\"><img loading=\"lazy\" decoding=\"async\" class=\"aligncenter size-medium wp-image-14669\" src=\"http:\/\/www.100xd.com.ar\/wp-content\/uploads\/2015\/11\/Germ\u00e1n-Garavano-300x258.jpg\" alt=\"Germ\u00e1n Garavano\" width=\"300\" height=\"258\"  title=\"Marcos Pe\u00f1a anunci\u00f3 el gabinete de Mauricio Macri\" \/><\/a><\/p>\n<p style=\"text-align: center;\"><strong>Desarrollo Social: Carolina Stanley<\/strong><\/p>\n<p style=\"text-align: center;\"><a href=\"http:\/\/www.100xd.com.ar\/wp-content\/uploads\/2015\/11\/Carolina-Stanley.jpg\"><img loading=\"lazy\" decoding=\"async\" class=\"aligncenter size-medium wp-image-14670\" src=\"http:\/\/www.100xd.com.ar\/wp-content\/uploads\/2015\/11\/Carolina-Stanley-300x169.jpg\" alt=\"Carolina Stanley\" width=\"300\" height=\"169\"  title=\"Marcos Pe\u00f1a anunci\u00f3 el gabinete de Mauricio Macri\" \/><\/a><\/p>\n<p style=\"text-align: center;\"><strong>Educaci\u00f3n: Esteban Bullrich<\/strong><\/p>\n<p style=\"text-align: center;\"><a href=\"http:\/\/www.100xd.com.ar\/wp-content\/uploads\/2015\/11\/Esteban-Bullrich.jpg\"><img loading=\"lazy\" decoding=\"async\" class=\"aligncenter size-medium wp-image-14671\" src=\"http:\/\/www.100xd.com.ar\/wp-content\/uploads\/2015\/11\/Esteban-Bullrich-300x194.jpg\" alt=\"Esteban Bullrich\" width=\"300\" height=\"194\"  title=\"Marcos Pe\u00f1a anunci\u00f3 el gabinete de Mauricio Macri\" \/><\/a><\/p>\n<p style=\"text-align: center;\"><strong>Canciller\u00eda: Susana Malcorra<\/strong><\/p>\n<p style=\"text-align: center;\"><a href=\"http:\/\/www.100xd.com.ar\/wp-content\/uploads\/2015\/11\/susana-malcorra1.jpg\"><img loading=\"lazy\" decoding=\"async\" class=\"aligncenter size-medium wp-image-14672\" src=\"http:\/\/www.100xd.com.ar\/wp-content\/uploads\/2015\/11\/susana-malcorra1-300x200.jpg\" alt=\"Susana Malcorra\" width=\"300\" height=\"200\"  title=\"Marcos Pe\u00f1a anunci\u00f3 el gabinete de Mauricio Macri\" \/><\/a><\/p>\n<p style=\"text-align: center;\"><strong>Transporte: Guillermo Dietrich<\/strong><\/p>\n<p style=\"text-align: center;\"><a href=\"http:\/\/www.100xd.com.ar\/wp-content\/uploads\/2015\/11\/Guillermo-Dietrich.jpg\"><img loading=\"lazy\" decoding=\"async\" class=\"aligncenter size-medium wp-image-14673\" src=\"http:\/\/www.100xd.com.ar\/wp-content\/uploads\/2015\/11\/Guillermo-Dietrich-300x200.jpg\" alt=\"Guillermo Dietrich\" width=\"300\" height=\"200\"  title=\"Marcos Pe\u00f1a anunci\u00f3 el gabinete de Mauricio Macri\" \/><\/a><\/p>\n<p style=\"text-align: center;\"><strong>Ciencia y Tecnolog\u00eda: Lino Bara\u00f1ao<\/strong><\/p>\n<p style=\"text-align: center;\"><a href=\"http:\/\/www.100xd.com.ar\/wp-content\/uploads\/2015\/11\/Lino-Bara\u00f1ao.jpg\"><img loading=\"lazy\" decoding=\"async\" class=\"aligncenter size-medium wp-image-14674\" src=\"http:\/\/www.100xd.com.ar\/wp-content\/uploads\/2015\/11\/Lino-Bara\u00f1ao-300x200.jpg\" alt=\"Lino Bara\u00f1ao\" width=\"300\" height=\"200\"  title=\"Marcos Pe\u00f1a anunci\u00f3 el gabinete de Mauricio Macri\" \/><\/a><\/p>\n<p style=\"text-align: center;\"><strong>Seguridad: Patricia Bullrich<\/strong><\/p>\n<p style=\"text-align: center;\"><a href=\"http:\/\/www.100xd.com.ar\/wp-content\/uploads\/2015\/11\/Patricia-Bullrich.jpg\"><img loading=\"lazy\" decoding=\"async\" class=\"aligncenter size-medium wp-image-14675\" src=\"http:\/\/www.100xd.com.ar\/wp-content\/uploads\/2015\/11\/Patricia-Bullrich-300x200.jpg\" alt=\"Patricia Bullrich\" width=\"300\" height=\"200\"  title=\"Marcos Pe\u00f1a anunci\u00f3 el gabinete de Mauricio Macri\" \/><\/a><\/p>\n<p style=\"text-align: center;\"><strong>Salud: Jorge Lemus<\/strong><\/p>\n<p style=\"text-align: center;\"><a href=\"http:\/\/www.100xd.com.ar\/wp-content\/uploads\/2015\/11\/Jorge-Lemus.jpg\"><img loading=\"lazy\" decoding=\"async\" class=\"aligncenter size-medium wp-image-14676\" src=\"http:\/\/www.100xd.com.ar\/wp-content\/uploads\/2015\/11\/Jorge-Lemus-300x176.jpg\" alt=\"Jorge Lemus\" width=\"300\" height=\"176\"  title=\"Marcos Pe\u00f1a anunci\u00f3 el gabinete de Mauricio Macri\" \/><\/a><\/p>\n<p style=\"text-align: center;\"><strong>Energ\u00eda: Juan Jos\u00e9 Aranguren<\/strong><\/p>\n<p style=\"text-align: center;\"><a href=\"http:\/\/www.100xd.com.ar\/wp-content\/uploads\/2015\/11\/Juan-Jos\u00e9-Aranguren.jpg\"><img loading=\"lazy\" decoding=\"async\" class=\"aligncenter size-medium wp-image-14677\" src=\"http:\/\/www.100xd.com.ar\/wp-content\/uploads\/2015\/11\/Juan-Jos\u00e9-Aranguren-300x169.jpg\" alt=\"Juan Jos\u00e9 Aranguren\" width=\"300\" height=\"169\"  title=\"Marcos Pe\u00f1a anunci\u00f3 el gabinete de Mauricio Macri\" \/><\/a><\/p>\n<p style=\"text-align: center;\"><strong>Secretaria General de la Presidencia: Fernando de Andreis<\/strong><\/p>\n<p style=\"text-align: center;\"><a href=\"http:\/\/www.100xd.com.ar\/wp-content\/uploads\/2015\/11\/Fernando-de-Andreis.jpg\"><img loading=\"lazy\" decoding=\"async\" class=\"aligncenter size-medium wp-image-14678\" src=\"http:\/\/www.100xd.com.ar\/wp-content\/uploads\/2015\/11\/Fernando-de-Andreis-300x158.jpg\" alt=\"Fernando de Andreis\" width=\"300\" height=\"158\"  title=\"Marcos Pe\u00f1a anunci\u00f3 el gabinete de Mauricio Macri\" \/><\/a><\/p>\n<p style=\"text-align: center;\"><strong>Ministerio de Modernizaci\u00f3n: Andr\u00e9s Ibarra<\/strong><\/p>\n<p style=\"text-align: center;\"><a href=\"http:\/\/www.100xd.com.ar\/wp-content\/uploads\/2015\/11\/Andr\u00e9s-Ibarra.jpg\"><img loading=\"lazy\" decoding=\"async\" class=\"aligncenter size-medium wp-image-14679\" src=\"http:\/\/www.100xd.com.ar\/wp-content\/uploads\/2015\/11\/Andr\u00e9s-Ibarra-300x219.jpg\" alt=\"Andr\u00e9s Ibarra\" width=\"300\" height=\"219\"  title=\"Marcos Pe\u00f1a anunci\u00f3 el gabinete de Mauricio Macri\" \/><\/a><\/p>\n<p style=\"text-align: center;\"><strong>Medio Ambiente: Sergio Berman<\/strong><\/p>\n<p style=\"text-align: center;\"><a href=\"http:\/\/www.100xd.com.ar\/wp-content\/uploads\/2015\/11\/Sergio-Bergman.jpg\"><img loading=\"lazy\" decoding=\"async\" class=\"aligncenter size-medium wp-image-14680\" src=\"http:\/\/www.100xd.com.ar\/wp-content\/uploads\/2015\/11\/Sergio-Bergman-300x173.jpg\" alt=\"Sergio Bergman\" width=\"300\" height=\"173\"  title=\"Marcos Pe\u00f1a anunci\u00f3 el gabinete de Mauricio Macri\" \/><\/a><\/p>\n<p style=\"text-align: center;\"><strong>Cultura: Pablo Avelluto<\/strong><\/p>\n<p style=\"text-align: center;\"><a href=\"http:\/\/www.100xd.com.ar\/wp-content\/uploads\/2015\/11\/Pablo-Avelluto.jpg\"><img loading=\"lazy\" decoding=\"async\" class=\"aligncenter size-medium wp-image-14681\" src=\"http:\/\/www.100xd.com.ar\/wp-content\/uploads\/2015\/11\/Pablo-Avelluto-300x179.jpg\" alt=\"Pablo Avelluto\" width=\"300\" height=\"179\"  title=\"Marcos Pe\u00f1a anunci\u00f3 el gabinete de Mauricio Macri\" \/><\/a><\/p>\n<p style=\"text-align: center;\"><strong>Defensa: Julio Mart\u00ednez<\/strong><\/p>\n<p style=\"text-align: center;\"><a href=\"http:\/\/www.100xd.com.ar\/wp-content\/uploads\/2015\/11\/Julio-Martinez.jpg\"><img loading=\"lazy\" decoding=\"async\" class=\"aligncenter size-medium wp-image-14682\" src=\"http:\/\/www.100xd.com.ar\/wp-content\/uploads\/2015\/11\/Julio-Martinez-300x206.jpg\" alt=\"Julio Martinez\" width=\"300\" height=\"206\"  title=\"Marcos Pe\u00f1a anunci\u00f3 el gabinete de Mauricio Macri\" \/><\/a><\/p>\n<p style=\"text-align: center;\"><strong>AFIP: Alberto Abad<\/strong><\/p>\n<p style=\"text-align: center;\"><a href=\"http:\/\/www.100xd.com.ar\/wp-content\/uploads\/2015\/11\/Alberto-Abad.jpg\"><img loading=\"lazy\" decoding=\"async\" class=\"aligncenter size-medium wp-image-14683\" src=\"http:\/\/www.100xd.com.ar\/wp-content\/uploads\/2015\/11\/Alberto-Abad-300x225.jpg\" alt=\"Alberto Abad\" width=\"300\" height=\"225\"  title=\"Marcos Pe\u00f1a anunci\u00f3 el gabinete de Mauricio Macri\" \/><\/a><\/p>\n<p style=\"text-align: center;\"><strong>Banco Central: Federico Sturzenegger<\/strong><\/p>\n<p style=\"text-align: center;\"><a href=\"http:\/\/www.100xd.com.ar\/wp-content\/uploads\/2015\/11\/Federico-Sturzenegger.jpg\"><img loading=\"lazy\" decoding=\"async\" class=\"aligncenter size-medium wp-image-14684\" src=\"http:\/\/www.100xd.com.ar\/wp-content\/uploads\/2015\/11\/Federico-Sturzenegger-300x225.jpg\" alt=\"Federico Sturzenegger\" width=\"300\" height=\"225\"  title=\"Marcos Pe\u00f1a anunci\u00f3 el gabinete de Mauricio Macri\" \/><\/a><\/p>\n<p style=\"text-align: center;\"><strong>Agricultura: Ricardo Buryaile<\/strong><\/p>\n<p style=\"text-align: center;\"><a href=\"http:\/\/www.100xd.com.ar\/wp-content\/uploads\/2015\/11\/Ricardo-Buryaile.jpg\"><img loading=\"lazy\" decoding=\"async\" class=\"aligncenter size-medium wp-image-14685\" src=\"http:\/\/www.100xd.com.ar\/wp-content\/uploads\/2015\/11\/Ricardo-Buryaile-300x180.jpg\" alt=\"Ricardo Buryaile\" width=\"300\" height=\"180\"  title=\"Marcos Pe\u00f1a anunci\u00f3 el gabinete de Mauricio Macri\" \/><\/a><\/p>\n<p style=\"text-align: center;\"><strong>Plan Belgrano: Jos\u00e9 Cano<\/strong><\/p>\n<p style=\"text-align: center;\"><a href=\"http:\/\/www.100xd.com.ar\/wp-content\/uploads\/2015\/11\/Jos\u00e9-Cano.jpg\"><img loading=\"lazy\" decoding=\"async\" class=\"aligncenter size-medium wp-image-14686\" src=\"http:\/\/www.100xd.com.ar\/wp-content\/uploads\/2015\/11\/Jos\u00e9-Cano-300x200.jpg\" alt=\"Jos\u00e9 Cano\" width=\"300\" height=\"200\"  title=\"Marcos Pe\u00f1a anunci\u00f3 el gabinete de Mauricio Macri\" \/><\/a><\/p>","protected":false},"excerpt":{"rendered":"<p>El futuro jefe de Gabinete de Mauricio Macri, Marcos Pe\u00f1a, anunci\u00f3 ayer\u00a0el equipo completo que asumir\u00e1 el pr\u00f3ximo 10 de diciembre. Jefe de Gabinete: Marcos Pe\u00f1a Hacienda y Finanzas: Alfonso Prat Gay Interior: Rogelio Frigerio Justicia: Germ\u00e1n Garavano Desarrollo Social: Carolina Stanley Educaci\u00f3n: Esteban Bullrich Canciller\u00eda: Susana Malcorra Transporte: Guillermo Dietrich Ciencia y Tecnolog\u00eda: Lino [&hellip;]<\/p>\n","protected":false},"author":4,"featured_media":0,"comment_status":"open","ping_status":"open","sticky":false,"template":"","format":"standard","meta":{"site-sidebar-layout":"default","site-content-layout":"","ast-site-content-layout":"default","site-content-style":"default","site-sidebar-style":"default","ast-global-header-display":"","ast-banner-title-visibility":"","ast-main-header-display":"","ast-hfb-above-header-display":"","ast-hfb-below-header-display":"","ast-hfb-mobile-header-display":"","site-post-title":"","ast-breadcrumbs-content":"","ast-featured-img":"","footer-sml-layout":"","ast-disable-related-posts":"","theme-transparent-header-meta":"","adv-header-id-meta":"","stick-header-meta":"","header-above-stick-meta":"","header-main-stick-meta":"","header-below-stick-meta":"","astra-migrate-meta-layouts":"default","ast-page-background-enabled":"default","ast-page-background-meta":{"desktop":{"background-color":"","background-image":"","background-repeat":"repeat","background-position":"center center","background-size":"auto","background-attachment":"scroll","background-type":"","background-media":"","overlay-type":"","overlay-color":"","overlay-opacity":"","overlay-gradient":""},"tablet":{"background-color":"","background-image":"","background-repeat":"repeat","background-position":"center center","background-size":"auto","background-attachment":"scroll","background-type":"","background-media":"","overlay-type":"","overlay-color":"","overlay-opacity":"","overlay-gradient":""},"mobile":{"background-color":"","background-image":"","background-repeat":"repeat","background-position":"center center","background-size":"auto","background-attachment":"scroll","background-type":"","background-media":"","overlay-type":"","overlay-color":"","overlay-opacity":"","overlay-gradient":""}},"ast-content-background-meta":{"desktop":{"background-color":"var(--ast-global-color-5)","background-image":"","background-repeat":"repeat","background-position":"center center","background-size":"auto","background-attachment":"scroll","background-type":"","background-media":"","overlay-type":"","overlay-color":"","overlay-opacity":"","overlay-gradient":""},"tablet":{"background-color":"var(--ast-global-color-5)","background-image":"","background-repeat":"repeat","background-position":"center center","background-size":"auto","background-attachment":"scroll","background-type":"","background-media":"","overlay-type":"","overlay-color":"","overlay-opacity":"","overlay-gradient":""},"mobile":{"background-color":"var(--ast-global-color-5)","background-image":"","background-repeat":"repeat","background-position":"center center","background-size":"auto","background-attachment":"scroll","background-type":"","background-media":"","overlay-type":"","overlay-color":"","overlay-opacity":"","overlay-gradient":""}},"footnotes":""},"categories":[2],"tags":[3986,3765,3991,686,3988,319,3993,1861,3990,2134,3987,521,3989,2255,3817,3758,937,55,972,702,3985,2359,3992,3976],"class_list":["post-14664","post","type-post","status-publish","format-standard","hentry","category-politica","tag-alberto-abad","tag-alfonso-prat-gay","tag-andres-ibarra","tag-cambiemos","tag-carolina-stanley","tag-esteban-bullrich","tag-federico-struzenegger","tag-federico-sturzenegger","tag-fernando-de-andreis","tag-gabinete","tag-german-garavano","tag-guillermo-dietrich","tag-jorge-lemus","tag-jose-cano","tag-juan-jose-aranguren","tag-lino-baranao","tag-marcos-pena","tag-mauricio-macri","tag-pablo-avelluto","tag-patricia-bullrich","tag-ricardo-buryaile","tag-rogelio-frigerio","tag-sergio-bergman","tag-susana-malcorra"],"spectra_blocks_featured_image_url":null,"spectra_blocks_author_info":{"display_name":"Facundo Novillo","avatar_url":"https:\/\/secure.gravatar.com\/avatar\/09745bc65ce6bf84291d6515d5f759c04b4fce4f329b8a975a8ac2982b552d3e?s=96&d=mm&r=g","author_link":"https:\/\/100xd.com.ar\/es\/author\/facundo\/","description":""},"_links":{"self":[{"href":"https:\/\/100xd.com.ar\/es\/wp-json\/wp\/v2\/posts\/14664","targetHints":{"allow":["GET"]}}],"collection":[{"href":"https:\/\/100xd.com.ar\/es\/wp-json\/wp\/v2\/posts"}],"about":[{"href":"https:\/\/100xd.com.ar\/es\/wp-json\/wp\/v2\/types\/post"}],"author":[{"embeddable":true,"href":"https:\/\/100xd.com.ar\/es\/wp-json\/wp\/v2\/users\/4"}],"replies":[{"embeddable":true,"href":"https:\/\/100xd.com.ar\/es\/wp-json\/wp\/v2\/comments?post=14664"}],"version-history":[{"count":2,"href":"https:\/\/100xd.com.ar\/es\/wp-json\/wp\/v2\/posts\/14664\/revisions"}],"predecessor-version":[{"id":14725,"href":"https:\/\/100xd.com.ar\/es\/wp-json\/wp\/v2\/posts\/14664\/revisions\/14725"}],"wp:attachment":[{"href":"https:\/\/100xd.com.ar\/es\/wp-json\/wp\/v2\/media?parent=14664"}],"wp:term":[{"taxonomy":"category","embeddable":true,"href":"https:\/\/100xd.com.ar\/es\/wp-json\/wp\/v2\/categories?post=14664"},{"taxonomy":"post_tag","embeddable":true,"href":"https:\/\/100xd.com.ar\/es\/wp-json\/wp\/v2\/tags?post=14664"}],"curies":[{"name":"wp","href":"https:\/\/api.w.org\/{rel}","templated":true}]}}