{"id":14224,"date":"2015-11-18T08:49:55","date_gmt":"2015-11-18T11:49:55","guid":{"rendered":"http:\/\/www.100xd.com.ar\/?p=14224"},"modified":"2015-11-18T15:43:25","modified_gmt":"2015-11-18T18:43:25","slug":"dos-terroristas-muertos-en-un-operativo-antiterrorista-en-el-norte-de-paris","status":"publish","type":"post","link":"https:\/\/100xd.com.ar\/es\/dos-terroristas-muertos-en-un-operativo-antiterrorista-en-el-norte-de-paris\/","title":{"rendered":"Dos terroristas muertos en un operativo antiterrorista en el norte de Paris"},"content":{"rendered":"<p style=\"text-align: justify;\">Al menos dos presuntos terroristas murieron esta madrugada durante tiroteos en Saint Denis, suburbio al norte de Par\u00eds, entre la polic\u00eda y un grupo de hombres atrincherados, supuestamente vinculados con los atentados del pasado viernes en la capital francesa.<\/p>\n<p style=\"text-align: justify;\">Mientras la operaci\u00f3n policial contin\u00faa, la Fiscal\u00eda de Par\u00eds inform\u00f3, mediante un comunicado, que la operaci\u00f3n policial comenz\u00f3 a las 4.20 hora local (0.20 hora de Argentina) cuando las fuerzas de seguridad se instalaron en gran n\u00famero en el centro comercial de la multi\u00e9tnica localidad de Saint Denis.\u00a0Al acercarse al departamento que los polic\u00edas pensaban allanar, una mujer se hizo explotar al accionar un cintur\u00f3n explosivo, seg\u00fan la fiscal\u00eda. Inmediatamente se inici\u00f3 un fuerte y prolongado tiroteo, donde otro presunto terrorista result\u00f3 muerto tras ser alcanzado por disparos de francotiradores.<\/p>\n<p style=\"text-align: justify;\">El diario Le Monde indic\u00f3 que puede haber un tercer fallecido entre los atrincherados, aunque no dio m\u00e1s detalles.\u00a0La operaci\u00f3n policial tiene lugar a pocos metros del Stade de France, donde el viernes tres kamikazes se inmolaron en los alrededores del estadio, en donde 80.000 personas presenciaban un partido de f\u00fatbol entre Francia y Alemania y el presidente Francois Hollande se encontraba en las tribunas.\u00a0En las inmediaciones del lugar, tres personas fueron detenidas.<\/p>\n<p style=\"text-align: justify;\">La fiscal\u00eda precis\u00f3 que otras dos detenciones se produjeron en el edificio donde se encuentra el departamento, en el cual, seg\u00fan medios locales, quedar\u00edan &#8220;entre uno o dos extremistas atrincherados&#8221;.\u00a0Adem\u00e1s, cinco polic\u00edas resultaron levemente heridos en el asalto al departamento y que un perro polic\u00eda result\u00f3 muerto, inform\u00f3 la polic\u00eda nacional en su cuenta de Twitter.<\/p>\n<p style=\"text-align: justify;\">Tras cuatro horas de una relativa tensa calma, una decena de disparos volvieron a escucharse en las inmediaciones del departamento, mientras las fuerzas del orden contin\u00faan apostadas en la zona.\u00a0La polic\u00eda, que evacu\u00f3 a los vecinos por temor a que el departamento se encuentre repleto de explosivos, estableci\u00f3 un amplio per\u00edmetro de seguridad en torno al departamento donde se atrincheraron los supuestos terroristas, al que solo deja acceder, a gran distancia, a los periodistas, seg\u00fan la agencia de noticias EFE.\u00a0Tambi\u00e9n se desplegaron unidades militares en refuerzo de las policiales.\u00a0La prefectura solicit\u00f3 a todos los vecinos que permanezcan en sus casas, mientras que escuelas y comercios permanecen cerrados.<\/p>\n<p style=\"text-align: justify;\">Asimismo, la polic\u00eda realiza controles a todos los autos y peatones que atraviesan las puertas nortes de ingreso a la capital, donde en estos momentos hay grandes embotellamientos.\u00a0En tanto que la linea de m\u00e9tro 13 y una veintena de lineas de colectivos suspendieron sus servicios, anunci\u00f3 la compa\u00f1\u00eda publica que administra el sistema de subte y buses de la regi\u00f3n parisina, RATP.<\/p>\n<p style=\"text-align: justify;\">Las autoridades sospechan que en el lugar se encuentra el belga Abdelhamid Abaaoud, considerado por los investigadores como el cerebro de los atentados del viernes pasado en los que murieron, al menos, 132 personas.\u00a0El canal France 24 sostiene que el operativo policial tuvo lugar para evitar que los supuestos terroristas atacaran en el barrio de la Defense, el distrito econ\u00f3mico de la capital gala.<\/p>\n<p style=\"text-align: justify;\">El presidente Hollande sigue la evoluci\u00f3n de la operaci\u00f3n desde su despacho del El\u00edseo acompa\u00f1ado del primer ministro, Manuel Valls, y del responsable de Interior, Bernard Cazeneuve, seg\u00fan BFMTV.\u00a0Hollande tenia programado realizar un Consejo de Ministros en el Eliseo, sin embargo, la reuni\u00f3n fue postergada.<\/p>\n<p style=\"text-align: justify;\">Con estas dos nuevas muertes de supuestos terroristas, se eleva a nueve la cifra de atacantes abatidos.\u00a0El viernes murieron siete de ellos, seis al accionar sus cinturones explosivos en el Stade de France, en un bar del bulevar Voltaire y otros dos en la sala de conciertos Le Bataclan, donde un yihadista fue muerto por disparos policiales.<br \/>\nEn Saint Denis, localidad c\u00e9ntrica de la regi\u00f3n m\u00e1s vasta de los suburbios parisinos, viven m\u00e1s de 100.000 personas de 135 nacionalidades diferentes, seg\u00fan la Alcald\u00eda local.<\/p>","protected":false},"excerpt":{"rendered":"<p>Al menos dos presuntos terroristas murieron esta madrugada durante tiroteos en Saint Denis, suburbio al norte de Par\u00eds, entre la polic\u00eda y un grupo de hombres atrincherados, supuestamente vinculados con los atentados del pasado viernes en la capital francesa. Mientras la operaci\u00f3n policial contin\u00faa, la Fiscal\u00eda de Par\u00eds inform\u00f3, mediante un comunicado, que la operaci\u00f3n [&hellip;]<\/p>\n","protected":false},"author":4,"featured_media":0,"comment_status":"open","ping_status":"open","sticky":false,"template":"","format":"standard","meta":{"site-sidebar-layout":"default","site-content-layout":"","ast-site-content-layout":"default","site-content-style":"default","site-sidebar-style":"default","ast-global-header-display":"","ast-banner-title-visibility":"","ast-main-header-display":"","ast-hfb-above-header-display":"","ast-hfb-below-header-display":"","ast-hfb-mobile-header-display":"","site-post-title":"","ast-breadcrumbs-content":"","ast-featured-img":"","footer-sml-layout":"","ast-disable-related-posts":"","theme-transparent-header-meta":"","adv-header-id-meta":"","stick-header-meta":"","header-above-stick-meta":"","header-main-stick-meta":"","header-below-stick-meta":"","astra-migrate-meta-layouts":"default","ast-page-background-enabled":"default","ast-page-background-meta":{"desktop":{"background-color":"","background-image":"","background-repeat":"repeat","background-position":"center center","background-size":"auto","background-attachment":"scroll","background-type":"","background-media":"","overlay-type":"","overlay-color":"","overlay-opacity":"","overlay-gradient":""},"tablet":{"background-color":"","background-image":"","background-repeat":"repeat","background-position":"center center","background-size":"auto","background-attachment":"scroll","background-type":"","background-media":"","overlay-type":"","overlay-color":"","overlay-opacity":"","overlay-gradient":""},"mobile":{"background-color":"","background-image":"","background-repeat":"repeat","background-position":"center center","background-size":"auto","background-attachment":"scroll","background-type":"","background-media":"","overlay-type":"","overlay-color":"","overlay-opacity":"","overlay-gradient":""}},"ast-content-background-meta":{"desktop":{"background-color":"var(--ast-global-color-5)","background-image":"","background-repeat":"repeat","background-position":"center center","background-size":"auto","background-attachment":"scroll","background-type":"","background-media":"","overlay-type":"","overlay-color":"","overlay-opacity":"","overlay-gradient":""},"tablet":{"background-color":"var(--ast-global-color-5)","background-image":"","background-repeat":"repeat","background-position":"center center","background-size":"auto","background-attachment":"scroll","background-type":"","background-media":"","overlay-type":"","overlay-color":"","overlay-opacity":"","overlay-gradient":""},"mobile":{"background-color":"var(--ast-global-color-5)","background-image":"","background-repeat":"repeat","background-position":"center center","background-size":"auto","background-attachment":"scroll","background-type":"","background-media":"","overlay-type":"","overlay-color":"","overlay-opacity":"","overlay-gradient":""}},"footnotes":""},"categories":[8],"tags":[1113,3854,3861,293,278,239],"class_list":["post-14224","post","type-post","status-publish","format-standard","hentry","category-el-mundo","tag-ataque-terrorista","tag-atentado-paris","tag-atentados-en-paris","tag-francia","tag-paris","tag-terrorismo"],"spectra_blocks_featured_image_url":null,"spectra_blocks_author_info":{"display_name":"Facundo Novillo","avatar_url":"https:\/\/secure.gravatar.com\/avatar\/09745bc65ce6bf84291d6515d5f759c04b4fce4f329b8a975a8ac2982b552d3e?s=96&d=mm&r=g","author_link":"https:\/\/100xd.com.ar\/es\/author\/facundo\/","description":""},"_links":{"self":[{"href":"https:\/\/100xd.com.ar\/es\/wp-json\/wp\/v2\/posts\/14224","targetHints":{"allow":["GET"]}}],"collection":[{"href":"https:\/\/100xd.com.ar\/es\/wp-json\/wp\/v2\/posts"}],"about":[{"href":"https:\/\/100xd.com.ar\/es\/wp-json\/wp\/v2\/types\/post"}],"author":[{"embeddable":true,"href":"https:\/\/100xd.com.ar\/es\/wp-json\/wp\/v2\/users\/4"}],"replies":[{"embeddable":true,"href":"https:\/\/100xd.com.ar\/es\/wp-json\/wp\/v2\/comments?post=14224"}],"version-history":[{"count":1,"href":"https:\/\/100xd.com.ar\/es\/wp-json\/wp\/v2\/posts\/14224\/revisions"}],"predecessor-version":[{"id":14226,"href":"https:\/\/100xd.com.ar\/es\/wp-json\/wp\/v2\/posts\/14224\/revisions\/14226"}],"wp:attachment":[{"href":"https:\/\/100xd.com.ar\/es\/wp-json\/wp\/v2\/media?parent=14224"}],"wp:term":[{"taxonomy":"category","embeddable":true,"href":"https:\/\/100xd.com.ar\/es\/wp-json\/wp\/v2\/categories?post=14224"},{"taxonomy":"post_tag","embeddable":true,"href":"https:\/\/100xd.com.ar\/es\/wp-json\/wp\/v2\/tags?post=14224"}],"curies":[{"name":"wp","href":"https:\/\/api.w.org\/{rel}","templated":true}]}}