{"id":140349,"date":"2026-07-30T12:26:12","date_gmt":"2026-07-30T15:26:12","guid":{"rendered":"https:\/\/100xd.com.ar\/?p=140349"},"modified":"2026-07-30T12:26:12","modified_gmt":"2026-07-30T15:26:12","slug":"bullrich-dijo-que-no-descarta-ser-candidata-en-la-ciudad-me-tengo-una-fe-barbara","status":"publish","type":"post","link":"https:\/\/100xd.com.ar\/es\/bullrich-dijo-que-no-descarta-ser-candidata-en-la-ciudad-me-tengo-una-fe-barbara\/","title":{"rendered":"Bullrich dijo que no descarta ser candidata en la Ciudad: \u201cMe tengo una fe b\u00e1rbara\u201d"},"content":{"rendered":"<p class=\"wp-block-paragraph\">La senadora nacional por la ciudad de Buenos Aires&nbsp;<strong>Patricia Bullrich<\/strong>&nbsp;<a href=\"https:\/\/www.lanacion.com.ar\/politica\/tension-en-el-senado-cumbre-villarruel-bullrich-para-limar-asperezas-tras-la-discusion-por-la-nid21072026\/\">se refiri\u00f3 este mi\u00e9rcoles a las posibilidades de ser candidata a jefa de Gobierno<\/a>&nbsp;porte\u00f1a y dijo que \u201cno es imposible\u201d que se presente. \u201c<strong>Me tengo una fe b\u00e1rbara<\/strong>\u201d, indic\u00f3. Por otro lado, hizo referencia al&nbsp;<strong>cruce entre Javier Milei y<\/strong>&nbsp;<strong>su par brasile\u00f1o, Lula da Silva<\/strong>, opin\u00f3 sobre la situaci\u00f3n judicial de Cristina Kirchner y sostuvo que la vicepresidenta Victoria Villarruel \u201c<strong>piensa muy distinto al Gobierno<\/strong>\u201d.<\/p>\n\n\n\n<p class=\"wp-block-paragraph\">\u201cMe parece una persona que est\u00e1 muy lejos de las ideas que llevamos adelante.&nbsp;<strong>A ella la ubico m\u00e1s en un peronismo tradicional que en un liberalismo como el nuestro<\/strong>: es una conservadora t\u00edpica\u201d, marc\u00f3 sobre la vicepresidenta en una entrevista en&nbsp;<em>TN<\/em>.<\/p>\n\n\n\n<p class=\"wp-block-paragraph\">Acto seguido, la senadora por la Ciudad sostuvo que \u201cVillarruel y Milei se conocieron en el Congreso,&nbsp;<strong>pero reci\u00e9n en la Casa Rosada se dieron cuenta de que ten\u00edan grandes diferencias<\/strong>\u201d. Luego remarc\u00f3: \u201cElla ya decidi\u00f3 ser parte de un proyecto distinto. No lo dijo, pero se nota: se le lee en el inconsciente.&nbsp;<strong>Parece que est\u00e1 armando algo<\/strong>\u201d.<\/p>\n\n\n\n<figure data-spectra-id=\"spectra-c3296a63-63ac-4e1a-aec0-997a7cc94892\" class=\"wp-block-image\"><img decoding=\"async\" src=\"https:\/\/www.lanacion.com.ar\/resizer\/v2\/la-senadora-por-capital-analizo-varios-topicos-de-QABLUM7RWFG4LH7WCSRDYILHAQ.png?auth=240bcef9c836d9e0f02abd97628673aff1949f26acfd565e5bf63af9a7c89d2d&amp;width=420&amp;height=262&amp;quality=70&amp;smart=true\" alt=\"La senadora por Capital analiz\u00f3 varios t\u00f3picos de la coyuntura nacional\" title=\"Bullrich dijo que no descarta ser candidata en la Ciudad: \u201cMe tengo una fe b\u00e1rbara\u201d\" \/><figcaption>La senadora por Capital analiz\u00f3 varios t\u00f3picos de la coyuntura nacional<\/figcaption><\/figure>\n\n\n\n<p class=\"wp-block-paragraph\">En cuanto a una posible candidatura a jefa de Gobierno, Bullrich plante\u00f3: \u201cYo estoy altamente probada en materia de gesti\u00f3n. Adem\u00e1s,&nbsp;<strong>la Ciudad no es tan compleja como manejar la seguridad de un pa\u00eds<\/strong>\u201d.<\/p>\n\n\n\n<p class=\"wp-block-paragraph\">En ese sentido, tambi\u00e9n aludi\u00f3 a la actual gesti\u00f3n de Jorge Macri. \u201cHasta ahora hizo algunas cosas.&nbsp;<strong>Se concentr\u00f3 en el orden<\/strong>: los desalojos, los piquetes. Bueno, en realidad es evidente qui\u00e9n sac\u00f3 los piquetes\u201d, sostuvo.<\/p>\n\n\n\n<p class=\"wp-block-paragraph\">Por su parte, la senadora declar\u00f3 que los puntos m\u00e1s importantes a tratar en la Ciudad son la baja de ingresos brutos y \u201csacarle la pata de encima a los comercios\u201d. \u201c<strong>Hay que cambiarla muy profundamente<\/strong>. Tiene una estructura m\u00e1s grande de la que deber\u00eda tener. Tiene muchos problemas de burocracia, pero para arreglarla tiene que creer en eso\u201d, agreg\u00f3.<\/p>\n\n\n\n<p class=\"wp-block-paragraph\">En otro tramo de la entrevista, Bullrich fue consultada sobre las tensiones diplom\u00e1ticas entre la Argentina y Brasil por declaraciones de Milei, quien tild\u00f3 de \u201dladr\u00f3n&#8221; y \u201cpresidiario\u201d a Lula. Al respecto, la jefa del bloque libertario del Senado manifest\u00f3: \u201cPersonalmente, tengo otra forma de expresarme,&nbsp;<strong>m\u00e1s ligada a conceptos pol\u00edticos que a una cosa m\u00e1s agresiva<\/strong>\u201d.<\/p>\n\n\n\n<p class=\"wp-block-paragraph\">Luego, se desmarc\u00f3 y agreg\u00f3: \u201c<strong>Pero lo que dijo Milei fue de forma indirecta, no se lo dijo directamente a Lula<\/strong>. Eso s\u00ed, despu\u00e9s el presidente brasile\u00f1o jug\u00f3 a tirarle los perros con los ministros y lo ningune\u00f3:&nbsp;<strong>quiso ponerse por arriba<\/strong>\u201d. Pese a que el intercambio ascendi\u00f3 al escalaf\u00f3n diplom\u00e1tico, Bullrich asegur\u00f3 que \u201c<strong>a nivel comercial e institucional estamos muy bien<\/strong>\u201d.<\/p>\n\n\n\n<figure data-spectra-id=\"spectra-bb7f7a69-36b8-409c-a572-27eddee25b0d\" class=\"wp-block-image\"><img decoding=\"async\" src=\"https:\/\/www.lanacion.com.ar\/resizer\/v2\/bullrich-se-hizo-eco-de-la-jugada-de-cristina-con-QPU6FS3KLZCILOUD7TVUIEQA44.jpg?auth=25f2b6b7af9f7c7ad691d19f9c33bbc5dce83224be4632c54b9f07dcfa0bc8a8&amp;width=420&amp;height=280&amp;quality=70&amp;smart=true\" alt=\"Bullrich se hizo eco de la jugada de Cristina con la ONU\" title=\"Bullrich dijo que no descarta ser candidata en la Ciudad: \u201cMe tengo una fe b\u00e1rbara\u201d\" \/><figcaption>Bullrich se hizo eco de la jugada de Cristina con la ONUEMILIANO LASALVIA &#8211; AFP<\/figcaption><\/figure>\n\n\n\n<p class=\"wp-block-paragraph\">La senadora de La Libertad Avanza (LLA) tambi\u00e9n carg\u00f3 contra la expresidenta Cristina Kirchner, quien en las \u00faltimas horas anunci\u00f3&nbsp;<a href=\"https:\/\/www.lanacion.com.ar\/politica\/que-chances-tiene-en-la-onu-claves-de-la-nueva-estrategia-de-cristina-kirchner-nid29072026\/\">una presentaci\u00f3n ante el Comit\u00e9 de Derechos Humanos<\/a>&nbsp;de la Organizaci\u00f3n de las Naciones Unidas (ONU) por la condena que recibi\u00f3 en la&nbsp;<strong>causa Vialidad<\/strong>.<\/p>\n\n\n\n<p class=\"wp-block-paragraph\">\u201cEs lo que esper\u00e1bamos todos: que intentase ir a una instancia supranacional para superar nuestro sistema jur\u00eddico que, en todas las instancias, la conden\u00f3\u201d, expres\u00f3 Bullrich. \u201cCon este movimiento,&nbsp;<strong>Cristina instal\u00f3 que quiere ser candidata<\/strong>. Ella se ve en el espejo de Lula, quien, luego de ser condenado y amparado por un juez de la Corte brasile\u00f1a, se present\u00f3 a elecciones y volvi\u00f3 a la presidencia\u201d.<\/p>\n\n\n\n<p class=\"wp-block-paragraph\">La exministra, adem\u00e1s, revel\u00f3 su postura sobre el proyecto de eliminaci\u00f3n de las elecciones Primarias Abiertas Obligatorias y Simult\u00e1neas (PASO). \u201cSi de algo sirve sacarlas es para que tengamos\u00a0<strong>m\u00e1s gobierno y menos elecciones<\/strong>\u201d, destac\u00f3, y explic\u00f3: \u201cYo no estoy convencida de eliminarlas, porque yo gan\u00e9 con ese sistema. Lo que pasa es que, cuando en las PASO nadie compite con nadie, como pas\u00f3 en 2019,\u00a0<strong>se convierte en una sistema electoral interminable<\/strong>, y eso hay que corregirlo\u201d.<\/p>\n\n\n\n<p class=\"wp-block-paragraph\">Fuente: <a href=\"https:\/\/www.lanacion.com.ar\/\">La Naci\u00f3n<\/a><\/p>","protected":false},"excerpt":{"rendered":"<p>La senadora nacional por la ciudad de Buenos Aires&nbsp;Patricia Bullrich&nbsp;se refiri\u00f3 este mi\u00e9rcoles a las posibilidades de ser candidata a jefa de Gobierno&nbsp;porte\u00f1a y dijo que \u201cno es imposible\u201d que se presente. \u201cMe tengo una fe b\u00e1rbara\u201d, indic\u00f3. Por otro lado, hizo referencia al&nbsp;cruce entre Javier Milei y&nbsp;su par brasile\u00f1o, Lula da Silva, opin\u00f3 sobre [&hellip;]<\/p>\n","protected":false},"author":9,"featured_media":140350,"comment_status":"open","ping_status":"open","sticky":false,"template":"","format":"standard","meta":{"site-sidebar-layout":"default","site-content-layout":"","ast-site-content-layout":"default","site-content-style":"default","site-sidebar-style":"default","ast-global-header-display":"","ast-banner-title-visibility":"","ast-main-header-display":"","ast-hfb-above-header-display":"","ast-hfb-below-header-display":"","ast-hfb-mobile-header-display":"","site-post-title":"","ast-breadcrumbs-content":"","ast-featured-img":"","footer-sml-layout":"","ast-disable-related-posts":"","theme-transparent-header-meta":"","adv-header-id-meta":"","stick-header-meta":"","header-above-stick-meta":"","header-main-stick-meta":"","header-below-stick-meta":"","astra-migrate-meta-layouts":"default","ast-page-background-enabled":"default","ast-page-background-meta":{"desktop":{"background-color":"","background-image":"","background-repeat":"repeat","background-position":"center center","background-size":"auto","background-attachment":"scroll","background-type":"","background-media":"","overlay-type":"","overlay-color":"","overlay-opacity":"","overlay-gradient":""},"tablet":{"background-color":"","background-image":"","background-repeat":"repeat","background-position":"center center","background-size":"auto","background-attachment":"scroll","background-type":"","background-media":"","overlay-type":"","overlay-color":"","overlay-opacity":"","overlay-gradient":""},"mobile":{"background-color":"","background-image":"","background-repeat":"repeat","background-position":"center center","background-size":"auto","background-attachment":"scroll","background-type":"","background-media":"","overlay-type":"","overlay-color":"","overlay-opacity":"","overlay-gradient":""}},"ast-content-background-meta":{"desktop":{"background-color":"var(--ast-global-color-5)","background-image":"","background-repeat":"repeat","background-position":"center center","background-size":"auto","background-attachment":"scroll","background-type":"","background-media":"","overlay-type":"","overlay-color":"","overlay-opacity":"","overlay-gradient":""},"tablet":{"background-color":"var(--ast-global-color-5)","background-image":"","background-repeat":"repeat","background-position":"center center","background-size":"auto","background-attachment":"scroll","background-type":"","background-media":"","overlay-type":"","overlay-color":"","overlay-opacity":"","overlay-gradient":""},"mobile":{"background-color":"var(--ast-global-color-5)","background-image":"","background-repeat":"repeat","background-position":"center center","background-size":"auto","background-attachment":"scroll","background-type":"","background-media":"","overlay-type":"","overlay-color":"","overlay-opacity":"","overlay-gradient":""}},"footnotes":""},"categories":[2],"tags":[],"class_list":["post-140349","post","type-post","status-publish","format-standard","has-post-thumbnail","hentry","category-politica"],"spectra_blocks_featured_image_url":{"thumbnail":{"url":"https:\/\/100xd.com.ar\/wp-content\/uploads\/2026\/07\/traidora-150x150.jpg","width":150,"height":150},"medium":{"url":"https:\/\/100xd.com.ar\/wp-content\/uploads\/2026\/07\/traidora-300x200.jpg","width":300,"height":200},"medium_large":{"url":"https:\/\/100xd.com.ar\/wp-content\/uploads\/2026\/07\/traidora-768x512.jpg","width":768,"height":512},"large":{"url":"https:\/\/100xd.com.ar\/wp-content\/uploads\/2026\/07\/traidora-1024x683.jpg","width":1024,"height":683},"full":{"url":"https:\/\/100xd.com.ar\/wp-content\/uploads\/2026\/07\/traidora.jpg","width":1200,"height":800}},"spectra_blocks_author_info":{"display_name":"Jorge Alfredo Baret","avatar_url":"https:\/\/secure.gravatar.com\/avatar\/31696f5ca83439b642450ec7d3f82f98451a5efacb414343d5478c982b337f26?s=96&d=mm&r=g","author_link":"https:\/\/100xd.com.ar\/es\/author\/jorge\/","description":"Ingeniero Qu\u00edmico UTN - Director Apoderado de Comunicaciones Auditadas SA. Editor Responsable 100xd.com.ar."},"_links":{"self":[{"href":"https:\/\/100xd.com.ar\/es\/wp-json\/wp\/v2\/posts\/140349","targetHints":{"allow":["GET"]}}],"collection":[{"href":"https:\/\/100xd.com.ar\/es\/wp-json\/wp\/v2\/posts"}],"about":[{"href":"https:\/\/100xd.com.ar\/es\/wp-json\/wp\/v2\/types\/post"}],"author":[{"embeddable":true,"href":"https:\/\/100xd.com.ar\/es\/wp-json\/wp\/v2\/users\/9"}],"replies":[{"embeddable":true,"href":"https:\/\/100xd.com.ar\/es\/wp-json\/wp\/v2\/comments?post=140349"}],"version-history":[{"count":1,"href":"https:\/\/100xd.com.ar\/es\/wp-json\/wp\/v2\/posts\/140349\/revisions"}],"predecessor-version":[{"id":140351,"href":"https:\/\/100xd.com.ar\/es\/wp-json\/wp\/v2\/posts\/140349\/revisions\/140351"}],"wp:featuredmedia":[{"embeddable":true,"href":"https:\/\/100xd.com.ar\/es\/wp-json\/wp\/v2\/media\/140350"}],"wp:attachment":[{"href":"https:\/\/100xd.com.ar\/es\/wp-json\/wp\/v2\/media?parent=140349"}],"wp:term":[{"taxonomy":"category","embeddable":true,"href":"https:\/\/100xd.com.ar\/es\/wp-json\/wp\/v2\/categories?post=140349"},{"taxonomy":"post_tag","embeddable":true,"href":"https:\/\/100xd.com.ar\/es\/wp-json\/wp\/v2\/tags?post=140349"}],"curies":[{"name":"wp","href":"https:\/\/api.w.org\/{rel}","templated":true}]}}