{"id":139067,"date":"2026-07-12T14:58:28","date_gmt":"2026-07-12T17:58:28","guid":{"rendered":"https:\/\/100xd.com.ar\/?p=139067"},"modified":"2026-07-12T14:58:28","modified_gmt":"2026-07-12T17:58:28","slug":"los-gobernadores-pagaron-el-aguinaldo-pero-sus-cuentas-siguen-bajo-presion","status":"publish","type":"post","link":"https:\/\/100xd.com.ar\/es\/los-gobernadores-pagaron-el-aguinaldo-pero-sus-cuentas-siguen-bajo-presion\/","title":{"rendered":"Los gobernadores pagaron el aguinaldo, pero sus cuentas siguen bajo presi\u00f3n"},"content":{"rendered":"<p class=\"wp-block-paragraph\">C\u00d3RDOBA.\u2013 Pese al estr\u00e9s financiero que atraviesan las provincias, todos los gobernadores cumplieron en tiempo y forma con el pago del medio aguinaldo. El dato no alcanza para disimular un escenario m\u00e1s complejo: las administraciones provinciales cerraron el primer semestre con sus cuentas en tensi\u00f3n, condicionadas por la ca\u00edda de los recursos nacionales, una recuperaci\u00f3n econ\u00f3mica heterog\u00e9nea y presiones salariales en las negociaciones de cara al resto del a\u00f1o.<\/p>\n\n\n\n<p class=\"wp-block-paragraph\">El pago del aguinaldo se convirti\u00f3 en una prueba para las finanzas provinciales y municipales. Ninguna dej\u00f3 de cumplir aunque varias realizaron esfuerzos extraordinarios para reunir los fondos, incluyendo pedidos de adelantos de asistencia financiera a la Naci\u00f3n.<\/p>\n\n\n\n<figure data-spectra-id=\"spectra-8992026d-9dbb-4862-999f-82ada7032b42\" class=\"wp-block-image\"><img decoding=\"async\" src=\"https:\/\/www.lanacion.com.ar\/resizer\/v2\/axel-JF44GPCOHBD3RGJBTATOGH2JYI.JPG?auth=45fc539db8ee28115bec9871f8d73fe837f21e5edb65a6fb121ce2cf162d7613&amp;width=420&amp;height=280&amp;quality=70&amp;smart=true\" alt=\"Axel Kicillof\" title=\"Los gobernadores pagaron el aguinaldo, pero sus cuentas siguen bajo presi\u00f3n\" \/><figcaption>Axel KicillofPrensa PBA<\/figcaption><\/figure>\n\n\n\n<p class=\"wp-block-paragraph\">Buenos Aires fue una de las provincias que m\u00e1s sinti\u00f3 esa presi\u00f3n. La Provincia pag\u00f3 el aguinaldo en fecha, pero la situaci\u00f3n de algunos de los 135 municipios mostr\u00f3 un panorama m\u00e1s delicado. Azul resolvi\u00f3 pagar el medio aguinaldo en dos veces, mientras que Villa Gesell y Monte Hermoso solicitaron asistencia financiera a la Provincia para poder cumplir con sus compromisos salariales.<\/p>\n\n\n\n<p class=\"wp-block-paragraph\">En paralelo,&nbsp;<strong>Axel Kicillof<\/strong>&nbsp;cerr\u00f3 la negociaci\u00f3n con el Frente de Unidad Docente Bonaerense (FUDB), luego del segundo paro del a\u00f1o. Los gremios aceptaron la propuesta de una suba acumulada del 7% (5% en julio y 2% en agosto). El acuerdo descomprimi\u00f3 la tensi\u00f3n con los docentes, aunque no elimin\u00f3 el desaf\u00edo central que es sostener la actualizaci\u00f3n de los salarios p\u00fablicos en un contexto de menores ingresos.<\/p>\n\n\n\n<p class=\"wp-block-paragraph\">Tambi\u00e9n en La Rioja el gobernador&nbsp;<strong>Ricardo Quintela<\/strong>&nbsp;reconoci\u00f3 dificultades para pagar el aguinaldo. Admiti\u00f3 que la ca\u00edda de los ingresos hab\u00eda complicado la disponibilidad de recursos y estableci\u00f3 un cronograma que fue del 18 al 23 de junio.<\/p>\n\n\n\n<p class=\"wp-block-paragraph\">En Tierra del Fuego,&nbsp;<strong>Gustavo Melella<\/strong>&nbsp;logr\u00f3 despejar las versiones que anticipaban dificultades para afrontar el medio aguinaldo, pero contin\u00faa el foco de tensi\u00f3n en las paritarias para el segundo semestre, especialmente en educaci\u00f3n y salud.<\/p>\n\n\n\n<p class=\"wp-block-paragraph\">El neuquino&nbsp;<strong>Rolando Figueroa<\/strong>, aunque m\u00e1s holgado financieramente que sus pares por las regal\u00edas hidrocarbur\u00edferas, no est\u00e1 exento de los reclamos salariales. Convoc\u00f3 a ATE, UPCN y al gremio de trabajadores viales a discutir la pauta del segundo semestre. Los sindicatos quieren m\u00e1s que la actualizaci\u00f3n autom\u00e1tica por inflaci\u00f3n.<\/p>\n\n\n\n<figure data-spectra-id=\"spectra-cefe577e-777f-42f7-a9a9-de8232be28fb\" class=\"wp-block-image\"><img decoding=\"async\" src=\"https:\/\/www.lanacion.com.ar\/resizer\/v2\/reunion-de-gobernadores-en-el-ODXEZQYNCFAOXHHKKZ35JTL5MU.JPG?auth=590b953d8ecb2c74a7ec95f2f4c707eb225e1f8a1270a6b7176c6b831cb8e19f&amp;width=420&amp;height=280&amp;quality=70&amp;smart=true\" alt=\"Reuni\u00f3n de gobernadores en el CFI\" title=\"Los gobernadores pagaron el aguinaldo, pero sus cuentas siguen bajo presi\u00f3n\" \/><figcaption>Reuni\u00f3n de gobernadores en el CFICFI<\/figcaption><\/figure>\n\n\n\n<p class=\"wp-block-paragraph\">Tampoco en Mendoza, donde&nbsp;<strong>Alfredo Cornejo<\/strong>&nbsp;deposit\u00f3 el medio aguinaldo el 19 de junio, se cerr\u00f3 la discusi\u00f3n salarial. Hay negociaciones abiertas con ATE, que reclama un piso salarial superior y el blanqueo de trabajadores contratados, y con los profesionales de la salud nucleados en Ampros. En cambio, ya acord\u00f3 con el Sindicato Unido de Trabajadores de la Educaci\u00f3n (SUTE), el gremio de Vialidad Provincial y los funcionarios judiciales, que aceptaron un incremento de 11% en dos tramos.<\/p>\n\n\n\n<p class=\"wp-block-paragraph\">El sanjuanino&nbsp;<strong>Marcelo Orrego<\/strong>&nbsp;negocia con los gremios docentes. En su \u00faltima propuesta elev\u00f3 del 4% al 6% la oferta salarial. Hay cuarto intermedio hasta el 13 de este mes.<\/p>\n\n\n\n<p class=\"wp-block-paragraph\">En Santa Cruz,&nbsp;<strong>Claudio Vidal<\/strong>&nbsp;reci\u00e9n en la \u00faltima semana firm\u00f3 el acuerdo por la paritaria docente con un incremento salarial acumulativo del 17,8% entre junio y noviembre. En cambio, sigue abierto el conflicto salarial con la Polic\u00eda y el personal del Servicio Penitenciario.<\/p>\n\n\n\n<h2 class=\"wp-block-heading\">Ruidos en municipios<\/h2>\n\n\n\n<p class=\"wp-block-paragraph\">En Catamarca,&nbsp;<strong>Ra\u00fal Jalil<\/strong>&nbsp;cumpli\u00f3 con los estatales provinciales, pero debi\u00f3 poner en marcha un plan mixto, de subsidios y cr\u00e9ditos, para que los municipios pudieran pagar sueldos y aguinaldo. Su par tucumano,&nbsp;<strong>Osvaldo Jaldo<\/strong>, otro \u201cdialoguista\u201d, subray\u00f3 el esfuerzo realizado para cumplir.<\/p>\n\n\n\n<p class=\"wp-block-paragraph\"><strong>Mart\u00edn Llaryora<\/strong>&nbsp;y&nbsp;<strong>Maximiliano Pullaro<\/strong>, en C\u00f3rdoba y Santa Fe respectivamente, cumplieron con los tiempos del aguinaldo, pero en ambas provincias hubo municipios que registraron inconvenientes. En la ciudad de C\u00f3rdoba, el intendente&nbsp;<strong>Daniel Passerini<\/strong>&nbsp;deposit\u00f3 los recursos el 3 de este mes; la demora se debi\u00f3 a la dificultad para reunir los $70.000 millones necesarios; hubo medidas de fuerza de los trabajadores.<\/p>\n\n\n\n<p class=\"wp-block-paragraph\">Pullaro retom\u00f3 las negociaciones salariales para definir los incrementos del segundo semestre; la discusi\u00f3n se centra en establecer nuevas pautas tras el vencimiento del acuerdo anterior, que otorg\u00f3 un aumento semestral del 12,5%.<\/p>\n\n\n\n<figure data-spectra-id=\"spectra-c45cdab5-ae20-44ce-9e57-9508c4207780\" class=\"wp-block-image\"><img decoding=\"async\" src=\"https:\/\/www.lanacion.com.ar\/resizer\/v2\/martin-llaryora-y-maximiliano-S7FWPIETJJDUPDNSWBU352VLUE.jpeg?auth=6cd80e55264a3475f70e6c925e1f2ba8b9af88b09583888e97218b85e9e65344&amp;width=420&amp;height=270&amp;quality=70&amp;smart=true\" alt=\"Mart\u00edn Llaryora y Maximiliano Pullaro\" title=\"Los gobernadores pagaron el aguinaldo, pero sus cuentas siguen bajo presi\u00f3n\" \/><figcaption>Mart\u00edn Llaryora y Maximiliano PullaroPrensa Gobierno de C\u00f3rdoba<\/figcaption><\/figure>\n\n\n\n<p class=\"wp-block-paragraph\">En Chubut, el ministro de Econom\u00eda Gustavo Paz admiti\u00f3 que se trabaj\u00f3 para reunir los fondos necesarios pero la Provincia pag\u00f3 sin retrasos. Lo mismo sucedi\u00f3 en Salta, donde el titular de Finanzas, Roberto Dib Ashur, tambi\u00e9n asegur\u00f3 que la administraci\u00f3n provincial pod\u00eda afrontar el pago del aguinaldo y asistir a los municipios que necesitaran apoyo.<\/p>\n\n\n\n<p class=\"wp-block-paragraph\">En Misiones,&nbsp;<strong>Hugo Passalacqua<\/strong>, al momento de pagar el aguinaldo tom\u00f3 una medida de cara al aumento de la morosidad: dispuso que el medio aguinaldo no sufriera deducciones por c\u00f3digos de descuento para preservar el ingreso.<\/p>\n\n\n\n<p class=\"wp-block-paragraph\"><strong>Leandro Zdero<\/strong>, en Chaco, tambi\u00e9n cumpli\u00f3 con el pago. Su administraci\u00f3n ratific\u00f3 hace unos d\u00edas un nuevo convenio con la Naci\u00f3n que le permitir\u00e1 acceder a un anticipo financiero de $50.000 millones.<\/p>\n\n\n\n<p class=\"wp-block-paragraph\">En el caso de Santiago del Estero,&nbsp;<strong>El\u00edas Su\u00e1rez<\/strong>&nbsp;no solo pag\u00f3 el aguinaldo sino que cumpli\u00f3 con la segunda cuota del bono de $1,2 millones otorgado en mayo. Desde su administraci\u00f3n remarcaron que todas esas obligaciones fueron afrontadas con recursos propios.<\/p>\n\n\n\n<p class=\"wp-block-paragraph\">Un trabajo del Ieral de la Fundaci\u00f3n Mediterr\u00e1nea hab\u00eda advertido el resquebrajamiento de las finanzas provinciales. Si los gobernadores hubieran mantenido durante el primer semestre el mismo nivel de gasto real que ten\u00edan un a\u00f1o atr\u00e1s, el resultado fiscal consolidado habr\u00eda pasado de un super\u00e1vit equivalente al 1% del gasto total a un d\u00e9ficit del 2%.<\/p>\n\n\n\n<figure data-spectra-id=\"spectra-70f2ba77-42b1-4161-9654-65f076be7c09\" class=\"wp-block-image\"><img decoding=\"async\" src=\"https:\/\/www.lanacion.com.ar\/resizer\/v2\/leandro-zdero-gobernador-de-NXRHJ5N65BDXLHK42ZF2MOYX3E.jpg?auth=df43f3540394c93a1e3c47fdd1a9e147ce389bea67fcb856715ef8cb904abb44&amp;width=420&amp;height=280&amp;quality=70&amp;smart=true\" alt=\"Leandro Zdero, gobernador de Chaco\" title=\"Los gobernadores pagaron el aguinaldo, pero sus cuentas siguen bajo presi\u00f3n\" \/><figcaption>Leandro Zdero, gobernador de ChacoPrensa Chaco<\/figcaption><\/figure>\n\n\n\n<p class=\"wp-block-paragraph\">Las situaciones m\u00e1s comprometidas aparecen en Tierra del Fuego, Chaco, Chubut y Buenos Aires, mientras que otras jurisdicciones que hab\u00edan mostrado equilibrio tambi\u00e9n comienzan a enfrentar mayores dificultades.<\/p>\n\n\n\n<p class=\"wp-block-paragraph\"><strong>Con la colaboraci\u00f3n de Leonel Rodr\u00edguez, Mar\u00eda Jos\u00e9 Lucesole, Sof\u00eda Sandoval, Pablo Mannino, Germ\u00e1n de los Santos, Mart\u00edn Boer y Sol Agusti.<\/strong><\/p>\n\n\n\n<p class=\"wp-block-paragraph\">Por\u00a0<a href=\"https:\/\/www.lanacion.com.ar\/autor\/gabriela-origlia-6972\/\"><strong>Gabriela Origlia<\/strong><\/a><\/p>\n\n\n\n<p class=\"wp-block-paragraph\">Fuente:<a href=\"https:\/\/www.lanacion.com.ar\/\"> La Naci\u00f3n<\/a><\/p>","protected":false},"excerpt":{"rendered":"<p>C\u00d3RDOBA.\u2013 Pese al estr\u00e9s financiero que atraviesan las provincias, todos los gobernadores cumplieron en tiempo y forma con el pago del medio aguinaldo. El dato no alcanza para disimular un escenario m\u00e1s complejo: las administraciones provinciales cerraron el primer semestre con sus cuentas en tensi\u00f3n, condicionadas por la ca\u00edda de los recursos nacionales, una recuperaci\u00f3n [&hellip;]<\/p>\n","protected":false},"author":9,"featured_media":139068,"comment_status":"open","ping_status":"open","sticky":false,"template":"","format":"standard","meta":{"site-sidebar-layout":"default","site-content-layout":"","ast-site-content-layout":"default","site-content-style":"default","site-sidebar-style":"default","ast-global-header-display":"","ast-banner-title-visibility":"","ast-main-header-display":"","ast-hfb-above-header-display":"","ast-hfb-below-header-display":"","ast-hfb-mobile-header-display":"","site-post-title":"","ast-breadcrumbs-content":"","ast-featured-img":"","footer-sml-layout":"","ast-disable-related-posts":"","theme-transparent-header-meta":"","adv-header-id-meta":"","stick-header-meta":"","header-above-stick-meta":"","header-main-stick-meta":"","header-below-stick-meta":"","astra-migrate-meta-layouts":"default","ast-page-background-enabled":"default","ast-page-background-meta":{"desktop":{"background-color":"","background-image":"","background-repeat":"repeat","background-position":"center center","background-size":"auto","background-attachment":"scroll","background-type":"","background-media":"","overlay-type":"","overlay-color":"","overlay-opacity":"","overlay-gradient":""},"tablet":{"background-color":"","background-image":"","background-repeat":"repeat","background-position":"center center","background-size":"auto","background-attachment":"scroll","background-type":"","background-media":"","overlay-type":"","overlay-color":"","overlay-opacity":"","overlay-gradient":""},"mobile":{"background-color":"","background-image":"","background-repeat":"repeat","background-position":"center center","background-size":"auto","background-attachment":"scroll","background-type":"","background-media":"","overlay-type":"","overlay-color":"","overlay-opacity":"","overlay-gradient":""}},"ast-content-background-meta":{"desktop":{"background-color":"var(--ast-global-color-5)","background-image":"","background-repeat":"repeat","background-position":"center center","background-size":"auto","background-attachment":"scroll","background-type":"","background-media":"","overlay-type":"","overlay-color":"","overlay-opacity":"","overlay-gradient":""},"tablet":{"background-color":"var(--ast-global-color-5)","background-image":"","background-repeat":"repeat","background-position":"center center","background-size":"auto","background-attachment":"scroll","background-type":"","background-media":"","overlay-type":"","overlay-color":"","overlay-opacity":"","overlay-gradient":""},"mobile":{"background-color":"var(--ast-global-color-5)","background-image":"","background-repeat":"repeat","background-position":"center center","background-size":"auto","background-attachment":"scroll","background-type":"","background-media":"","overlay-type":"","overlay-color":"","overlay-opacity":"","overlay-gradient":""}},"footnotes":""},"categories":[25],"tags":[],"class_list":["post-139067","post","type-post","status-publish","format-standard","has-post-thumbnail","hentry","category-destacado"],"spectra_blocks_featured_image_url":{"thumbnail":{"url":"https:\/\/100xd.com.ar\/wp-content\/uploads\/2026\/07\/varios-1-150x150.jpg","width":150,"height":150},"medium":{"url":"https:\/\/100xd.com.ar\/wp-content\/uploads\/2026\/07\/varios-1-300x200.jpg","width":300,"height":200},"medium_large":{"url":"https:\/\/100xd.com.ar\/wp-content\/uploads\/2026\/07\/varios-1-768x512.jpg","width":768,"height":512},"large":{"url":"https:\/\/100xd.com.ar\/wp-content\/uploads\/2026\/07\/varios-1-1024x683.jpg","width":1024,"height":683},"full":{"url":"https:\/\/100xd.com.ar\/wp-content\/uploads\/2026\/07\/varios-1.jpg","width":1200,"height":800}},"spectra_blocks_author_info":{"display_name":"Jorge Alfredo Baret","avatar_url":"https:\/\/secure.gravatar.com\/avatar\/31696f5ca83439b642450ec7d3f82f98451a5efacb414343d5478c982b337f26?s=96&d=mm&r=g","author_link":"https:\/\/100xd.com.ar\/es\/author\/jorge\/","description":"Ingeniero Qu\u00edmico UTN - Director Apoderado de Comunicaciones Auditadas SA. Editor Responsable 100xd.com.ar."},"_links":{"self":[{"href":"https:\/\/100xd.com.ar\/es\/wp-json\/wp\/v2\/posts\/139067","targetHints":{"allow":["GET"]}}],"collection":[{"href":"https:\/\/100xd.com.ar\/es\/wp-json\/wp\/v2\/posts"}],"about":[{"href":"https:\/\/100xd.com.ar\/es\/wp-json\/wp\/v2\/types\/post"}],"author":[{"embeddable":true,"href":"https:\/\/100xd.com.ar\/es\/wp-json\/wp\/v2\/users\/9"}],"replies":[{"embeddable":true,"href":"https:\/\/100xd.com.ar\/es\/wp-json\/wp\/v2\/comments?post=139067"}],"version-history":[{"count":1,"href":"https:\/\/100xd.com.ar\/es\/wp-json\/wp\/v2\/posts\/139067\/revisions"}],"predecessor-version":[{"id":139069,"href":"https:\/\/100xd.com.ar\/es\/wp-json\/wp\/v2\/posts\/139067\/revisions\/139069"}],"wp:featuredmedia":[{"embeddable":true,"href":"https:\/\/100xd.com.ar\/es\/wp-json\/wp\/v2\/media\/139068"}],"wp:attachment":[{"href":"https:\/\/100xd.com.ar\/es\/wp-json\/wp\/v2\/media?parent=139067"}],"wp:term":[{"taxonomy":"category","embeddable":true,"href":"https:\/\/100xd.com.ar\/es\/wp-json\/wp\/v2\/categories?post=139067"},{"taxonomy":"post_tag","embeddable":true,"href":"https:\/\/100xd.com.ar\/es\/wp-json\/wp\/v2\/tags?post=139067"}],"curies":[{"name":"wp","href":"https:\/\/api.w.org\/{rel}","templated":true}]}}