{"id":137248,"date":"2026-06-17T12:05:20","date_gmt":"2026-06-17T15:05:20","guid":{"rendered":"https:\/\/100xd.com.ar\/?p=137248"},"modified":"2026-06-17T12:05:20","modified_gmt":"2026-06-17T15:05:20","slug":"milei-lo-que-logro-y-lo-que-perdio","status":"publish","type":"post","link":"https:\/\/100xd.com.ar\/es\/milei-lo-que-logro-y-lo-que-perdio\/","title":{"rendered":"Milei: lo que logr\u00f3 y lo que perdi\u00f3"},"content":{"rendered":"<p class=\"wp-block-paragraph\">Su principal aliado internacional,&nbsp;<strong>Donald Trump<\/strong>, tiene&nbsp;<a href=\"https:\/\/www.lanacion.com.ar\/el-mundo\/el-contundente-diagnostico-de-the-new-york-times-trump-perdio-la-guerra-nid15062026\/\">un ala herida<\/a>. Y su otro cercano amigo en el mundo,&nbsp;<strong>Benjamin Netanyahu<\/strong>, que constituyen con el presidente norteamericano el dueto casi exclusivo de la pol\u00edtica exterior de&nbsp;<strong>Javier Milei<\/strong>, se enoj\u00f3 con Trump porque a este se le ocurri\u00f3 poner fin a la guerra con el Ir\u00e1n temible de los ayatollahs sin consultarlo y, para peor, en condiciones casi perdidosas. Tales peripecias las est\u00e1 viviendo el presidente argentino en d\u00edas en los que tambi\u00e9n debe observar c\u00f3mo su jefe de Gabinete,&nbsp;<strong>Manuel Adorni<\/strong>,&nbsp;<strong>deambula&nbsp;<\/strong><a href=\"https:\/\/www.lanacion.com.ar\/politica\/el-gobierno-mueve-a-sus-espadas-politicas-para-salvar-a-adorni-de-la-interpelacion-y-la-mocion-de-nid16062026\/\"><strong>hacia ninguna parte<\/strong><\/a>.<\/p>\n\n\n\n<p class=\"wp-block-paragraph\"><strong>Le est\u00e1n arruinando la fiesta<\/strong>&nbsp;que merece la&nbsp;<strong>importante ca\u00edda del riesgo pa\u00eds<\/strong>, una condici\u00f3n indispensable para que la Argentina y las empresas accedan a los mercados financieros internacionales. Es decir, al cr\u00e9dito, que tiene mucho m\u00e1s volumen fuera que dentro del pa\u00eds. Durante el mayor per\u00edodo de tiempo de la administraci\u00f3n Milei el riesgo pa\u00eds oscil\u00f3 entre los 550 puntos b\u00e1sicos y los 600. Esos n\u00fameros significaban que tanto el Estado argentino como las empresas deb\u00edan tomar cr\u00e9ditos en el exterior con tasas de inter\u00e9s muy altas. No los tomaban, porque era lo mismo que si los mercados financieros les hubieran cerrado las puertas al pa\u00eds y al capital privado.<a href=\"https:\/\/www.lanacion.com.ar\/politica\/adorni-un-papel-de-tornasol-para-la-casta-nid16062026\/\" rel=\"noreferrer noopener\" target=\"_blank\">Adorni, un papel de tornasol para la casta<em><\/em><\/a><\/p>\n\n\n\n<p class=\"wp-block-paragraph\">Es cierto que el riesgo pa\u00eds se desplom\u00f3 desde el acceso de Milei a la presidencia en 2023, cuando hered\u00f3 1290 puntos hasta los&nbsp;<strong>430&nbsp;<\/strong>que el banco JP Morgan registr\u00f3 ayer. El \u00edndice del JP Morgan es la medici\u00f3n m\u00e1s popular del riesgo que se corre cuando se invierte en un pa\u00eds. Y el riesgo pa\u00eds es la sobretasa que se debe pagar por encima de la tasas de inter\u00e9s que establece para sus bonos la Reserva Federal de los Estados Unidos, bonos que son considerados los m\u00e1s seguros del mundo.<\/p>\n\n\n\n<p class=\"wp-block-paragraph\">Sin embargo, era extra\u00f1o que el gobierno de Milei, que hab\u00eda logrado eliminar el d\u00e9ficit fiscal y busc\u00f3 (aunque no siempre lo logr\u00f3) ser el alumno m\u00e1s disciplinado del Fondo Monetario, no pudiera bajar el riesgo pa\u00eds de los 550 o 600 puntos b\u00e1sicos. Brokers de Wall Street y directivos de empresas internacionales explicaron siempre que los problemas de la Argentina, aun en la era Milei, son el&nbsp;<strong>excesivo endeudamiento en d\u00f3lares del pa\u00eds, las escasas reservas internacionales y la crispaci\u00f3n pol\u00edtica constante<\/strong>&nbsp;de la pol\u00edtica vern\u00e1cula.<\/p>\n\n\n\n<p class=\"wp-block-paragraph\">La confrontaci\u00f3n perpetua en \u00e9pocas del mile\u00edsmo tiene el mismo autor que la conquista de haber logrado el super\u00e1vit fiscal o la ca\u00edda de la inflaci\u00f3n: el Presidente. No obstante, los estrategas de la pol\u00edtica oficial y el propio car\u00e1cter del jefe del Estado&nbsp;<strong>no percibieron nunca que el desprecio a las instituciones y al respeto pol\u00edtico y humano pod\u00edan afectarlos<\/strong>.<\/p>\n\n\n\n<p class=\"wp-block-paragraph\">La novedad consiste, entonces, en que ese \u00edndice se acerca ahora a los 400 puntos. Es el menor nivel desde abril de 2018, cuando baj\u00f3 a 419 puntos y a\u00fan gobernaba&nbsp;<strong>Mauricio Macri<\/strong>, si bien el \u00edndice m\u00e1s bajo del gobierno macrista se registr\u00f3 en octubre de 2017, cuando el nivel fue de&nbsp;<strong>342 puntos<\/strong>. Hace ocho a\u00f1os entonces, si tomamos el \u00edndice de 2018, que la Argentina no ronda los 400 puntos b\u00e1sicos de riesgo pa\u00eds.<\/p>\n\n\n\n<p class=\"wp-block-paragraph\">\u201cEs una buena noticia, aunque no lo suficiente como para ir a festejar al Obelisco\u201d, ironiza el economista&nbsp;<strong>Enrique Szewach<\/strong>. Su razonamiento se respalda en que el acuerdo de Trump con Ir\u00e1n construy\u00f3 una econom\u00eda m\u00e1s previsible en el mundo y que, por lo tanto,&nbsp;<strong>cay\u00f3 el riesgo pa\u00eds de todos los pa\u00edses de Am\u00e9rica Latina<\/strong>, sean de izquierda o de derecha. Con todo, la Argentina solo est\u00e1 cerca del de Ecuador, que ayer ten\u00eda 378 puntos b\u00e1sicos de riesgo pa\u00eds. El Brasil del izquierdista Lula da Silva, seg\u00fan las categor\u00edas pol\u00edticas de Milei, registr\u00f3 ayer 175 puntos de riesgo pa\u00eds, mientras el Uruguay de otro presidente izquierdista, Yamand\u00fa Orsi, fluctuaba apenas entre los 50 y los 70 puntos b\u00e1sicos. Per\u00fa, que vive la mayor inestabilidad pol\u00edtica de la regi\u00f3n y que ahora tiene en vilo a la propia presidencia de la Naci\u00f3n, alcanz\u00f3 los 134 puntos. El M\u00e9xico de otra izquierdista, Claudia Sheinbaum, el riesgo pa\u00eds se estableci\u00f3 en 204 puntos. Chile, donde gobierna un hombre de derecha, Jos\u00e9 Antonio Kast, toc\u00f3 ayer los 87 puntos b\u00e1sicos de riesgo pa\u00eds. Nada.<\/p>\n\n\n\n<p class=\"wp-block-paragraph\">No obstante,&nbsp;<strong>ser\u00eda necio negarle a Milei que logr\u00f3 el nivel m\u00e1s bajo de riesgo pa\u00eds en casi una d\u00e9cada<\/strong>. Pero, \u00bfes ese su mayor trofeo econ\u00f3mico? Es m\u00e1s justo detenerse en la&nbsp;<strong>inflaci\u00f3n<\/strong>, que podr\u00eda estar este mes por debajo de los 2 puntos. Es una inflaci\u00f3n alta seg\u00fan los est\u00e1ndares del mundo serio, pero Alberto Fern\u00e1ndez le dej\u00f3 una inflaci\u00f3n de 211 por ciento anual; esto es: alrededor del 18 por ciento mensual. La inflaci\u00f3n acumulada en los cuatro a\u00f1os del presidente peronista fue del 1020 por ciento. Desde&nbsp;<strong>Roberto Lavagna<\/strong>, que en tres a\u00f1os y medio dej\u00f3 una inflaci\u00f3n acumulada de apenas el 40 por ciento, el pa\u00eds nunca volvi\u00f3 a tener n\u00fameros tan bajos del aumento de los precios. De hecho, cuando Lavagna abandon\u00f3 el Ministerio de Econom\u00eda, el aspirante a p\u00fagil<strong>&nbsp;Guillermo Moreno<\/strong>&nbsp;intervino el Indec para que no se conociera el n\u00famero real de la inflaci\u00f3n. Pero la sociedad prefiere medir la inflaci\u00f3n seg\u00fan los precios de las cosas en las g\u00f3ndolas de los supermercados, no en los informes del Indec. Nunca nadie le crey\u00f3 ciegamente.<\/p>\n\n\n\n<p class=\"wp-block-paragraph\">Milei no puede ofrecer todav\u00eda la&nbsp;<strong>inflaci\u00f3n de cero por ciento de Domingo Cavallo<\/strong>, como fue la de febrero de 1995, pero al menos baj\u00f3 casi nueve puntos la que le dej\u00f3 Alberto Fern\u00e1ndez. La pregunta que el presidente argentino se debe estar haciendo es&nbsp;<strong>hasta cu\u00e1ndo durara su primavera pol\u00edtica<\/strong>. El destino de su nuevo mejor amigo, Trump, es incierto. Acaba de anunciar un acuerdo con Ir\u00e1n, despu\u00e9s de una guerra que el propio l\u00edder norteamericano descerraj\u00f3 in\u00fatilmente. Casi la unanimidad de los diarios del exterior concluy\u00f3 que Trump perdi\u00f3 esa guerra, aunque en los ataques de los primeros d\u00edas haya muerto el entonces l\u00edder supremo de la naci\u00f3n persa, Ali Khamenei.<\/p>\n\n\n\n<p class=\"wp-block-paragraph\">El presidente de los Estados Unidos comenz\u00f3 anunciando que bombardear\u00eda Ir\u00e1n hasta derrocar al gobierno de los ayatollahs, pero estos se han fortalecido por el ataque externo y porque han aprovechado el momento para aumentar la crueldad con que tratan a la disidencia de ese pa\u00eds. El pretexto de la necesaria cohesi\u00f3n nacional solo ha provocado&nbsp;<strong>un mayor sufrimiento para un sector enorme de la sociedad iran\u00ed<\/strong>. La segunda promesa de Trump consisti\u00f3 en que dejar\u00eda sin arsenal nuclear a los ayatollahs. Aunque les asest\u00f3 una destrucci\u00f3n importante a los armamentos de las Fuerzas Armadas de Teher\u00e1n (sobre todo los de la Armada y de la Fuerza A\u00e9rea), lo cierto es que el r\u00e9gimen teocr\u00e1tico retiene 450 kilos de uranio enriquecido por encima del 60 por ciento. Nadie sabe d\u00f3nde esconde esa cantidad de uranio, seg\u00fan precisaron los principales diarios del exterior. El enriquecimiento de uranio al 90 por ciento permite ya la fabricaci\u00f3n de una bomba at\u00f3mica, que el mundo prefiere que los ayatollahs no la tengan.<\/p>\n\n\n\n<p class=\"wp-block-paragraph\">Seg\u00fan el siempre verbalmente desmesurado Trump, \u00e9l habr\u00eda conseguido que los iran\u00edes no avancen a\u00fan m\u00e1s con el enriquecimiento de uranio. Nada nuevo:&nbsp;<strong>Barack Obama ya hab\u00eda logrado ese compromiso en 2015 si romper ning\u00fan bazar<\/strong>. Ir\u00e1n, cuyo jerarqu\u00eda est\u00e1 integrada por criminales que ordenaron dos ataques fulminantes en la Argentina, los que volaron la embajada de Israel y la sede de la AMIA, logr\u00f3, a pesar de todo, el control del estrat\u00e9gico estrecho de Ormuz. El bloqueo iran\u00ed de esa v\u00eda naval, por la que se transporta gran parte del petr\u00f3leo de los pa\u00edses \u00e1rabes, desestabiliz\u00f3 la econom\u00eda mundial. \u00bfNadie imagin\u00f3 en Washington que Ir\u00e1n estaba en condiciones de cometer semejante da\u00f1o? \u00bfCreyeron acaso que se tratar\u00eda de un paseo por Teher\u00e1n, como lo fue el paseo por Caracas para detener y extraditar al d\u00e9spota venezolano&nbsp;<strong>Nicol\u00e1s Maduro<\/strong>? Se equivocaron, del principio al final.<\/p>\n\n\n\n<p class=\"wp-block-paragraph\">En ese mundo raro y cambiante se est\u00e1n peleando Trump y Netanyahu. Milei consideraba a esos dos l\u00edderes, a la primera ministra italiana&nbsp;<strong>Giorgia Meloni&nbsp;<\/strong>y a \u00e9l mismo como un cuarteto indestructible, seg\u00fan les contaba a varios interlocutores hasta no hace mucho tiempo. Trump destrat\u00f3 tambi\u00e9n a Meloni, porque esta se puso del lado del&nbsp;<strong>papa Le\u00f3n XIV<\/strong>&nbsp;en la disidencia del Pont\u00edfice con el presidente de los Estados Unidos. Ponerse al lado del Papa es lo que debe hacer todo jefe de gobierno italiano si no quiere morir en el intento mientras prueba otra cosa. \u201cCobarde\u201d, le dijo Trump a Meloni sin respetar la investidura de la jefa del gobierno de un pa\u00eds que no es el suyo. Meloni hab\u00eda calificado de \u201cinaceptable\u201d el mal trato de Trump al Papa y se neg\u00f3 a involucrar directamente a Italia en la guerra contra Ir\u00e1n.<\/p>\n\n\n\n<p class=\"wp-block-paragraph\"><strong>Milei no puede volcarse hacia ning\u00fan lado porque su pa\u00eds no tiene el poder necesario ni siquiera para intentar una mediaci\u00f3n<\/strong>. El fracaso de Trump puede medirse f\u00e1cilmente: es, a estas alturas de su segundo mandato, m\u00e1s impopular que todos su predecesores anteriores. Una derrota en las elecciones legislativas de noviembre pr\u00f3ximo, que son las de mitad de mandato, es previsible; as\u00ed lo indican, al menos, las encuestas de ahora.\u00a0<strong>Un Trump derrotado ser\u00eda un aliado mucho m\u00e1s d\u00e9bil para Milei, justo un a\u00f1o antes de que este se juegue la reelecci\u00f3n<\/strong>. Es dif\u00edcil que en 2027 haya un nuevo cheque del poderoso secretario del Tesoro norteamericano,\u00a0<strong>Scott Bessent<\/strong>, para financiar una victoria del amigo argentino. El propio Milei podr\u00eda ser m\u00e1s importante que Bessent y ayudar a su suerte solo con un poco de sosiego pol\u00edtico.<\/p>\n\n\n\n<p class=\"wp-block-paragraph\">Por\u00a0<a href=\"https:\/\/www.lanacion.com.ar\/autor\/joaquin-morales-sola-51\/\"><strong>Joaqu\u00edn Morales Sol\u00e1<\/strong><\/a><\/p>\n\n\n\n<p class=\"wp-block-paragraph\">Fuente:<a href=\"https:\/\/www.lanacion.com.ar\/\"> La Naci\u00f3n<\/a><\/p>","protected":false},"excerpt":{"rendered":"<p>Su principal aliado internacional,&nbsp;Donald Trump, tiene&nbsp;un ala herida. Y su otro cercano amigo en el mundo,&nbsp;Benjamin Netanyahu, que constituyen con el presidente norteamericano el dueto casi exclusivo de la pol\u00edtica exterior de&nbsp;Javier Milei, se enoj\u00f3 con Trump porque a este se le ocurri\u00f3 poner fin a la guerra con el Ir\u00e1n temible de los ayatollahs [&hellip;]<\/p>\n","protected":false},"author":9,"featured_media":137249,"comment_status":"open","ping_status":"open","sticky":false,"template":"","format":"standard","meta":{"site-sidebar-layout":"default","site-content-layout":"","ast-site-content-layout":"default","site-content-style":"default","site-sidebar-style":"default","ast-global-header-display":"","ast-banner-title-visibility":"","ast-main-header-display":"","ast-hfb-above-header-display":"","ast-hfb-below-header-display":"","ast-hfb-mobile-header-display":"","site-post-title":"","ast-breadcrumbs-content":"","ast-featured-img":"","footer-sml-layout":"","ast-disable-related-posts":"","theme-transparent-header-meta":"","adv-header-id-meta":"","stick-header-meta":"","header-above-stick-meta":"","header-main-stick-meta":"","header-below-stick-meta":"","astra-migrate-meta-layouts":"default","ast-page-background-enabled":"default","ast-page-background-meta":{"desktop":{"background-color":"","background-image":"","background-repeat":"repeat","background-position":"center center","background-size":"auto","background-attachment":"scroll","background-type":"","background-media":"","overlay-type":"","overlay-color":"","overlay-opacity":"","overlay-gradient":""},"tablet":{"background-color":"","background-image":"","background-repeat":"repeat","background-position":"center center","background-size":"auto","background-attachment":"scroll","background-type":"","background-media":"","overlay-type":"","overlay-color":"","overlay-opacity":"","overlay-gradient":""},"mobile":{"background-color":"","background-image":"","background-repeat":"repeat","background-position":"center center","background-size":"auto","background-attachment":"scroll","background-type":"","background-media":"","overlay-type":"","overlay-color":"","overlay-opacity":"","overlay-gradient":""}},"ast-content-background-meta":{"desktop":{"background-color":"var(--ast-global-color-5)","background-image":"","background-repeat":"repeat","background-position":"center center","background-size":"auto","background-attachment":"scroll","background-type":"","background-media":"","overlay-type":"","overlay-color":"","overlay-opacity":"","overlay-gradient":""},"tablet":{"background-color":"var(--ast-global-color-5)","background-image":"","background-repeat":"repeat","background-position":"center center","background-size":"auto","background-attachment":"scroll","background-type":"","background-media":"","overlay-type":"","overlay-color":"","overlay-opacity":"","overlay-gradient":""},"mobile":{"background-color":"var(--ast-global-color-5)","background-image":"","background-repeat":"repeat","background-position":"center center","background-size":"auto","background-attachment":"scroll","background-type":"","background-media":"","overlay-type":"","overlay-color":"","overlay-opacity":"","overlay-gradient":""}},"footnotes":""},"categories":[12],"tags":[],"class_list":["post-137248","post","type-post","status-publish","format-standard","has-post-thumbnail","hentry","category-opinion"],"spectra_blocks_featured_image_url":{"thumbnail":{"url":"https:\/\/100xd.com.ar\/wp-content\/uploads\/2026\/06\/joaquin-2-150x150.jpg","width":150,"height":150},"medium":{"url":"https:\/\/100xd.com.ar\/wp-content\/uploads\/2026\/06\/joaquin-2.jpg","width":280,"height":280},"medium_large":{"url":"https:\/\/100xd.com.ar\/wp-content\/uploads\/2026\/06\/joaquin-2.jpg","width":280,"height":280},"large":{"url":"https:\/\/100xd.com.ar\/wp-content\/uploads\/2026\/06\/joaquin-2.jpg","width":280,"height":280},"full":{"url":"https:\/\/100xd.com.ar\/wp-content\/uploads\/2026\/06\/joaquin-2.jpg","width":280,"height":280}},"spectra_blocks_author_info":{"display_name":"Jorge Alfredo Baret","avatar_url":"https:\/\/secure.gravatar.com\/avatar\/31696f5ca83439b642450ec7d3f82f98451a5efacb414343d5478c982b337f26?s=96&d=mm&r=g","author_link":"https:\/\/100xd.com.ar\/es\/author\/jorge\/","description":"Ingeniero Qu\u00edmico UTN - Director Apoderado de Comunicaciones Auditadas SA. Editor Responsable 100xd.com.ar."},"_links":{"self":[{"href":"https:\/\/100xd.com.ar\/es\/wp-json\/wp\/v2\/posts\/137248","targetHints":{"allow":["GET"]}}],"collection":[{"href":"https:\/\/100xd.com.ar\/es\/wp-json\/wp\/v2\/posts"}],"about":[{"href":"https:\/\/100xd.com.ar\/es\/wp-json\/wp\/v2\/types\/post"}],"author":[{"embeddable":true,"href":"https:\/\/100xd.com.ar\/es\/wp-json\/wp\/v2\/users\/9"}],"replies":[{"embeddable":true,"href":"https:\/\/100xd.com.ar\/es\/wp-json\/wp\/v2\/comments?post=137248"}],"version-history":[{"count":1,"href":"https:\/\/100xd.com.ar\/es\/wp-json\/wp\/v2\/posts\/137248\/revisions"}],"predecessor-version":[{"id":137250,"href":"https:\/\/100xd.com.ar\/es\/wp-json\/wp\/v2\/posts\/137248\/revisions\/137250"}],"wp:featuredmedia":[{"embeddable":true,"href":"https:\/\/100xd.com.ar\/es\/wp-json\/wp\/v2\/media\/137249"}],"wp:attachment":[{"href":"https:\/\/100xd.com.ar\/es\/wp-json\/wp\/v2\/media?parent=137248"}],"wp:term":[{"taxonomy":"category","embeddable":true,"href":"https:\/\/100xd.com.ar\/es\/wp-json\/wp\/v2\/categories?post=137248"},{"taxonomy":"post_tag","embeddable":true,"href":"https:\/\/100xd.com.ar\/es\/wp-json\/wp\/v2\/tags?post=137248"}],"curies":[{"name":"wp","href":"https:\/\/api.w.org\/{rel}","templated":true}]}}