{"id":136851,"date":"2026-06-05T15:11:28","date_gmt":"2026-06-05T18:11:28","guid":{"rendered":"https:\/\/100xd.com.ar\/?p=136851"},"modified":"2026-06-05T15:11:28","modified_gmt":"2026-06-05T18:11:28","slug":"murio-el-indio-solari-mitico-cantante-de-los-redonditos-de-ricota","status":"publish","type":"post","link":"https:\/\/100xd.com.ar\/es\/murio-el-indio-solari-mitico-cantante-de-los-redonditos-de-ricota\/","title":{"rendered":"Muri\u00f3 el Indio Solari, m\u00edtico cantante de Los Redonditos de Ricota"},"content":{"rendered":"<p class=\"wp-block-paragraph\">La noticia del fallecimiento de<a href=\"https:\/\/www.infobae.com\/tag\/indio-solari\/\" target=\"_blank\" rel=\"noreferrer noopener\">&nbsp;<strong>Indio Solari<\/strong>&nbsp;<\/a>este 5 de junio sacudi\u00f3 a la escena musical y cultural argentina. Figura central del rock nacional, el ex l\u00edder de&nbsp;<strong>Patricio Rey y sus Redonditos de Ricota<\/strong>&nbsp;dej\u00f3 un legado que trasciende generaciones y estilos. Su partida marca el cierre de una etapa para miles de seguidores que encontraron en sus canciones una voz propia y un refugio de resistencia cultural.<a href=\"https:\/\/www.infobae.com\/teleshow\/2026\/06\/05\/el-ultimo-ritual-del-indio-solari-asi-fue-el-recital-que-cambio-para-siempre-a-olavarria\/\" target=\"_blank\" rel=\"noreferrer noopener\">Te puede interesar:<strong>El \u00faltimo ritual del Indio Solari: as\u00ed fue el recital que cambi\u00f3 para siempre a Olavarr\u00eda<\/strong><\/a><\/p>\n\n\n\n<p class=\"wp-block-paragraph\">El cantante, conocido por su bajo perfil y su esquiva relaci\u00f3n con los medios tradicionales, muri\u00f3 en su domicilio de Parque Leloir, en la localidad de Ituzaing\u00f3. Seg\u00fan pudo saber&nbsp;<strong>Teleshow<\/strong>, se realizar\u00e1 la autopsia por protocolo y para que quede establecido el causal de muerte. Su \u00faltima aparici\u00f3n p\u00fablica fue en enero pasado, trav\u00e9s de un mensaje cuando&nbsp;<a href=\"https:\/\/www.infobae.com\/teleshow\/2026\/01\/13\/el-indio-solari-agradecio-el-doctorado-honoris-causa-que-le-otorgo-la-uba-a-mi-me-pone-muy-feliz\/?gad_source=1&amp;gad_campaignid=20993778607&amp;gbraid=0AAAAADmqXxTxi8LltSMt96bSU0xEQNfVG&amp;gclid=Cj0KCQjw54nRBhDCARIsAMcY_SADvuepxkX8HNyImT44p0MY7N_XVYWYLdvy20fUVFOyjRnm1DlEU1oaAoFxEALw_wcB\" target=\"_blank\" rel=\"noreferrer noopener\">recibi\u00f3 el Honoris Causa de la Universidad de Buenos Aires<\/a>.<\/p>\n\n\n\n<p class=\"wp-block-paragraph\"><img loading=\"lazy\" decoding=\"async\" height=\"1079\" width=\"1920\" alt=\"Indio Solari\" src=\"https:\/\/www.infobae.com\/resizer\/v2\/5VL6KEXFUFA3XMIAJYLBRWE7ZY.jpg?auth=f5fe90c07ed24e5e825f20b480d8c209a8ff9f7fbf0e3a2352fdd3a43425a933&amp;smart=true&amp;width=350&amp;height=197&amp;quality=85\" title=\"Muri\u00f3 el Indio Solari, m\u00edtico cantante de Los Redonditos de Ricota\">El Indio Solari muri\u00f3 a los 77 a\u00f1os<\/p>\n\n\n\n<p class=\"wp-block-paragraph\">El artista hab\u00eda construido alrededor de su figura un magnetismo singular. Su influencia se extendi\u00f3 mucho m\u00e1s all\u00e1 de la m\u00fasica, convirti\u00e9ndose en un referente de la contracultura y en uno de los personajes m\u00e1s enigm\u00e1ticos del arte argentino de las \u00faltimas d\u00e9cadas. Para muchos, su voz y el uso de met\u00e1foras en sus letras lo convirtieron en una figura central dentro de la m\u00fasica popular argentina.<a href=\"https:\/\/www.infobae.com\/teleshow\/2026\/06\/05\/el-dolor-de-los-famosos-por-la-muerte-del-indio-solari-anecdotas-homenajes-y-lagrimas-para-el-adios\/\" target=\"_blank\" rel=\"noreferrer noopener\">Te puede interesar:<strong>El dolor de los famosos por la muerte del Indio Solari: an\u00e9cdotas, homenajes y l\u00e1grimas para el adi\u00f3s<\/strong><\/a><\/p>\n\n\n\n<p class=\"wp-block-paragraph\">En 1975, en la ciudad de La Plata,&nbsp;<strong>Indio Solari<\/strong>&nbsp;y&nbsp;<strong>Skay Beilinson<\/strong>&nbsp;fundaron Los Redondos. Desde sus primeros pasos, la banda estableci\u00f3 una est\u00e9tica propia, tanto en lo musical como en su modo de relacionarse con el p\u00fablico. La independencia art\u00edstica y la distancia respecto de los grandes medios marcaron a fuego el recorrido de la banda, que edit\u00f3 nueve \u00e1lbumes de estudio hasta su disoluci\u00f3n en 2001. Discos como<em>&nbsp;Oktubre, Un bai\u00f3n para el ojo idiota y \u00a1Bang! \u00a1Bang!&#8230; Est\u00e1s liquidado y Luzbelito&nbsp;<\/em>forman parte del repertorio esencial del rock argentino.<\/p>\n\n\n\n<p class=\"wp-block-paragraph\"><img loading=\"lazy\" decoding=\"async\" height=\"1079\" width=\"1920\" alt=\"La formaci\u00f3n cl\u00e1sica de Los Redondos: Skay, Walter Sidotti, Indio Solari, Semilla Bucciarelli, Sergio Dawi\" src=\"https:\/\/www.infobae.com\/resizer\/v2\/OF7PFCDRSRCULEH2UU7KSBQLJQ.jpg?auth=345747769182053fbe68b38b8382ed8cad3966f94698c28a54f48b559ee7986d&amp;smart=true&amp;width=350&amp;height=197&amp;quality=85\" title=\"Muri\u00f3 el Indio Solari, m\u00edtico cantante de Los Redonditos de Ricota\">La formaci\u00f3n cl\u00e1sica de Los Redondos: Skay, Walter Sidotti, Indio Solari, Semilla Bucciarelli, Sergio Dawi<\/p>\n\n\n\n<p class=\"wp-block-paragraph\">La separaci\u00f3n de Los Redondos supuso un hiato en la carrera de Solari. No fue hasta 2004 que present\u00f3 el primer \u00e1lbum de su nueva etapa, bajo el nombre de<em><strong>&nbsp;LFDAA: El tesoro de los inocentes (Bingo Fuel)<\/strong><\/em>. Siguieron&nbsp;<em><strong>Porco Rex<\/strong><\/em>&nbsp;en 2007,&nbsp;<em><strong>El perfume de la tempestad&nbsp;<\/strong><\/em>en 2010 y&nbsp;<em><strong>Pajaritos, bravos muchachitos<\/strong><\/em>&nbsp;en 2013. El \u00faltimo trabajo de estudio,&nbsp;<em><strong>El ruise\u00f1or, el amor y la muerte<\/strong><\/em>, vio la luz en 2018. Durante esta etapa, Solari mantuvo una relaci\u00f3n intensa con su p\u00fablico, que lo acompa\u00f1\u00f3 fielmente en cada presentaci\u00f3n.<a href=\"https:\/\/www.infobae.com\/teleshow\/2026\/06\/05\/la-palabra-de-victor-hugo-morales-al-enterarse-en-vivo-de-la-muerte-del-indio-solari-un-pensador-en-la-vida-de-la-musica\/\" target=\"_blank\" rel=\"noreferrer noopener\">Te puede interesar:<strong>La palabra de V\u00edctor Hugo Morales al enterarse en vivo de la muerte del Indio Solari: \u201cUn pensador en la vida de la m\u00fasica\u201d<\/strong><\/a><\/p>\n\n\n\n<p class=\"wp-block-paragraph\">Tras su muerte, las redes se convirtieron en un obituario inmediato y urgente en honor a su figura. Sin dudas, el mensaje m\u00e1s emotivo fue el de Skay Beilinson, su socio en Los Redondos, que lo despidi\u00f3 con un \u201cBuen viaje, amigo\u201d. Otros colaboradores hist\u00f3ricos del grupo como el ilustrador\u00a0<strong>Rocambole<\/strong>\u00a0o el baterista<strong>\u00a0Walter Sidotti\u00a0<\/strong>tambi\u00e9n lo recordaron a su manera.<img loading=\"lazy\" decoding=\"async\" height=\"1487\" width=\"1920\" alt=\"Captura de pantalla de una publicaci\u00f3n de Instagram que muestra a dos hombres en un retrato: uno con cabello rizado y una taza, el otro calvo con gafas de sol\" src=\"https:\/\/www.infobae.com\/resizer\/v2\/YDXSPMPI4ZHGPGLHXOUFVHKT4Y.jpg?auth=c09b7c3e5fce1c28947d7ba68179020df9a8c4662cf4b919591932c9006cc58f&amp;smart=true&amp;width=350&amp;height=271&amp;quality=85\" title=\"Muri\u00f3 el Indio Solari, m\u00edtico cantante de Los Redonditos de Ricota\">El posteo de Skay para el Indio<\/p>\n\n\n\n<p class=\"wp-block-paragraph\">El \u00faltimo recital en vivo de&nbsp;<strong>Indio Solari<\/strong>&nbsp;tuvo lugar en Olavarr\u00eda, en 2017. Fue un evento masivo, en el que nuevamente se puso de manifiesto la dimensi\u00f3n popular de su convocatoria. Desde entonces, se volc\u00f3 al trabajo en estudio y a la publicaci\u00f3n de libros, mientras su salud comenz\u00f3 a ocupar un lugar central en su vida p\u00fablica. En 2020, recurri\u00f3 a las t\u00e9cnicas hologr\u00e1ficas para ofrecer un concierto virtual, anticipando el final de su ciclo sobre los escenarios.<\/p>\n\n\n\n<p class=\"wp-block-paragraph\">En marzo de 2016,&nbsp;<strong>Indio Solari<\/strong>&nbsp;confirm\u00f3 p\u00fablicamente que padec\u00eda la enfermedad de Parkinson, en un gesto que sorprendi\u00f3 y conmovi\u00f3 a sus seguidores. El anuncio se produjo durante un recital en Tandil, donde expres\u00f3 ante la multitud:&nbsp;<strong>\u201cel Parkinson me anda pisando los talones\u201d<\/strong>. Desde ese momento, la enfermedad se volvi\u00f3 parte de su narrativa p\u00fablica, y Solari no dud\u00f3 en hablar abiertamente sobre su experiencia.<\/p>\n\n\n\n<p class=\"wp-block-paragraph\"><\/p>\n\n\n\n<p class=\"wp-block-paragraph\"><img loading=\"lazy\" decoding=\"async\" height=\"853\" width=\"474\" alt=\"De Walter Sidotti para el Indio Solari\" src=\"https:\/\/www.infobae.com\/resizer\/v2\/O4LNKLXRO5EBRPKGW7XTZWXFEI.PNG?auth=1c88859c9645d26a23da706d1a8264832ac0b99e627ef56835226fc11f3c9fad&amp;smart=true&amp;width=350&amp;height=630&amp;quality=85\" title=\"Muri\u00f3 el Indio Solari, m\u00edtico cantante de Los Redonditos de Ricota\"><\/p>\n\n\n\n<p class=\"wp-block-paragraph\">Fuente:<a href=\"https:\/\/www.infobae.com\/\"> Infobae.com<\/a><\/p>","protected":false},"excerpt":{"rendered":"<p>La noticia del fallecimiento de&nbsp;Indio Solari&nbsp;este 5 de junio sacudi\u00f3 a la escena musical y cultural argentina. Figura central del rock nacional, el ex l\u00edder de&nbsp;Patricio Rey y sus Redonditos de Ricota&nbsp;dej\u00f3 un legado que trasciende generaciones y estilos. Su partida marca el cierre de una etapa para miles de seguidores que encontraron en sus [&hellip;]<\/p>\n","protected":false},"author":9,"featured_media":136852,"comment_status":"open","ping_status":"open","sticky":false,"template":"","format":"standard","meta":{"site-sidebar-layout":"default","site-content-layout":"","ast-site-content-layout":"default","site-content-style":"default","site-sidebar-style":"default","ast-global-header-display":"","ast-banner-title-visibility":"","ast-main-header-display":"","ast-hfb-above-header-display":"","ast-hfb-below-header-display":"","ast-hfb-mobile-header-display":"","site-post-title":"","ast-breadcrumbs-content":"","ast-featured-img":"","footer-sml-layout":"","ast-disable-related-posts":"","theme-transparent-header-meta":"","adv-header-id-meta":"","stick-header-meta":"","header-above-stick-meta":"","header-main-stick-meta":"","header-below-stick-meta":"","astra-migrate-meta-layouts":"default","ast-page-background-enabled":"default","ast-page-background-meta":{"desktop":{"background-color":"","background-image":"","background-repeat":"repeat","background-position":"center center","background-size":"auto","background-attachment":"scroll","background-type":"","background-media":"","overlay-type":"","overlay-color":"","overlay-opacity":"","overlay-gradient":""},"tablet":{"background-color":"","background-image":"","background-repeat":"repeat","background-position":"center center","background-size":"auto","background-attachment":"scroll","background-type":"","background-media":"","overlay-type":"","overlay-color":"","overlay-opacity":"","overlay-gradient":""},"mobile":{"background-color":"","background-image":"","background-repeat":"repeat","background-position":"center center","background-size":"auto","background-attachment":"scroll","background-type":"","background-media":"","overlay-type":"","overlay-color":"","overlay-opacity":"","overlay-gradient":""}},"ast-content-background-meta":{"desktop":{"background-color":"var(--ast-global-color-5)","background-image":"","background-repeat":"repeat","background-position":"center center","background-size":"auto","background-attachment":"scroll","background-type":"","background-media":"","overlay-type":"","overlay-color":"","overlay-opacity":"","overlay-gradient":""},"tablet":{"background-color":"var(--ast-global-color-5)","background-image":"","background-repeat":"repeat","background-position":"center center","background-size":"auto","background-attachment":"scroll","background-type":"","background-media":"","overlay-type":"","overlay-color":"","overlay-opacity":"","overlay-gradient":""},"mobile":{"background-color":"var(--ast-global-color-5)","background-image":"","background-repeat":"repeat","background-position":"center center","background-size":"auto","background-attachment":"scroll","background-type":"","background-media":"","overlay-type":"","overlay-color":"","overlay-opacity":"","overlay-gradient":""}},"footnotes":""},"categories":[641],"tags":[],"class_list":["post-136851","post","type-post","status-publish","format-standard","has-post-thumbnail","hentry","category-entretenimiento"],"spectra_blocks_featured_image_url":{"thumbnail":{"url":"https:\/\/100xd.com.ar\/wp-content\/uploads\/2026\/06\/jcapo-150x150.jpg","width":150,"height":150},"medium":{"url":"https:\/\/100xd.com.ar\/wp-content\/uploads\/2026\/06\/jcapo-300x168.jpg","width":300,"height":168},"medium_large":{"url":"https:\/\/100xd.com.ar\/wp-content\/uploads\/2026\/06\/jcapo-768x431.jpg","width":768,"height":431},"large":{"url":"https:\/\/100xd.com.ar\/wp-content\/uploads\/2026\/06\/jcapo.jpg","width":992,"height":557},"full":{"url":"https:\/\/100xd.com.ar\/wp-content\/uploads\/2026\/06\/jcapo.jpg","width":992,"height":557}},"spectra_blocks_author_info":{"display_name":"Jorge Alfredo Baret","avatar_url":"https:\/\/secure.gravatar.com\/avatar\/31696f5ca83439b642450ec7d3f82f98451a5efacb414343d5478c982b337f26?s=96&d=mm&r=g","author_link":"https:\/\/100xd.com.ar\/es\/author\/jorge\/","description":"Ingeniero Qu\u00edmico UTN - Director Apoderado de Comunicaciones Auditadas SA. Editor Responsable 100xd.com.ar."},"_links":{"self":[{"href":"https:\/\/100xd.com.ar\/es\/wp-json\/wp\/v2\/posts\/136851","targetHints":{"allow":["GET"]}}],"collection":[{"href":"https:\/\/100xd.com.ar\/es\/wp-json\/wp\/v2\/posts"}],"about":[{"href":"https:\/\/100xd.com.ar\/es\/wp-json\/wp\/v2\/types\/post"}],"author":[{"embeddable":true,"href":"https:\/\/100xd.com.ar\/es\/wp-json\/wp\/v2\/users\/9"}],"replies":[{"embeddable":true,"href":"https:\/\/100xd.com.ar\/es\/wp-json\/wp\/v2\/comments?post=136851"}],"version-history":[{"count":1,"href":"https:\/\/100xd.com.ar\/es\/wp-json\/wp\/v2\/posts\/136851\/revisions"}],"predecessor-version":[{"id":136853,"href":"https:\/\/100xd.com.ar\/es\/wp-json\/wp\/v2\/posts\/136851\/revisions\/136853"}],"wp:featuredmedia":[{"embeddable":true,"href":"https:\/\/100xd.com.ar\/es\/wp-json\/wp\/v2\/media\/136852"}],"wp:attachment":[{"href":"https:\/\/100xd.com.ar\/es\/wp-json\/wp\/v2\/media?parent=136851"}],"wp:term":[{"taxonomy":"category","embeddable":true,"href":"https:\/\/100xd.com.ar\/es\/wp-json\/wp\/v2\/categories?post=136851"},{"taxonomy":"post_tag","embeddable":true,"href":"https:\/\/100xd.com.ar\/es\/wp-json\/wp\/v2\/tags?post=136851"}],"curies":[{"name":"wp","href":"https:\/\/api.w.org\/{rel}","templated":true}]}}