{"id":13568,"date":"2015-11-06T12:12:07","date_gmt":"2015-11-06T15:12:07","guid":{"rendered":"http:\/\/www.100xd.com.ar\/?p=13568"},"modified":"2015-11-07T10:56:08","modified_gmt":"2015-11-07T13:56:08","slug":"mauricio-macri-visito-salta-en-su-recorrida-de-campana-por-el-norte-del-pais","status":"publish","type":"post","link":"https:\/\/100xd.com.ar\/es\/mauricio-macri-visito-salta-en-su-recorrida-de-campana-por-el-norte-del-pais\/","title":{"rendered":"Mauricio Macri visit\u00f3 Salta en su recorrida de campa\u00f1a por el norte del pa\u00eds"},"content":{"rendered":"<p style=\"text-align: left;\" align=\"center\">Mauricio Macri visit\u00f3 la Provincia de Salta, en su recorrida de campa\u00f1a por el norte argentino, en donde tambi\u00e9n visit\u00f3 la provincia de Formosa con el diputado radical Luis Naidenoff, Corrientes en donde se reuni\u00f3 con el Gobernador Colombi y por \u00faltimo la provincia de Jujuy en donde particp\u00f3 de un acto junto con el reciente electo gobernador radical Gerardo Morales.<\/p>\n<p style=\"text-align: left;\" align=\"center\">En Salta Macri realiz\u00f3 una caravana a bordo de una camioneta y asegur\u00f3 que &#8220;Quiero pedirles a los productores de ma\u00edz que se entusiasmen y que siembren mucho ma\u00edz en estas semanas, porque cuando llegue el momento de la cosecha vamos a estar en un pa\u00eds distinto, sin retenciones y \u00a0con el campo como motor productivo&#8221;.<\/p>\n<p>El candidato presidencial de Cambiemos sostuvo que &#8220;vamos a desarrollar en serio las econom\u00edas regionales del norte, y as\u00ed la gente va a poder elegir vivir en su lugar de origen, con un trabajo cerca de su casa y en el marco de un pa\u00eds inclusivo, integrado y genuinamente federal&#8221;.\u00a0&#8220;Lo primero que quiero hacer es agradecer a los salte\u00f1os que nos votaron. Y contarles que nos vamos a comprometer con el Plan Belgrano; poniendo en valor los aeropuertos tur\u00edsticos, construyendo autov\u00edas y reactivando ferrocarriles&#8221;, agreg\u00f3.<\/p>\n<p>All\u00ed ofreci\u00f3 una conferencia de prensa acompa\u00f1ado por los dirigentes locales Juan Collado,\u00a0 Guillermo Durand Cornejo, Bettina Romero y Miguel Nanni.\u00a0Tambi\u00e9n estuvieron el referente tucumano Jos\u00e9 Cano y el gobernador electo de Jujuy, Gerardo Morales.\u00a0Durante su estad\u00eda Macri visit\u00f3 al arzobispo de Salta y vicepresidente segundo de la Conferencia Episcopal Argentina, Mario Antonio Cargnello.<\/p>\n<p>&#8220;El 25 de octubre demostramos que los que queremos un cambio estamos en franca posici\u00f3n de lograrlo y que empieza una nueva etapa en la que vamos a recuperar la confianza perdida en todos estos a\u00f1os&#8221;, dijo Macri.\u00a0&#8220;Vamos a tener un Gobierno que diga la verdad, que rinda cuentas y que deje \u00a0vivir en paz a la gente.\u00a0 Por eso prometo que mi Jefe de Gabinete va a hablar much\u00edsimo menos que An\u00edbal \u00a0Fern\u00e1ndez&#8221;, finaliz\u00f3 el candidato de Cambiemos.<\/p>","protected":false},"excerpt":{"rendered":"<p>Mauricio Macri visit\u00f3 la Provincia de Salta, en su recorrida de campa\u00f1a por el norte argentino, en donde tambi\u00e9n visit\u00f3 la provincia de Formosa con el diputado radical Luis Naidenoff, Corrientes en donde se reuni\u00f3 con el Gobernador Colombi y por \u00faltimo la provincia de Jujuy en donde particp\u00f3 de un acto junto con el [&hellip;]<\/p>\n","protected":false},"author":4,"featured_media":0,"comment_status":"open","ping_status":"open","sticky":false,"template":"","format":"standard","meta":{"site-sidebar-layout":"default","site-content-layout":"","ast-site-content-layout":"default","site-content-style":"default","site-sidebar-style":"default","ast-global-header-display":"","ast-banner-title-visibility":"","ast-main-header-display":"","ast-hfb-above-header-display":"","ast-hfb-below-header-display":"","ast-hfb-mobile-header-display":"","site-post-title":"","ast-breadcrumbs-content":"","ast-featured-img":"","footer-sml-layout":"","ast-disable-related-posts":"","theme-transparent-header-meta":"","adv-header-id-meta":"","stick-header-meta":"","header-above-stick-meta":"","header-main-stick-meta":"","header-below-stick-meta":"","astra-migrate-meta-layouts":"default","ast-page-background-enabled":"default","ast-page-background-meta":{"desktop":{"background-color":"","background-image":"","background-repeat":"repeat","background-position":"center center","background-size":"auto","background-attachment":"scroll","background-type":"","background-media":"","overlay-type":"","overlay-color":"","overlay-opacity":"","overlay-gradient":""},"tablet":{"background-color":"","background-image":"","background-repeat":"repeat","background-position":"center center","background-size":"auto","background-attachment":"scroll","background-type":"","background-media":"","overlay-type":"","overlay-color":"","overlay-opacity":"","overlay-gradient":""},"mobile":{"background-color":"","background-image":"","background-repeat":"repeat","background-position":"center center","background-size":"auto","background-attachment":"scroll","background-type":"","background-media":"","overlay-type":"","overlay-color":"","overlay-opacity":"","overlay-gradient":""}},"ast-content-background-meta":{"desktop":{"background-color":"var(--ast-global-color-5)","background-image":"","background-repeat":"repeat","background-position":"center center","background-size":"auto","background-attachment":"scroll","background-type":"","background-media":"","overlay-type":"","overlay-color":"","overlay-opacity":"","overlay-gradient":""},"tablet":{"background-color":"var(--ast-global-color-5)","background-image":"","background-repeat":"repeat","background-position":"center center","background-size":"auto","background-attachment":"scroll","background-type":"","background-media":"","overlay-type":"","overlay-color":"","overlay-opacity":"","overlay-gradient":""},"mobile":{"background-color":"var(--ast-global-color-5)","background-image":"","background-repeat":"repeat","background-position":"center center","background-size":"auto","background-attachment":"scroll","background-type":"","background-media":"","overlay-type":"","overlay-color":"","overlay-opacity":"","overlay-gradient":""}},"footnotes":""},"categories":[1],"tags":[686,1219,2281,52,55,3138,3139,1763,609],"class_list":["post-13568","post","type-post","status-publish","format-standard","hentry","category-sin-categoria","tag-cambiemos","tag-corrientes","tag-formosa","tag-jujuy","tag-mauricio-macri","tag-norte","tag-norte-argentino","tag-salta","tag-ucr"],"spectra_blocks_featured_image_url":null,"spectra_blocks_author_info":{"display_name":"Facundo Novillo","avatar_url":"https:\/\/secure.gravatar.com\/avatar\/09745bc65ce6bf84291d6515d5f759c04b4fce4f329b8a975a8ac2982b552d3e?s=96&d=mm&r=g","author_link":"https:\/\/100xd.com.ar\/es\/author\/facundo\/","description":""},"_links":{"self":[{"href":"https:\/\/100xd.com.ar\/es\/wp-json\/wp\/v2\/posts\/13568","targetHints":{"allow":["GET"]}}],"collection":[{"href":"https:\/\/100xd.com.ar\/es\/wp-json\/wp\/v2\/posts"}],"about":[{"href":"https:\/\/100xd.com.ar\/es\/wp-json\/wp\/v2\/types\/post"}],"author":[{"embeddable":true,"href":"https:\/\/100xd.com.ar\/es\/wp-json\/wp\/v2\/users\/4"}],"replies":[{"embeddable":true,"href":"https:\/\/100xd.com.ar\/es\/wp-json\/wp\/v2\/comments?post=13568"}],"version-history":[{"count":2,"href":"https:\/\/100xd.com.ar\/es\/wp-json\/wp\/v2\/posts\/13568\/revisions"}],"predecessor-version":[{"id":13573,"href":"https:\/\/100xd.com.ar\/es\/wp-json\/wp\/v2\/posts\/13568\/revisions\/13573"}],"wp:attachment":[{"href":"https:\/\/100xd.com.ar\/es\/wp-json\/wp\/v2\/media?parent=13568"}],"wp:term":[{"taxonomy":"category","embeddable":true,"href":"https:\/\/100xd.com.ar\/es\/wp-json\/wp\/v2\/categories?post=13568"},{"taxonomy":"post_tag","embeddable":true,"href":"https:\/\/100xd.com.ar\/es\/wp-json\/wp\/v2\/tags?post=13568"}],"curies":[{"name":"wp","href":"https:\/\/api.w.org\/{rel}","templated":true}]}}