{"id":135199,"date":"2026-04-27T14:28:46","date_gmt":"2026-04-27T17:28:46","guid":{"rendered":"https:\/\/100xd.com.ar\/?p=135199"},"modified":"2026-04-27T14:28:46","modified_gmt":"2026-04-27T17:28:46","slug":"la-morosidad-vuelve-a-crecer-y-dispara-alarmas-en-el-sistema-financiero","status":"publish","type":"post","link":"https:\/\/100xd.com.ar\/es\/la-morosidad-vuelve-a-crecer-y-dispara-alarmas-en-el-sistema-financiero\/","title":{"rendered":"La morosidad vuelve a crecer y dispara alarmas en el sistema financiero"},"content":{"rendered":"<p class=\"wp-block-paragraph\" id=\"p-1777293347515-53668\">La&nbsp;<strong><a href=\"https:\/\/www.mdzol.com\/dinero\/la-morosidad-afecta-mas-26-millones-personas-la-mayoria-montos-bajos-n1481527\" target=\"_blank\" rel=\"noreferrer noopener\">morosidad&nbsp;<\/a><\/strong>del&nbsp;<strong>sector privado<\/strong>&nbsp;con el&nbsp;<strong>sistema financiero<\/strong>&nbsp;volvi\u00f3 a crecer en febrero de 2026 y alcanz\u00f3 su nivel m\u00e1s alto en a\u00f1os. El fen\u00f3meno impacta con mayor fuerza en los hogares, donde el incumplimiento de pagos ya acumula 16 meses consecutivos de subas.<\/p>\n\n\n\n<p class=\"wp-block-paragraph\" id=\"p-1777293347515-50322\">Seg\u00fan el \u00faltimo&nbsp;<strong>Informe sobre Bancos del&nbsp;<a href=\"https:\/\/www.mdzol.com\/temas\/banco-central-608.html\" target=\"_blank\" rel=\"noreferrer noopener\">Banco Central<\/a>&nbsp;de la Rep\u00fablica Argentina (BCRA)<\/strong>, el ratio de&nbsp;<strong>irregularidad del cr\u00e9dito<\/strong>&nbsp;en el sector privado trep\u00f3 al 6,7%, con un incremento de 0,3 puntos porcentuales frente a enero y un salto de 4,9 puntos en t\u00e9rminos interanuales.<\/p>\n\n\n\n<ul class=\"wp-block-list\"><li><img loading=\"lazy\" decoding=\"async\" src=\"https:\/\/media.mdzol.com\/p\/fe26cb09ec67474232206473a415d1e5\/adjuntos\/373\/imagenes\/001\/921\/0001921568\/466x311\/320x444:340x464\/electrolux.jpg\" alt=\"electrolux deja de fabricar heladeras en rosario y despide a 100 empleados\" width=\"171\" height=\"96\" title=\"La morosidad vuelve a crecer y dispara alarmas en el sistema financiero\">Te puede interesar<a href=\"https:\/\/www.mdzol.com\/dinero\/electrolux-deja-fabricar-heladeras-rosario-y-despide-100-empleados-n1507377\">Electrolux deja de fabricar heladeras en Rosario y despide a 100 empleados<\/a><a href=\"https:\/\/www.mdzol.com\/dinero\/electrolux-deja-fabricar-heladeras-rosario-y-despide-100-empleados-n1507377\"><\/a><\/li><\/ul>\n\n\n\n<p class=\"wp-block-paragraph\" id=\"p-1777293347515-14363\">La situaci\u00f3n es m\u00e1s cr\u00edtica en las familias donde la morosidad alcanz\u00f3 el 11,2% en febrero, muy por encima del 2,9% registrado un a\u00f1o atr\u00e1s. Para las empresas, en cambio, el nivel fue considerablemente menor, aunque el 2,9% tambi\u00e9n marca un ascenso.https:\/\/a2f07b22a186303afb724341bdee2759.safeframe.googlesyndication.com\/safeframe\/1-0-45\/html\/container.html<\/p>\n\n\n\n<p class=\"wp-block-paragraph\" id=\"p-1777293347515-15790\">El deterioro en los hogares se explica principalmente por el peso de las deudas de consumo. Las l\u00edneas m\u00e1s afectadas son los pr\u00e9stamos personales, con una irregularidad del 13,8%, y las tarjetas de cr\u00e9dito, que alcanzaron el 11,6%. Tambi\u00e9n se observaron subas en los cr\u00e9ditos prendarios (6,8%), mientras que los hipotecarios se mantienen en niveles bajos pero crecientes (1,4%).<\/p>\n\n\n\n<ul class=\"wp-block-list\"><li><img loading=\"lazy\" decoding=\"async\" src=\"https:\/\/media.mdzol.com\/p\/c193ec4b3f7e31de952bc0674d00421d\/adjuntos\/373\/imagenes\/001\/909\/0001909204\/466x311\/259x103:279x123\/pymes.jpg\" alt=\"Las pymes est\u00e1n atravesando un&nbsp; momento dif\u00edcil. Uno de los problemas es la falta de competitividad\" width=\"171\" height=\"96\" title=\"La morosidad vuelve a crecer y dispara alarmas en el sistema financiero\">Te puede interesar<a href=\"https:\/\/www.mdzol.com\/dinero\/una-entidad-alerta-el-cierre-pymes-y-el-crecimiento-del-desempleo-2026-n1507097\">Una entidad alerta por el cierre de pymes y el crecimiento del desempleo durante 2026<\/a><a href=\"https:\/\/www.mdzol.com\/dinero\/una-entidad-alerta-el-cierre-pymes-y-el-crecimiento-del-desempleo-2026-n1507097\"><\/a><\/li><\/ul>\n\n\n\n<figure data-spectra-id=\"spectra-198624e2-e19a-44c6-ad5b-9407b1f4f0f2\" class=\"wp-block-image\"><img decoding=\"async\" src=\"https:\/\/media.mdzol.com\/p\/4d3ddac6bd79439f4c73cdaf834134db\/adjuntos\/373\/imagenes\/001\/887\/0001887505\/760x0\/smart\/en-cada-supermercado-el-total-puede-variar-presentismo-antiguedad-y-bonos-segun-la-empresa-.jpg\" alt=\"En cada supermercado, el total puede variar por presentismo, antig\u00fcedad y bonos seg\u00fan la empresa.  \" title=\"En cada supermercado, el total puede variar por presentismo, antig\u00fcedad y bonos seg\u00fan la empresa.  \"\/><\/figure>\n\n\n\n<p class=\"wp-block-paragraph\" id=\"p-1777295863583-68766\">En cada supermercado, el total puede variar por presentismo, antig\u00fcedad y bonos seg\u00fan la empresa.<\/p>\n\n\n\n<p class=\"wp-block-paragraph\" id=\"p-1777295863583-3150\">Shutterstock<\/p>\n\n\n\n<p class=\"wp-block-paragraph\" id=\"p-1777293347515-14606\">El segmento de mayor riesgo, agrupado como \u201cotros\u201d, escal\u00f3 hasta el 34,4%, reflejando el impacto m\u00e1s severo sobre los sectores con menor capacidad de pago.<\/p>\n\n\n\n<p class=\"wp-block-paragraph\" id=\"p-1777293347515-76887\">En las empresas, si bien la mora contin\u00faa en niveles hist\u00f3ricamente bajos, la tendencia es ascendente: pas\u00f3 del 0,8% en febrero de 2025 al 2,9% actual. Los mayores incrementos se registraron en adelantos y documentos, mientras que las l\u00edneas vinculadas al comercio exterior se mantuvieron estables.<\/p>\n\n\n\n<h2 class=\"wp-block-heading\" id=\"p-1777293347515-65777\">Alertas en el sistema financiero<\/h2>\n\n\n\n<p class=\"wp-block-paragraph\" id=\"p-1777294075745-16592\">Aunque el sistema financiero increment\u00f3 levemente su exposici\u00f3n al sector privado, que ya representa el 44,4% del activo total, este aumento respondi\u00f3 m\u00e1s a efectos nominales que a una expansi\u00f3n real del cr\u00e9dito. De hecho, la Encuesta de Condiciones Crediticias del BCRA muestra un endurecimiento de los requisitos para empresas durante el primer trimestre y una ca\u00edda en la demanda en todos los segmentos. En los hogares, la contracci\u00f3n se concentr\u00f3 en tarjetas y cr\u00e9ditos hipotecarios.<\/p>\n\n\n\n<p class=\"wp-block-paragraph\" id=\"p-1777293347515-10469\">La din\u00e1mica del cr\u00e9dito impact\u00f3 directamente en el consumo. Si bien algunas mediciones privadas detectaron leves mejoras mensuales en marzo, el consumo contin\u00faa en terreno negativo en la comparaci\u00f3n interanual, con ca\u00eddas de hasta 2,6%.<\/p>\n\n\n\n<p class=\"wp-block-paragraph\" id=\"p-1777293347515-51792\">Estimaciones privadas indican que la mora en tarjetas de cr\u00e9dito ya ronda el 11% en el sistema bancario \u2014con picos recientes superiores\u2014, el nivel m\u00e1s alto desde la crisis de 2001-2002 y en el circuito no bancario, donde operan&nbsp;<em>fintech&nbsp;<\/em>y billeteras digitales, el incumplimiento alcanza hasta el 25%, con fuerte impacto en j\u00f3venes y jubilados.<\/p>\n\n\n\n<p class=\"wp-block-paragraph\" id=\"p-1777293347515-6231\">El deterioro de la capacidad de pago afecta a millones de personas. Datos legislativos estiman que cerca de 5 millones de argentinos enfrentan problemas para cumplir con sus deudas. La morosidad alcanza al 40% de los j\u00f3venes y se multiplic\u00f3 por cuatro entre los jubilados.<\/p>\n\n\n\n<p class=\"wp-block-paragraph\" id=\"p-1777293347515-26198\">Las consecuencias incluyen intereses punitorios elevados, reportes negativos en centrales de riesgo y posibles acciones judiciales.<\/p>\n\n\n\n<p class=\"wp-block-paragraph\" id=\"p-1777293347515-91357\">Uno de los factores que agrava la situaci\u00f3n es la desregulaci\u00f3n de tasas: la refinanciaci\u00f3n de saldos impagos puede implicar tasas nominales anuales de entre 100% y 120%, lo que acelera el crecimiento de la deuda. En casos extremos, un saldo puede cuadruplicarse en pocos meses.<\/p>\n\n\n\n<p class=\"wp-block-paragraph\" id=\"p-1777293347515-77638\">Frente a este escenario, las entidades financieras comenzaron a evaluar mecanismos para contener el deterioro. Entre las alternativas en an\u00e1lisis se destacan planes de refinanciaci\u00f3n a tasas m\u00e1s bajas, esquemas de pago de hasta 24 meses y medidas similares a las aplicadas durante la pandemia.<\/p>\n\n\n\n<p class=\"wp-block-paragraph\" id=\"p-1777293347515-13869\">En paralelo, el Congreso debate varios proyectos para abordar la problem\u00e1tica. El m\u00e1s relevante, denominado \u201cSegunda Oportunidad\u201d, propone un r\u00e9gimen de reestructuraci\u00f3n de deudas con eliminaci\u00f3n de intereses por mora, planes de pago sostenibles y un tope de cuota del 30% sobre los ingresos familiares.<\/p>\n\n\n\n<h2 class=\"wp-block-heading\" id=\"p-1777293347515-85463\">La deuda en Mercado Pago<\/h2>\n\n\n\n<p class=\"wp-block-paragraph\" id=\"p-1777293347515-6663\">Un informe del banco estadounidense JP Morgan advierte que la morosidad tambi\u00e9n crece en el ecosistema digital. En el caso de Mercado Libre, los pr\u00e9stamos con m\u00e1s de 90 d\u00edas de atraso alcanzaron casi el 9% en 2025, en l\u00ednea con la tendencia del sistema financiero.<\/p>\n\n\n\n<p class=\"wp-block-paragraph\" id=\"p-1777293347515-36938\">Actualmente, unos 6,3 millones de argentinos utilizan l\u00edneas de cr\u00e9dito de la plataforma, con un promedio de 3,3 pr\u00e9stamos por usuario. El informe se\u00f1ala que el aumento de tasas en 2025 y la desaceleraci\u00f3n en la creaci\u00f3n de nuevos cr\u00e9ditos contribuyeron al deterioro de la cartera.<\/p>\n\n\n\n<p class=\"wp-block-paragraph\">Fuente<a href=\"https:\/\/www.mdzol.com\/\">: Mendoza online<\/a><\/p>","protected":false},"excerpt":{"rendered":"<p>La&nbsp;morosidad&nbsp;del&nbsp;sector privado&nbsp;con el&nbsp;sistema financiero&nbsp;volvi\u00f3 a crecer en febrero de 2026 y alcanz\u00f3 su nivel m\u00e1s alto en a\u00f1os. El fen\u00f3meno impacta con mayor fuerza en los hogares, donde el incumplimiento de pagos ya acumula 16 meses consecutivos de subas. Seg\u00fan el \u00faltimo&nbsp;Informe sobre Bancos del&nbsp;Banco Central&nbsp;de la Rep\u00fablica Argentina (BCRA), el ratio de&nbsp;irregularidad del cr\u00e9dito&nbsp;en [&hellip;]<\/p>\n","protected":false},"author":9,"featured_media":135200,"comment_status":"open","ping_status":"open","sticky":false,"template":"","format":"standard","meta":{"site-sidebar-layout":"default","site-content-layout":"","ast-site-content-layout":"default","site-content-style":"default","site-sidebar-style":"default","ast-global-header-display":"","ast-banner-title-visibility":"","ast-main-header-display":"","ast-hfb-above-header-display":"","ast-hfb-below-header-display":"","ast-hfb-mobile-header-display":"","site-post-title":"","ast-breadcrumbs-content":"","ast-featured-img":"","footer-sml-layout":"","ast-disable-related-posts":"","theme-transparent-header-meta":"","adv-header-id-meta":"","stick-header-meta":"","header-above-stick-meta":"","header-main-stick-meta":"","header-below-stick-meta":"","astra-migrate-meta-layouts":"default","ast-page-background-enabled":"default","ast-page-background-meta":{"desktop":{"background-color":"","background-image":"","background-repeat":"repeat","background-position":"center center","background-size":"auto","background-attachment":"scroll","background-type":"","background-media":"","overlay-type":"","overlay-color":"","overlay-opacity":"","overlay-gradient":""},"tablet":{"background-color":"","background-image":"","background-repeat":"repeat","background-position":"center center","background-size":"auto","background-attachment":"scroll","background-type":"","background-media":"","overlay-type":"","overlay-color":"","overlay-opacity":"","overlay-gradient":""},"mobile":{"background-color":"","background-image":"","background-repeat":"repeat","background-position":"center center","background-size":"auto","background-attachment":"scroll","background-type":"","background-media":"","overlay-type":"","overlay-color":"","overlay-opacity":"","overlay-gradient":""}},"ast-content-background-meta":{"desktop":{"background-color":"var(--ast-global-color-5)","background-image":"","background-repeat":"repeat","background-position":"center center","background-size":"auto","background-attachment":"scroll","background-type":"","background-media":"","overlay-type":"","overlay-color":"","overlay-opacity":"","overlay-gradient":""},"tablet":{"background-color":"var(--ast-global-color-5)","background-image":"","background-repeat":"repeat","background-position":"center center","background-size":"auto","background-attachment":"scroll","background-type":"","background-media":"","overlay-type":"","overlay-color":"","overlay-opacity":"","overlay-gradient":""},"mobile":{"background-color":"var(--ast-global-color-5)","background-image":"","background-repeat":"repeat","background-position":"center center","background-size":"auto","background-attachment":"scroll","background-type":"","background-media":"","overlay-type":"","overlay-color":"","overlay-opacity":"","overlay-gradient":""}},"footnotes":""},"categories":[2],"tags":[],"class_list":["post-135199","post","type-post","status-publish","format-standard","has-post-thumbnail","hentry","category-politica"],"spectra_blocks_featured_image_url":{"thumbnail":{"url":"https:\/\/100xd.com.ar\/wp-content\/uploads\/2026\/04\/tarasca-150x150.webp","width":150,"height":150},"medium":{"url":"https:\/\/100xd.com.ar\/wp-content\/uploads\/2026\/04\/tarasca-300x169.webp","width":300,"height":169},"medium_large":{"url":"https:\/\/100xd.com.ar\/wp-content\/uploads\/2026\/04\/tarasca.webp","width":760,"height":428},"large":{"url":"https:\/\/100xd.com.ar\/wp-content\/uploads\/2026\/04\/tarasca.webp","width":760,"height":428},"full":{"url":"https:\/\/100xd.com.ar\/wp-content\/uploads\/2026\/04\/tarasca.webp","width":760,"height":428}},"spectra_blocks_author_info":{"display_name":"Jorge Alfredo Baret","avatar_url":"https:\/\/secure.gravatar.com\/avatar\/31696f5ca83439b642450ec7d3f82f98451a5efacb414343d5478c982b337f26?s=96&d=mm&r=g","author_link":"https:\/\/100xd.com.ar\/es\/author\/jorge\/","description":"Ingeniero Qu\u00edmico UTN - Director Apoderado de Comunicaciones Auditadas SA. Editor Responsable 100xd.com.ar."},"_links":{"self":[{"href":"https:\/\/100xd.com.ar\/es\/wp-json\/wp\/v2\/posts\/135199","targetHints":{"allow":["GET"]}}],"collection":[{"href":"https:\/\/100xd.com.ar\/es\/wp-json\/wp\/v2\/posts"}],"about":[{"href":"https:\/\/100xd.com.ar\/es\/wp-json\/wp\/v2\/types\/post"}],"author":[{"embeddable":true,"href":"https:\/\/100xd.com.ar\/es\/wp-json\/wp\/v2\/users\/9"}],"replies":[{"embeddable":true,"href":"https:\/\/100xd.com.ar\/es\/wp-json\/wp\/v2\/comments?post=135199"}],"version-history":[{"count":1,"href":"https:\/\/100xd.com.ar\/es\/wp-json\/wp\/v2\/posts\/135199\/revisions"}],"predecessor-version":[{"id":135201,"href":"https:\/\/100xd.com.ar\/es\/wp-json\/wp\/v2\/posts\/135199\/revisions\/135201"}],"wp:featuredmedia":[{"embeddable":true,"href":"https:\/\/100xd.com.ar\/es\/wp-json\/wp\/v2\/media\/135200"}],"wp:attachment":[{"href":"https:\/\/100xd.com.ar\/es\/wp-json\/wp\/v2\/media?parent=135199"}],"wp:term":[{"taxonomy":"category","embeddable":true,"href":"https:\/\/100xd.com.ar\/es\/wp-json\/wp\/v2\/categories?post=135199"},{"taxonomy":"post_tag","embeddable":true,"href":"https:\/\/100xd.com.ar\/es\/wp-json\/wp\/v2\/tags?post=135199"}],"curies":[{"name":"wp","href":"https:\/\/api.w.org\/{rel}","templated":true}]}}