{"id":13436,"date":"2015-11-03T19:56:15","date_gmt":"2015-11-03T22:56:15","guid":{"rendered":"http:\/\/www.100xd.com.ar\/?p=13436"},"modified":"2015-11-04T16:47:32","modified_gmt":"2015-11-04T19:47:32","slug":"vidal-se-reunio-con-dirigentes-electos-de-la-ucr-para-pedirles-su-apoyo-a-macri","status":"publish","type":"post","link":"https:\/\/100xd.com.ar\/es\/vidal-se-reunio-con-dirigentes-electos-de-la-ucr-para-pedirles-su-apoyo-a-macri\/","title":{"rendered":"Vidal se reuni\u00f3 con dirigentes electos de la UCR para pedirles su apoyo a Macri"},"content":{"rendered":"<p class=\"primero\">Mar\u00eda Eugenia Vidal,\u00a0gobernadora electa por la provincia de Buenos Aires,\u00a0se reuni\u00f3 hoy con los intendentes y legisladores radicales\u00a0que ganaron las elecciones el 25 de octubre \u00faltimo. En este primer encuentro, Vidal abord\u00f3 con los alcaldes un solo tema: posicionar a Mauricio Macri\u00a0como ganador en el ballotage del 22 de noviembre pr\u00f3ximo.<\/p>\n<p>El encuentro fue organizado por el vicegobernador electo por la provincia de Buenos Aires, Daniel Salvador, que cit\u00f3 a 42 intendentes y una decena de legisladores radicales a un mit\u00edn pol\u00edtico en el Comit\u00e9 Nacional de la Uni\u00f3n C\u00edvica Radical para respaldar a Macri como candidato a Presidente.<\/p>\n<p>La gobernadora electa\u00a0pas\u00f3 a saludar a los alcaldes que constituir\u00e1n la base de su apoyo en este territorio: Cambiemos gan\u00f3 en 65 municipios bonaerenses el 25 de octubre \u00faltimo. De estos 42 fueron candidatos del la UCR que se constituyen en m\u00e1s de la mitad de la mayor\u00eda de los nuevos alcaldes de la coalici\u00f3n en el gobierno.<\/p>\n<p>&#8220;Mar\u00eda Eugenia los comprometi\u00f3 a trabajar para el ballotage&#8221;, dijo un vocero de la gobernadora electa.\u00a0En tanto, el vicegobernador electo dijo al diario La Naci\u00f3n: &#8220;Es un mitin para consolidar el peso territorial del radicalismo en la provincia&#8221;.<\/p>\n<p>En el encuentro estuvo tambi\u00e9n el presidente de la UCR, Ernesto Sanz,\u00a0que trabajar\u00e1 de ahora en m\u00e1s en coordinar acciones con Salvador para posicionar a Macri en el ballotage.<\/p>\n<p>&#8220;Hubo un clima de alegr\u00eda como hac\u00eda a\u00f1os no se ve\u00eda en el radicalismo&#8221;, dijo un funcionario que particip\u00f3 de la reuni\u00f3n.<\/p>\n<p>Por la primera secci\u00f3n fue el intendente electo de Suipacha, Alejandro Federico. De la segunda secci\u00f3n estuvieron los intendentes electos de Arrecifes, Javier Olaeta; y de Rojas, Claudio Rossi. De la tercera secci\u00f3n los alcaldes de Lobos, Jorge Etcheverry; Magdalena, Gonzalo Peluso; Berisso, Jorge Nedela; Brandsen, Oscar Cappelletti y San Vicente, Mauricio G\u00f3mez.<\/p>\n<p>De la cuarta secci\u00f3n los alcaldes electos de Carlos Tejedor, Ra\u00fal Salas; de Chacabuco, V\u00edctor A\u00edola; de Florentino Ameghino, Calixto Tellechea; de General Arenales, \u00c9rica Revilla; de General Villegas, Eduardo Campana; de Lincoln Salvador Serenal; Trenque Lauquen, Miguel Fern\u00e1ndez y General Viamonte, Franco Flexas.<\/p>\n<p>De la quinta secci\u00f3n los intendentes electos Ayacucho, Pablo Zubiaurre; Balcarce, Esteban Reino; General Belgrano, Osvaldo Din\u00e1poli; General Guido, An\u00edbal Loubet; General Madariaga, Esteban Santoro; General Lavalle, Jos\u00e9 Rodr\u00edguez Ponte; Lezama, Arnaldo Harispe; Lober\u00eda, Juan Fioramonti; Maip\u00fa, Mat\u00edas Rapallini; Mar Chiquita, Carlos Ronda; Rauch, Maximiliano Suesc\u00fan; San Cayetano, Miguel Gargaglione y Tandil, Miguel Lunghi.<\/p>\n<p>De la sexta secci\u00f3n participaron los alcaldes de Adolfo Alsina, David Hirtz; Coronel Dorrego, Ra\u00fal Reyes; General La Madrid, Mart\u00edn Randazzo; Pellegrini, Guillermo Pacheco; Pu\u00e1n, Facundo Castelli; Salliquel\u00f3, Jorge Hern\u00e1ndez y Tornquist Sergio Bordoni.<\/p>\n<p>Por la s\u00e9ptima secci\u00f3n los intendentes de General Alvear, Alejandro Celillo y Saladillo con Jos\u00e9 Luis Salom\u00f3n.<\/p>\n<p>Uno de estos nuevos intendentes radicales que se preparan para asumir en sus cargos el 10 de diciembre pr\u00f3ximo fue amenazado de muerte para que no asuma.<\/p>\n<p>El intendente electo de General Villegas, Eduardo Campana, denunci\u00f3 ayer que recibi\u00f3 amenazas de muerte a trav\u00e9s de cartas para que desista de asumir el cargo.<\/p>\n<p>La intimidaci\u00f3n lleg\u00f3 a trav\u00e9s de una carta confeccionada con letras recortadas de revistas, en la que le exig\u00edan que renuncie a su cargo &#8220;en 48 horas&#8221;.<\/p>\n<p>Luego de librada la denuncia en la Justicia, tanto su vivienda como su consultorio m\u00e9dico quedaron bajo custodia policial. El futuro intendente radical desestim\u00f3 la posibilidad de abandonar su cargo.<\/p>\n<p>Por su parte, el actual alcalde, Horacio Pascual, emiti\u00f3 un comunicado cuestionando lo sucedido y apoyando a Campana: &#8220;Expreso mi total repudio ante las amenazas recibidas por el Intendente electo- dijo Pacual-. Mi solidaridad para \u00e9l y su familia. Estos actos de extrema cobard\u00eda deben ser investigados y condenados&#8221;.<\/p>\n<p>&nbsp;<\/p>","protected":false},"excerpt":{"rendered":"<p>Mar\u00eda Eugenia Vidal,\u00a0gobernadora electa por la provincia de Buenos Aires,\u00a0se reuni\u00f3 hoy con los intendentes y legisladores radicales\u00a0que ganaron las elecciones el 25 de octubre \u00faltimo. En este primer encuentro, Vidal abord\u00f3 con los alcaldes un solo tema: posicionar a Mauricio Macri\u00a0como ganador en el ballotage del 22 de noviembre pr\u00f3ximo. El encuentro fue organizado [&hellip;]<\/p>\n","protected":false},"author":4,"featured_media":0,"comment_status":"open","ping_status":"open","sticky":false,"template":"","format":"standard","meta":{"site-sidebar-layout":"default","site-content-layout":"","ast-site-content-layout":"default","site-content-style":"default","site-sidebar-style":"default","ast-global-header-display":"","ast-banner-title-visibility":"","ast-main-header-display":"","ast-hfb-above-header-display":"","ast-hfb-below-header-display":"","ast-hfb-mobile-header-display":"","site-post-title":"","ast-breadcrumbs-content":"","ast-featured-img":"","footer-sml-layout":"","ast-disable-related-posts":"","theme-transparent-header-meta":"","adv-header-id-meta":"","stick-header-meta":"","header-above-stick-meta":"","header-main-stick-meta":"","header-below-stick-meta":"","astra-migrate-meta-layouts":"default","ast-page-background-enabled":"default","ast-page-background-meta":{"desktop":{"background-color":"","background-image":"","background-repeat":"repeat","background-position":"center center","background-size":"auto","background-attachment":"scroll","background-type":"","background-media":"","overlay-type":"","overlay-color":"","overlay-opacity":"","overlay-gradient":""},"tablet":{"background-color":"","background-image":"","background-repeat":"repeat","background-position":"center center","background-size":"auto","background-attachment":"scroll","background-type":"","background-media":"","overlay-type":"","overlay-color":"","overlay-opacity":"","overlay-gradient":""},"mobile":{"background-color":"","background-image":"","background-repeat":"repeat","background-position":"center center","background-size":"auto","background-attachment":"scroll","background-type":"","background-media":"","overlay-type":"","overlay-color":"","overlay-opacity":"","overlay-gradient":""}},"ast-content-background-meta":{"desktop":{"background-color":"var(--ast-global-color-5)","background-image":"","background-repeat":"repeat","background-position":"center center","background-size":"auto","background-attachment":"scroll","background-type":"","background-media":"","overlay-type":"","overlay-color":"","overlay-opacity":"","overlay-gradient":""},"tablet":{"background-color":"var(--ast-global-color-5)","background-image":"","background-repeat":"repeat","background-position":"center center","background-size":"auto","background-attachment":"scroll","background-type":"","background-media":"","overlay-type":"","overlay-color":"","overlay-opacity":"","overlay-gradient":""},"mobile":{"background-color":"var(--ast-global-color-5)","background-image":"","background-repeat":"repeat","background-position":"center center","background-size":"auto","background-attachment":"scroll","background-type":"","background-media":"","overlay-type":"","overlay-color":"","overlay-opacity":"","overlay-gradient":""}},"footnotes":""},"categories":[1],"tags":[686,359,240,321,609],"class_list":["post-13436","post","type-post","status-publish","format-standard","hentry","category-sin-categoria","tag-cambiemos","tag-ernesto-sanz","tag-maria-eugenia-vidal","tag-pro","tag-ucr"],"spectra_blocks_featured_image_url":null,"spectra_blocks_author_info":{"display_name":"Facundo Novillo","avatar_url":"https:\/\/secure.gravatar.com\/avatar\/09745bc65ce6bf84291d6515d5f759c04b4fce4f329b8a975a8ac2982b552d3e?s=96&d=mm&r=g","author_link":"https:\/\/100xd.com.ar\/es\/author\/facundo\/","description":""},"_links":{"self":[{"href":"https:\/\/100xd.com.ar\/es\/wp-json\/wp\/v2\/posts\/13436","targetHints":{"allow":["GET"]}}],"collection":[{"href":"https:\/\/100xd.com.ar\/es\/wp-json\/wp\/v2\/posts"}],"about":[{"href":"https:\/\/100xd.com.ar\/es\/wp-json\/wp\/v2\/types\/post"}],"author":[{"embeddable":true,"href":"https:\/\/100xd.com.ar\/es\/wp-json\/wp\/v2\/users\/4"}],"replies":[{"embeddable":true,"href":"https:\/\/100xd.com.ar\/es\/wp-json\/wp\/v2\/comments?post=13436"}],"version-history":[{"count":2,"href":"https:\/\/100xd.com.ar\/es\/wp-json\/wp\/v2\/posts\/13436\/revisions"}],"predecessor-version":[{"id":13438,"href":"https:\/\/100xd.com.ar\/es\/wp-json\/wp\/v2\/posts\/13436\/revisions\/13438"}],"wp:attachment":[{"href":"https:\/\/100xd.com.ar\/es\/wp-json\/wp\/v2\/media?parent=13436"}],"wp:term":[{"taxonomy":"category","embeddable":true,"href":"https:\/\/100xd.com.ar\/es\/wp-json\/wp\/v2\/categories?post=13436"},{"taxonomy":"post_tag","embeddable":true,"href":"https:\/\/100xd.com.ar\/es\/wp-json\/wp\/v2\/tags?post=13436"}],"curies":[{"name":"wp","href":"https:\/\/api.w.org\/{rel}","templated":true}]}}