{"id":134083,"date":"2026-03-31T11:09:25","date_gmt":"2026-03-31T14:09:25","guid":{"rendered":"https:\/\/100xd.com.ar\/?p=134083"},"modified":"2026-03-31T11:09:25","modified_gmt":"2026-03-31T14:09:25","slug":"la-justicia-ratifico-que-el-gobierno-debe-ejecutar-de-inmediato-la-ley-de-financiamiento-universitario","status":"publish","type":"post","link":"https:\/\/100xd.com.ar\/es\/la-justicia-ratifico-que-el-gobierno-debe-ejecutar-de-inmediato-la-ley-de-financiamiento-universitario\/","title":{"rendered":"La Justicia ratific\u00f3 que el Gobierno debe ejecutar de inmediato la ley de financiamiento universitario"},"content":{"rendered":"<p class=\"wp-block-paragraph\">La C\u00e1mara Contencioso Administrativo Federal rechaz\u00f3 la apelaci\u00f3n del gobierno nacional y confirm\u00f3 la medida cautelar que hab\u00eda ordenado al Poder Ejecutivo aplicar la Ley de Financiamiento Educativo Universitaria y Recomposici\u00f3n del Salario Docente.<a href=\"https:\/\/www.infobae.com\/judiciales\/2026\/03\/30\/fue-el-peor-dia-de-mi-vida-la-pesadilla-de-una-fiesta-de-15-que-termino-en-desmayos-nervios-y-una-condena-judicial-a-los-organizadores\/\" target=\"_blank\" rel=\"noreferrer noopener\">Te puede interesar:<strong>\u201cFue el peor d\u00eda de mi vida\u201d: la pesadilla de una fiesta de 15 que termin\u00f3 en desmayos, nervios y una condena judicial a los organizadores<\/strong><\/a><\/p>\n\n\n\n<p class=\"wp-block-paragraph\">Puntualmente, la medida cautelar exige que la administraci\u00f3n p\u00fablica cumpla de inmediato con los art\u00edculos 5 y 6 de la ley 27.795, que refieren a la actualizaci\u00f3n de los salarios de los docentes y no docentes de las universidades p\u00fablicas entre el per\u00edodo 1\/12\/2023 hasta la sanci\u00f3n de la ley, en septiembre del 2025. Tambi\u00e9n peticiona la recomposici\u00f3n de todos los programas de becas de los estudiantes.<\/p>\n\n\n\n<p class=\"wp-block-paragraph\">En sus argumentos, los jueces Sergio Fern\u00e1ndez y Jorge Mor\u00e1n plantean que resultan poco serios los agravios presentados por el Estado relativos a que la medida cautelar constituir\u00eda una sentencia definitiva encubierta.<a href=\"https:\/\/www.infobae.com\/judiciales\/2026\/03\/31\/no-era-mi-papa-la-justicia-ordeno-indemnizar-a-cinco-hijas-que-velaron-y-enterraron-a-un-desconocido\/\" target=\"_blank\" rel=\"noreferrer noopener\">Te puede interesar:<strong>\u201cNo era mi pap\u00e1\u201d: la Justicia orden\u00f3 indemnizar a cinco hijas que velaron y enterraron a un desconocido<\/strong><\/a><\/p>\n\n\n\n<p class=\"wp-block-paragraph\"><strong>Adem\u00e1s, resaltaron especialmente que el impacto fiscal de la aplicaci\u00f3n de la cautelar es bajo y no se afecta sustancialmente el inter\u00e9s p\u00fablico; por el contrario, estaba en juego un derecho central de la Constituci\u00f3n como la educaci\u00f3n superior p\u00fablica.<\/strong><\/p>\n\n\n\n<p class=\"wp-block-paragraph\">La cautelar hab\u00eda sido dictada en diciembre del a\u00f1o pasado por el juez federal&nbsp;<strong>Enrique Cormick<\/strong>, en el marco de una acci\u00f3n de amparo promovida por el&nbsp;<strong>Consejo Interuniversitario Nacional&nbsp;<\/strong>(CIN) y otras entidades del sistema universitario. La presentaci\u00f3n contaba con el respaldo de m\u00e1s de 40 universidades p\u00fablicas.<a href=\"https:\/\/www.infobae.com\/judiciales\/2026\/03\/30\/el-abogado-de-la-afa-cuestiono-el-procesamiento-de-tapia-y-toviggino-la-deuda-estaba-cancelada-y-el-propio-juez-lo-admite\/\" target=\"_blank\" rel=\"noreferrer noopener\">Te puede interesar:<strong>El abogado de la AFA cuestion\u00f3 el procesamiento de Tapia y Toviggino: \u201cLa deuda estaba cancelada y el propio juez lo admite\u201d<\/strong><\/a><\/p>\n\n\n\n<p class=\"wp-block-paragraph\">En su momento, el magistrado consider\u00f3 que el&nbsp;<strong>Decreto 759\/2025&nbsp;<\/strong>-que suspendi\u00f3 la ejecuci\u00f3n de la Ley 27.795 y estableci\u00f3 que la norma solo podr\u00e1 aplicarse cuando se determinen recursos espec\u00edficos para solventarla- ten\u00eda rasgos de&nbsp;<strong>\u201carbitrariedad e ilegalidad manifiesta\u201d.<\/strong><\/p>\n\n\n\n<p class=\"wp-block-paragraph\">Adem\u00e1s, sostuvo que exist\u00eda una&nbsp;<strong>\u201cinobservancia clara e incontestable de un deber jur\u00eddico, concreto y espec\u00edfico\u201d<\/strong>&nbsp;ante la demora, por su impacto en el funcionamiento universitario.<\/p>\n\n\n\n<p class=\"wp-block-paragraph\">Sin embargo, Naci\u00f3n calific\u00f3 la decisi\u00f3n judicial como \u201carbitraria\u201d y argument\u00f3 que la ley requiere definir previamente sus fuentes de financiamiento e incorporar las partidas correspondientes en el Presupuesto. Seg\u00fan el Gobierno, la cuesti\u00f3n presupuestaria compete al Congreso de la Naci\u00f3n y no al Poder Judicial. Tambi\u00e9n advirti\u00f3 sobre sus posibles efectos en el equilibrio fiscal, algo que fue desacreditado por la C\u00e1mara en su fallo.<\/p>\n\n\n\n<figure data-spectra-id=\"spectra-a30ff7c8-40cc-4a6c-bf65-e5077f2d9aa7\" class=\"wp-block-image\"><img decoding=\"async\" src=\"https:\/\/www.infobae.com\/resizer\/v2\/W254JIQ6SFE7ZPSW6V2E77QLC4.jpg?auth=0e313bc78c818357fdcfaf9d9af8ef4bf3f82b7349f3473b671dc2e0052373ce&amp;smart=true&amp;width=350&amp;height=233&amp;quality=85\" alt=\"Marcha antorchas por universitarios\" title=\"La Justicia ratific\u00f3 que el Gobierno debe ejecutar de inmediato la ley de financiamiento universitario\" \/><\/figure>\n\n\n\n<h2 class=\"wp-block-heading\" id=\"article-headline el-conflicto-con-las-universidades\">El conflicto con las universidades<\/h2>\n\n\n\n<p class=\"wp-block-paragraph\">El conflicto escal\u00f3 notablemente entre 2024 y 2025, cuando masivas movilizaciones estudiantiles y gremiales tomaron las principales ciudades, con epicentro en&nbsp;<strong>la Ciudad de Buenos Aires&nbsp;<\/strong>y r\u00e9plicas en distintas provincias.<\/p>\n\n\n\n<p class=\"wp-block-paragraph\">En una segunda&nbsp;<strong>Marcha Federal&nbsp;<\/strong>en octubre de 2024 y una nueva protesta el 17 de septiembre de 2025 bajo el lema&nbsp;<strong>\u201cSi hay veto, hay marcha\u201d<\/strong>, cientos de miles de personas salieron a las calles para rechazar la decisi\u00f3n del Gobierno de vetar la ley de financiamiento universitario, que ya hab\u00eda contado con la aprobaci\u00f3n parlamentaria.<\/p>\n\n\n\n<p class=\"wp-block-paragraph\">A mediados del a\u00f1o pasado, la oposici\u00f3n logr\u00f3 sancionar una ley de financiamiento en el Congreso y sortear los vetos del presidente Javier Milei. Pese a ello, el Ejecutivo dict\u00f3 un decreto para evitar la ejecuci\u00f3n de la norma.<\/p>\n\n\n\n<p class=\"wp-block-paragraph\">Para encauzar la situaci\u00f3n y evitar una profundizaci\u00f3n del conflicto tanto en el plano legal como en el judicial, la estrategia oficial apunta a elaborar una ley que no derogue el esquema financiero actual, sino que lo modifique, buscando el consenso pol\u00edtico necesario para que el Congreso apruebe una nueva norma capaz de reemplazar la anterior. Desde\u00a0<strong>la Secretar\u00eda de Educaci\u00f3n<\/strong>, se subraya el compromiso por alcanzar una soluci\u00f3n que otorgue no solo recursos, sino tambi\u00e9n\u00a0<strong>seguridad jur\u00eddica\u00a0<\/strong>a las universidades.<\/p>\n\n\n\n<p class=\"wp-block-paragraph\">Fuente:<a href=\"https:\/\/www.infobae.com\/\"> Infobae.com<\/a><\/p>","protected":false},"excerpt":{"rendered":"<p>La C\u00e1mara Contencioso Administrativo Federal rechaz\u00f3 la apelaci\u00f3n del gobierno nacional y confirm\u00f3 la medida cautelar que hab\u00eda ordenado al Poder Ejecutivo aplicar la Ley de Financiamiento Educativo Universitaria y Recomposici\u00f3n del Salario Docente.Te puede interesar:\u201cFue el peor d\u00eda de mi vida\u201d: la pesadilla de una fiesta de 15 que termin\u00f3 en desmayos, nervios y [&hellip;]<\/p>\n","protected":false},"author":9,"featured_media":134084,"comment_status":"open","ping_status":"open","sticky":false,"template":"","format":"standard","meta":{"site-sidebar-layout":"default","site-content-layout":"","ast-site-content-layout":"default","site-content-style":"default","site-sidebar-style":"default","ast-global-header-display":"","ast-banner-title-visibility":"","ast-main-header-display":"","ast-hfb-above-header-display":"","ast-hfb-below-header-display":"","ast-hfb-mobile-header-display":"","site-post-title":"","ast-breadcrumbs-content":"","ast-featured-img":"","footer-sml-layout":"","ast-disable-related-posts":"","theme-transparent-header-meta":"","adv-header-id-meta":"","stick-header-meta":"","header-above-stick-meta":"","header-main-stick-meta":"","header-below-stick-meta":"","astra-migrate-meta-layouts":"default","ast-page-background-enabled":"default","ast-page-background-meta":{"desktop":{"background-color":"","background-image":"","background-repeat":"repeat","background-position":"center center","background-size":"auto","background-attachment":"scroll","background-type":"","background-media":"","overlay-type":"","overlay-color":"","overlay-opacity":"","overlay-gradient":""},"tablet":{"background-color":"","background-image":"","background-repeat":"repeat","background-position":"center center","background-size":"auto","background-attachment":"scroll","background-type":"","background-media":"","overlay-type":"","overlay-color":"","overlay-opacity":"","overlay-gradient":""},"mobile":{"background-color":"","background-image":"","background-repeat":"repeat","background-position":"center center","background-size":"auto","background-attachment":"scroll","background-type":"","background-media":"","overlay-type":"","overlay-color":"","overlay-opacity":"","overlay-gradient":""}},"ast-content-background-meta":{"desktop":{"background-color":"var(--ast-global-color-5)","background-image":"","background-repeat":"repeat","background-position":"center center","background-size":"auto","background-attachment":"scroll","background-type":"","background-media":"","overlay-type":"","overlay-color":"","overlay-opacity":"","overlay-gradient":""},"tablet":{"background-color":"var(--ast-global-color-5)","background-image":"","background-repeat":"repeat","background-position":"center center","background-size":"auto","background-attachment":"scroll","background-type":"","background-media":"","overlay-type":"","overlay-color":"","overlay-opacity":"","overlay-gradient":""},"mobile":{"background-color":"var(--ast-global-color-5)","background-image":"","background-repeat":"repeat","background-position":"center center","background-size":"auto","background-attachment":"scroll","background-type":"","background-media":"","overlay-type":"","overlay-color":"","overlay-opacity":"","overlay-gradient":""}},"footnotes":""},"categories":[25],"tags":[],"class_list":["post-134083","post","type-post","status-publish","format-standard","has-post-thumbnail","hentry","category-destacado"],"spectra_blocks_featured_image_url":{"thumbnail":{"url":"https:\/\/100xd.com.ar\/wp-content\/uploads\/2026\/03\/quilombo-3-150x150.jpg","width":150,"height":150},"medium":{"url":"https:\/\/100xd.com.ar\/wp-content\/uploads\/2026\/03\/quilombo-3-300x200.jpg","width":300,"height":200},"medium_large":{"url":"https:\/\/100xd.com.ar\/wp-content\/uploads\/2026\/03\/quilombo-3-768x511.jpg","width":768,"height":511},"large":{"url":"https:\/\/100xd.com.ar\/wp-content\/uploads\/2026\/03\/quilombo-3.jpg","width":992,"height":660},"full":{"url":"https:\/\/100xd.com.ar\/wp-content\/uploads\/2026\/03\/quilombo-3.jpg","width":992,"height":660}},"spectra_blocks_author_info":{"display_name":"Jorge Alfredo Baret","avatar_url":"https:\/\/secure.gravatar.com\/avatar\/31696f5ca83439b642450ec7d3f82f98451a5efacb414343d5478c982b337f26?s=96&d=mm&r=g","author_link":"https:\/\/100xd.com.ar\/es\/author\/jorge\/","description":"Ingeniero Qu\u00edmico UTN - Director Apoderado de Comunicaciones Auditadas SA. Editor Responsable 100xd.com.ar."},"_links":{"self":[{"href":"https:\/\/100xd.com.ar\/es\/wp-json\/wp\/v2\/posts\/134083","targetHints":{"allow":["GET"]}}],"collection":[{"href":"https:\/\/100xd.com.ar\/es\/wp-json\/wp\/v2\/posts"}],"about":[{"href":"https:\/\/100xd.com.ar\/es\/wp-json\/wp\/v2\/types\/post"}],"author":[{"embeddable":true,"href":"https:\/\/100xd.com.ar\/es\/wp-json\/wp\/v2\/users\/9"}],"replies":[{"embeddable":true,"href":"https:\/\/100xd.com.ar\/es\/wp-json\/wp\/v2\/comments?post=134083"}],"version-history":[{"count":1,"href":"https:\/\/100xd.com.ar\/es\/wp-json\/wp\/v2\/posts\/134083\/revisions"}],"predecessor-version":[{"id":134085,"href":"https:\/\/100xd.com.ar\/es\/wp-json\/wp\/v2\/posts\/134083\/revisions\/134085"}],"wp:featuredmedia":[{"embeddable":true,"href":"https:\/\/100xd.com.ar\/es\/wp-json\/wp\/v2\/media\/134084"}],"wp:attachment":[{"href":"https:\/\/100xd.com.ar\/es\/wp-json\/wp\/v2\/media?parent=134083"}],"wp:term":[{"taxonomy":"category","embeddable":true,"href":"https:\/\/100xd.com.ar\/es\/wp-json\/wp\/v2\/categories?post=134083"},{"taxonomy":"post_tag","embeddable":true,"href":"https:\/\/100xd.com.ar\/es\/wp-json\/wp\/v2\/tags?post=134083"}],"curies":[{"name":"wp","href":"https:\/\/api.w.org\/{rel}","templated":true}]}}