{"id":132804,"date":"2026-02-26T11:52:06","date_gmt":"2026-02-26T14:52:06","guid":{"rendered":"https:\/\/100xd.com.ar\/?p=132804"},"modified":"2026-02-26T12:02:33","modified_gmt":"2026-02-26T15:02:33","slug":"ciudadela-corre-participa-de-la-carrera-por-el-dia-de-la-mujer","status":"publish","type":"post","link":"https:\/\/100xd.com.ar\/es\/ciudadela-corre-participa-de-la-carrera-por-el-dia-de-la-mujer\/","title":{"rendered":"Municipio de 3 de Febrero: Ciudadela Corre: particip\u00e1 de la carrera por el D\u00eda de la Mujer"},"content":{"rendered":"<p class=\"wp-block-paragraph\">En el marco del D\u00eda Internacional de la Mujer, el domingo 8 de marzo te invitamos a participar de \u00abCiudadela Corre\u00bb, una carrera que busca reconocer la labor de todas las mujeres. Adem\u00e1s, podr\u00e1s disfrutar de diferentes actividades recreativas y charlas para toda la familia.&nbsp;<\/p>\n\n\n\n<p class=\"wp-block-paragraph\">En cuanto a la competencia, su largada ser\u00e1 desde el Club Claridad de Ciudadela (Alianza 250) y como todos los a\u00f1os, contar\u00e1 con distintos trayectos, de los cuales se podr\u00e1n elegir entre 4 K (para mayores de 18 a\u00f1os, de 13 a 17 a\u00f1os con<em>&nbsp;<\/em>autorizaci\u00f3n de padre, madre o tutor) y 8 K (para mayores de 18 a\u00f1os), mientras que los m\u00e1s chicos tendr\u00e1n la posibilidad de correr 1 K en rueditas (para chicos de 4 a 12 a\u00f1os), es opcional asistir con bici, monopat\u00edn y patines.&nbsp;&nbsp;<\/p>\n\n\n\n<p class=\"wp-block-paragraph\">Para inscribirte, deber\u00e1s hacerlo en la plataforma&nbsp;<strong><a href=\"https:\/\/mistramites.tresdefebrero.gob.ar\/\">Mi3<\/a><\/strong><a href=\"https:\/\/mistramites.tresdefebrero.gov.ar\/tramites\/nuevo\/304\"><strong>F<\/strong><\/a>. A su vez, desde las 7.45 h podr\u00e1s acercarte para realizar la acreditaci\u00f3n y recibir la remera para la competencia.<\/p>\n\n\n\n<p class=\"wp-block-paragraph\">Por otra parte, si quer\u00e9s disfrutar de la jornada en familia sin participar de la carrera,&nbsp;podr\u00e1s estar presente en diferentes reuniones con profesionales y actividades recreativas.<\/p>\n\n\n\n<h3 class=\"wp-block-heading\"><strong>Cronograma<\/strong><\/h3>\n\n\n\n<p class=\"wp-block-paragraph\">Para que la jornada sea un \u00e9xito, respetaremos los siguientes horarios:<\/p>\n\n\n\n<ul class=\"wp-block-list\"><li><strong>7.45 h:<\/strong>&nbsp;entrega de&nbsp;<strong>remeras.<\/strong><\/li><li><strong>9. h:<\/strong>&nbsp;largada oficial&nbsp;<strong>4K y 8K<\/strong>.<\/li><li><strong>10 h:<\/strong>&nbsp;largada&nbsp;<strong>1K Rueditas.<\/strong><\/li><\/ul>","protected":false},"excerpt":{"rendered":"<p>En el marco del D\u00eda Internacional de la Mujer, el domingo 8 de marzo te invitamos a participar de \u00abCiudadela Corre\u00bb, una carrera que busca reconocer la labor de todas las mujeres. Adem\u00e1s, podr\u00e1s disfrutar de diferentes actividades recreativas y charlas para toda la familia.&nbsp; En cuanto a la competencia, su largada ser\u00e1 desde el [&hellip;]<\/p>\n","protected":false},"author":9,"featured_media":132805,"comment_status":"open","ping_status":"open","sticky":false,"template":"","format":"standard","meta":{"site-sidebar-layout":"default","site-content-layout":"","ast-site-content-layout":"default","site-content-style":"default","site-sidebar-style":"default","ast-global-header-display":"","ast-banner-title-visibility":"","ast-main-header-display":"","ast-hfb-above-header-display":"","ast-hfb-below-header-display":"","ast-hfb-mobile-header-display":"","site-post-title":"","ast-breadcrumbs-content":"","ast-featured-img":"","footer-sml-layout":"","ast-disable-related-posts":"","theme-transparent-header-meta":"","adv-header-id-meta":"","stick-header-meta":"","header-above-stick-meta":"","header-main-stick-meta":"","header-below-stick-meta":"","astra-migrate-meta-layouts":"default","ast-page-background-enabled":"default","ast-page-background-meta":{"desktop":{"background-color":"","background-image":"","background-repeat":"repeat","background-position":"center center","background-size":"auto","background-attachment":"scroll","background-type":"","background-media":"","overlay-type":"","overlay-color":"","overlay-opacity":"","overlay-gradient":""},"tablet":{"background-color":"","background-image":"","background-repeat":"repeat","background-position":"center center","background-size":"auto","background-attachment":"scroll","background-type":"","background-media":"","overlay-type":"","overlay-color":"","overlay-opacity":"","overlay-gradient":""},"mobile":{"background-color":"","background-image":"","background-repeat":"repeat","background-position":"center center","background-size":"auto","background-attachment":"scroll","background-type":"","background-media":"","overlay-type":"","overlay-color":"","overlay-opacity":"","overlay-gradient":""}},"ast-content-background-meta":{"desktop":{"background-color":"var(--ast-global-color-5)","background-image":"","background-repeat":"repeat","background-position":"center center","background-size":"auto","background-attachment":"scroll","background-type":"","background-media":"","overlay-type":"","overlay-color":"","overlay-opacity":"","overlay-gradient":""},"tablet":{"background-color":"var(--ast-global-color-5)","background-image":"","background-repeat":"repeat","background-position":"center center","background-size":"auto","background-attachment":"scroll","background-type":"","background-media":"","overlay-type":"","overlay-color":"","overlay-opacity":"","overlay-gradient":""},"mobile":{"background-color":"var(--ast-global-color-5)","background-image":"","background-repeat":"repeat","background-position":"center center","background-size":"auto","background-attachment":"scroll","background-type":"","background-media":"","overlay-type":"","overlay-color":"","overlay-opacity":"","overlay-gradient":""}},"footnotes":""},"categories":[5],"tags":[],"class_list":["post-132804","post","type-post","status-publish","format-standard","has-post-thumbnail","hentry","category-municipios"],"spectra_blocks_featured_image_url":{"thumbnail":{"url":"https:\/\/100xd.com.ar\/wp-content\/uploads\/2026\/02\/carrera-150x150.jpeg","width":150,"height":150},"medium":{"url":"https:\/\/100xd.com.ar\/wp-content\/uploads\/2026\/02\/carrera-240x300.jpeg","width":240,"height":300},"medium_large":{"url":"https:\/\/100xd.com.ar\/wp-content\/uploads\/2026\/02\/carrera-768x961.jpeg","width":768,"height":961},"large":{"url":"https:\/\/100xd.com.ar\/wp-content\/uploads\/2026\/02\/carrera-819x1024.jpeg","width":819,"height":1024},"full":{"url":"https:\/\/100xd.com.ar\/wp-content\/uploads\/2026\/02\/carrera.jpeg","width":1279,"height":1600}},"spectra_blocks_author_info":{"display_name":"Jorge Alfredo Baret","avatar_url":"https:\/\/secure.gravatar.com\/avatar\/31696f5ca83439b642450ec7d3f82f98451a5efacb414343d5478c982b337f26?s=96&d=mm&r=g","author_link":"https:\/\/100xd.com.ar\/es\/author\/jorge\/","description":"Ingeniero Qu\u00edmico UTN - Director Apoderado de Comunicaciones Auditadas SA. Editor Responsable 100xd.com.ar."},"_links":{"self":[{"href":"https:\/\/100xd.com.ar\/es\/wp-json\/wp\/v2\/posts\/132804","targetHints":{"allow":["GET"]}}],"collection":[{"href":"https:\/\/100xd.com.ar\/es\/wp-json\/wp\/v2\/posts"}],"about":[{"href":"https:\/\/100xd.com.ar\/es\/wp-json\/wp\/v2\/types\/post"}],"author":[{"embeddable":true,"href":"https:\/\/100xd.com.ar\/es\/wp-json\/wp\/v2\/users\/9"}],"replies":[{"embeddable":true,"href":"https:\/\/100xd.com.ar\/es\/wp-json\/wp\/v2\/comments?post=132804"}],"version-history":[{"count":2,"href":"https:\/\/100xd.com.ar\/es\/wp-json\/wp\/v2\/posts\/132804\/revisions"}],"predecessor-version":[{"id":132813,"href":"https:\/\/100xd.com.ar\/es\/wp-json\/wp\/v2\/posts\/132804\/revisions\/132813"}],"wp:featuredmedia":[{"embeddable":true,"href":"https:\/\/100xd.com.ar\/es\/wp-json\/wp\/v2\/media\/132805"}],"wp:attachment":[{"href":"https:\/\/100xd.com.ar\/es\/wp-json\/wp\/v2\/media?parent=132804"}],"wp:term":[{"taxonomy":"category","embeddable":true,"href":"https:\/\/100xd.com.ar\/es\/wp-json\/wp\/v2\/categories?post=132804"},{"taxonomy":"post_tag","embeddable":true,"href":"https:\/\/100xd.com.ar\/es\/wp-json\/wp\/v2\/tags?post=132804"}],"curies":[{"name":"wp","href":"https:\/\/api.w.org\/{rel}","templated":true}]}}