{"id":131451,"date":"2026-02-01T12:22:04","date_gmt":"2026-02-01T15:22:04","guid":{"rendered":"https:\/\/100xd.com.ar\/?p=131451"},"modified":"2026-02-01T12:22:04","modified_gmt":"2026-02-01T15:22:04","slug":"incendios-forestales-las-imagenes-de-la-lucha-contra-el-fuego-que-cerca-la-patagonia","status":"publish","type":"post","link":"https:\/\/100xd.com.ar\/es\/incendios-forestales-las-imagenes-de-la-lucha-contra-el-fuego-que-cerca-la-patagonia\/","title":{"rendered":"Incendios forestales: las im\u00e1genes de la lucha contra el fuego que cerca la Patagonia"},"content":{"rendered":"<p class=\"wp-block-paragraph\">La emergencia por&nbsp;<strong><a href=\"https:\/\/www.mdzol.com\/temas\/incendios-3626.html\">incendios<\/a><\/strong>&nbsp;forestales se agrav\u00f3 en distintos puntos del pa\u00eds, con m\u00faltiples focos activos en la&nbsp;<strong><a href=\"https:\/\/www.mdzol.com\/temas\/patagonia-1910.html\">Patagonia<\/a><\/strong>&nbsp;Norte y un incendio de gran magnitud en Formosa. El avance del fuego, sumado a condiciones meteorol\u00f3gicas adversas, oblig\u00f3 a desplegar operativos simult\u00e1neos y a reforzar la coordinaci\u00f3n entre fuerzas nacionales y provinciales.<\/p>\n\n\n\n<p class=\"wp-block-paragraph\">Al foco activo en el&nbsp;<a href=\"https:\/\/www.mdzol.com\/\/temas\/parque-nacional-los-alerces-55379.html\"><strong>Parque Nacional Los Alerces<\/strong><\/a>&nbsp;se sumaron alertas por incendios de diversa intensidad en los Parques Nacionales Lago Puelo, Nahuel Huapi y Lan\u00edn, todos en la Patagonia Norte. A este panorama se agreg\u00f3 un incendio de pastizales de gran intensidad en R\u00edo Pilcomayo, Formosa. La multiplicaci\u00f3n de frentes activos en zonas remotas&nbsp;<a href=\"https:\/\/www.mdzol.com\/sociedad\/incendios-forestales-refuerzan-el-operativo-los-alerces-un-escenario-critico-n1441474\" target=\"_blank\" rel=\"noreferrer noopener\">oblig\u00f3 a reconfigurar las estrategias regionales de respuesta<\/a>&nbsp;y a optimizar los recursos disponibles.<\/p>\n\n\n\n<h2 class=\"wp-block-heading\">Te Podr\u00eda Interesar<\/h2>\n\n\n\n<ul class=\"wp-block-list\"><li><a href=\"https:\/\/www.mdzol.com\/sociedad\/incendios-forestales-refuerzan-el-operativo-los-alerces-un-escenario-critico-n1441474\">Incendios forestales: refuerzan el operativo en Los Alerces ante un escenario cr\u00edtico<\/a><\/li><li><a href=\"https:\/\/www.mdzol.com\/sociedad\/refuerzos-controlar-incendios-los-milenarios-bosques-la-patagonia-n1440696\">Refuerzos para controlar incendios en los milenarios bosques de la Patagonia<\/a><\/li><\/ul>\n\n\n\n<p class=\"wp-block-paragraph\">En el Parque Nacional Los Alerces, donde el fuego ya afect\u00f3 a m\u00e1s de 15 mil hect\u00e1reas, las im\u00e1genes del operativo muestran un combate sostenido en los sectores con mayor actividad. El trabajo se desarrolla de manera conjunta entre organismos nacionales y provinciales, con una planificaci\u00f3n que se ajusta de forma permanente a las condiciones meteorol\u00f3gicas para resguardar la seguridad del personal. Las tareas se concentran principalmente en las zonas Norte y Centro del parque.<\/p>\n\n\n\n<p class=\"wp-block-paragraph\">El operativo involucra a cientos de personas y un importante apoyo a\u00e9reo, lo que se traduce en escenas de helic\u00f3pteros y aviones operando sobre \u00e1reas de dif\u00edcil acceso. A esto se suma un amplio n\u00famero de brigadistas y guardaparques que permanecen en apresto como reserva ante posibles recambios o nuevas emergencias.<\/p>\n\n\n\n<h2 class=\"wp-block-heading\">Las im\u00e1genes de la lucha contra los incendios en Los Alerces<\/h2>\n\n\n\n<figure data-spectra-id=\"spectra-33371f88-2e77-4adc-8b3c-7a7aa65c39fb\" class=\"wp-block-image\" id=\"1888026-Libre-1260308146_wrap\"><img decoding=\"async\" src=\"https:\/\/media.mdzol.com\/p\/107de6d83a337b74c0008441abad2790\/adjuntos\/373\/imagenes\/001\/879\/0001879513\/760x0\/smart\/incendios-parque-nacional-los-alerces-1.jpg\" alt=\"Incendios Parque Nacional Los Alerces 1\" title=\"Incendios forestales: las im\u00e1genes de la lucha contra el fuego que cerca la Patagonia\"\/><figcaption>Parques Nacionales<\/figcaption><\/figure>\n\n\n\n<figure data-spectra-id=\"spectra-9bc4128a-d139-4fd9-99ae-0857599c5272\" class=\"wp-block-image\" id=\"1888027-Libre-802349209_wrap\"><img decoding=\"async\" src=\"https:\/\/media.mdzol.com\/p\/3c525ace45e6651fd4e4514e071d2ce2\/adjuntos\/373\/imagenes\/001\/879\/0001879514\/760x0\/smart\/incendios-parque-nacional-los-alerces-4.jpg\" alt=\"Incendios Parque Nacional Los Alerces 4\" title=\"Incendios forestales: las im\u00e1genes de la lucha contra el fuego que cerca la Patagonia\"\/><figcaption>Parques Nacionales<\/figcaption><\/figure>\n\n\n\n<figure data-spectra-id=\"spectra-ddedbf37-c063-4fd3-821a-c9d80b3de3bc\" class=\"wp-block-image\" id=\"1888030-Libre-374445919_wrap\"><img decoding=\"async\" src=\"https:\/\/media.mdzol.com\/p\/efb4300808b45ac9aaf45f178ef06673\/adjuntos\/373\/imagenes\/001\/879\/0001879517\/760x0\/smart\/incendios-parque-nacional-los-alerces-7.jpg\" alt=\"Incendios Parque Nacional Los Alerces 7\" title=\"Incendios forestales: las im\u00e1genes de la lucha contra el fuego que cerca la Patagonia\"\/><figcaption>Parques Nacionales<\/figcaption><\/figure>\n\n\n\n<figure data-spectra-id=\"spectra-219fbdeb-90b9-4151-9448-139e5feae6b5\" class=\"wp-block-image\" id=\"1888031-Libre-1466286905_wrap\"><img decoding=\"async\" src=\"https:\/\/media.mdzol.com\/p\/b5d4fe242c2c05c9cee4d3953c32e53e\/adjuntos\/373\/imagenes\/001\/879\/0001879518\/760x0\/smart\/incendios-parque-nacional-los-alerces-6.jpg\" alt=\"Incendios Parque Nacional Los Alerces 6\" title=\"Incendios forestales: las im\u00e1genes de la lucha contra el fuego que cerca la Patagonia\"\/><figcaption>Parques Nacionales<\/figcaption><\/figure>\n\n\n\n<figure data-spectra-id=\"spectra-84d663d8-1bc0-4256-bbb7-107634865094\" class=\"wp-block-image\" id=\"1888032-Libre-1445055237_wrap\"><img decoding=\"async\" src=\"https:\/\/media.mdzol.com\/p\/389254a12822f287457b167a7fc5b85a\/adjuntos\/373\/imagenes\/001\/879\/0001879519\/760x0\/smart\/incendios-parque-nacional-los-alerces-5.jpg\" alt=\"Incendios Parque Nacional Los Alerces 5\" title=\"Incendios forestales: las im\u00e1genes de la lucha contra el fuego que cerca la Patagonia\"\/><figcaption>Parques Nacionales<\/figcaption><\/figure>\n\n\n\n<figure data-spectra-id=\"spectra-5cc0e594-480e-4261-ac73-e16f92bdb871\" class=\"wp-block-image\" id=\"1888033-Libre-1796379049_wrap\"><img decoding=\"async\" src=\"https:\/\/media.mdzol.com\/p\/ce35c910b987adb753d4ee7f6d0e9d6a\/adjuntos\/373\/imagenes\/001\/879\/0001879520\/760x0\/smart\/incendios-parque-nacional-los-alerces-3.jpg\" alt=\"Incendios Parque Nacional Los Alerces 3\" title=\"Incendios forestales: las im\u00e1genes de la lucha contra el fuego que cerca la Patagonia\"\/><figcaption>Parques Nacionales<\/figcaption><\/figure>\n\n\n\n<figure data-spectra-id=\"spectra-62a255b3-642c-4882-aaa9-006c3068bd75\" class=\"wp-block-image\" id=\"1888034-Libre-1917936366_wrap\"><img decoding=\"async\" src=\"https:\/\/media.mdzol.com\/p\/b7b971d6e6488c08ac168e423210fa2f\/adjuntos\/373\/imagenes\/001\/879\/0001879521\/760x0\/smart\/incendios-parque-nacional-los-alerces-2.jpg\" alt=\"Incendios Parque Nacional Los Alerces 2\" title=\"Incendios forestales: las im\u00e1genes de la lucha contra el fuego que cerca la Patagonia\"\/><figcaption>Parques Nacionales<\/figcaption><\/figure>\n\n\n\n<figure data-spectra-id=\"spectra-fd16cf74-5876-4cf8-8758-44b5e56bf4e0\" class=\"wp-block-image\" id=\"1888035-Libre-180208746_wrap\"><img decoding=\"async\" src=\"https:\/\/media.mdzol.com\/p\/f5dea8d7e1c2337d020194c6dcc391e3\/adjuntos\/373\/imagenes\/001\/879\/0001879522\/760x0\/smart\/incendios-parque-nacional-los-alerces-1.jpg\" alt=\"Incendios Parque Nacional Los Alerces 1\" title=\"Incendios forestales: las im\u00e1genes de la lucha contra el fuego que cerca la Patagonia\"\/><figcaption>Parques Nacionales<\/figcaption><\/figure>\n\n\n\n<p class=\"wp-block-paragraph\">Fuente<a href=\"https:\/\/www.mdzol.com\/\">: Mendoza online<\/a><\/p>","protected":false},"excerpt":{"rendered":"<p>La emergencia por&nbsp;incendios&nbsp;forestales se agrav\u00f3 en distintos puntos del pa\u00eds, con m\u00faltiples focos activos en la&nbsp;Patagonia&nbsp;Norte y un incendio de gran magnitud en Formosa. El avance del fuego, sumado a condiciones meteorol\u00f3gicas adversas, oblig\u00f3 a desplegar operativos simult\u00e1neos y a reforzar la coordinaci\u00f3n entre fuerzas nacionales y provinciales. Al foco activo en el&nbsp;Parque Nacional Los [&hellip;]<\/p>\n","protected":false},"author":9,"featured_media":131452,"comment_status":"open","ping_status":"open","sticky":false,"template":"","format":"standard","meta":{"site-sidebar-layout":"default","site-content-layout":"","ast-site-content-layout":"default","site-content-style":"default","site-sidebar-style":"default","ast-global-header-display":"","ast-banner-title-visibility":"","ast-main-header-display":"","ast-hfb-above-header-display":"","ast-hfb-below-header-display":"","ast-hfb-mobile-header-display":"","site-post-title":"","ast-breadcrumbs-content":"","ast-featured-img":"","footer-sml-layout":"","ast-disable-related-posts":"","theme-transparent-header-meta":"","adv-header-id-meta":"","stick-header-meta":"","header-above-stick-meta":"","header-main-stick-meta":"","header-below-stick-meta":"","astra-migrate-meta-layouts":"default","ast-page-background-enabled":"default","ast-page-background-meta":{"desktop":{"background-color":"","background-image":"","background-repeat":"repeat","background-position":"center center","background-size":"auto","background-attachment":"scroll","background-type":"","background-media":"","overlay-type":"","overlay-color":"","overlay-opacity":"","overlay-gradient":""},"tablet":{"background-color":"","background-image":"","background-repeat":"repeat","background-position":"center center","background-size":"auto","background-attachment":"scroll","background-type":"","background-media":"","overlay-type":"","overlay-color":"","overlay-opacity":"","overlay-gradient":""},"mobile":{"background-color":"","background-image":"","background-repeat":"repeat","background-position":"center center","background-size":"auto","background-attachment":"scroll","background-type":"","background-media":"","overlay-type":"","overlay-color":"","overlay-opacity":"","overlay-gradient":""}},"ast-content-background-meta":{"desktop":{"background-color":"var(--ast-global-color-5)","background-image":"","background-repeat":"repeat","background-position":"center center","background-size":"auto","background-attachment":"scroll","background-type":"","background-media":"","overlay-type":"","overlay-color":"","overlay-opacity":"","overlay-gradient":""},"tablet":{"background-color":"var(--ast-global-color-5)","background-image":"","background-repeat":"repeat","background-position":"center center","background-size":"auto","background-attachment":"scroll","background-type":"","background-media":"","overlay-type":"","overlay-color":"","overlay-opacity":"","overlay-gradient":""},"mobile":{"background-color":"var(--ast-global-color-5)","background-image":"","background-repeat":"repeat","background-position":"center center","background-size":"auto","background-attachment":"scroll","background-type":"","background-media":"","overlay-type":"","overlay-color":"","overlay-opacity":"","overlay-gradient":""}},"footnotes":""},"categories":[25],"tags":[],"class_list":["post-131451","post","type-post","status-publish","format-standard","has-post-thumbnail","hentry","category-destacado"],"spectra_blocks_featured_image_url":{"thumbnail":{"url":"https:\/\/100xd.com.ar\/wp-content\/uploads\/2026\/02\/inscendios-150x150.webp","width":150,"height":150},"medium":{"url":"https:\/\/100xd.com.ar\/wp-content\/uploads\/2026\/02\/inscendios-300x200.webp","width":300,"height":200},"medium_large":{"url":"https:\/\/100xd.com.ar\/wp-content\/uploads\/2026\/02\/inscendios.webp","width":760,"height":507},"large":{"url":"https:\/\/100xd.com.ar\/wp-content\/uploads\/2026\/02\/inscendios.webp","width":760,"height":507},"full":{"url":"https:\/\/100xd.com.ar\/wp-content\/uploads\/2026\/02\/inscendios.webp","width":760,"height":507}},"spectra_blocks_author_info":{"display_name":"Jorge Alfredo Baret","avatar_url":"https:\/\/secure.gravatar.com\/avatar\/31696f5ca83439b642450ec7d3f82f98451a5efacb414343d5478c982b337f26?s=96&d=mm&r=g","author_link":"https:\/\/100xd.com.ar\/es\/author\/jorge\/","description":"Ingeniero Qu\u00edmico UTN - Director Apoderado de Comunicaciones Auditadas SA. Editor Responsable 100xd.com.ar."},"_links":{"self":[{"href":"https:\/\/100xd.com.ar\/es\/wp-json\/wp\/v2\/posts\/131451","targetHints":{"allow":["GET"]}}],"collection":[{"href":"https:\/\/100xd.com.ar\/es\/wp-json\/wp\/v2\/posts"}],"about":[{"href":"https:\/\/100xd.com.ar\/es\/wp-json\/wp\/v2\/types\/post"}],"author":[{"embeddable":true,"href":"https:\/\/100xd.com.ar\/es\/wp-json\/wp\/v2\/users\/9"}],"replies":[{"embeddable":true,"href":"https:\/\/100xd.com.ar\/es\/wp-json\/wp\/v2\/comments?post=131451"}],"version-history":[{"count":1,"href":"https:\/\/100xd.com.ar\/es\/wp-json\/wp\/v2\/posts\/131451\/revisions"}],"predecessor-version":[{"id":131453,"href":"https:\/\/100xd.com.ar\/es\/wp-json\/wp\/v2\/posts\/131451\/revisions\/131453"}],"wp:featuredmedia":[{"embeddable":true,"href":"https:\/\/100xd.com.ar\/es\/wp-json\/wp\/v2\/media\/131452"}],"wp:attachment":[{"href":"https:\/\/100xd.com.ar\/es\/wp-json\/wp\/v2\/media?parent=131451"}],"wp:term":[{"taxonomy":"category","embeddable":true,"href":"https:\/\/100xd.com.ar\/es\/wp-json\/wp\/v2\/categories?post=131451"},{"taxonomy":"post_tag","embeddable":true,"href":"https:\/\/100xd.com.ar\/es\/wp-json\/wp\/v2\/tags?post=131451"}],"curies":[{"name":"wp","href":"https:\/\/api.w.org\/{rel}","templated":true}]}}