{"id":129609,"date":"2025-12-18T10:48:08","date_gmt":"2025-12-18T13:48:08","guid":{"rendered":"https:\/\/100xd.com.ar\/?p=129609"},"modified":"2025-12-18T10:48:08","modified_gmt":"2025-12-18T13:48:08","slug":"en-una-semana-clave-para-el-gobierno-villarruel-empuno-la-espada-en-el-senado","status":"publish","type":"post","link":"https:\/\/100xd.com.ar\/es\/en-una-semana-clave-para-el-gobierno-villarruel-empuno-la-espada-en-el-senado\/","title":{"rendered":"En una semana clave para el Gobierno, Villarruel empu\u00f1\u00f3 la espada en el Senado"},"content":{"rendered":"<p class=\"wp-block-paragraph\">Mientras la C\u00e1mara de Diputados trataba el Presupuesto 2026, la vicepresidenta de la Naci\u00f3n,<strong>&nbsp;Victoria Villarruel<\/strong>, recibi\u00f3 este mi\u00e9rcoles a integrantes de la Selecci\u00f3n Argentina de Combate Medieval y ensay\u00f3 junto a ellos movimientos y golpes caracter\u00edsticos de la disciplina. Las im\u00e1genes coincidieron con la etapa que deber\u00e1 afrontar en el&nbsp;<strong>Senado, donde llegar\u00e1n proyectos clave que Javier Milei busca convertir en ley. El v\u00ednculo entre ambos sigue cortado<\/strong>&nbsp;y, en ese escenario, Villarruel se prepara para convivir con la ministra de Seguridad,&nbsp;<strong>Patricia Bullrich<\/strong>, una figura que amenaza con disputarle centralidad pol\u00edtica.<a href=\"https:\/\/www.infobae.com\/politica\/2025\/12\/17\/el-impactante-ejemplo-de-una-senadora-saltena-en-medio-del-debate-sobre-la-reforma-laboral\/\" target=\"_blank\" rel=\"noreferrer noopener\">Te puede interesar:<strong>El impactante ejemplo de una senadora salte\u00f1a en medio del debate sobre la reforma laboral<\/strong><\/a><\/p>\n\n\n\n<p class=\"wp-block-paragraph\">Durante el encuentro en el Congreso, los deportistas exhibieron las medallas obtenidas en competencias internacionales frente a equipos de distintos pa\u00edses. Villarruel tambi\u00e9n se coloc\u00f3 una de las prendas distintivas del seleccionado nacional. \u201cRecib\u00ed a parte de la Selecci\u00f3n Argentina de Combate Medieval, un deporte que se practica individual y grupalmente en nuestro pa\u00eds tanto por hombres como mujeres que, munidos de armaduras, espadas y escudos, recrean las luchas cuerpo a cuerpo de la Edad Media\u201d, expres\u00f3. Luego detall\u00f3: \u201cMe mostraron las medallas ganadas en el exterior frente a equipos de todo el mundo y me permitieron vestir la prenda que distingue a nuestros combatientes medievales, que reproduce la bandera argentina con el sol de mayo\u201d.<img loading=\"lazy\" decoding=\"async\" alt=\"Los deportistas le mostraron a\" height=\"1080\" src=\"https:\/\/www.infobae.com\/resizer\/v2\/ERQQQUCKEJD47LYAZ4TKNKLWLY.jpeg?auth=264f1fbe13d6be2238338cdc0002575567476b0851727ada2b12ac7c3fa93968&amp;smart=true&amp;width=350&amp;height=197&amp;quality=85\" width=\"1920\" title=\"En una semana clave para el Gobierno, Villarruel empu\u00f1\u00f3 la espada en el Senado\">Los deportistas le mostraron a la Vicepresidenta sus medallas, escudos y espadas<\/p>\n\n\n\n<p class=\"wp-block-paragraph\">La actividad coincidi\u00f3 con una semana clave para el oficialismo. El Gobierno consigui\u00f3 durante la madrugada del jueves la media sanci\u00f3n del Presupuesto 2026 y del proyecto de Inocencia Fiscal, aunque no logr\u00f3 derogar las leyes de emergencia en discapacidad y financiamiento universitario.&nbsp;<strong>El texto aprobado pas\u00f3 al Senado, donde el bloque libertario intent\u00f3 revertir ese rev\u00e9s legislativo.<\/strong>&nbsp;Se trat\u00f3 del primer presupuesto de la gesti\u00f3n de Milei, luego de dos a\u00f1os de pr\u00f3rrogas del esquema de gastos e ingresos de 2023.<a href=\"https:\/\/www.infobae.com\/economia\/2025\/12\/18\/dolares-del-colchon-en-que-consiste-el-proyecto-de-inocencia-fiscal-que-busca-aprobar-el-gobierno\/\" target=\"_blank\" rel=\"noreferrer noopener\">Te puede interesar:<strong>\u201cD\u00f3lares del colch\u00f3n\u201d: en qu\u00e9 consiste el proyecto de Inocencia Fiscal que aprob\u00f3 Diputados<\/strong><\/a><\/p>\n\n\n\n<p class=\"wp-block-paragraph\">Para avanzar con la votaci\u00f3n en general, La Libertad Avanza reuni\u00f3 apoyos del PRO, la UCR, el MID y bloques provinciales, mientras Fuerza Patria, Encuentro Federal y la izquierda rechazaron la iniciativa. Provincias Unidas se abstuvo y jug\u00f3 un rol clave al inicio de la sesi\u00f3n, cuando Nicol\u00e1s Massot, Miguel Pichetto y un grupo de diputados de C\u00f3rdoba colaboraron para alcanzar el qu\u00f3rum.<img loading=\"lazy\" decoding=\"async\" alt=\"Villarruel junto a la Selecci\u00f3n\" height=\"1080\" src=\"https:\/\/www.infobae.com\/resizer\/v2\/ZEYWNMEQ3RAFHJLUH5KA4U3GNE.jpeg?auth=3807a74b6ebf8259517ddc13c4e9850e9c21bee70f6f53e95853f39cf3a34bc9&amp;smart=true&amp;width=350&amp;height=197&amp;quality=85\" width=\"1920\" title=\"En una semana clave para el Gobierno, Villarruel empu\u00f1\u00f3 la espada en el Senado\">Villarruel junto a la Selecci\u00f3n Argentina de Combate Medieval<\/p>\n\n\n\n<p class=\"wp-block-paragraph\">El tratamiento en la C\u00e1mara alta se desarrollar\u00e1 pr\u00f3ximamente en un contexto de tensi\u00f3n pol\u00edtica. El di\u00e1logo entre la Casa Rosada y la Presidencia del Senado, a cargo de Villarruel, permanece interrumpido. Las diferencias se profundizaron tras la salida de Guillermo Francos como interlocutor y se reflejaron en decisiones vinculadas a la pol\u00edtica salarial.<a href=\"https:\/\/www.infobae.com\/politica\/2025\/12\/18\/el-mapa-de-la-movilizacion-de-la-cgt-organizaciones-sociales-y-politicas-contra-la-reforma-laboral\/\" target=\"_blank\" rel=\"noreferrer noopener\">Te puede interesar:<strong>El mapa de la movilizaci\u00f3n de la CGT, organizaciones sociales y pol\u00edticas contra la reforma laboral<\/strong><\/a><\/p>\n\n\n\n<p class=\"wp-block-paragraph\">Los salarios del personal p\u00fablico ya generaron cruces entre el presidente Javier Milei y la vicepresidenta, en particular por el esquema de dietas que definieron los propios senadores y que no dependi\u00f3 de la titular del cuerpo. En ese marco institucional, la visita de la Selecci\u00f3n Argentina de Combate Medieval sum\u00f3 una postal inusual dentro del Palacio Legislativo.<\/p>\n\n\n\n<h3 class=\"wp-block-heading\">La historia del deporte en Argentina<\/h3>\n\n\n\n<p class=\"wp-block-paragraph\">El combate medieval se desarroll\u00f3 como disciplina deportiva con reglas espec\u00edficas y formatos variados. Con armaduras, hachas y espadas, los torneos buscaron replicar enfrentamientos cuerpo a cuerpo inspirados en cr\u00f3nicas hist\u00f3ricas. Las modalidades incluyeron duelos individuales y batallas masivas con cientos de participantes por lado, un formato que el circuito internacional consolid\u00f3 durante la \u00faltima d\u00e9cada.<\/p>\n\n\n\n<p class=\"wp-block-paragraph\">\u201cEl inicio del deporte en Argentina comenz\u00f3 a finales del 2012\u201d, relat\u00f3 Nicol\u00e1s Garc\u00eda, en di\u00e1logo con&nbsp;<a rel=\"noreferrer noopener\" href=\"https:\/\/www.infobae.com\/deportes\/2025\/01\/28\/armaduras-hachas-y-cientos-de-guerreros-combate-medieval-el-brutal-deporte-que-busca-expandirse-en-la-argentina\/\" target=\"_blank\"><strong>Infobae<\/strong><\/a>, uno de los impulsores de la actividad. \u201cNosotros practic\u00e1bamos lo que se llamaba recreaci\u00f3n medieval porque no hab\u00eda otra cosa similar en esa \u00e9poca. Nos arm\u00e1bamos una armadura y un arma, pero era una actividad recreativa entre personas que ten\u00edamos algo en com\u00fan\u201d, explic\u00f3.<img loading=\"lazy\" decoding=\"async\" alt=\"Existen combates individuales y grupales\" height=\"1280\" src=\"https:\/\/www.infobae.com\/resizer\/v2\/33LIXFWVYRADVJ53TOOUBQ7Q3Y.jpeg?auth=4dffea63f84272956c66ca509ba726a2fbe59fa6156a58130ec718264a603bd7&amp;smart=true&amp;width=350&amp;height=233&amp;quality=85\" width=\"1920\" title=\"En una semana clave para el Gobierno, Villarruel empu\u00f1\u00f3 la espada en el Senado\">Existen combates individuales y grupales<\/p>\n\n\n\n<p class=\"wp-block-paragraph\">Garc\u00eda cont\u00f3 que el contacto con experiencias extranjeras modific\u00f3 el rumbo del proyecto. \u201cEn internet empezamos a ver que se hac\u00eda en varios rincones del planeta, pero ten\u00edan algo distinto; ellos no estaban enfocados en lo cultural sino en lo deportivo, en la competencia, en el contacto f\u00edsico\u201d, dijo.<\/p>\n\n\n\n<p class=\"wp-block-paragraph\">El v\u00ednculo con la organizaci\u00f3n internacional marc\u00f3 un punto de inflexi\u00f3n. \u201cNos contactamos con la HMBIA en Europa, nos compartieron sus reglamentos, nos asesoraron y nos invitaron a participar en uno de sus torneos en 2013\u201d, record\u00f3. Ese a\u00f1o, integrantes del grupo viajaron a Francia para presenciar la Batalla de las Naciones, un certamen global con selecciones nacionales.<\/p>\n\n\n\n<p class=\"wp-block-paragraph\">\u201cArgentina obviamente no ten\u00eda una selecci\u00f3n armada, pero estar ah\u00ed nos permiti\u00f3 recolectar toda la experiencia e informaci\u00f3n\u201d, se\u00f1al\u00f3 Garc\u00eda. \u201cCuando volvimos llevamos todo lo aprendido a distintas partes del pa\u00eds, porque en nuestro grupo hab\u00eda gente de C\u00f3rdoba, de Capital Federal y de Zona Sur y Oeste de Buenos Aires. Finalmente, cada uno abri\u00f3 un club y fuimos los primeros cuatro clubes que se abrieron en Latinoam\u00e9rica\u201d, agreg\u00f3. Seg\u00fan detall\u00f3, hoy existen 20 equipos distribuidos en todo el pa\u00eds.<\/p>\n\n\n\n<p class=\"wp-block-paragraph\">Fuente: <a href=\"https:\/\/www.infobae.com\/\">Infobae.com<\/a><\/p>","protected":false},"excerpt":{"rendered":"<p>Mientras la C\u00e1mara de Diputados trataba el Presupuesto 2026, la vicepresidenta de la Naci\u00f3n,&nbsp;Victoria Villarruel, recibi\u00f3 este mi\u00e9rcoles a integrantes de la Selecci\u00f3n Argentina de Combate Medieval y ensay\u00f3 junto a ellos movimientos y golpes caracter\u00edsticos de la disciplina. Las im\u00e1genes coincidieron con la etapa que deber\u00e1 afrontar en el&nbsp;Senado, donde llegar\u00e1n proyectos clave que [&hellip;]<\/p>\n","protected":false},"author":9,"featured_media":0,"comment_status":"open","ping_status":"open","sticky":false,"template":"","format":"standard","meta":{"site-sidebar-layout":"default","site-content-layout":"","ast-site-content-layout":"default","site-content-style":"default","site-sidebar-style":"default","ast-global-header-display":"","ast-banner-title-visibility":"","ast-main-header-display":"","ast-hfb-above-header-display":"","ast-hfb-below-header-display":"","ast-hfb-mobile-header-display":"","site-post-title":"","ast-breadcrumbs-content":"","ast-featured-img":"","footer-sml-layout":"","ast-disable-related-posts":"","theme-transparent-header-meta":"","adv-header-id-meta":"","stick-header-meta":"","header-above-stick-meta":"","header-main-stick-meta":"","header-below-stick-meta":"","astra-migrate-meta-layouts":"default","ast-page-background-enabled":"default","ast-page-background-meta":{"desktop":{"background-color":"","background-image":"","background-repeat":"repeat","background-position":"center center","background-size":"auto","background-attachment":"scroll","background-type":"","background-media":"","overlay-type":"","overlay-color":"","overlay-opacity":"","overlay-gradient":""},"tablet":{"background-color":"","background-image":"","background-repeat":"repeat","background-position":"center center","background-size":"auto","background-attachment":"scroll","background-type":"","background-media":"","overlay-type":"","overlay-color":"","overlay-opacity":"","overlay-gradient":""},"mobile":{"background-color":"","background-image":"","background-repeat":"repeat","background-position":"center center","background-size":"auto","background-attachment":"scroll","background-type":"","background-media":"","overlay-type":"","overlay-color":"","overlay-opacity":"","overlay-gradient":""}},"ast-content-background-meta":{"desktop":{"background-color":"var(--ast-global-color-5)","background-image":"","background-repeat":"repeat","background-position":"center center","background-size":"auto","background-attachment":"scroll","background-type":"","background-media":"","overlay-type":"","overlay-color":"","overlay-opacity":"","overlay-gradient":""},"tablet":{"background-color":"var(--ast-global-color-5)","background-image":"","background-repeat":"repeat","background-position":"center center","background-size":"auto","background-attachment":"scroll","background-type":"","background-media":"","overlay-type":"","overlay-color":"","overlay-opacity":"","overlay-gradient":""},"mobile":{"background-color":"var(--ast-global-color-5)","background-image":"","background-repeat":"repeat","background-position":"center center","background-size":"auto","background-attachment":"scroll","background-type":"","background-media":"","overlay-type":"","overlay-color":"","overlay-opacity":"","overlay-gradient":""}},"footnotes":""},"categories":[25],"tags":[],"class_list":["post-129609","post","type-post","status-publish","format-standard","hentry","category-destacado"],"spectra_blocks_featured_image_url":null,"spectra_blocks_author_info":{"display_name":"Jorge Alfredo Baret","avatar_url":"https:\/\/secure.gravatar.com\/avatar\/31696f5ca83439b642450ec7d3f82f98451a5efacb414343d5478c982b337f26?s=96&d=mm&r=g","author_link":"https:\/\/100xd.com.ar\/es\/author\/jorge\/","description":"Ingeniero Qu\u00edmico UTN - Director Apoderado de Comunicaciones Auditadas SA. Editor Responsable 100xd.com.ar."},"_links":{"self":[{"href":"https:\/\/100xd.com.ar\/es\/wp-json\/wp\/v2\/posts\/129609","targetHints":{"allow":["GET"]}}],"collection":[{"href":"https:\/\/100xd.com.ar\/es\/wp-json\/wp\/v2\/posts"}],"about":[{"href":"https:\/\/100xd.com.ar\/es\/wp-json\/wp\/v2\/types\/post"}],"author":[{"embeddable":true,"href":"https:\/\/100xd.com.ar\/es\/wp-json\/wp\/v2\/users\/9"}],"replies":[{"embeddable":true,"href":"https:\/\/100xd.com.ar\/es\/wp-json\/wp\/v2\/comments?post=129609"}],"version-history":[{"count":1,"href":"https:\/\/100xd.com.ar\/es\/wp-json\/wp\/v2\/posts\/129609\/revisions"}],"predecessor-version":[{"id":129611,"href":"https:\/\/100xd.com.ar\/es\/wp-json\/wp\/v2\/posts\/129609\/revisions\/129611"}],"wp:attachment":[{"href":"https:\/\/100xd.com.ar\/es\/wp-json\/wp\/v2\/media?parent=129609"}],"wp:term":[{"taxonomy":"category","embeddable":true,"href":"https:\/\/100xd.com.ar\/es\/wp-json\/wp\/v2\/categories?post=129609"},{"taxonomy":"post_tag","embeddable":true,"href":"https:\/\/100xd.com.ar\/es\/wp-json\/wp\/v2\/tags?post=129609"}],"curies":[{"name":"wp","href":"https:\/\/api.w.org\/{rel}","templated":true}]}}