{"id":129305,"date":"2025-12-11T11:51:03","date_gmt":"2025-12-11T14:51:03","guid":{"rendered":"https:\/\/100xd.com.ar\/?p=129305"},"modified":"2025-12-11T11:51:03","modified_gmt":"2025-12-11T14:51:03","slug":"se-rompio-la-libertad-avanza-en-la-matanza-leila-gianni-armo-un-bloque-propio-y-la-acusaron-de-traicion","status":"publish","type":"post","link":"https:\/\/100xd.com.ar\/es\/se-rompio-la-libertad-avanza-en-la-matanza-leila-gianni-armo-un-bloque-propio-y-la-acusaron-de-traicion\/","title":{"rendered":"Se rompi\u00f3 La Libertad Avanza en La Matanza: Leila Gianni arm\u00f3 un bloque propio y la acusaron de traici\u00f3n"},"content":{"rendered":"<p class=\"wp-block-paragraph\">La interna en&nbsp;<strong>La Libertad Avanza<\/strong>&nbsp;(LLA) en&nbsp;<strong>La Matanza<\/strong>&nbsp;persiste&nbsp;<a href=\"https:\/\/www.infobae.com\/politica\/2025\/12\/07\/nuevo-equilibrio-en-el-gobierno-la-orden-de-cero-internas-que-bajaron-los-hermanos-milei-antes-de-las-extraordinarias\/\" target=\"_blank\" rel=\"noreferrer noopener\">a pesar de la tregua<\/a>&nbsp;entre los grupos identificados con la secretaria general de la Presidencia,&nbsp;<strong>Karina Milei<\/strong>, y \u201cLas Fuerzas del Cielo\u201d, representados por el asesor&nbsp;<strong>Santiago Caputo<\/strong>. En las \u00faltimas horas,&nbsp;<strong>Sebasti\u00e1n Pareja<\/strong>, el armador bonaerense de la hermana del Presidente, aval\u00f3 la decisi\u00f3n de apartar a la concejala&nbsp;<a href=\"https:\/\/www.infobae.com\/tag\/leila-gianni\/?gad_source=1&amp;gad_campaignid=20993778607&amp;gbraid=0AAAAADmqXxQNCU-YkzH-0ei4_L--jZ7d2&amp;gclid=Cj0KCQiA9OnJBhD-ARIsAPV51xPU4WBYHFECKifa6bwkQ_eSXH99B4jK4ycaEaYEupP8IEgKHGI_oT8aAmkwEALw_wcB\" target=\"_blank\" rel=\"noreferrer noopener\"><strong>Leila Gianni<\/strong><\/a>&nbsp;del espacio libertario, luego de que resolvi\u00f3 constituir un bloque propio.<a href=\"https:\/\/www.infobae.com\/politica\/2025\/12\/11\/polemica-en-tartagal-los-concejales-de-la-libertad-avanza-se-retiraron-del-recinto-y-se-negaron-a-jurar-sus-cargos\/\" target=\"_blank\" rel=\"noreferrer noopener\">Te puede interesar:<strong>Pol\u00e9mica en Tartagal: los concejales de La Libertad Avanza se retiraron del recinto y se negaron a jurar sus cargos<\/strong><\/a><\/p>\n\n\n\n<p class=\"wp-block-paragraph\">\u201c<strong>Traici\u00f3n kuka. Gianni afuera<\/strong>\u201d, dice el comunicado de redes sociales de las autoridades partidarias de LLA en la Tercera Secci\u00f3n Electoral. Para este sector, la novel concejala \u201c<strong>no pertenece, no representa ni se encuentra autorizada a hablar<\/strong>\u201d en nombre de los libertarios.https:\/\/fb5f069991d39a433c188100003f92d1.safeframe.googlesyndication.com\/safeframe\/1-0-45\/html\/container.html<\/p>\n\n\n\n<p class=\"wp-block-paragraph\">Todo se desencaden\u00f3 despu\u00e9s de que Gianni, exsubsecretaria de Legales del&nbsp;<strong>Ministerio de Capital Humano<\/strong>&nbsp;y que supo ganarse la confianza de la ministra&nbsp;<strong>Sandra Pettovello<\/strong>, decidiera separarse de la bancada oficialista de LLA para formar, junto a los dirigentes locales del PRO,&nbsp;<strong>Hern\u00e1n Finocchiaro<\/strong>&nbsp;y&nbsp;<strong>Javier Ferreyra<\/strong>, as\u00ed como al libertario&nbsp;<strong>Ricardo Lococco<\/strong>, un nuevo espacio denominado&nbsp;<strong>Alianza Libertad Republicana<\/strong>.<a href=\"https:\/\/www.infobae.com\/politica\/2025\/12\/11\/el-texto-completo-del-proyecto-de-la-reforma-laboral-de-javier-milei\/\" target=\"_blank\" rel=\"noreferrer noopener\">Te puede interesar:<strong>El texto completo del proyecto de la reforma laboral de Javier Milei<\/strong><\/a><\/p>\n\n\n\n<p class=\"wp-block-paragraph\">La l\u00ednea oficial de La Libertad Avanza, que responde a Pareja, advirti\u00f3 que la ruptura fue una decisi\u00f3n \u201c<strong>deliberada<\/strong>\u201d y su paso por el partido como \u201cmeramente circunstancial y electoral, sin militancia ni construcci\u00f3n territorial real\u201d. Adem\u00e1s, cuestionaron que Gianni \u201c<strong>no posee domicilio en La Matanza<\/strong>\u201d y que actu\u00f3 con el objetivo de \u201cgenerar divisi\u00f3n interna\u201d. El texto lleva la firma de&nbsp;<strong>Lorena Ramos<\/strong>, presidenta del bloque libertario matancero, y los concejales&nbsp;<strong>Gabriel Chaile&nbsp;<\/strong>y&nbsp;<strong>Jimena Alonso.<\/strong><\/p>\n\n\n\n<p class=\"wp-block-paragraph\">En su descargo, Gianni ratific\u00f3 su pertenencia al espacio mile\u00edsta, pero confirm\u00f3 la creaci\u00f3n de su nuevo bloque. \u201cPara los operadores seriales les cuento: no me fui a ning\u00fan lado\u201d, anticip\u00f3 Gianni, al mismo tiempo que reafirm\u00f3 estar \u201csiempre de la mano de nuestro presidente, nuestro Le\u00f3n\u201d. \u201cEsta determinaci\u00f3n no responde a diferencias personales, sino a una realidad que&nbsp;<strong>se hizo evidente en el funcionamiento y conformaci\u00f3n de equipos<\/strong>\u201d, argument\u00f3.<a href=\"https:\/\/www.infobae.com\/politica\/2025\/12\/11\/como-se-reordeno-el-pro-a-nivel-nacional-bonaerense-y-porteno-los-focos-de-poder-y-la-relacion-dispar-con-lla\/\" target=\"_blank\" rel=\"noreferrer noopener\">Te puede interesar:<strong>C\u00f3mo se reorden\u00f3 el PRO a nivel nacional, bonaerense y porte\u00f1o: los focos de poder y la relaci\u00f3n dispar con LLA<\/strong><\/a><img loading=\"lazy\" decoding=\"async\" alt=\"El descargo de la concejala\" height=\"2519\" src=\"https:\/\/www.infobae.com\/resizer\/v2\/NYTMMUYA5RFOBBGRDC4MZQN4BY.jpg?auth=c15333e3ec6ba014a04f80bb51f1c12583e017f2a9c67c58e7a4f0f2b16b720b&amp;smart=true&amp;width=350&amp;height=459&amp;quality=85\" width=\"1920\" title=\"Se rompi\u00f3 La Libertad Avanza en La Matanza: Leila Gianni arm\u00f3 un bloque propio y la acusaron de traici\u00f3n\">El descargo de la concejala<\/p>\n\n\n\n<p class=\"wp-block-paragraph\">Seg\u00fan explic\u00f3 la principal candidata libertaria de La Matanza en las elecciones bonaerense del 7 de septiembre, la ruptura se origin\u00f3 a partir que en los \u00faltimos meses \u201c<strong>no era posible desarrollar la labor legislativa de manera plena<\/strong>, ya que se impon\u00edan pr\u00e1cticas y modos de conducci\u00f3n que no comparto y que dificultaban avanzar en proyectos, propuestas y debates necesarios para nuestros vecinos\u201d.<\/p>\n\n\n\n<p class=\"wp-block-paragraph\">\u201cSiguiendo el ejemplo de Javier Milei, priorizo la honestidad y la defensa innegociable de las ideas de la libertad. Mi voz, mis proyectos y mi trabajo estar\u00e1n al servicio exclusivo de los matanceros, sin condicionamientos\u201d, sostuvo.<img loading=\"lazy\" decoding=\"async\" alt=\"Karina Milei, Javier Milei y\" height=\"1080\" src=\"https:\/\/www.infobae.com\/resizer\/v2\/VDV32KLN5RA5HCWTUX57JD6DKM.jpg?auth=a32c947d201d226756ad9ecc0eb058c8ecf95e58caf742607cf502a4259ca422&amp;smart=true&amp;width=350&amp;height=197&amp;quality=85\" width=\"1920\" title=\"Se rompi\u00f3 La Libertad Avanza en La Matanza: Leila Gianni arm\u00f3 un bloque propio y la acusaron de traici\u00f3n\">Karina Milei, Javier Milei y Leila Gianni, en un acto de campa\u00f1a de La Libertad Avanza (@Leigianni)<\/p>\n\n\n\n<p class=\"wp-block-paragraph\">De acuerdo a quienes conocen la interna, Gianni sell\u00f3 una alianza con representantes cercanos al&nbsp;<strong>PRO<\/strong>, como&nbsp;<strong>Cristian Ritondo<\/strong>, y se distanci\u00f3 del sector liderado por&nbsp;<strong>Luis Ontiveros<\/strong>, un dirigente de confianza de Pareja. La ahora concejala obtuvo su candidatura por su cercan\u00eda con Pettovello y el presidente Milei.<\/p>\n\n\n\n<p class=\"wp-block-paragraph\">Durante el proceso electoral, Gianni ya hab\u00eda manifestado desacuerdos con el esquema comandado por Ontiveros, alegando un boicot a su postulaci\u00f3n, incluso por ser excluida de actividades partidarias y limitaciones en la designaci\u00f3n de fiscales para el d\u00eda de la elecci\u00f3n.<\/p>\n\n\n\n<p class=\"wp-block-paragraph\">Los desacuerdos se intensificaron a partir de las negociaciones frustradas para definir la presidencia del bloque libertario en el&nbsp;<strong>Concejo Deliberante<\/strong>&nbsp;de La Matanza: la l\u00ednea oficial pretend\u00eda ubicar como titular a&nbsp;<strong>Lorena Ramos<\/strong>, pareja de Ontiveros, mientras Gianni buscaba ese puesto para s\u00ed, o, en su defecto, la vicepresidencia del cuerpo deliberativo, ambas alternativas finalmente vetadas.Leila Gianni se da la mano con el intendente Fernando Espinoza<\/p>\n\n\n\n<p class=\"wp-block-paragraph\">Con esa estrategia, finalmente su bloque,&nbsp;<strong>Alianza Libertad Republicana<\/strong>, accedi\u00f3 a la vicepresidencia del Concejo, desplazando a la bancada oficialista de LLA liderada por Ramos.<\/p>\n\n\n\n<p class=\"wp-block-paragraph\">Los cruces entre ambos sectores generaron cortocircuitos, incluso con reproches del entorno m\u00e1s cercano al Presidente. La diputada&nbsp;<strong>Lilia Lemoine<\/strong>, que reporta directamente a los hermanos Milei, defendi\u00f3 a Gianni y desautoriz\u00f3 el comunicado de LLA de la Tercera Secci\u00f3n Electoral. \u201c<strong>Los concejales no pueden echarse entre s\u00ed<\/strong>&#8230; no s\u00e9 qui\u00e9n es el retrasado que arm\u00f3 ese comunicado, pero si fuera real, el que lo escribi\u00f3 no est\u00e1 respetando lo que Pareja nos pidi\u00f3 a todos en Mar del Plata\u201d, reproch\u00f3 la legisladora nacional con un mensaje insultante, desde su cuenta personal. Incluso apunt\u00f3 contra una de sus firmantes. \u201cQue sorpresa, la tal Ramos me ten\u00eda bloqueada preventivamente. Yo me entero de que alguno de esos tres no vota como corresponde y les espera un infierno&#8230;\u201d, aclar\u00f3 en otro posteo.<img loading=\"lazy\" decoding=\"async\" alt=\"La defensa de Lilia Lemoine\" height=\"1001\" src=\"https:\/\/www.infobae.com\/resizer\/v2\/R5DSD7X6GVFVLHB2MVN6TQADUA.jpg?auth=230571cb1befa491733d27dcab533d4a80350092a88f10e24659857c0ad8d01d&amp;smart=true&amp;width=350&amp;height=182&amp;quality=85\" width=\"1920\" title=\"Se rompi\u00f3 La Libertad Avanza en La Matanza: Leila Gianni arm\u00f3 un bloque propio y la acusaron de traici\u00f3n\">La defensa de Lilia Lemoine a Leila Gianni<\/p>\n\n\n\n<p class=\"wp-block-paragraph\">En medio de estos cruces, los sectores cr\u00edticos de Gianni hicieron viralizar el saludo de la concejal con el intendente peronista de La Matanza,&nbsp;<strong>Fernando Espinoza<\/strong>, tras la jura en el&nbsp;<strong>Concejo deliberante<\/strong>.<\/p>\n\n\n\n<p class=\"wp-block-paragraph\">\u201cPara los que operan con el saludo,\u00a0<strong>fue un saludo protocolar\u00a0<\/strong>como se hizo con el resto de los concejales opositores a Fernandito. Me pregunto por qu\u00e9 no cuestionan c\u00f3mo saludo al resto de los concejales, que incluso posaron en una foto con sus familiares. Claramente es una operaci\u00f3n m\u00e1s en contra m\u00edo\u201d, comparti\u00f3 la abogada en una publicaci\u00f3n en X.<\/p>\n\n\n\n<p class=\"wp-block-paragraph\">Fuente: <a href=\"https:\/\/www.infobae.com\/\">Infobae.com<\/a><\/p>","protected":false},"excerpt":{"rendered":"<p>La interna en&nbsp;La Libertad Avanza&nbsp;(LLA) en&nbsp;La Matanza&nbsp;persiste&nbsp;a pesar de la tregua&nbsp;entre los grupos identificados con la secretaria general de la Presidencia,&nbsp;Karina Milei, y \u201cLas Fuerzas del Cielo\u201d, representados por el asesor&nbsp;Santiago Caputo. En las \u00faltimas horas,&nbsp;Sebasti\u00e1n Pareja, el armador bonaerense de la hermana del Presidente, aval\u00f3 la decisi\u00f3n de apartar a la concejala&nbsp;Leila Gianni&nbsp;del espacio [&hellip;]<\/p>\n","protected":false},"author":9,"featured_media":0,"comment_status":"open","ping_status":"open","sticky":false,"template":"","format":"standard","meta":{"site-sidebar-layout":"default","site-content-layout":"","ast-site-content-layout":"default","site-content-style":"default","site-sidebar-style":"default","ast-global-header-display":"","ast-banner-title-visibility":"","ast-main-header-display":"","ast-hfb-above-header-display":"","ast-hfb-below-header-display":"","ast-hfb-mobile-header-display":"","site-post-title":"","ast-breadcrumbs-content":"","ast-featured-img":"","footer-sml-layout":"","ast-disable-related-posts":"","theme-transparent-header-meta":"","adv-header-id-meta":"","stick-header-meta":"","header-above-stick-meta":"","header-main-stick-meta":"","header-below-stick-meta":"","astra-migrate-meta-layouts":"default","ast-page-background-enabled":"default","ast-page-background-meta":{"desktop":{"background-color":"","background-image":"","background-repeat":"repeat","background-position":"center center","background-size":"auto","background-attachment":"scroll","background-type":"","background-media":"","overlay-type":"","overlay-color":"","overlay-opacity":"","overlay-gradient":""},"tablet":{"background-color":"","background-image":"","background-repeat":"repeat","background-position":"center center","background-size":"auto","background-attachment":"scroll","background-type":"","background-media":"","overlay-type":"","overlay-color":"","overlay-opacity":"","overlay-gradient":""},"mobile":{"background-color":"","background-image":"","background-repeat":"repeat","background-position":"center center","background-size":"auto","background-attachment":"scroll","background-type":"","background-media":"","overlay-type":"","overlay-color":"","overlay-opacity":"","overlay-gradient":""}},"ast-content-background-meta":{"desktop":{"background-color":"var(--ast-global-color-5)","background-image":"","background-repeat":"repeat","background-position":"center center","background-size":"auto","background-attachment":"scroll","background-type":"","background-media":"","overlay-type":"","overlay-color":"","overlay-opacity":"","overlay-gradient":""},"tablet":{"background-color":"var(--ast-global-color-5)","background-image":"","background-repeat":"repeat","background-position":"center center","background-size":"auto","background-attachment":"scroll","background-type":"","background-media":"","overlay-type":"","overlay-color":"","overlay-opacity":"","overlay-gradient":""},"mobile":{"background-color":"var(--ast-global-color-5)","background-image":"","background-repeat":"repeat","background-position":"center center","background-size":"auto","background-attachment":"scroll","background-type":"","background-media":"","overlay-type":"","overlay-color":"","overlay-opacity":"","overlay-gradient":""}},"footnotes":""},"categories":[2],"tags":[],"class_list":["post-129305","post","type-post","status-publish","format-standard","hentry","category-politica"],"spectra_blocks_featured_image_url":null,"spectra_blocks_author_info":{"display_name":"Jorge Alfredo Baret","avatar_url":"https:\/\/secure.gravatar.com\/avatar\/31696f5ca83439b642450ec7d3f82f98451a5efacb414343d5478c982b337f26?s=96&d=mm&r=g","author_link":"https:\/\/100xd.com.ar\/es\/author\/jorge\/","description":"Ingeniero Qu\u00edmico UTN - Director Apoderado de Comunicaciones Auditadas SA. Editor Responsable 100xd.com.ar."},"_links":{"self":[{"href":"https:\/\/100xd.com.ar\/es\/wp-json\/wp\/v2\/posts\/129305","targetHints":{"allow":["GET"]}}],"collection":[{"href":"https:\/\/100xd.com.ar\/es\/wp-json\/wp\/v2\/posts"}],"about":[{"href":"https:\/\/100xd.com.ar\/es\/wp-json\/wp\/v2\/types\/post"}],"author":[{"embeddable":true,"href":"https:\/\/100xd.com.ar\/es\/wp-json\/wp\/v2\/users\/9"}],"replies":[{"embeddable":true,"href":"https:\/\/100xd.com.ar\/es\/wp-json\/wp\/v2\/comments?post=129305"}],"version-history":[{"count":1,"href":"https:\/\/100xd.com.ar\/es\/wp-json\/wp\/v2\/posts\/129305\/revisions"}],"predecessor-version":[{"id":129307,"href":"https:\/\/100xd.com.ar\/es\/wp-json\/wp\/v2\/posts\/129305\/revisions\/129307"}],"wp:attachment":[{"href":"https:\/\/100xd.com.ar\/es\/wp-json\/wp\/v2\/media?parent=129305"}],"wp:term":[{"taxonomy":"category","embeddable":true,"href":"https:\/\/100xd.com.ar\/es\/wp-json\/wp\/v2\/categories?post=129305"},{"taxonomy":"post_tag","embeddable":true,"href":"https:\/\/100xd.com.ar\/es\/wp-json\/wp\/v2\/tags?post=129305"}],"curies":[{"name":"wp","href":"https:\/\/api.w.org\/{rel}","templated":true}]}}