{"id":128992,"date":"2025-12-04T11:01:46","date_gmt":"2025-12-04T14:01:46","guid":{"rendered":"https:\/\/100xd.com.ar\/?p=128992"},"modified":"2025-12-04T11:01:46","modified_gmt":"2025-12-04T14:01:46","slug":"los-aviones-de-combate-f-16-haran-un-vuelo-rasante-el-domingo-sobre-la-ciudad-de-buenos-aires","status":"publish","type":"post","link":"https:\/\/100xd.com.ar\/es\/los-aviones-de-combate-f-16-haran-un-vuelo-rasante-el-domingo-sobre-la-ciudad-de-buenos-aires\/","title":{"rendered":"Los aviones de combate F-16 har\u00e1n un vuelo rasante el domingo sobre la ciudad de Buenos Aires"},"content":{"rendered":"<p class=\"wp-block-paragraph\">82<\/p>\n\n\n\n<hr class=\"wp-block-separator\"\/>\n\n\n\n<p class=\"wp-block-paragraph\"><em><\/em><em><\/em><em><\/em><em><\/em><em><\/em><\/p>\n\n\n\n<p class=\"wp-block-paragraph\">Los aviones supers\u00f3nicos F-16, que llegar\u00e1n este viernes al&nbsp;<strong>\u00c1rea Material R\u00edo Cuarto,<\/strong>&nbsp;en la provincia de C\u00f3rdoba, har\u00e1n el domingo&nbsp;<strong>un vuelo rasante sobre la ciudad de Buenos Aires,&nbsp;<\/strong>entre las 8 y las 8.45., para que la poblaci\u00f3n pueda apreciar su potencial y capacidad.<\/p>\n\n\n\n<p class=\"wp-block-paragraph\">As\u00ed lo inform\u00f3 el Ministerio de Defensa, al anunciar que el presidente Javier Milei encabezar\u00e1 el mismo domingo, a las 9, el acto oficial de recepci\u00f3n de los seis aviones de combate adquiridos a Dinamarca, que se har\u00e1 en el \u00c1rea Material R\u00edo Cuarto, una unidad de la Fuerza A\u00e9rea Argentina.<\/p>\n\n\n\n<p class=\"wp-block-paragraph\">El objetivo de la exhibici\u00f3n de los aviones en el aire es que&nbsp;<strong>\u201clos argentinos puedan presenciar el despliegue<\/strong>&nbsp;de estas aeronaves que representan un salto hist\u00f3rico en la capacidad disuasiva del pa\u00eds\u201d, explicaron las autoridades del ministerio.<\/p>\n\n\n\n<p class=\"wp-block-paragraph\">Las aeronaves arribar\u00e1n al pa\u00eds el viernes y ser\u00e1n recibidas en R\u00edo Cuarto por el ministro de Defensa,&nbsp;<strong>Luis Petri,<\/strong>&nbsp;quien expres\u00f3 su satisfacci\u00f3n por la llegada de los aviones de guerra y destac\u00f3 el acontecimiento como&nbsp;<strong>\u201cun hito estrat\u00e9gico<\/strong>&nbsp;que consolida la recuperaci\u00f3n de la capacidad de intersecci\u00f3n supers\u00f3nica y fortalece la defensa del espacio a\u00e9reo nacional.<\/p>\n\n\n\n<p class=\"wp-block-paragraph\">Las seis aeronaves de combate \u2013cuatro bplazas y dos monoplazas- forman parte del&nbsp;<strong>lote de 24 aviones adquiridos a Dinamarca,<\/strong>&nbsp;equipados con un&nbsp;<strong>sistema de armas provisto por los Estados Unidos.<\/strong>&nbsp;El costo total de las adquisiciones asciende a 650 millones de d\u00f3lares.<\/p>\n\n\n\n<figure data-spectra-id=\"spectra-9affb389-ab43-42f0-8840-57f77b243623\" class=\"wp-block-image\"><img decoding=\"async\" src=\"https:\/\/resizer.glanacion.com\/resizer\/v2\/el-ministro-de-defensa-luis-petri-concluira-su-SNAU7QV5WFBYXLMQMDOWVB3CJY.jpg?auth=64a32f931e5b96366952f869899fdfa35472e720876d2382e6e2e2541834c7c0&amp;width=420&amp;height=281&amp;quality=70&amp;smart=true\" alt=\"El ministro de Defensa, Luis Petri, concluir\u00e1 su gesti\u00f3n con la incorporaci\u00f3n de los aviones F-16\" title=\"Los aviones de combate F-16 har\u00e1n un vuelo rasante el domingo sobre la ciudad de Buenos Aires\" \/><figcaption>El ministro de Defensa, Luis Petri, concluir\u00e1 su gesti\u00f3n con la incorporaci\u00f3n de los aviones F-16@luispetri<\/figcaption><\/figure>\n\n\n\n<h2 class=\"wp-block-heading\">Los vuelos rasantes<\/h2>\n\n\n\n<p class=\"wp-block-paragraph\">Seg\u00fan inform\u00f3 el Ministerio de Defensa, la escuadrilla de las primeras aeronaves F-16 llegar\u00e1n a la ciudad de Buenos Aires desde el noroeste, procedentes del \u00c1rea Militar R\u00edo Cuarto, y sobrevolar\u00e1n a 600 metros de altura sobre el R\u00edo de la Plata.&nbsp;<strong>Pasar\u00e1n por la Casa Rosada y la Avenida de Mayo hasta la plaza Miserere.<\/strong>&nbsp;Tambi\u00e9n volar\u00e1n sobre el espacio a\u00e9reo por encima de la avenida 9 de Julio.<\/p>\n\n\n\n<p class=\"wp-block-paragraph\">Al celebrar la incorporaci\u00f3n de los F-16, el Ministerio de Defensa inform\u00f3 que \u201cestos aviones, potentes y \u00e1giles, han sido&nbsp;<strong>modernizados para equipararse a los cazas de cuarta generaci\u00f3n<\/strong>&nbsp;con las \u00faltimas innovaciones en sensores y capacidades de intercambio de datos.<\/p>\n\n\n\n<p class=\"wp-block-paragraph\">\u201cSon capaces de integrarse en el&nbsp;<strong>campo de batalla moderno<\/strong>, listas para operar en un entorno centrado en redes, con una&nbsp;<strong>mayor capacidad de supervivencia<\/strong>&nbsp;gracias a su avanzado sistema de guerra electr\u00f3nica y un paquete de armamento sin igual\u201d, se\u00f1al\u00f3 la explicaci\u00f3n oficial.<\/p>\n\n\n\n<p class=\"wp-block-paragraph\">Se a\u00f1ade que ello permite a los F-16 desarrollar\u00a0<strong>\u201cuna verdadera capacidad multirol,\u00a0<\/strong>realizando diversas misiones, como defensa antia\u00e9rea, supresi\u00f3n de defensas a\u00e9reas enemigas, ataque mar\u00edtimo, interdicci\u00f3n a\u00e9rea, designaci\u00f3n din\u00e1mica de objetivos e inteligencia, vigilancia y reconocimiento no tradicionales\u201d.<\/p>\n\n\n\n<p class=\"wp-block-paragraph\">Por\u00a0<a href=\"https:\/\/www.lanacion.com.ar\/autor\/mariano-de-vedia-156\/\"><strong>Mariano De Vedia<\/strong><\/a><\/p>\n\n\n\n<p class=\"wp-block-paragraph\">Fuente: <a href=\"https:\/\/www.lanacion.com.ar\/\">La Naci\u00f3n<\/a><\/p>","protected":false},"excerpt":{"rendered":"<p>82 Los aviones supers\u00f3nicos F-16, que llegar\u00e1n este viernes al&nbsp;\u00c1rea Material R\u00edo Cuarto,&nbsp;en la provincia de C\u00f3rdoba, har\u00e1n el domingo&nbsp;un vuelo rasante sobre la ciudad de Buenos Aires,&nbsp;entre las 8 y las 8.45., para que la poblaci\u00f3n pueda apreciar su potencial y capacidad. As\u00ed lo inform\u00f3 el Ministerio de Defensa, al anunciar que el presidente [&hellip;]<\/p>\n","protected":false},"author":9,"featured_media":0,"comment_status":"open","ping_status":"open","sticky":false,"template":"","format":"standard","meta":{"site-sidebar-layout":"default","site-content-layout":"","ast-site-content-layout":"default","site-content-style":"default","site-sidebar-style":"default","ast-global-header-display":"","ast-banner-title-visibility":"","ast-main-header-display":"","ast-hfb-above-header-display":"","ast-hfb-below-header-display":"","ast-hfb-mobile-header-display":"","site-post-title":"","ast-breadcrumbs-content":"","ast-featured-img":"","footer-sml-layout":"","ast-disable-related-posts":"","theme-transparent-header-meta":"","adv-header-id-meta":"","stick-header-meta":"","header-above-stick-meta":"","header-main-stick-meta":"","header-below-stick-meta":"","astra-migrate-meta-layouts":"default","ast-page-background-enabled":"default","ast-page-background-meta":{"desktop":{"background-color":"","background-image":"","background-repeat":"repeat","background-position":"center center","background-size":"auto","background-attachment":"scroll","background-type":"","background-media":"","overlay-type":"","overlay-color":"","overlay-opacity":"","overlay-gradient":""},"tablet":{"background-color":"","background-image":"","background-repeat":"repeat","background-position":"center center","background-size":"auto","background-attachment":"scroll","background-type":"","background-media":"","overlay-type":"","overlay-color":"","overlay-opacity":"","overlay-gradient":""},"mobile":{"background-color":"","background-image":"","background-repeat":"repeat","background-position":"center center","background-size":"auto","background-attachment":"scroll","background-type":"","background-media":"","overlay-type":"","overlay-color":"","overlay-opacity":"","overlay-gradient":""}},"ast-content-background-meta":{"desktop":{"background-color":"var(--ast-global-color-5)","background-image":"","background-repeat":"repeat","background-position":"center center","background-size":"auto","background-attachment":"scroll","background-type":"","background-media":"","overlay-type":"","overlay-color":"","overlay-opacity":"","overlay-gradient":""},"tablet":{"background-color":"var(--ast-global-color-5)","background-image":"","background-repeat":"repeat","background-position":"center center","background-size":"auto","background-attachment":"scroll","background-type":"","background-media":"","overlay-type":"","overlay-color":"","overlay-opacity":"","overlay-gradient":""},"mobile":{"background-color":"var(--ast-global-color-5)","background-image":"","background-repeat":"repeat","background-position":"center center","background-size":"auto","background-attachment":"scroll","background-type":"","background-media":"","overlay-type":"","overlay-color":"","overlay-opacity":"","overlay-gradient":""}},"footnotes":""},"categories":[25],"tags":[],"class_list":["post-128992","post","type-post","status-publish","format-standard","hentry","category-destacado"],"spectra_blocks_featured_image_url":null,"spectra_blocks_author_info":{"display_name":"Jorge Alfredo Baret","avatar_url":"https:\/\/secure.gravatar.com\/avatar\/31696f5ca83439b642450ec7d3f82f98451a5efacb414343d5478c982b337f26?s=96&d=mm&r=g","author_link":"https:\/\/100xd.com.ar\/es\/author\/jorge\/","description":"Ingeniero Qu\u00edmico UTN - Director Apoderado de Comunicaciones Auditadas SA. Editor Responsable 100xd.com.ar."},"_links":{"self":[{"href":"https:\/\/100xd.com.ar\/es\/wp-json\/wp\/v2\/posts\/128992","targetHints":{"allow":["GET"]}}],"collection":[{"href":"https:\/\/100xd.com.ar\/es\/wp-json\/wp\/v2\/posts"}],"about":[{"href":"https:\/\/100xd.com.ar\/es\/wp-json\/wp\/v2\/types\/post"}],"author":[{"embeddable":true,"href":"https:\/\/100xd.com.ar\/es\/wp-json\/wp\/v2\/users\/9"}],"replies":[{"embeddable":true,"href":"https:\/\/100xd.com.ar\/es\/wp-json\/wp\/v2\/comments?post=128992"}],"version-history":[{"count":1,"href":"https:\/\/100xd.com.ar\/es\/wp-json\/wp\/v2\/posts\/128992\/revisions"}],"predecessor-version":[{"id":128994,"href":"https:\/\/100xd.com.ar\/es\/wp-json\/wp\/v2\/posts\/128992\/revisions\/128994"}],"wp:attachment":[{"href":"https:\/\/100xd.com.ar\/es\/wp-json\/wp\/v2\/media?parent=128992"}],"wp:term":[{"taxonomy":"category","embeddable":true,"href":"https:\/\/100xd.com.ar\/es\/wp-json\/wp\/v2\/categories?post=128992"},{"taxonomy":"post_tag","embeddable":true,"href":"https:\/\/100xd.com.ar\/es\/wp-json\/wp\/v2\/tags?post=128992"}],"curies":[{"name":"wp","href":"https:\/\/api.w.org\/{rel}","templated":true}]}}