{"id":128175,"date":"2025-11-17T11:04:35","date_gmt":"2025-11-17T14:04:35","guid":{"rendered":"https:\/\/100xd.com.ar\/?p=128175"},"modified":"2025-11-17T11:04:35","modified_gmt":"2025-11-17T14:04:35","slug":"el-peligroso-laberinto-de-las-armas-que-terminan-en-brasil","status":"publish","type":"post","link":"https:\/\/100xd.com.ar\/es\/el-peligroso-laberinto-de-las-armas-que-terminan-en-brasil\/","title":{"rendered":"El peligroso laberinto de las armas que terminan en Brasil"},"content":{"rendered":"<p class=\"wp-block-paragraph\">El perjuicio econ\u00f3mico es un peque\u00f1o engranaje de lo que mueve la corrupci\u00f3n. La maquinaria es m\u00e1s compleja y abarca otras facetas. En la Justicia esto se ve de manera m\u00e1s clara, como ocurri\u00f3 en&nbsp;<strong>Rosario<\/strong>&nbsp;con el exjuez federal&nbsp;<strong>Marcelo Bailaque<\/strong>, detenido actualmente en su casa, tras renunciar el 1\u00b0 de julio pasado. Este exmagistrado est\u00e1 acusado de encubrir al jefe narco&nbsp;<strong>Esteban Alvarado<\/strong>&nbsp;y de cobrar coimas por 200.000 d\u00f3lares a partir de una extorsi\u00f3n contra un financista, entre otras causas. Reci\u00e9n ahora empieza a verse la dimensi\u00f3n de las maniobras que contribuyeron a que Rosario fuera golpeada por un&nbsp;<mark>crecimiento del crimen organizado<\/mark>&nbsp;y una violencia extrema.<\/p>\n\n\n\n<p class=\"wp-block-paragraph\">Una de esas facetas es lo que ocurri\u00f3 a partir de 2011 con el robo de fusiles FAL del Batall\u00f3n 603, ubicado en&nbsp;<strong>Fray Luis Beltr\u00e1n<\/strong>, a 15 kil\u00f3metros de Rosario.&nbsp;<mark>Se calcula que se sustrajeron 450 fusiles<\/mark>. Uno de ellos, seg\u00fan public\u00f3 LA NACION el 30 de octubre pasado, apareci\u00f3 entre las armas incautadas a&nbsp;<strong>Comando Vermelho<\/strong>&nbsp;en el sangriento enfrentamiento entre este grupo criminal y las fuerzas de seguridad en la favela Penha, en&nbsp;<strong>R\u00edo de Janeiro<\/strong>, que dej\u00f3 un saldo de m\u00e1s de 100 muertos.<\/p>\n\n\n\n<p class=\"wp-block-paragraph\">Bailaque nunca investig\u00f3 el robo de estas armas del Batall\u00f3n 603. Despu\u00e9s de su renuncia, el 1\u00b0 de julio pasado, aceptada por el presidente&nbsp;<strong>Javier Milei<\/strong>, esta causa fue \u201cencontrada\u201d por el fiscal federal&nbsp;<strong>Javier Arzubi Calvo<\/strong>, quien pidi\u00f3 el procesamiento de siete militares. En el momento en que se produjo el robo de este armamento, que seg\u00fan se sospecha termin\u00f3 en Brasil, el ministro de Defensa era&nbsp;<strong>Arturo Puricelli<\/strong>, quien ten\u00eda una amistad con el magistrado, que vivi\u00f3 en la provincia de&nbsp;<strong>Santa Cruz<\/strong>, donde ocup\u00f3 el cargo de juez de instrucci\u00f3n hasta 2008, cuando asumi\u00f3 como magistrado federal en Rosario.<\/p>\n\n\n\n<p class=\"wp-block-paragraph\">Esa causa del robo de armas a gran escala dej\u00f3 al descubierto el desmanejo que exist\u00eda en \u00e1reas claves, como la defensa. Al no investigar este problema, las sustracciones de armas y municiones nunca se interrumpieron. En 2014 se detect\u00f3, como revel\u00f3 LA NACION, un faltante de municiones calibre 9 mm, que, seg\u00fan el inventario del&nbsp;<strong>Ministerio de Defensa<\/strong>&nbsp;de la Naci\u00f3n, en ese momento a cargo de&nbsp;<strong>Agust\u00edn Rossi<\/strong>, fue de 19.600 balas de ese calibre y 800 de calibre 32. Ese caso, que se inici\u00f3 por una denuncia de esa cartera, termin\u00f3 con el procesamiento de cinco militares.<\/p>\n\n\n\n<p class=\"wp-block-paragraph\">El&nbsp;<mark>robo de fusiles FAL y de municiones<\/mark>&nbsp;no fue la \u00fanica causa que qued\u00f3 en el olvido, sin investigar, por distintas razones. Una auditor\u00eda del Ministerio de Defensa detect\u00f3 en 2016 irregularidades en m\u00e1s de 12 millones de municiones y fulminantes en&nbsp;<strong>Fabricaciones Militares<\/strong>&nbsp;de Fray Luis Beltr\u00e1n, pero tres a\u00f1os despu\u00e9s la Justicia Federal archiv\u00f3 la causa al reconocer que no se pudo establecer el destino del material b\u00e9lico ni cuantificar el perjuicio al Estado. El juez a cargo de ese caso era Marcelo Bailaque. El caso expuso las contradicciones de un sistema que cerr\u00f3 un expediente sobre armamento sin investigar a fondo un entramado de registros paralelos, transferencias irregulares y dep\u00f3sitos clandestinos que la propia auditor\u00eda hab\u00eda calificado como \u201cdiscrecional y opaco\u201d.<\/p>\n\n\n\n<p class=\"wp-block-paragraph\">Este entramado que persiste en el tiempo, acorralado por la complicidad y la impunidad, tiene hoy una gravedad mayor, porque est\u00e1 comprobado, seg\u00fan la investigaci\u00f3n period\u00edstica que realiz\u00f3 este diario, que parte de ese armamento termin\u00f3 en manos de los dos principales grupos criminales de Am\u00e9rica latina, como&nbsp;<strong>Primer Comando Capital&nbsp;<\/strong>(<strong>PCC<\/strong>) y Comando Vermelho.<\/p>\n\n\n\n<p class=\"wp-block-paragraph\">En septiembre de 2024, uno de los blancos elegidos por el PCC era el secretario de Seguridad P\u00fablica del Estado de San Pablo,&nbsp;<strong>Guilherme Derrite<\/strong>. Este expolic\u00eda militar, que se transform\u00f3 en funcionario del Partido Republicano, aliado de&nbsp;<strong>Jair Bolsonaro<\/strong>, hab\u00eda impulsado leyes m\u00e1s duras contra el crimen organizado; entre ellas, la eliminaci\u00f3n de las llamadas \u201csaidinhas\u201d, las salidas transitorias de presos en fiestas de fin de a\u00f1o. Esto fue lo que llev\u00f3 a PCC a planear su muerte.<\/p>\n\n\n\n<p class=\"wp-block-paragraph\">El 2 de septiembre del a\u00f1o pasado, la Polic\u00eda brasile\u00f1a detuvo a&nbsp;<strong>Marcelo Adelino de Moura<\/strong>, conocido como China, que planeaba llevar adelante un atentado contra el funcionario. El arma que iba a usar ten\u00eda la inscripci\u00f3n de la \u201cArmada Argentina\u201d, era de calibre 7,62 mil\u00edmetros y hab\u00eda surgido de la f\u00e1brica militar de Fray Luis Beltr\u00e1n, situada a unos 15 kil\u00f3metros de Rosario. La ametralladora, conocida como MAG, ten\u00eda como n\u00famero de serie \u201cFN35643\u201d. Esa ametralladora, seg\u00fan fuentes del Ministerio de Defensa argentino, fue dada de baja en 2010, pero no se cumpli\u00f3 con el protocolo establecido y nunca se destruy\u00f3. La sospecha es que la MAG se vendi\u00f3 a&nbsp;<strong>Paraguay<\/strong>, donde la adquiri\u00f3 PCC.<\/p>\n\n\n\n<p class=\"wp-block-paragraph\">Esta trama muestra todo el recorrido oscuro que tuvo un arma de guerra dentro de los arsenales de las Fuerzas Armadas, y que termin\u00f3 en manos del principal grupo criminal brasile\u00f1o. La falta de una investigaci\u00f3n judicial profunda provoc\u00f3 que el problema no tenga soluci\u00f3n. Ese d\u00e9ficit exhibe tambi\u00e9n las complicidades en la justicia federal de Rosario, con el exjuez Bailaque a la cabeza, que hoy parece transitar una instancia de depuraci\u00f3n. El crimen organizado, sobre todo con los niveles de complejidad que demuestran PCC y Comando Vermelho, encuentran estas grietas en el Estado para obtener armamento de guerra que despu\u00e9s se utiliza en las favelas o para atentados, como se mencion\u00f3 antes.\u00a0<mark>El riesgo latente en la Argentina es que ese armamento empiece a circular por las bandas locales, del conurbano bonaerense o Rosario<\/mark>, algo que hasta ahora no se logr\u00f3 detectar en los golpes de grupos como\u00a0<strong>Los Monos<\/strong>. La amenaza de que el crimen organizado aumente su poder de fuego nos llevar\u00eda a una nueva etapa que, como ocurre en Brasil, ser\u00eda tr\u00e1gico. La Argentina est\u00e1 a tiempo.<\/p>\n\n\n\n<p class=\"wp-block-paragraph\">Fuente: <a href=\"https:\/\/www.lanacion.com.ar\/\">La Naci\u00f3n<\/a><\/p>","protected":false},"excerpt":{"rendered":"<p>El perjuicio econ\u00f3mico es un peque\u00f1o engranaje de lo que mueve la corrupci\u00f3n. La maquinaria es m\u00e1s compleja y abarca otras facetas. En la Justicia esto se ve de manera m\u00e1s clara, como ocurri\u00f3 en&nbsp;Rosario&nbsp;con el exjuez federal&nbsp;Marcelo Bailaque, detenido actualmente en su casa, tras renunciar el 1\u00b0 de julio pasado. Este exmagistrado est\u00e1 acusado [&hellip;]<\/p>\n","protected":false},"author":9,"featured_media":0,"comment_status":"open","ping_status":"open","sticky":false,"template":"","format":"standard","meta":{"site-sidebar-layout":"default","site-content-layout":"","ast-site-content-layout":"default","site-content-style":"default","site-sidebar-style":"default","ast-global-header-display":"","ast-banner-title-visibility":"","ast-main-header-display":"","ast-hfb-above-header-display":"","ast-hfb-below-header-display":"","ast-hfb-mobile-header-display":"","site-post-title":"","ast-breadcrumbs-content":"","ast-featured-img":"","footer-sml-layout":"","ast-disable-related-posts":"","theme-transparent-header-meta":"","adv-header-id-meta":"","stick-header-meta":"","header-above-stick-meta":"","header-main-stick-meta":"","header-below-stick-meta":"","astra-migrate-meta-layouts":"default","ast-page-background-enabled":"default","ast-page-background-meta":{"desktop":{"background-color":"","background-image":"","background-repeat":"repeat","background-position":"center center","background-size":"auto","background-attachment":"scroll","background-type":"","background-media":"","overlay-type":"","overlay-color":"","overlay-opacity":"","overlay-gradient":""},"tablet":{"background-color":"","background-image":"","background-repeat":"repeat","background-position":"center center","background-size":"auto","background-attachment":"scroll","background-type":"","background-media":"","overlay-type":"","overlay-color":"","overlay-opacity":"","overlay-gradient":""},"mobile":{"background-color":"","background-image":"","background-repeat":"repeat","background-position":"center center","background-size":"auto","background-attachment":"scroll","background-type":"","background-media":"","overlay-type":"","overlay-color":"","overlay-opacity":"","overlay-gradient":""}},"ast-content-background-meta":{"desktop":{"background-color":"var(--ast-global-color-5)","background-image":"","background-repeat":"repeat","background-position":"center center","background-size":"auto","background-attachment":"scroll","background-type":"","background-media":"","overlay-type":"","overlay-color":"","overlay-opacity":"","overlay-gradient":""},"tablet":{"background-color":"var(--ast-global-color-5)","background-image":"","background-repeat":"repeat","background-position":"center center","background-size":"auto","background-attachment":"scroll","background-type":"","background-media":"","overlay-type":"","overlay-color":"","overlay-opacity":"","overlay-gradient":""},"mobile":{"background-color":"var(--ast-global-color-5)","background-image":"","background-repeat":"repeat","background-position":"center center","background-size":"auto","background-attachment":"scroll","background-type":"","background-media":"","overlay-type":"","overlay-color":"","overlay-opacity":"","overlay-gradient":""}},"footnotes":""},"categories":[149],"tags":[],"class_list":["post-128175","post","type-post","status-publish","format-standard","hentry","category-entrevistas"],"spectra_blocks_featured_image_url":null,"spectra_blocks_author_info":{"display_name":"Jorge Alfredo Baret","avatar_url":"https:\/\/secure.gravatar.com\/avatar\/31696f5ca83439b642450ec7d3f82f98451a5efacb414343d5478c982b337f26?s=96&d=mm&r=g","author_link":"https:\/\/100xd.com.ar\/es\/author\/jorge\/","description":"Ingeniero Qu\u00edmico UTN - Director Apoderado de Comunicaciones Auditadas SA. Editor Responsable 100xd.com.ar."},"_links":{"self":[{"href":"https:\/\/100xd.com.ar\/es\/wp-json\/wp\/v2\/posts\/128175","targetHints":{"allow":["GET"]}}],"collection":[{"href":"https:\/\/100xd.com.ar\/es\/wp-json\/wp\/v2\/posts"}],"about":[{"href":"https:\/\/100xd.com.ar\/es\/wp-json\/wp\/v2\/types\/post"}],"author":[{"embeddable":true,"href":"https:\/\/100xd.com.ar\/es\/wp-json\/wp\/v2\/users\/9"}],"replies":[{"embeddable":true,"href":"https:\/\/100xd.com.ar\/es\/wp-json\/wp\/v2\/comments?post=128175"}],"version-history":[{"count":1,"href":"https:\/\/100xd.com.ar\/es\/wp-json\/wp\/v2\/posts\/128175\/revisions"}],"predecessor-version":[{"id":128177,"href":"https:\/\/100xd.com.ar\/es\/wp-json\/wp\/v2\/posts\/128175\/revisions\/128177"}],"wp:attachment":[{"href":"https:\/\/100xd.com.ar\/es\/wp-json\/wp\/v2\/media?parent=128175"}],"wp:term":[{"taxonomy":"category","embeddable":true,"href":"https:\/\/100xd.com.ar\/es\/wp-json\/wp\/v2\/categories?post=128175"},{"taxonomy":"post_tag","embeddable":true,"href":"https:\/\/100xd.com.ar\/es\/wp-json\/wp\/v2\/tags?post=128175"}],"curies":[{"name":"wp","href":"https:\/\/api.w.org\/{rel}","templated":true}]}}