{"id":12795,"date":"2015-10-25T10:29:53","date_gmt":"2015-10-25T13:29:53","guid":{"rendered":"http:\/\/www.100xd.com.ar\/?p=12795"},"modified":"2015-10-25T18:52:14","modified_gmt":"2015-10-25T21:52:14","slug":"voto-jose-manuel-de-la-sota","status":"publish","type":"post","link":"https:\/\/100xd.com.ar\/es\/voto-jose-manuel-de-la-sota\/","title":{"rendered":"Vot\u00f3 Jos\u00e9 Manuel de la Sota"},"content":{"rendered":"<p>El gobernador de C\u00f3rdoba, Jos\u00e9 Manuel de la Sota, convoc\u00f3 esta ma\u00f1ana a todos los argentinos a \u201cvotar en paz\u201d y reiter\u00f3 la necesidad del sistema del voto electr\u00f3nico o de boleta \u00fanica para reemplazar el actual sistema tradicional, al que calific\u00f3 de \u201canacr\u00f3nico\u201d.<\/p>\n<p>El emitir su voto esta ma\u00f1ana en la ciudad cordobesa de R\u00edo Cuarto, localidad del sur provincial donde reside, el mandatario inst\u00f3 a que \u201cconcurramos pasivamente todos a votar, que no haya ning\u00fan tipo de conflictos&#8221;.<\/p>\n<p>&#8220;Seamos respetuosos de las distintas vertientes del pensamiento. Yo quiero un pa\u00eds donde todos podamos pensar distinto pero juntos\u201d, a\u00f1adi\u00f3.<\/p>\n<p>Asimismo, De la Sota, quien compiti\u00f3 en las primarias presidenciales contra Sergio Massa, el candidato de UNA, dijo que anhela que \u201ccualquiera que presida la Argentina promueva la uni\u00f3n nacional&#8221;.<\/p>\n<p>&#8220;Hay que desenojar a la Argentina&#8221;, consider\u00f3 el gobernador De la Sota y agreg\u00f3 que \u201cla paz depende de la calidad de nuestros dirigentes\u201d.<\/p>\n<p>De la Sota, que estuvo acompa\u00f1ado por su pareja, la candidata a diputada nacional, Adriana Nazario, se manifest\u00f3 una vez m\u00e1s sobre el sistema de votaci\u00f3n actual al sostener que \u201cnecesitamos boleta \u00fanica o el voto electr\u00f3nico para evitar el robo de boleta\u201d, y a\u00f1adi\u00f3 que casi todos los pa\u00edses del mundo ya lo tienen, salvo Argentina y el Congo.<br \/>\nAsimismo, le dese\u00f3 &#8220;suerte&#8221; a Massa.<\/p>","protected":false},"excerpt":{"rendered":"<p>El gobernador de C\u00f3rdoba, Jos\u00e9 Manuel de la Sota, convoc\u00f3 esta ma\u00f1ana a todos los argentinos a \u201cvotar en paz\u201d y reiter\u00f3 la necesidad del sistema del voto electr\u00f3nico o de boleta \u00fanica para reemplazar el actual sistema tradicional, al que calific\u00f3 de \u201canacr\u00f3nico\u201d. El emitir su voto esta ma\u00f1ana en la ciudad cordobesa de [&hellip;]<\/p>\n","protected":false},"author":4,"featured_media":0,"comment_status":"open","ping_status":"open","sticky":false,"template":"","format":"standard","meta":{"site-sidebar-layout":"default","site-content-layout":"","ast-site-content-layout":"default","site-content-style":"default","site-sidebar-style":"default","ast-global-header-display":"","ast-banner-title-visibility":"","ast-main-header-display":"","ast-hfb-above-header-display":"","ast-hfb-below-header-display":"","ast-hfb-mobile-header-display":"","site-post-title":"","ast-breadcrumbs-content":"","ast-featured-img":"","footer-sml-layout":"","ast-disable-related-posts":"","theme-transparent-header-meta":"","adv-header-id-meta":"","stick-header-meta":"","header-above-stick-meta":"","header-main-stick-meta":"","header-below-stick-meta":"","astra-migrate-meta-layouts":"default","ast-page-background-enabled":"default","ast-page-background-meta":{"desktop":{"background-color":"","background-image":"","background-repeat":"repeat","background-position":"center center","background-size":"auto","background-attachment":"scroll","background-type":"","background-media":"","overlay-type":"","overlay-color":"","overlay-opacity":"","overlay-gradient":""},"tablet":{"background-color":"","background-image":"","background-repeat":"repeat","background-position":"center center","background-size":"auto","background-attachment":"scroll","background-type":"","background-media":"","overlay-type":"","overlay-color":"","overlay-opacity":"","overlay-gradient":""},"mobile":{"background-color":"","background-image":"","background-repeat":"repeat","background-position":"center center","background-size":"auto","background-attachment":"scroll","background-type":"","background-media":"","overlay-type":"","overlay-color":"","overlay-opacity":"","overlay-gradient":""}},"ast-content-background-meta":{"desktop":{"background-color":"var(--ast-global-color-5)","background-image":"","background-repeat":"repeat","background-position":"center center","background-size":"auto","background-attachment":"scroll","background-type":"","background-media":"","overlay-type":"","overlay-color":"","overlay-opacity":"","overlay-gradient":""},"tablet":{"background-color":"var(--ast-global-color-5)","background-image":"","background-repeat":"repeat","background-position":"center center","background-size":"auto","background-attachment":"scroll","background-type":"","background-media":"","overlay-type":"","overlay-color":"","overlay-opacity":"","overlay-gradient":""},"mobile":{"background-color":"var(--ast-global-color-5)","background-image":"","background-repeat":"repeat","background-position":"center center","background-size":"auto","background-attachment":"scroll","background-type":"","background-media":"","overlay-type":"","overlay-color":"","overlay-opacity":"","overlay-gradient":""}},"footnotes":""},"categories":[1],"tags":[22,791],"class_list":["post-12795","post","type-post","status-publish","format-standard","hentry","category-sin-categoria","tag-elecciones-2015","tag-jose-manuel-de-la-sota"],"spectra_blocks_featured_image_url":null,"spectra_blocks_author_info":{"display_name":"Facundo Novillo","avatar_url":"https:\/\/secure.gravatar.com\/avatar\/09745bc65ce6bf84291d6515d5f759c04b4fce4f329b8a975a8ac2982b552d3e?s=96&d=mm&r=g","author_link":"https:\/\/100xd.com.ar\/es\/author\/facundo\/","description":""},"_links":{"self":[{"href":"https:\/\/100xd.com.ar\/es\/wp-json\/wp\/v2\/posts\/12795","targetHints":{"allow":["GET"]}}],"collection":[{"href":"https:\/\/100xd.com.ar\/es\/wp-json\/wp\/v2\/posts"}],"about":[{"href":"https:\/\/100xd.com.ar\/es\/wp-json\/wp\/v2\/types\/post"}],"author":[{"embeddable":true,"href":"https:\/\/100xd.com.ar\/es\/wp-json\/wp\/v2\/users\/4"}],"replies":[{"embeddable":true,"href":"https:\/\/100xd.com.ar\/es\/wp-json\/wp\/v2\/comments?post=12795"}],"version-history":[{"count":1,"href":"https:\/\/100xd.com.ar\/es\/wp-json\/wp\/v2\/posts\/12795\/revisions"}],"predecessor-version":[{"id":12797,"href":"https:\/\/100xd.com.ar\/es\/wp-json\/wp\/v2\/posts\/12795\/revisions\/12797"}],"wp:attachment":[{"href":"https:\/\/100xd.com.ar\/es\/wp-json\/wp\/v2\/media?parent=12795"}],"wp:term":[{"taxonomy":"category","embeddable":true,"href":"https:\/\/100xd.com.ar\/es\/wp-json\/wp\/v2\/categories?post=12795"},{"taxonomy":"post_tag","embeddable":true,"href":"https:\/\/100xd.com.ar\/es\/wp-json\/wp\/v2\/tags?post=12795"}],"curies":[{"name":"wp","href":"https:\/\/api.w.org\/{rel}","templated":true}]}}