{"id":126984,"date":"2025-10-24T11:50:19","date_gmt":"2025-10-24T14:50:19","guid":{"rendered":"https:\/\/100xd.com.ar\/?p=126984"},"modified":"2025-10-24T11:50:19","modified_gmt":"2025-10-24T14:50:19","slug":"a-las-urnas-con-apenas-un-par-de-certezas","status":"publish","type":"post","link":"https:\/\/100xd.com.ar\/es\/a-las-urnas-con-apenas-un-par-de-certezas\/","title":{"rendered":"A las urnas, con apenas un par de certezas"},"content":{"rendered":"\n<p class=\"wp-block-paragraph\">a lista de certezas con las que los votantes comunes tanto como expertos en pol\u00edtica, finanzas y opini\u00f3n p\u00fablica llegan a las&nbsp;<a href=\"https:\/\/www.lanacion.com.ar\/juegos\/trivias\/trivias-de-especialistas-animate-al-desafio-politico-de-paz-rodriguez-niell-nid23102025\/\">elecciones del domingo<\/a>&nbsp;es notablemente corta para unos y otros. As\u00ed como es de larga (casi infinita) la de las&nbsp;<strong>incertidumbres<\/strong>. La previsibilidad, no solo sobre resultados electorales, sigue siendo altamente deficitaria en la Argentina.<\/p>\n\n\n\n<p class=\"wp-block-paragraph\">En el plano dominante de las previsiones electorales hay&nbsp;<strong>apenas dos certezas y tres semicertezas<\/strong>&nbsp;centrales frente a un oc\u00e9ano de dudas.<\/p>\n\n\n\n<p class=\"wp-block-paragraph\">Lo primero que se sabe que ocurrir\u00e1 es que&nbsp;<strong>habr\u00e1 m\u00e1s cambios en el gabinete<\/strong>&nbsp;que el que ya ocurri\u00f3 esta semana y que&nbsp;<strong>La Libertad Avanza (LLA) aumentar\u00e1 su representaci\u00f3n parlamentaria<\/strong>&nbsp;con legisladores propios y no prestados (o alquilados). Como contrapartida, se da por hecho que el oficialismo volver\u00e1 a quedar&nbsp;<strong>lejos del n\u00famero m\u00ednimo&nbsp;<\/strong>para alcanzar mayor\u00edas propias y tener quorum para iniciar sesiones.<a href=\"https:\/\/www.lanacion.com.ar\/politica\/la-inesperada-salida-de-fabiola-yanez-de-madrid-desconcierto-cuentas-pendientes-y-contradicciones-nid23102025\/\" rel=\"noreferrer noopener\" target=\"_blank\">La inesperada salida de Fabiola Ya\u00f1ez de Madrid: desconcierto, cuentas pendientes y contradicciones judiciales<em><\/em><\/a><\/p>\n\n\n\n<p class=\"wp-block-paragraph\">Entre lo que tiene altas probabilidades de ocurrir asoma que LLA podr\u00eda atribuirse un triunfo (acotado) en la suma de votos de todo el pa\u00eds, al menos, formalmente, por ser la \u00fanica fuerza con representaci\u00f3n un\u00edvoca en todo el pa\u00eds. Claro que el porcentaje final estar\u00eda muy lejos del 56% que en el balotaje de 2023 hizo presidente a&nbsp;<strong>Javier Milei<\/strong>, as\u00ed como, por ende, de la suma de los votos que en la primera vuelta lograron LLA y Pro, que ahora van en alianza en las provincias donde se concentra la mayor\u00eda del padr\u00f3n electoral.<\/p>\n\n\n\n<p class=\"wp-block-paragraph\">Eso le garantizar\u00eda, s\u00ed,&nbsp;<strong>tener un tercio propio en Diputados para sostener los vetos<\/strong>&nbsp;que Milei pueda disponer de leyes contrarias a su proyecto. Lo m\u00ednimo indispensable.<\/p>\n\n\n\n<p class=\"wp-block-paragraph\">Aquella suma formal de votos por fuerzas de igual denominaci\u00f3n es la que publicitar\u00e1 el Gobierno, y por eso intent\u00f3 (aunque sin \u00e9xito en la C\u00e1mara Electoral) difundir oficialmente un resultado nacional, cosa que no se hab\u00eda hecho antes.<\/p>\n\n\n\n<p class=\"wp-block-paragraph\">Sin embargo, varios analistas hilan m\u00e1s fino y dicen que la comparaci\u00f3n debe hacerse contra el&nbsp;<strong>panperonismo<\/strong>, es decir, con lo que acumulen las listas porte\u00f1a, bonaerense y de otros once distritos del frente&nbsp;<strong>Fuerza Patria<\/strong>&nbsp;m\u00e1s las expresiones cercanas en las dem\u00e1s provincias, donde llevar\u00e1n otra denominaci\u00f3n. En ese escenario, la mayor\u00eda de las \u00faltimas mediciones dan un escenario no tan favorable para el Gobierno.<\/p>\n\n\n\n<p class=\"wp-block-paragraph\">Pero eso ser\u00e1 parte de la&nbsp;<strong>guerra de narrativas<\/strong>&nbsp;que empezar\u00e1 el domingo por la noche y no una discusi\u00f3n aritm\u00e9tica. Al menos, hasta que no empiece a sesionar el Congreso con la nueva composici\u00f3n, el pr\u00f3ximo 10 de diciembre. Todas especulaciones&nbsp;<strong>alejadas de las preocupaciones de la mayor\u00eda de la sociedad<\/strong>, pero muy relevantes para los tomadores de decisiones econ\u00f3mico-financieras.<\/p>\n\n\n\n<p class=\"wp-block-paragraph\">Por lo pronto, tambi\u00e9n es un hecho que el Gobierno dice conformarse, y el mercado parece haberlo asumido, con alcanzar un 35% de los votos nacionales, a pesar de que hasta hace solo tres meses se jactaba de estar en condiciones de reunir un 45%. Pero pasaron cosas. Demasiadas.<\/p>\n\n\n\n<p class=\"wp-block-paragraph\">En la lista de calamidades para el Gobierno (la mayor\u00eda autoinfligidas) sobresalen el esc\u00e1ndalo por las&nbsp;<strong>presuntas coimas&nbsp;<\/strong>en la Agencia de Discapacidad que salpicaron (otra vez) a Karina Milei; el del financiamiento por parte de un extraditable vinculado con el narcotr\u00e1fico al ahora exprimer candidato bonaerense libertario&nbsp;<strong>Jos\u00e9 Luis Espert<\/strong>, y la&nbsp;<strong>escalada imparable de d\u00f3lar<\/strong>, a pesar de los misiles verdes que dispar\u00f3 el Tesoro de los Estados Unidos.<\/p>\n\n\n\n<p class=\"wp-block-paragraph\">A eso se agrega el combo de&nbsp;<strong>impactos negativos de la pol\u00edtica econ\u00f3mica en la actividad, el empleo y los ingresos<\/strong>. Nada que pudiera pasar inadvertido (y no pas\u00f3) para la mayor\u00eda de los ciudadanos, de los cuales no se sabe cu\u00e1ntos se convertir\u00e1n en electores este domingo.<\/p>\n\n\n\n<p class=\"wp-block-paragraph\">\u201cEstamos advirtiendo una doble transici\u00f3n en el imaginario social de la opini\u00f3n p\u00fablica argentina La primera,&nbsp;<strong>comienza a exigirle al Gobierno que transite del ajuste a las \u2018ventajas sociales\u2019<\/strong>&nbsp;de la estabilizaci\u00f3n. \u00bfCu\u00e1l es el modelo de prosperidad (producci\u00f3n y consumo) de la econom\u00eda mile\u00edsta?\u201d, se\u00f1ala&nbsp;<strong>Federico Zapata<\/strong>, polit\u00f3logo y director de la consultora Escenarios.<\/p>\n\n\n\n<p class=\"wp-block-paragraph\">\u201cLa segunda transici\u00f3n, es, luego del a\u00f1o de esc\u00e1ndalos de corrupci\u00f3n,<strong>&nbsp;una exigencia al Milei&nbsp;<\/strong><em><strong>influencer&nbsp;<\/strong><\/em><strong>para parir un Milei pol\u00edtico<\/strong>, capaz de construir un gobierno con pr\u00e1cticas que lo diferencien de las viejas pr\u00e1cticas del sistema que vino a combatir. Las dos transiciones implican preguntas sobre Milei y su liderazgo \u00bfEst\u00e1 en la gen\u00e9tica pol\u00edtica de ese liderazgo la posibilidad de evolucionar?\u201d, concluye Zapata, sobre la base de una flamante encuesta que lleva por t\u00edtulo \u201cLa sociedad argentina va a las urnas, \u00bfqu\u00e9 sociedad?\u201d.<\/p>\n\n\n\n<p class=\"wp-block-paragraph\">Ese trabajo muestra una mayor\u00eda de sem\u00e1foros en rojo para el Gobierno tanto en lo econ\u00f3mico como en la pol\u00edtica y en la dimensi\u00f3n \u00e9tica.<\/p>\n\n\n\n<p class=\"wp-block-paragraph\">No obstante, eso puede tener un correlato relativo en las urnas y ser menos negativo para el Gobierno que lo que podr\u00eda presumirse. Como de lo que se trata es de elegir entre las opciones que existen, no sobre ideales, se pondera que la oposici\u00f3n tiene, por un lado, un actor dominante, que es el ya muy desgastado kirchnerismo, y, por el otro, hay una fragmentaci\u00f3n extrema.<\/p>\n\n\n\n<p class=\"wp-block-paragraph\"><strong>La gran duda, entonces, es cu\u00e1nta expectativa a futuro sigue generando el Gobierno<\/strong>. Dado que la ca\u00edda de las expectativas a lo largo de 2025 ha sido significativa en casi todas las encuestas, la pregunta es cu\u00e1nto de lo que ha perdido se traducir\u00e1 en votos a otras fuerzas o en abstenciones.<\/p>\n\n\n\n<p class=\"wp-block-paragraph\">En distintos niveles, las consultoras Isonom\u00eda y Poliarqu\u00eda han registrado en el \u00faltimo mes una leve recuperaci\u00f3n en esa materia despu\u00e9s de una sostenida ca\u00edda (tambi\u00e9n de la imagen del Gobierno y de Milei) en los tres meses anteriores. Sin embargo, lejos est\u00e1n de haber vuelto a los indicadores m\u00e1s favorables de los primeros meses de 2025.<\/p>\n\n\n\n<p class=\"wp-block-paragraph\">As\u00ed, la expectativa de una&nbsp;<strong>participaci\u00f3n superior al 60%<\/strong>, que no se alcanz\u00f3 en promedio en las nueve elecciones provinciales previas, alienta al Gobierno, y por eso el Presidente y sus estrategas llamaron a votar. Pero eso est\u00e1 en discusi\u00f3n.<\/p>\n\n\n\n<p class=\"wp-block-paragraph\">\u201cHay que ver c\u00f3mo votar\u00edan ahora los que votaron a Milei en 2023 y no fueron a votar este a\u00f1o porque no quer\u00edan castigarlo, pero tampoco premiarlo. Es un arma de doble filo\u201d, explica un consultor electoral al que escuchan en despachos importantes de la Casa Rosada.<\/p>\n\n\n\n<p class=\"wp-block-paragraph\">Lo cierto es que los encuestadores y analistas se encuentran con otro factor que los complica a\u00fan m\u00e1s. A la&nbsp;<strong>baj\u00edsima tasa de respuesta y a la incalculable variable \u201cpresentismo\u201d<\/strong>&nbsp;se les suma que&nbsp;<strong>los escenarios provinciales y el nacional no necesariamente correlacionan<\/strong>. \u201cCuando baj\u00e1s a las provincias, ves que en la suma a LLA le va peor, pero cuando hac\u00e9s una muestra de todo el pa\u00eds, mejora\u201d, explicaron dos de los m\u00e1s respetados encuestadores.<\/p>\n\n\n\n<p class=\"wp-block-paragraph\">En ese contexto cobra m\u00e1s valor la elecci\u00f3n en la provincia de Buenos Aires, cuyo resultado entra en el rubro de las semicertezas. Se prev\u00e9, mayoritariamente, que la lista violeta-amarilla sufrir\u00eda otra derrota a manos del perokirchnerismo, aunque por una diferencia menor a los 14 puntos (tal vez en torno a algo m\u00e1s de la mitad de ese porcentaje) que se registr\u00f3 en los comicios provinciales del 7 de septiembre pasado, que profundizaron la inestabilidad y la incertidumbre en todo el pa\u00eds y en casi todas las dimensiones.<\/p>\n\n\n\n<p class=\"wp-block-paragraph\">La permanencia en las boletas de la cara del ca\u00eddo Espert suma otra inc\u00f3gnita, a pesar de que en los simulacros hechos por algunas consultoras con y sin esa gastada imagen hubo apenas leves variaciones.<\/p>\n\n\n\n<p class=\"wp-block-paragraph\">Lo cierto es que, ahora, cualquier d\u00edgito por encima de aquel piso nacional del 35% al que dicen aspirar Milei y los suyos har\u00e1 descorchar espumantes, mientras que cualquier decimal por debajo abrir\u00e1 nuevas incertidumbres. Nada puede ni debe descartarse.<\/p>\n\n\n\n<h2 class=\"wp-block-heading\">La reacci\u00f3n de Milei es la duda<\/h2>\n\n\n\n<p class=\"wp-block-paragraph\">En ese plano adquiere mayor relevancia una variable subjetiva: c\u00f3mo metabolizar\u00e1 el resultado el propio Milei.<\/p>\n\n\n\n<p class=\"wp-block-paragraph\"><strong>El extremo personalismo decisionista que caracteriza a esta gesti\u00f3n y la volatilidad emocional que suele mostrar el Presidente abren un sinf\u00edn de preguntas<\/strong>, tanto que un colaborador presidencial lleg\u00f3 a decir: \u201cPrefiero pronosticar el resultado electoral, hasta con decimales, antes que decir c\u00f3mo reaccionar\u00e1 Javier el domingo por la noche\u201d. Tanto la asimilaci\u00f3n moderada de un \u00e9xito (aunque sea relativo) como la tolerancia ante un fracaso son factores cruciales. Los antecedentes motivan el escepticismo de los observadores.<\/p>\n\n\n\n<p class=\"wp-block-paragraph\">El inusual anticipo presidencial de que har\u00e1 m\u00e1s cambios en el Gabinete que los que estar\u00e1 obligado por el seguro pase al Congreso de Patricia Bullrich y Luis Petri, m\u00e1s la renuncia anticipada de Mariano C\u00faneo Libarona, abri\u00f3 un sinf\u00edn de especulaciones. El propio Milei admiti\u00f3 que el perfil y la magnitud de la renovaci\u00f3n depender\u00e1n del resultado.<\/p>\n\n\n\n<p class=\"wp-block-paragraph\">La decisi\u00f3n adoptada ayer, de anunciar el llenado de la vacante en la Canciller\u00eda que dej\u00f3 el renunciante Gerardo Werthein, a\u00fan antes de que se efectivice \u2013el lunes\u2013 su salida, dej\u00f3 algunas pistas.<\/p>\n\n\n\n<p class=\"wp-block-paragraph\">En primer lugar, expresa<strong>&nbsp;la intenci\u00f3n de fortalecer al ministro de Econom\u00eda, Luis \u201cToto\u201d Caputo<\/strong>, al que reporta e integra su n\u00facleo \u00edntimo el ahora futuro ministro de Relaciones Exteriores Pablo Quirno. Ese tambi\u00e9n es un mensaje a los agentes econ\u00f3micos y, sobre todo, a los Estados Unidos, donde Quirno fue uno de los actores centrales del operativo rescate que termin\u00f3 en la intervenci\u00f3n trumpista.<\/p>\n\n\n\n<p class=\"wp-block-paragraph\">Por otra parte, se interpreta como un empate para el pol\u00e9mico asesor&nbsp;<strong>Santiago Caputo<\/strong>, hoy en el centro de las feroces disputas internas del oficialismo. El sobrino no fue premiado con el ascenso de un agente de \u201clas fuerzas del cielo\u201d, que responden a \u00e9l, como el integrista secretario de Culto, Nahuel Sotelo, ni la Canciller\u00eda reforzar\u00eda su papel de agente de la batalla cultural. Sin embargo, al mismo tiempo&nbsp;<strong>se alinear\u00eda la pol\u00edtica exterior oficial con la pol\u00edtica exterior paralela que ven\u00eda ejecutando el gur\u00fa<\/strong>, enfrentada abiertamente con lo que hac\u00eda Werthein.<\/p>\n\n\n\n<p class=\"wp-block-paragraph\">La designaci\u00f3n, por otra parte, abre una gran inc\u00f3gnita para un sector muy influyente, que ven\u00eda siendo protegido de los embates norteamericanos por el saliente canciller, como son&nbsp;<strong>los laboratorios nacionales<\/strong>. Ideolog\u00eda, intereses y negocios suelen solaparse, m\u00e1s cuando las discusiones se desarrollan en tablero internacional. No siempre confluyen. Y ser\u00e1 otra de las inc\u00f3gnitas por resolver.<\/p>\n\n\n\n<p class=\"wp-block-paragraph\">Lo que s\u00ed es seguro es que, m\u00e1s all\u00e1 de su pasado como funcionario de Pro,&nbsp;<strong>para el macrismo la designaci\u00f3n de Quirno no es se\u00f1al de ninguna apertura<\/strong>. Por el contrario, cerca de Macri lo consideran un bloqueo mile\u00edsta de ese lugar para que no sea parte de las discusiones por los que se abrir\u00edan a partir del domingo.<a href=\"https:\/\/www.lanacion.com.ar\/politica\/cinco-ministros-20-altos-funcionarios-y-mas-de-150-directivos-ya-fueron-desplazados-del-gobierno-de-nid23102025\/\" rel=\"noreferrer noopener\" target=\"_blank\">Cinco ministros, 20 altos funcionarios y m\u00e1s de 150 directivos ya fueron desplazados del gobierno de Milei<em><\/em><\/a><\/p>\n\n\n\n<p class=\"wp-block-paragraph\">\u201cClaramente, no tiene nada que ver con Pro. Por m\u00e1s que es otro del equipo de Toto [Caputo] que trabaj\u00f3 con nosotros, no hay que considerarlo distinto de lo que hicieron hasta ahora. Jam\u00e1s dijeron que el nombramiento de Toto y su equipo respond\u00eda a un alineamiento con Pro. Es m\u00e1s del mismo&nbsp;<em>modus operandi<\/em>. El lunes veremos si est\u00e1n para hacer un cambio en serio en su organizaci\u00f3n, terminar con esa interna est\u00fapida y convocar gente con capacidades m\u00e1s diversas\u201d, le habr\u00eda dicho Macri a un allegado que lo consult\u00f3. No suena muy auspicioso.<\/p>\n\n\n\n<p class=\"wp-block-paragraph\">De tal manera,<strong>&nbsp;si el resultado del domingo est\u00e1 plagado de falta de certezas, el d\u00eda despu\u00e9s asoma mucho m\u00e1s inciert<\/strong>o. Tal vez, como nunca.<\/p>\n\n\n\n<p class=\"wp-block-paragraph\">Mucho m\u00e1s si, como dijo el Presidente y repiten sus allegados, en otra de sus apuestas extremas, lo que est\u00e1 en juego es la suerte del rumbo del pa\u00eds y del propio gobierno. Durante este a\u00f1o, esa temeridad no lo ha salido bien.<\/p>\n\n\n\n<p class=\"wp-block-paragraph\">Por\u00a0<a href=\"https:\/\/www.lanacion.com.ar\/autor\/claudio-jacquelin-100\/\"><strong>Claudio Jacquelin<\/strong><\/a><\/p>\n\n\n\n<p class=\"wp-block-paragraph\">Fuente: <a href=\"https:\/\/www.lanacion.com.ar\/\">La Naci\u00f3n<\/a><\/p>\n","protected":false},"excerpt":{"rendered":"<p>a lista de certezas con las que los votantes comunes tanto como expertos en pol\u00edtica, finanzas y opini\u00f3n p\u00fablica llegan a las&nbsp;elecciones del domingo&nbsp;es notablemente corta para unos y otros. As\u00ed como es de larga (casi infinita) la de las&nbsp;incertidumbres. La previsibilidad, no solo sobre resultados electorales, sigue siendo altamente deficitaria en la Argentina. En [&hellip;]<\/p>\n","protected":false},"author":9,"featured_media":126985,"comment_status":"open","ping_status":"open","sticky":false,"template":"","format":"standard","meta":{"site-sidebar-layout":"default","site-content-layout":"","ast-site-content-layout":"default","site-content-style":"default","site-sidebar-style":"default","ast-global-header-display":"","ast-banner-title-visibility":"","ast-main-header-display":"","ast-hfb-above-header-display":"","ast-hfb-below-header-display":"","ast-hfb-mobile-header-display":"","site-post-title":"","ast-breadcrumbs-content":"","ast-featured-img":"","footer-sml-layout":"","ast-disable-related-posts":"","theme-transparent-header-meta":"","adv-header-id-meta":"","stick-header-meta":"","header-above-stick-meta":"","header-main-stick-meta":"","header-below-stick-meta":"","astra-migrate-meta-layouts":"default","ast-page-background-enabled":"default","ast-page-background-meta":{"desktop":{"background-color":"","background-image":"","background-repeat":"repeat","background-position":"center center","background-size":"auto","background-attachment":"scroll","background-type":"","background-media":"","overlay-type":"","overlay-color":"","overlay-opacity":"","overlay-gradient":""},"tablet":{"background-color":"","background-image":"","background-repeat":"repeat","background-position":"center center","background-size":"auto","background-attachment":"scroll","background-type":"","background-media":"","overlay-type":"","overlay-color":"","overlay-opacity":"","overlay-gradient":""},"mobile":{"background-color":"","background-image":"","background-repeat":"repeat","background-position":"center center","background-size":"auto","background-attachment":"scroll","background-type":"","background-media":"","overlay-type":"","overlay-color":"","overlay-opacity":"","overlay-gradient":""}},"ast-content-background-meta":{"desktop":{"background-color":"var(--ast-global-color-5)","background-image":"","background-repeat":"repeat","background-position":"center center","background-size":"auto","background-attachment":"scroll","background-type":"","background-media":"","overlay-type":"","overlay-color":"","overlay-opacity":"","overlay-gradient":""},"tablet":{"background-color":"var(--ast-global-color-5)","background-image":"","background-repeat":"repeat","background-position":"center center","background-size":"auto","background-attachment":"scroll","background-type":"","background-media":"","overlay-type":"","overlay-color":"","overlay-opacity":"","overlay-gradient":""},"mobile":{"background-color":"var(--ast-global-color-5)","background-image":"","background-repeat":"repeat","background-position":"center center","background-size":"auto","background-attachment":"scroll","background-type":"","background-media":"","overlay-type":"","overlay-color":"","overlay-opacity":"","overlay-gradient":""}},"footnotes":""},"categories":[12],"tags":[],"class_list":["post-126984","post","type-post","status-publish","format-standard","has-post-thumbnail","hentry","category-opinion"],"spectra_blocks_featured_image_url":{"thumbnail":{"url":"https:\/\/100xd.com.ar\/wp-content\/uploads\/2025\/10\/laudio-150x150.jpg","width":150,"height":150},"medium":{"url":"https:\/\/100xd.com.ar\/wp-content\/uploads\/2025\/10\/laudio.jpg","width":280,"height":284},"medium_large":{"url":"https:\/\/100xd.com.ar\/wp-content\/uploads\/2025\/10\/laudio.jpg","width":280,"height":284},"large":{"url":"https:\/\/100xd.com.ar\/wp-content\/uploads\/2025\/10\/laudio.jpg","width":280,"height":284},"full":{"url":"https:\/\/100xd.com.ar\/wp-content\/uploads\/2025\/10\/laudio.jpg","width":280,"height":284}},"spectra_blocks_author_info":{"display_name":"Jorge Alfredo Baret","avatar_url":"https:\/\/secure.gravatar.com\/avatar\/31696f5ca83439b642450ec7d3f82f98451a5efacb414343d5478c982b337f26?s=96&d=mm&r=g","author_link":"https:\/\/100xd.com.ar\/es\/author\/jorge\/","description":"Ingeniero Qu\u00edmico UTN - Director Apoderado de Comunicaciones Auditadas SA. Editor Responsable 100xd.com.ar."},"_links":{"self":[{"href":"https:\/\/100xd.com.ar\/es\/wp-json\/wp\/v2\/posts\/126984","targetHints":{"allow":["GET"]}}],"collection":[{"href":"https:\/\/100xd.com.ar\/es\/wp-json\/wp\/v2\/posts"}],"about":[{"href":"https:\/\/100xd.com.ar\/es\/wp-json\/wp\/v2\/types\/post"}],"author":[{"embeddable":true,"href":"https:\/\/100xd.com.ar\/es\/wp-json\/wp\/v2\/users\/9"}],"replies":[{"embeddable":true,"href":"https:\/\/100xd.com.ar\/es\/wp-json\/wp\/v2\/comments?post=126984"}],"version-history":[{"count":1,"href":"https:\/\/100xd.com.ar\/es\/wp-json\/wp\/v2\/posts\/126984\/revisions"}],"predecessor-version":[{"id":126986,"href":"https:\/\/100xd.com.ar\/es\/wp-json\/wp\/v2\/posts\/126984\/revisions\/126986"}],"wp:featuredmedia":[{"embeddable":true,"href":"https:\/\/100xd.com.ar\/es\/wp-json\/wp\/v2\/media\/126985"}],"wp:attachment":[{"href":"https:\/\/100xd.com.ar\/es\/wp-json\/wp\/v2\/media?parent=126984"}],"wp:term":[{"taxonomy":"category","embeddable":true,"href":"https:\/\/100xd.com.ar\/es\/wp-json\/wp\/v2\/categories?post=126984"},{"taxonomy":"post_tag","embeddable":true,"href":"https:\/\/100xd.com.ar\/es\/wp-json\/wp\/v2\/tags?post=126984"}],"curies":[{"name":"wp","href":"https:\/\/api.w.org\/{rel}","templated":true}]}}