{"id":126845,"date":"2025-10-21T12:04:30","date_gmt":"2025-10-21T15:04:30","guid":{"rendered":"https:\/\/100xd.com.ar\/?p=126845"},"modified":"2025-10-21T12:04:30","modified_gmt":"2025-10-21T15:04:30","slug":"javier-milei-vuelve-a-viajar-a-estados-unidos-despues-de-las-elecciones","status":"publish","type":"post","link":"https:\/\/100xd.com.ar\/es\/javier-milei-vuelve-a-viajar-a-estados-unidos-despues-de-las-elecciones\/","title":{"rendered":"Javier Milei vuelve a viajar a Estados Unidos despu\u00e9s de las elecciones"},"content":{"rendered":"<p class=\"wp-block-paragraph\">En lo que ser\u00eda su d\u00e9cimo cuarto viaje a los Estados Unidos como presidente,&nbsp;<strong>Javier Milei<\/strong>&nbsp;confirm\u00f3 su presencia para el 5 y 6 del mes pr\u00f3ximo en el America Business Forum, una cumbre que se trata de negocios, deporte y cultura y en la que tambi\u00e9n figura como orador invitado el presidente estadounidense,&nbsp;<strong>Donald Trump<\/strong>.<\/p>\n\n\n\n<p class=\"wp-block-paragraph\">El viaje de Milei a Miami, donde se desarrollar\u00e1 el foro, fue confirmado a&nbsp;<strong>LA NACION<\/strong>&nbsp;por fuentes gubernamentales.<\/p>\n\n\n\n<p class=\"wp-block-paragraph\">Los oradores y asistentes del America Business Forum Miami 2025 se reunir\u00e1n bajo el lema \u201cThe World Meets in America\u201d (\u201cEl mundo se re\u00fane en Am\u00e9rica\u201d). Es un evento al que se accede con entrada, que oscilan entre los 100 y los 10.000 d\u00f3lares, seg\u00fan figura en el sitio web oficial del foro. Se desarrollar\u00e1 en el estadio de los Miami Heat, el equipo de b\u00e1squet m\u00e1s popular del distrito.<\/p>\n\n\n\n<p class=\"wp-block-paragraph\">Adem\u00e1s de Trump y Milei, entre los oradores figuran la venezolana Mar\u00eda Corina Machado, ganadora del Premio Nobel de la Paz 2025; Eric Schmidt, ex CEO y presidente de Google; el futbolista argentino Lionel Messi; el espa\u00f1ol Rafael Nadal, leyenda del tenis mundial; Jamie Dimon, presidente y CEO de JPMorgan Chase; Will Smith, actor y productor internacional; Ken Griffin, fundador y CEO de Citadel; Gianni Infantino, presidente de la FIFA, y Stefano Domenicali, presidente y CEO de F\u00f3rmula 1.<\/p>\n\n\n\n<p class=\"wp-block-paragraph\">Desde su creaci\u00f3n en 2016, America Business Forum se ha consolidado como una de las cumbres de l\u00edderes m\u00e1s influyentes del mundo, convocando a jefes de Estado, CEOs de compa\u00f1\u00edas globales, referentes culturales y emprendedores que est\u00e1n transformando industrias, seg\u00fan se explic\u00f3 en un comunicado. El evento ser\u00e1 conducido por Bret Baier, presentador de la cadena Fox News.<\/p>\n\n\n\n<p class=\"wp-block-paragraph\">La nueva visita de Milei a Estados Unidos se concretar\u00eda despu\u00e9s de las elecciones legislativas del domingo pr\u00f3ximo, en la que La Libertad Avanza busca fortalecer sus bloques en el Congreso. Adem\u00e1s, se dar\u00eda con el auxilio econ\u00f3mico dispuesto por Trump en pleno proceso. Hoy, el Banco Central (BCRA), anunci\u00f3&nbsp;<strong>la firma de un acuerdo de estabilizaci\u00f3n cambiaria con el Departamento del Tesoro de Estados Unidos<\/strong>, por un monto de hasta&nbsp;<strong>US$20.000 millones.&nbsp;<\/strong>El programa estar\u00e1 destinado a reforzar la posici\u00f3n de reservas internacionales del pa\u00eds, a una semana de las elecciones legislativas nacionales.<\/p>\n\n\n\n<p class=\"wp-block-paragraph\">\u201cNosotros, en caso de que no podamos salir al mercado de capitales porque el riesgo pa\u00eds sigue siendo muy alto, haremos<strong>\u00a0los pagos del 2026 utilizando la l\u00ednea de swap<\/strong>, y eso ser\u00eda tomar deuda para pagar deuda. Por lo cual, ese es el fin que tiene:<strong>es para darle seguridad a aquellos que invirtieron en la Argentina<\/strong>\u201d, dijo hoy Milei en una\u00a0<a href=\"https:\/\/www.lanacion.com.ar\/politica\/milei-hablo-sobre-el-swap-de-monedas-con-estados-unidos-nid20102025\/\">entrevista con Canal 8 de Tucum\u00e1n<\/a>.<\/p>\n\n\n\n<p class=\"wp-block-paragraph\">Fuente: <a href=\"https:\/\/www.lanacion.com.ar\/\">La Naci\u00f3n<\/a><\/p>","protected":false},"excerpt":{"rendered":"<p>En lo que ser\u00eda su d\u00e9cimo cuarto viaje a los Estados Unidos como presidente,&nbsp;Javier Milei&nbsp;confirm\u00f3 su presencia para el 5 y 6 del mes pr\u00f3ximo en el America Business Forum, una cumbre que se trata de negocios, deporte y cultura y en la que tambi\u00e9n figura como orador invitado el presidente estadounidense,&nbsp;Donald Trump. El viaje [&hellip;]<\/p>\n","protected":false},"author":9,"featured_media":126846,"comment_status":"open","ping_status":"open","sticky":false,"template":"","format":"standard","meta":{"site-sidebar-layout":"default","site-content-layout":"","ast-site-content-layout":"default","site-content-style":"default","site-sidebar-style":"default","ast-global-header-display":"","ast-banner-title-visibility":"","ast-main-header-display":"","ast-hfb-above-header-display":"","ast-hfb-below-header-display":"","ast-hfb-mobile-header-display":"","site-post-title":"","ast-breadcrumbs-content":"","ast-featured-img":"","footer-sml-layout":"","ast-disable-related-posts":"","theme-transparent-header-meta":"","adv-header-id-meta":"","stick-header-meta":"","header-above-stick-meta":"","header-main-stick-meta":"","header-below-stick-meta":"","astra-migrate-meta-layouts":"default","ast-page-background-enabled":"default","ast-page-background-meta":{"desktop":{"background-color":"","background-image":"","background-repeat":"repeat","background-position":"center center","background-size":"auto","background-attachment":"scroll","background-type":"","background-media":"","overlay-type":"","overlay-color":"","overlay-opacity":"","overlay-gradient":""},"tablet":{"background-color":"","background-image":"","background-repeat":"repeat","background-position":"center center","background-size":"auto","background-attachment":"scroll","background-type":"","background-media":"","overlay-type":"","overlay-color":"","overlay-opacity":"","overlay-gradient":""},"mobile":{"background-color":"","background-image":"","background-repeat":"repeat","background-position":"center center","background-size":"auto","background-attachment":"scroll","background-type":"","background-media":"","overlay-type":"","overlay-color":"","overlay-opacity":"","overlay-gradient":""}},"ast-content-background-meta":{"desktop":{"background-color":"var(--ast-global-color-5)","background-image":"","background-repeat":"repeat","background-position":"center center","background-size":"auto","background-attachment":"scroll","background-type":"","background-media":"","overlay-type":"","overlay-color":"","overlay-opacity":"","overlay-gradient":""},"tablet":{"background-color":"var(--ast-global-color-5)","background-image":"","background-repeat":"repeat","background-position":"center center","background-size":"auto","background-attachment":"scroll","background-type":"","background-media":"","overlay-type":"","overlay-color":"","overlay-opacity":"","overlay-gradient":""},"mobile":{"background-color":"var(--ast-global-color-5)","background-image":"","background-repeat":"repeat","background-position":"center center","background-size":"auto","background-attachment":"scroll","background-type":"","background-media":"","overlay-type":"","overlay-color":"","overlay-opacity":"","overlay-gradient":""}},"footnotes":""},"categories":[2],"tags":[],"class_list":["post-126845","post","type-post","status-publish","format-standard","has-post-thumbnail","hentry","category-politica"],"spectra_blocks_featured_image_url":{"thumbnail":{"url":"https:\/\/100xd.com.ar\/wp-content\/uploads\/2025\/10\/pelotudo-6-150x150.jpg","width":150,"height":150},"medium":{"url":"https:\/\/100xd.com.ar\/wp-content\/uploads\/2025\/10\/pelotudo-6-300x200.jpg","width":300,"height":200},"medium_large":{"url":"https:\/\/100xd.com.ar\/wp-content\/uploads\/2025\/10\/pelotudo-6-768x511.jpg","width":768,"height":511},"large":{"url":"https:\/\/100xd.com.ar\/wp-content\/uploads\/2025\/10\/pelotudo-6.jpg","width":880,"height":586},"full":{"url":"https:\/\/100xd.com.ar\/wp-content\/uploads\/2025\/10\/pelotudo-6.jpg","width":880,"height":586}},"spectra_blocks_author_info":{"display_name":"Jorge Alfredo Baret","avatar_url":"https:\/\/secure.gravatar.com\/avatar\/31696f5ca83439b642450ec7d3f82f98451a5efacb414343d5478c982b337f26?s=96&d=mm&r=g","author_link":"https:\/\/100xd.com.ar\/es\/author\/jorge\/","description":"Ingeniero Qu\u00edmico UTN - Director Apoderado de Comunicaciones Auditadas SA. Editor Responsable 100xd.com.ar."},"_links":{"self":[{"href":"https:\/\/100xd.com.ar\/es\/wp-json\/wp\/v2\/posts\/126845","targetHints":{"allow":["GET"]}}],"collection":[{"href":"https:\/\/100xd.com.ar\/es\/wp-json\/wp\/v2\/posts"}],"about":[{"href":"https:\/\/100xd.com.ar\/es\/wp-json\/wp\/v2\/types\/post"}],"author":[{"embeddable":true,"href":"https:\/\/100xd.com.ar\/es\/wp-json\/wp\/v2\/users\/9"}],"replies":[{"embeddable":true,"href":"https:\/\/100xd.com.ar\/es\/wp-json\/wp\/v2\/comments?post=126845"}],"version-history":[{"count":1,"href":"https:\/\/100xd.com.ar\/es\/wp-json\/wp\/v2\/posts\/126845\/revisions"}],"predecessor-version":[{"id":126847,"href":"https:\/\/100xd.com.ar\/es\/wp-json\/wp\/v2\/posts\/126845\/revisions\/126847"}],"wp:featuredmedia":[{"embeddable":true,"href":"https:\/\/100xd.com.ar\/es\/wp-json\/wp\/v2\/media\/126846"}],"wp:attachment":[{"href":"https:\/\/100xd.com.ar\/es\/wp-json\/wp\/v2\/media?parent=126845"}],"wp:term":[{"taxonomy":"category","embeddable":true,"href":"https:\/\/100xd.com.ar\/es\/wp-json\/wp\/v2\/categories?post=126845"},{"taxonomy":"post_tag","embeddable":true,"href":"https:\/\/100xd.com.ar\/es\/wp-json\/wp\/v2\/tags?post=126845"}],"curies":[{"name":"wp","href":"https:\/\/api.w.org\/{rel}","templated":true}]}}