{"id":126145,"date":"2025-10-07T11:34:14","date_gmt":"2025-10-07T14:34:14","guid":{"rendered":"https:\/\/100xd.com.ar\/?p=126145"},"modified":"2025-10-07T11:34:14","modified_gmt":"2025-10-07T14:34:14","slug":"cuales-son-los-puntos-mas-conflictivos-en-el-plan-de-paz-de-trump-para-gaza","status":"publish","type":"post","link":"https:\/\/100xd.com.ar\/es\/cuales-son-los-puntos-mas-conflictivos-en-el-plan-de-paz-de-trump-para-gaza\/","title":{"rendered":"Cu\u00e1les son los puntos m\u00e1s conflictivos en el plan de paz de Trump para Gaza"},"content":{"rendered":"<p class=\"wp-block-paragraph\"><strong>Negociadores de Israel y Ham\u00e1s se encuentran en Sharm El-Sheikh, Egipto, para mantener conversaciones indirectas sobre el fin de la guerra entre Israel y Gaza.<\/strong><\/p>\n\n\n\n<p class=\"wp-block-paragraph\">Es lo m\u00e1s cerca que ambas partes han llegado a un posible acuerdo desde que comenz\u00f3 la guerra hace dos a\u00f1os.<\/p>\n\n\n\n<p class=\"wp-block-paragraph\">Pero el plan de paz de 20 puntos de Donald Trump -que Israel acept\u00f3 y Ham\u00e1s parcialmente &#8211; es en realidad solo un marco de pocas p\u00e1ginas.<\/p>\n\n\n\n<p class=\"wp-block-paragraph\">Y a\u00fan existen importantes puntos de fricci\u00f3n que ambas partes deben resolver.<\/p>\n\n\n\n<h2 class=\"wp-block-heading\" id=\"Estructura-para-la-liberaci\u00f3n-de-rehenes\">Estructura para la liberaci\u00f3n de rehenes<\/h2>\n\n\n\n<p class=\"wp-block-paragraph\">El plan de Trump establece que, en un plazo de 72 horas tras alcanzar un acuerdo, todos los rehenes ser\u00e1n liberados. Se cree que 48 rehenes israel\u00edes permanecen en Gaza, 20 de los cuales se considera que est\u00e1n vivos.<a href=\"https:\/\/www.bbc.com\/mundo\/articles\/ckgyx504evro#end-of-recommendations\">Saltar M\u00e1s le\u00eddas y continuar leyendo<\/a><strong>M\u00e1s le\u00eddas<\/strong><\/p>\n\n\n\n<ul class=\"wp-block-list\"><li><img decoding=\"async\" srcset=\"https:\/\/ichef.bbci.co.uk\/ace\/ws\/70\/cpsprodpb\/6638\/live\/5315fc90-a301-11f0-991b-2d52b564bc31.jpg.webp 70w, https:\/\/ichef.bbci.co.uk\/ace\/ws\/95\/cpsprodpb\/6638\/live\/5315fc90-a301-11f0-991b-2d52b564bc31.jpg.webp 95w, https:\/\/ichef.bbci.co.uk\/ace\/ws\/144\/cpsprodpb\/6638\/live\/5315fc90-a301-11f0-991b-2d52b564bc31.jpg.webp 144w, https:\/\/ichef.bbci.co.uk\/ace\/ws\/183\/cpsprodpb\/6638\/live\/5315fc90-a301-11f0-991b-2d52b564bc31.jpg.webp 183w, https:\/\/ichef.bbci.co.uk\/ace\/ws\/240\/cpsprodpb\/6638\/live\/5315fc90-a301-11f0-991b-2d52b564bc31.jpg.webp 240w, https:\/\/ichef.bbci.co.uk\/ace\/ws\/320\/cpsprodpb\/6638\/live\/5315fc90-a301-11f0-991b-2d52b564bc31.jpg.webp 320w, https:\/\/ichef.bbci.co.uk\/ace\/ws\/660\/cpsprodpb\/6638\/live\/5315fc90-a301-11f0-991b-2d52b564bc31.jpg.webp 660w\" src=\"https:\/\/ichef.bbci.co.uk\/ace\/ws\/660\/cpsprodpb\/6638\/live\/5315fc90-a301-11f0-991b-2d52b564bc31.jpg.webp\" alt=\"La activista sueca Greta Thunberg habla ante la prensa\" title=\"Cu\u00e1les son los puntos m\u00e1s conflictivos en el plan de paz de Trump para Gaza\"><a href=\"https:\/\/www.bbc.com\/mundo\/articles\/cjw75n6602wo\">&#8220;Es una verg\u00fcenza que esta misi\u00f3n tenga que existir&#8221;: Greta Thunberg y otros 170 activistas de la flotilla que llevaba ayuda humanitaria a Gaza son deportados por Isra<\/a><\/li><\/ul>\n\n\n\n<p class=\"wp-block-paragraph\">Trump afirm\u00f3 durante el fin de semana que los rehenes podr\u00edan ser liberados &#8220;muy pronto&#8221;, mientras que Netanyahu dijo que podr\u00edan ser liberados antes del final de la festividad jud\u00eda de Sucot, el 13 de octubre.<\/p>\n\n\n\n<p class=\"wp-block-paragraph\">Ham\u00e1s acept\u00f3 la &#8220;f\u00f3rmula de intercambio&#8221; de rehenes detallada en el plan de Trump, siempre que se cumplan ciertas &#8220;condiciones sobre el terreno&#8221;.<\/p>\n\n\n\n<p class=\"wp-block-paragraph\">Pero los rehenes son la \u00fanica moneda de cambio del grupo, y no est\u00e1 claro si estar\u00eda dispuesto a liberarlos antes de que se concreten otros aspectos del acuerdo.<\/p>\n\n\n\n<p class=\"wp-block-paragraph\">La confianza entre ambas partes es pr\u00e1cticamente inexistente. El mes pasado, Israel intent\u00f3 asesinar al equipo negociador de Ham\u00e1s con un ataque a\u00e9reo en Doha, lo que enfureci\u00f3 no solo a Ham\u00e1s, sino tambi\u00e9n a Trump y a Qatar, un mediador clave.<\/p>\n\n\n\n<p class=\"wp-block-paragraph\">Miembros de ese mismo equipo negociador, encabezado por Khalil al-Hayya, cuyo hijo muri\u00f3 en el ataque, se reunir\u00e1n a poca distancia de la delegaci\u00f3n israel\u00ed en Egipto.<\/p>\n\n\n\n<figure data-spectra-id=\"spectra-2926e9ee-7769-4bff-94d7-bfabb568deca\" class=\"wp-block-image\"><img decoding=\"async\" src=\"https:\/\/ichef.bbci.co.uk\/ace\/ws\/640\/cpsprodpb\/940d\/live\/bc2f0940-a36c-11f0-b741-177e3e2c2fc7.jpg.webp\" alt=\"Explosi\u00f3n en Ciudad de Gaza en un ataque israel\u00ed\" title=\"Cu\u00e1les son los puntos m\u00e1s conflictivos en el plan de paz de Trump para Gaza\" \/><figcaption>Pie de foto,Mientras el plan de Trump es debatido en Egipto los ataques israel\u00edes contin\u00faan en Gaza.<\/figcaption><\/figure>\n\n\n\n<h2 class=\"wp-block-heading\" id=\"Desarme-de-Ham\u00e1s\">Desarme de Ham\u00e1s<\/h2>\n\n\n\n<p class=\"wp-block-paragraph\">El objetivo declarado de Israel durante la guerra ha sido la destrucci\u00f3n de Ham\u00e1s. Netanyahu ha declarado repetidamente que no se detendr\u00e1 hasta acabar con el grupo.<\/p>\n\n\n\n<p class=\"wp-block-paragraph\">Un punto clave del plan de Trump exige que el grupo se desarme. Sin embargo, Ham\u00e1s se ha negado previamente a deponer las armas, afirmando que solo lo har\u00e1 una vez establecido un Estado palestino.<\/p>\n\n\n\n<p class=\"wp-block-paragraph\">En su respuesta Ham\u00e1s no mencion\u00f3 el desarme, lo que aliment\u00f3 especulaciones de que no ha cambiado su postura.<\/p>\n\n\n\n<p class=\"wp-block-paragraph\">Durante el fin de semana Netanyahu prometi\u00f3: &#8220;Ham\u00e1s ser\u00e1 desarmado y Gaza ser\u00e1 desmilitarizada, ya sea por las buenas o por las malas&#8221;.<\/p>\n\n\n\n<h2 class=\"wp-block-heading\" id=\"Futura-gobernanza-de-Gaza\">Futura gobernanza de Gaza<\/h2>\n\n\n\n<p class=\"wp-block-paragraph\">El plan establece que Ham\u00e1s no tendr\u00e1 ning\u00fan papel en el futuro en Gaza, que ser\u00e1 gobernada por un organismo transitorio temporal de tecn\u00f3cratas palestinos, supervisado por una &#8220;Junta de Paz&#8221; encabezada y presidida por Donald Trump y en la que participar\u00eda el exprimer ministro brit\u00e1nico Tony Blair.<\/p>\n\n\n\n<p class=\"wp-block-paragraph\">La gobernanza de la Franja se transferir\u00eda en alg\u00fan momento no definido a la Autoridad Palestina (AP).<\/p>\n\n\n\n<p class=\"wp-block-paragraph\">Aunque Netanyahu acept\u00f3 la totalidad del plan de 20 puntos de Trump, pareci\u00f3 rechazar la participaci\u00f3n de la AP incluso mientras estaba en el podio junto al presidente estadounidense la semana pasada, insistiendo en que la AP no desempe\u00f1ar\u00eda ning\u00fan papel en el gobierno del territorio.<\/p>\n\n\n\n<p class=\"wp-block-paragraph\">Este es uno de los muchos puntos del plan que objetar\u00edan los ultranacionalistas de l\u00ednea dura dentro de la coalici\u00f3n gobernante de Netanyahu, muchos de los cuales desean conservar el control de Gaza y reconstruir los asentamientos jud\u00edos all\u00ed.<\/p>\n\n\n\n<p class=\"wp-block-paragraph\">En su respuesta, Ham\u00e1s indic\u00f3 que espera desempe\u00f1ar alg\u00fan papel en el futuro en Gaza como parte de &#8220;un movimiento palestino unificado&#8221;. Aunque la redacci\u00f3n es vaga, esto probablemente ser\u00e1 inaceptable tanto para Trump como para los israel\u00edes.<\/p>\n\n\n\n<figure data-spectra-id=\"spectra-e914af3f-4e74-4b48-9b9d-abe818b1e80a\" class=\"wp-block-image\"><img decoding=\"async\" src=\"https:\/\/ichef.bbci.co.uk\/ace\/ws\/640\/cpsprodpb\/5a8d\/live\/a5fc5ba0-a36c-11f0-92db-77261a15b9d2.jpg.webp\" alt=\"Ni\u00f1a luchando por recibir un plato de comida en Gaza\" title=\"Cu\u00e1les son los puntos m\u00e1s conflictivos en el plan de paz de Trump para Gaza\" \/><figcaption>Pie de foto,<\/figcaption><\/figure>\n\n\n\n<h2 class=\"wp-block-heading\" id=\"Retirada-israel\u00ed\">Retirada israel\u00ed<\/h2>\n\n\n\n<p class=\"wp-block-paragraph\">El alcance de la retirada militar de Israel es un cuarto punto de controversia.<\/p>\n\n\n\n<p class=\"wp-block-paragraph\">El plan establece que el ej\u00e9rcito israel\u00ed se retirar\u00e1 de Gaza &#8220;en base a est\u00e1ndares, hitos y plazos&#8221; que deben ser acordados por todas las partes.<\/p>\n\n\n\n<p class=\"wp-block-paragraph\">Un mapa distribuido por la Casa Blanca mostr\u00f3 tres etapas propuestas para la retirada de las tropas israel\u00edes. La primera etapa deja alrededor del 55% de Gaza bajo control israel\u00ed, la segunda el 40% y la \u00faltima el 15%.<\/p>\n\n\n\n<p class=\"wp-block-paragraph\">Esta etapa final consistir\u00eda en un &#8220;per\u00edmetro de seguridad&#8221; que &#8220;permanecer\u00eda hasta que Gaza est\u00e9 debidamente protegida frente a cualquier resurgimiento de la amenaza terrorista&#8221;. La redacci\u00f3n aqu\u00ed es vaga y no ofrece un plazo claro para la retirada total de Israel, algo que Ham\u00e1s probablemente querr\u00e1 aclarar.<\/p>\n\n\n\n<p class=\"wp-block-paragraph\">Adem\u00e1s, el mapa compartido por la Casa Blanca no coincide con los mapas del propio ej\u00e9rcito israel\u00ed que muestran las zonas militarizadas, y las fronteras de Gaza est\u00e1n mal dibujadas en algunos lugares.<\/p>\n\n\n\n<figure data-spectra-id=\"spectra-b2346c4e-45ca-463b-8569-92ef7649f2e9\" class=\"wp-block-image\"><img decoding=\"async\" src=\"https:\/\/ichef.bbci.co.uk\/ace\/ws\/640\/cpsprodpb\/15bc\/live\/e5acd4f0-a36c-11f0-92db-77261a15b9d2.jpg.webp\" alt=\"Soldados israel\u00edes sobre tanques en la frontera entre Gaza e Israel\" title=\"Cu\u00e1les son los puntos m\u00e1s conflictivos en el plan de paz de Trump para Gaza\" \/><figcaption>Pie de foto,Soldados israel\u00edes en la frontera entre Gaza e Israel.<\/figcaption><\/figure>\n\n\n\n<h2 class=\"wp-block-heading\" id=\"El-futuro-de-Netanyahu\">El futuro de Netanyahu<\/h2>\n\n\n\n<p class=\"wp-block-paragraph\">Durante m\u00e1s de un a\u00f1o, el primer ministro israel\u00ed ha enfrentado acusaciones de que solo contin\u00faa la guerra en Gaza para mantenerse en el poder.<\/p>\n\n\n\n<p class=\"wp-block-paragraph\">Miembros de extrema derecha de su gabinete amenazaron con poner fin a su gobierno de coalici\u00f3n si la guerra termina antes de que Ham\u00e1s sea destruido.<\/p>\n\n\n\n<p class=\"wp-block-paragraph\">A principios de este a\u00f1o, Netanyahu y Trump promovieron la idea de reconvertir Gaza en una &#8220;riviera&#8221;, lo que habr\u00eda implicado el desplazamiento forzado de palestinos de la Franja.<\/p>\n\n\n\n<p class=\"wp-block-paragraph\">Este \u00faltimo plan es significativamente diferente y podr\u00eda ser un trago dif\u00edcil de aceptar para los pol\u00edticos intransigentes que dieron su pleno apoyo a la idea de la &#8220;riviera&#8221;.<\/p>\n\n\n\n<p class=\"wp-block-paragraph\">Netanyahu tambi\u00e9n enfrenta un juicio por corrupci\u00f3n que se reanudar\u00eda si la guerra termina. Algunos temen que un fracaso en las conversaciones podr\u00eda beneficiarlo personalmente.<\/p>\n\n\n\n<p class=\"wp-block-paragraph\">Pero tambi\u00e9n habr\u00eda un beneficio pol\u00edtico en poner fin a la guerra, incluso si las condiciones no son las que \u00e9l esperaba. Encuestas recientes muestran consistentemente que alrededor del 70% de los israel\u00edes quiere que la guerra termine a cambio de la liberaci\u00f3n de los rehenes.<\/p>\n\n\n\n<p class=\"wp-block-paragraph\">De una forma u otra, Netanyahu tendr\u00e1 que enfrentarse a elecciones en 2026.<\/p>\n\n\n\n<p class=\"wp-block-paragraph\">Fuente:<a href=\"https:\/\/www.bbc.com\/mundo\"> BBC News Mundo<\/a><\/p>","protected":false},"excerpt":{"rendered":"<p>Negociadores de Israel y Ham\u00e1s se encuentran en Sharm El-Sheikh, Egipto, para mantener conversaciones indirectas sobre el fin de la guerra entre Israel y Gaza. Es lo m\u00e1s cerca que ambas partes han llegado a un posible acuerdo desde que comenz\u00f3 la guerra hace dos a\u00f1os. Pero el plan de paz de 20 puntos de [&hellip;]<\/p>\n","protected":false},"author":9,"featured_media":126146,"comment_status":"open","ping_status":"open","sticky":false,"template":"","format":"standard","meta":{"site-sidebar-layout":"default","site-content-layout":"","ast-site-content-layout":"default","site-content-style":"default","site-sidebar-style":"default","ast-global-header-display":"","ast-banner-title-visibility":"","ast-main-header-display":"","ast-hfb-above-header-display":"","ast-hfb-below-header-display":"","ast-hfb-mobile-header-display":"","site-post-title":"","ast-breadcrumbs-content":"","ast-featured-img":"","footer-sml-layout":"","ast-disable-related-posts":"","theme-transparent-header-meta":"","adv-header-id-meta":"","stick-header-meta":"","header-above-stick-meta":"","header-main-stick-meta":"","header-below-stick-meta":"","astra-migrate-meta-layouts":"default","ast-page-background-enabled":"default","ast-page-background-meta":{"desktop":{"background-color":"","background-image":"","background-repeat":"repeat","background-position":"center center","background-size":"auto","background-attachment":"scroll","background-type":"","background-media":"","overlay-type":"","overlay-color":"","overlay-opacity":"","overlay-gradient":""},"tablet":{"background-color":"","background-image":"","background-repeat":"repeat","background-position":"center center","background-size":"auto","background-attachment":"scroll","background-type":"","background-media":"","overlay-type":"","overlay-color":"","overlay-opacity":"","overlay-gradient":""},"mobile":{"background-color":"","background-image":"","background-repeat":"repeat","background-position":"center center","background-size":"auto","background-attachment":"scroll","background-type":"","background-media":"","overlay-type":"","overlay-color":"","overlay-opacity":"","overlay-gradient":""}},"ast-content-background-meta":{"desktop":{"background-color":"var(--ast-global-color-5)","background-image":"","background-repeat":"repeat","background-position":"center center","background-size":"auto","background-attachment":"scroll","background-type":"","background-media":"","overlay-type":"","overlay-color":"","overlay-opacity":"","overlay-gradient":""},"tablet":{"background-color":"var(--ast-global-color-5)","background-image":"","background-repeat":"repeat","background-position":"center center","background-size":"auto","background-attachment":"scroll","background-type":"","background-media":"","overlay-type":"","overlay-color":"","overlay-opacity":"","overlay-gradient":""},"mobile":{"background-color":"var(--ast-global-color-5)","background-image":"","background-repeat":"repeat","background-position":"center center","background-size":"auto","background-attachment":"scroll","background-type":"","background-media":"","overlay-type":"","overlay-color":"","overlay-opacity":"","overlay-gradient":""}},"footnotes":""},"categories":[80],"tags":[],"class_list":["post-126145","post","type-post","status-publish","format-standard","has-post-thumbnail","hentry","category-ultimas-noticias"],"spectra_blocks_featured_image_url":{"thumbnail":{"url":"https:\/\/100xd.com.ar\/wp-content\/uploads\/2025\/10\/duque-150x150.webp","width":150,"height":150},"medium":{"url":"https:\/\/100xd.com.ar\/wp-content\/uploads\/2025\/10\/duque-300x169.webp","width":300,"height":169},"medium_large":{"url":"https:\/\/100xd.com.ar\/wp-content\/uploads\/2025\/10\/duque-768x432.webp","width":768,"height":432},"large":{"url":"https:\/\/100xd.com.ar\/wp-content\/uploads\/2025\/10\/duque.webp","width":800,"height":450},"full":{"url":"https:\/\/100xd.com.ar\/wp-content\/uploads\/2025\/10\/duque.webp","width":800,"height":450}},"spectra_blocks_author_info":{"display_name":"Jorge Alfredo Baret","avatar_url":"https:\/\/secure.gravatar.com\/avatar\/31696f5ca83439b642450ec7d3f82f98451a5efacb414343d5478c982b337f26?s=96&d=mm&r=g","author_link":"https:\/\/100xd.com.ar\/es\/author\/jorge\/","description":"Ingeniero Qu\u00edmico UTN - Director Apoderado de Comunicaciones Auditadas SA. Editor Responsable 100xd.com.ar."},"_links":{"self":[{"href":"https:\/\/100xd.com.ar\/es\/wp-json\/wp\/v2\/posts\/126145","targetHints":{"allow":["GET"]}}],"collection":[{"href":"https:\/\/100xd.com.ar\/es\/wp-json\/wp\/v2\/posts"}],"about":[{"href":"https:\/\/100xd.com.ar\/es\/wp-json\/wp\/v2\/types\/post"}],"author":[{"embeddable":true,"href":"https:\/\/100xd.com.ar\/es\/wp-json\/wp\/v2\/users\/9"}],"replies":[{"embeddable":true,"href":"https:\/\/100xd.com.ar\/es\/wp-json\/wp\/v2\/comments?post=126145"}],"version-history":[{"count":1,"href":"https:\/\/100xd.com.ar\/es\/wp-json\/wp\/v2\/posts\/126145\/revisions"}],"predecessor-version":[{"id":126147,"href":"https:\/\/100xd.com.ar\/es\/wp-json\/wp\/v2\/posts\/126145\/revisions\/126147"}],"wp:featuredmedia":[{"embeddable":true,"href":"https:\/\/100xd.com.ar\/es\/wp-json\/wp\/v2\/media\/126146"}],"wp:attachment":[{"href":"https:\/\/100xd.com.ar\/es\/wp-json\/wp\/v2\/media?parent=126145"}],"wp:term":[{"taxonomy":"category","embeddable":true,"href":"https:\/\/100xd.com.ar\/es\/wp-json\/wp\/v2\/categories?post=126145"},{"taxonomy":"post_tag","embeddable":true,"href":"https:\/\/100xd.com.ar\/es\/wp-json\/wp\/v2\/tags?post=126145"}],"curies":[{"name":"wp","href":"https:\/\/api.w.org\/{rel}","templated":true}]}}