{"id":126025,"date":"2025-10-05T12:10:39","date_gmt":"2025-10-05T15:10:39","guid":{"rendered":"https:\/\/100xd.com.ar\/?p=126025"},"modified":"2025-10-05T12:10:39","modified_gmt":"2025-10-05T15:10:39","slug":"el-caotico-experimento-para-convertir-a-milei-en-un-nono-republicano","status":"publish","type":"post","link":"https:\/\/100xd.com.ar\/es\/el-caotico-experimento-para-convertir-a-milei-en-un-nono-republicano\/","title":{"rendered":"El ca\u00f3tico experimento para convertir a Milei en un \u00f1o\u00f1o republicano"},"content":{"rendered":"<p class=\"wp-block-paragraph\">Cuando&nbsp;<strong>Javier Milei<\/strong>&nbsp;mand\u00f3 a imprenta su nuevo libro, hace poco m\u00e1s de un mes, ignoraba la fragilidad del hielo que pisaba. El t\u00edtulo elegido,&nbsp;<strong>\u201cLa construcci\u00f3n del milagro\u201d<\/strong>, es un retrato preciso de la imagen que le devolv\u00eda el espejo: el hombre que cumpli\u00f3 una misi\u00f3n imposible, que no conoce l\u00edmites a su voluntad y que atribuye una dimensi\u00f3n divina a sus actos.<\/p>\n\n\n\n<p class=\"wp-block-paragraph\">Le toca presentarlo el lunes, convertido en otra persona. En 40 d\u00edas le pasaron por arriba los&nbsp;<a href=\"https:\/\/www.lanacion.com.ar\/politica\/que-dicen-los-nuevos-audios-de-diego-spagnuolo-nid27082025\/\"><strong>audios de Spagnuolo<\/strong><\/a>, la&nbsp;<a href=\"https:\/\/www.lanacion.com.ar\/politica\/quien-gano-las-elecciones-2025-en-la-provincia-de-buenos-aires-nid07092025\/\">derrota por 13 puntos en Buenos Aires<\/a>, una corrida cambiaria, el rescate oral de&nbsp;<strong>Donald Trump<\/strong>&nbsp;y la confirmaci\u00f3n de que su candidato estrella&nbsp;<strong>Jos\u00e9 Luis Espert<\/strong>&nbsp;<a href=\"https:\/\/www.lanacion.com.ar\/politica\/una-transferencia-destinada-a-espert-figura-en-una-contabilidad-oficial-elaborada-por-el-bank-of-nid02102025\/\">cobr\u00f3 dinero<\/a>&nbsp;de un empresario que hoy est\u00e1 preso bajo cargos de lavado y colaboraci\u00f3n con el narcotr\u00e1fico. La palabra \u201cmilagro\u201d evoca ahora un eco ir\u00f3nico en lugar de la dulce arrogancia con la que fue elegida por el autor.<\/p>\n\n\n\n<p class=\"wp-block-paragraph\">A Milei lo aquejan las urgencias terrenales de un l\u00edder cercado por la adversidad y la p\u00e9rdida precipitada de confianza. At\u00f3 su suerte al auxilio de Estados Unidos, pero para conseguirlo tiene que&nbsp;<strong>cambiar de piel<\/strong>. El secretario del Tesoro,&nbsp;<strong>Scott Bessent<\/strong>, y el&nbsp;<strong>Fondo Monetario Internacional (FMI)&nbsp;<\/strong>le enviaron mensajes directos de que el programa de asistencia requiere pruebas concretas de que armar\u00e1 un&nbsp;<strong>esquema de coalici\u00f3n<\/strong>&nbsp;<strong>eficiente&nbsp;<\/strong>para la segunda mitad del mandato.<\/p>\n\n\n\n<figure data-spectra-id=\"spectra-c5a78780-e6d8-4fee-9bd2-2f30273b62e8\" class=\"wp-block-image\"><img decoding=\"async\" src=\"https:\/\/resizer.glanacion.com\/resizer\/v2\/el-nuevo-libro-de-milei-mayoritariamente-2B7N3XRJTBBBPHZRLRNKXIB6R4.jpeg?auth=d2d0c62719154fcd7eb21283eaf2b66814d732321d566d78b72ab9bd6e5c6c3f&amp;width=420&amp;height=525&amp;quality=70&amp;smart=true\" alt=\"El nuevo libro de Milei, mayoritariamente conformado por sus discursos como presidente\" title=\"El ca\u00f3tico experimento para convertir a Milei en un \u00f1o\u00f1o republicano\" \/><figcaption>El nuevo libro de Milei, mayoritariamente conformado por sus discursos como presidente<\/figcaption><\/figure>\n\n\n\n<p class=\"wp-block-paragraph\">Acept\u00f3 el reto. Cit\u00f3 dos veces a&nbsp;<strong>Mauricio Macri<\/strong>&nbsp;a Olivos para retomar el di\u00e1logo despu\u00e9s de un a\u00f1o.&nbsp;<strong>\u201cEst\u00e1 grande, ya no entiende algunas cosas\u201d<\/strong>, dec\u00eda en mayo del expresidente. Ahora lo llama de nuevo \u201cPresi\u201d, le propone \u201cconstruir consensos\u201d y elogia al Pro, que ya no es ni<strong>&nbsp;\u201cuna estructura obsoleta\u201d<\/strong>&nbsp;ni el partido de&nbsp;<strong>\u201clos amarillos fracasados\u201d<\/strong>&nbsp;que era hace cinco meses cuando se enfrentaron en la Capital.<\/p>\n\n\n\n<p class=\"wp-block-paragraph\"><strong>\u201cVio, Presi, que ya no insulto\u201d<\/strong>, le dijo Milei a Macri al reencontrarse, el domingo pasado. Paradojas de los tiempos antisistema:&nbsp;<strong>gracias a Trump, Milei est\u00e1 aprendiendo a ser un \u00f1o\u00f1o republicano<\/strong>.<\/p>\n\n\n\n<figure data-spectra-id=\"spectra-a79fdb11-df6a-472c-a166-931724e9c8da\" class=\"wp-block-image\"><img decoding=\"async\" src=\"https:\/\/resizer.glanacion.com\/resizer\/v2\/mauricio-macri-tras-el-ultimo-encuentro-con-SJ6Q7BU3YNEYRCSBQELALITSB4.JPG?auth=05cf094aa4b2bd08fa0fc15265d5f39d0515886421c47aa5d61aad50d8488660&amp;width=420&amp;height=280&amp;quality=70&amp;smart=true\" alt=\"Mauricio Macri, tras el \u00faltimo encuentro con candidatos del Pro\" title=\"El ca\u00f3tico experimento para convertir a Milei en un \u00f1o\u00f1o republicano\" \/><figcaption>Mauricio Macri, tras el \u00faltimo encuentro con candidatos del ProCamila Godoy<\/figcaption><\/figure>\n\n\n\n<p class=\"wp-block-paragraph\">El experimento consensual del presidente que consideraba \u201ccriminales\u201d los acuerdos pol\u00edticos incluye entre sus objetivos primordiales reconectar con los gobernadores que le dieron paz legislativa en 2024 antes de que la furia libertaria los transformara en&nbsp;<strong>\u201cgolpistas\u201d<\/strong>&nbsp;y&nbsp;<strong>\u201cdegenerados fiscales\u201d<\/strong>. Al menos cuatro jefes provinciales de origen peronista fueron sondeados para sumarse a la comitiva que ir\u00e1 a la&nbsp;<strong>Casa Blanca<\/strong>&nbsp;el martes 14 por la reuni\u00f3n bilateral con Trump. Ninguno confirm\u00f3 a\u00fan. Los seis de Provincias Unidas se juramentaron entre ellos no aceptar. \u201cNo tiene l\u00f3gica. Va a ser en el tramo final de una campa\u00f1a en la que el que nos invita es nuestro rival\u201d, resume un gobernador del norte del pa\u00eds.<\/p>\n\n\n\n<figure data-spectra-id=\"spectra-3b45d928-31c5-4135-a112-dbf66b48ceec\" class=\"wp-block-image\"><img decoding=\"async\" src=\"https:\/\/resizer.glanacion.com\/resizer\/v2\/milei-y-trump-en-nueva-6AVD5TPZFFETNHIOBIIS54NTLQ.JPG?auth=5ca6be83d6593d5da75680befdc0eee8431a5f47d6bee1660b3a5bfe2f83665c&amp;width=420&amp;height=280&amp;quality=70&amp;smart=true\" alt=\"Milei y Trump, en Nueva York\" title=\"El ca\u00f3tico experimento para convertir a Milei en un \u00f1o\u00f1o republicano\" \/><figcaption>Milei y Trump, en Nueva YorkEvan Vucci &#8211; AP<\/figcaption><\/figure>\n\n\n\n<p class=\"wp-block-paragraph\">La calma en los mercados por la promesa norteamericana se agot\u00f3 demasiado pronto. Bessent volvi\u00f3 a jugar y acord\u00f3 el viaje preliminar del ministro&nbsp;<strong>Luis Caputo<\/strong>. Pero mientras Milei ensayaba su faceta conciliadora le estall\u00f3 el caso Espert.<\/p>\n\n\n\n<h2 class=\"wp-block-heading\"><strong>D\u00edas de desconcierto<\/strong><\/h2>\n\n\n\n<figure data-spectra-id=\"spectra-a9866abd-e5d6-4c7c-baa3-60b051193620\" class=\"wp-block-image\"><img decoding=\"async\" src=\"https:\/\/resizer.glanacion.com\/resizer\/v2\/el-diputado-espert-sale-de-la-presentacion-ZABHSFCGBJD37J6LBBY7ZJ6LJY.JPG?auth=d3b62b849c77111147a9d71ac7019f972d2ac4a7c46b91e7463382a6a1aa2a2a&amp;width=420&amp;height=630&amp;quality=70&amp;smart=true\" alt=\"El diputado Espert sale de la presentaci\u00f3n oficial de un proyecto de reforma integral del C\u00f3digo Penal en el Complejo Penitenciario Federal N\u00b0 1 de Ezeiza\" title=\"El ca\u00f3tico experimento para convertir a Milei en un \u00f1o\u00f1o republicano\" \/><figcaption>El diputado Espert sale de la presentaci\u00f3n oficial de un proyecto de reforma integral del C\u00f3digo Penal en el Complejo Penitenciario Federal N\u00b0 1 de EzeizaLUIS ROBAYO &#8211; AFP<\/figcaption><\/figure>\n\n\n\n<p class=\"wp-block-paragraph\">La bomba desnud\u00f3 carencias que van m\u00e1s all\u00e1 de la fragilidad parlamentaria de&nbsp;<strong>La Libertad Avanza (LLA)<\/strong>. Exhibi\u00f3 un gobierno cruzado por los rencores, una estrategia de comunicaci\u00f3n a la deriva y un presidente que inspira miedo a quienes lo rodean. Esto \u00faltimo fue palpable el viernes por la noche, cuando la mayor\u00eda de los ministros y los integrantes del equipo de campa\u00f1a descontaban que&nbsp;<strong>Espert hab\u00eda ido a Olivos a renunciar<\/strong>&nbsp;a su candidatura. No pod\u00edan creerlo cuando, pasadas las 22, el propio diputado anunci\u00f3 con tono socarr\u00f3n que segu\u00eda en carrera y Milei lo aval\u00f3 con un retuit.<\/p>\n\n\n\n<p class=\"wp-block-paragraph\">La ministra y candidata porte\u00f1a&nbsp;<strong>Patricia Bullrich<\/strong>&nbsp;se puso al hombro la gesti\u00f3n de sacar a Espert de escena una vez que se instal\u00f3 la sospecha de que hab\u00eda recibido 200.000 d\u00f3lares de&nbsp;<strong>Fred Machado<\/strong>, el empresario detenido en Viedma por orden de la justicia de Estados Unidos.&nbsp;<strong>\u201cElla se queda sin campa\u00f1a si no puede hablar de narcotr\u00e1fico y seguridad, que son sus caballitos de batalla\u201d<\/strong>, admit\u00edan en su entorno.<\/p>\n\n\n\n<p class=\"wp-block-paragraph\">En el comando de la campa\u00f1a bonaerense cre\u00edan exagerada esa posici\u00f3n.&nbsp;<strong>\u201cYa es tarde. No podemos ni siquiera reimprimir las boletas\u201d<\/strong>, dec\u00eda uno de los armadores libertarios el martes. Tres d\u00edas despu\u00e9s rezaba porque el calvario terminara de una vez y Espert diera un paso al costado.<\/p>\n\n\n\n<figure data-spectra-id=\"spectra-a0374c36-4a0f-456d-932e-6236d485e8cc\" class=\"wp-block-image\"><img decoding=\"async\" src=\"https:\/\/resizer.glanacion.com\/resizer\/v2\/federico-fred-machado-al-ser-detenido-en-neuquen-6PTOV3562FEL7IMWD7TQU53O6A.jpeg?auth=6584ef81721e978be530ec92e52b3a01d52fe04ebf03f2632ddd83cb8a77475d&amp;width=420&amp;height=244&amp;quality=70&amp;smart=true\" alt=\"Federico &quot;Fred&quot; Machado, al ser detenido en Neuqu\u00e9n, en 2021\" title=\"El ca\u00f3tico experimento para convertir a Milei en un \u00f1o\u00f1o republicano\" \/><figcaption>Federico &#8220;Fred&#8221; Machado, al ser detenido en Neuqu\u00e9n, en 2021<\/figcaption><\/figure>\n\n\n\n<p class=\"wp-block-paragraph\">La elecci\u00f3n de Espert fue personal\u00edsima de Milei, contra la opini\u00f3n de casi todos sus asesores y hasta de su hermana Karina. \u201cElla es el jefe en las cosas que a Javier no le importan. Pero si \u00e9l se encapricha con algo no es f\u00e1cil torcerle la decisi\u00f3n\u201d, explica un habitante del segundo c\u00edrculo del poder libertario.<\/p>\n\n\n\n<p class=\"wp-block-paragraph\">Meses atr\u00e1s, el \u00fanico intento de impulsar otra opci\u00f3n como cabeza de lista en Buenos Aires fue un \u00edntimo y secreto clamor por postular a Karina.&nbsp;<strong>\u201cElla no quiso saber nada. Por suerte&#8230;\u201d<\/strong>, dice una fuente que particip\u00f3 de las discusiones, previas al caso Spagnuolo y la mitolog\u00eda del 3%.<\/p>\n\n\n\n<p class=\"wp-block-paragraph\">La campa\u00f1a se desmadr\u00f3 el mi\u00e9rcoles por la noche cuando Espert, a pedido del comando de campa\u00f1a, asisti\u00f3 a una\u00a0<a href=\"https:\/\/www.lanacion.com.ar\/politica\/el-drastico-giro-en-el-relato-de-espert-sobre-su-relacion-con-fred-machado-acusado-de-narcotrafico-y-nid03102025\/\">entrevista televisiva con Pablo Rossi<\/a>. Pareci\u00f3 desprovisto de todo sentido de la comunicaci\u00f3n de crisis al negarse una y otra vez a responder\u00a0<strong>la pregunta m\u00e1s obvia<\/strong>\u00a0que iba a hacerle cualquier periodista que respete su profesi\u00f3n: \u00bfcobr\u00f3 o no los 200.000 d\u00f3lares de Machado mencionados en la denuncia que present\u00f3 el dirigente peronista\u00a0<strong>Juan Grabois<\/strong>?<\/p>\n\n\n\n<p class=\"wp-block-paragraph\">A la misma hora, sin posibilidad de ver c\u00f3mo su candidato se hund\u00eda en vivo y en directo, Milei empezaba una larga charla en radio Mitre con un conductor amigo en la que defendi\u00f3 a Espert sin fisuras:&nbsp;<strong>\u201cNo tengo ninguna explicaci\u00f3n que pedirle\u201d<\/strong>. La sensaci\u00f3n de que no hay guionista a cargo de la campa\u00f1a se acentuaba. Argument\u00f3 por ejemplo que, de pedirle la renuncia a Espert, estar\u00eda&nbsp;<strong>\u201cvalidando el disparate\u201d<\/strong>&nbsp;y permitiendo que \u201dun conjunto de forajidos\u201d le marcara la agenda. Con esa l\u00f3gica,&nbsp;<strong>Diego Spagnuolo<\/strong>&nbsp;todav\u00eda deber\u00eda manejar el presupuesto de discapacidad. \u00bfO al echarlo aval\u00f3 sus comentarios sobre un sistema de coimas del que se beneficiaban su hermana y los primos Menem?<\/p>\n\n\n\n<p class=\"wp-block-paragraph\">Tampoco afin\u00f3 lo suficiente el discurso de la empat\u00eda con los que sufren el ajuste. \u201cTodos estamos sufriendo el ajuste. \u00bfSab\u00e9s qui\u00e9nes son los argentinos que m\u00e1s salario real perdieron? Los del Poder Ejecutivo\u201d, enfatiz\u00f3, mientras la discusi\u00f3n p\u00fablica est\u00e1 contaminada de sospechas de comisiones y transferencias inconfesables.<\/p>\n\n\n\n<p class=\"wp-block-paragraph\">En esa misma conversaci\u00f3n nocturna, quiso mostrarse como un alumno modelo. Dijo que estaba construyendo consensos, que su pr\u00f3xima reuni\u00f3n con Macri iba a ser con papeles arriba de la mesa y que quer\u00eda trabajar con los gobernadores.&nbsp;<strong>Le hablaba a Trump.<\/strong>&nbsp;Tambi\u00e9n dej\u00f3 entrever su estado emocional:&nbsp;<strong>se puso a llorar al recordar goles de Mart\u00edn Palermo en Boca<\/strong>. Dijo que a\u00f1oraba una \u00e9poca en la que fue feliz, en la cancha con su hermana y sus padres.<\/p>\n\n\n\n<p class=\"wp-block-paragraph\">Su v\u00ednculo con Espert tambi\u00e9n est\u00e1 te\u00f1ido de emociones. Lo conecta con los d\u00edas apasionantes de la rebeld\u00eda antisistema. Se pelearon y se amigaron incontables veces. El insulto ha sido lengua franca entre ellos. Pero le reconoce al economista de Pergamino que&nbsp;<strong>nunca lo menospreci\u00f3<\/strong>, como s\u00ed hicieron otros cuando era un hombre sin poder.<\/p>\n\n\n\n<p class=\"wp-block-paragraph\">El reencuentro entre ellos ocurri\u00f3 el 29 de noviembre de 2023, en el recinto de la C\u00e1mara de Diputados. La Asamblea Legislativa hab\u00eda proclamado presidente a Milei. Espert se le acerc\u00f3, se fundieron en un abrazo y el nuevo presidente le dijo al o\u00eddo:&nbsp;<strong>\u201cGracias, profe, maestro\u201d.<\/strong>&nbsp;Al tiempo lo incorpor\u00f3 a LLA y lo impuls\u00f3 como cabeza de la Comisi\u00f3n de Presupuesto de la C\u00e1mara.<\/p>\n\n\n\n<figure data-spectra-id=\"spectra-35e2c10f-7a5a-401c-98fa-58fe465f01a4\" class=\"wp-block-image\"><img decoding=\"async\" src=\"https:\/\/resizer.glanacion.com\/resizer\/v2\/espert-y-milei-el-dia-en-que-se-RX4ICDNBXJB3VAWBCBI6IKJ2H4.jpg?auth=63c124f4a5f245b68efe5b771c5054ab97d18424dd188830f1f234b2dcb5e13f&amp;width=420&amp;height=315&amp;quality=70&amp;smart=true\" alt=\"Espert y Milei, el d\u00eda en que se reconciliaron\" title=\"El ca\u00f3tico experimento para convertir a Milei en un \u00f1o\u00f1o republicano\" \/><figcaption>Espert y Milei, el d\u00eda en que se reconciliaronT\u00e9lam<\/figcaption><\/figure>\n\n\n\n<h2 class=\"wp-block-heading\"><strong>La sombra de Machado<\/strong><\/h2>\n\n\n\n<p class=\"wp-block-paragraph\">Quiso la suerte que uno de los momentos de distancia entre ellos fuera el 2019, poco antes de la entrada en acci\u00f3n de Machado en la campa\u00f1a de Espert. Milei se alej\u00f3 de ese proyecto porque no validaba a Alberto Asseff, el ultraconservador que hab\u00eda puesto el primer partido que sostuvo esa aventura electoral (UNIR).<\/p>\n\n\n\n<p class=\"wp-block-paragraph\">Es improbable que Milei haya tratado a Machado, aunque comparten abogado,&nbsp;<strong>Francisco Oneto<\/strong>. El Presidente podr\u00eda decir, como un Bogart en Casablanca: \u201cDe todos los abogados del mundo tuvo que elegir al m\u00edo\u201d. La realidad es menos po\u00e9tica. Oneto merodea desde hace una d\u00e9cada por los c\u00edrculos libertarios en los que Espert y Milei alumbraron su carrera pol\u00edtica y que atrajeron a aventureros como&nbsp;<strong>Spagnuolo<\/strong>,&nbsp;<strong>Machado&nbsp;<\/strong>y tantos otros.<\/p>\n\n\n\n<figure data-spectra-id=\"spectra-917f151e-3394-48ce-b81c-ff1f31b8487b\" class=\"wp-block-image\"><img decoding=\"async\" src=\"https:\/\/resizer.glanacion.com\/resizer\/v2\/javier-milei-y-francisco-oneto-su-FGEL2UCEAZELXLUHKWGKDQOG64.jpeg?auth=45c65313e359ccc497211cadefbee8c2b3a52a47030ea8ef465b9aa3992c0069&amp;width=420&amp;height=420&amp;quality=70&amp;smart=true\" alt=\"Javier Milei y Francisco Oneto, su abogado\" title=\"El ca\u00f3tico experimento para convertir a Milei en un \u00f1o\u00f1o republicano\" \/><figcaption>Javier Milei y Francisco Oneto, su abogado<\/figcaption><\/figure>\n\n\n\n<p class=\"wp-block-paragraph\">La err\u00e1tica defensa de Espert el mi\u00e9rcoles alarm\u00f3 a Karina Milei y a Santiago Caputo, en curiosa sinton\u00eda.&nbsp;<strong>Al candidato le pidieron que preparara una explicaci\u00f3n \u201cm\u00e1s adulta\u201d, aunque se resist\u00eda.<\/strong>&nbsp;La discusi\u00f3n se termin\u00f3 abruptamente cuando&nbsp;<strong>LA NACION&nbsp;<\/strong>public\u00f3 los documentos de la transferencia que le envi\u00f3 el entramado de empresas de Machado. Ya no era&nbsp;<strong>\u201cun Excel trucho de Grabois\u201d<\/strong>&nbsp;sino la contabilidad de una empresa elaborada por el&nbsp;<strong>Bank of America<\/strong>&nbsp;y aceptada como prueba criminal en un tribunal de Texas.<\/p>\n\n\n\n<p class=\"wp-block-paragraph\">De urgencia grab\u00f3 un video en las oficinas de Caputo en la calle Reconquista. Ley\u00f3 a c\u00e1mara un libreto en el que&nbsp;<strong>admiti\u00f3 haber cobrado 200.000 d\u00f3lares&nbsp;<\/strong>a cambio de sus servicios profesionales como consultor. Machado, ampli\u00f3, lo hab\u00eda contratado meses despu\u00e9s de la campa\u00f1a de 2019 para hacer un estudio sobre una mina en&nbsp;<strong>Guatemala<\/strong>. Le pagaron un anticipo y despu\u00e9s el trabajo no se hizo porque lleg\u00f3 la pandemia. Todo est\u00e1 declarado y en blanco, a\u00f1adi\u00f3 sin mostrar un solo papel.<\/p>\n\n\n\n<p class=\"wp-block-paragraph\">Un funcionario que esperaba a esas alturas la renuncia de Espert dijo:&nbsp;<strong>\u201cDefinitivamente nos meti\u00f3 en Guatepeor\u201d<\/strong>.<\/p>\n\n\n\n<p class=\"wp-block-paragraph\">La admisi\u00f3n desmonta cuatro a\u00f1os de la narrativa p\u00fablica de Espert sobre Machado: siempre jur\u00f3 que era un contacto casual, que lo llev\u00f3 en avi\u00f3n a un acto en Viedma en 2019 y que despu\u00e9s no lo vio nunca m\u00e1s.<\/p>\n\n\n\n<p class=\"wp-block-paragraph\">Su credibilidad qued\u00f3 herida, por mucho que no exista ninguna prueba fehaciente de que \u00e9l pudiera conocer las actividades il\u00edcitas de Machado (reveladas en Estados Unidos en febrero de 2021). Incluso ante la Justicia declar\u00f3 Espert que la excursi\u00f3n a Viedma marc\u00f3 el fin de su v\u00ednculo con el acusado.&nbsp;<strong>\u201cCon posterioridad no tuve m\u00e1s trato con esa persona\u201d<\/strong>, consign\u00f3 en un escrito presentado en marzo en el juzgado de Marcelo Mart\u00ednez de Giorgi.<\/p>\n\n\n\n<p class=\"wp-block-paragraph\">La presi\u00f3n sobre Karina Milei y Santiago Caputo para que convencieran a Milei de remover a Espert se dispar\u00f3 el viernes. \u201cLo est\u00e1n operando con algo que pas\u00f3 hace seis a\u00f1os y \u00e9l no pod\u00eda saber qui\u00e9n era ese hombre\u201d, dijo el Presidente en la reuni\u00f3n con Macri.<\/p>\n\n\n\n<p class=\"wp-block-paragraph\">A las 21, cuando se supo que Espert estaba reunido con Milei en Olivos, todo el oficialismo anticip\u00f3 el fin. La ratificaci\u00f3n de Espert una hora despu\u00e9s&nbsp;<strong>(\u201cno me bajo nada\u201d)<\/strong>&nbsp;dej\u00f3 boquiabiertos a ministros, legisladores y candidatos.<\/p>\n\n\n\n<p class=\"wp-block-paragraph\">Milei qued\u00f3 en verlo en el Movistar Arena en la presentaci\u00f3n de su libro, este lunes. Por ese acto, y en medio de las crisis que se bifurcan,&nbsp;<strong>Milei pas\u00f3 noches en vela en Olivos ensayando temas que quiere cantar<\/strong>. Tal vez deba atender tambi\u00e9n lo que pase abajo del escenario: los militantes \u201cterritoriales\u201d de Karina Milei est\u00e1n alarmados porque los \u201ccelestiales\u201d de Caputo alardean con que Milei los invit\u00f3 a entrar al estadio junto a \u00e9l, como si fueran su guardia pretoriana.<\/p>\n\n\n\n<p class=\"wp-block-paragraph\"><strong>\u201cVamos a terminar a las pi\u00f1as\u201d<\/strong>, dec\u00eda entre semana uno de los armadores del karinismo. Despu\u00e9s de la derrota bonaerense, los j\u00f3venes caputistas se encargaron de insultar y despreciar a&nbsp;<strong>Sebasti\u00e1n Pareja<\/strong>, a los Menem y a otros dirigentes que los hab\u00edan marginado de las listas, como&nbsp;<strong>Ram\u00f3n<\/strong>&nbsp;<strong>Nene Vera<\/strong>, puntero de Moreno.<\/p>\n\n\n\n<p class=\"wp-block-paragraph\">El Gordo Dan transmiti\u00f3 en su canal de\u00a0<em>streaming\u00a0<\/em>el ensayo de un desfile con estandartes de \u201cLas Fuerzas del Cielo\u201d. Del otro lado, lo tomaron como una provocaci\u00f3n. Hasta evaluaron no asistir al acto<\/p>\n\n\n\n<p class=\"wp-block-paragraph\">El entuerto de Espert los conmin\u00f3 a enfocarse en lo importante. Para el Gobierno es dram\u00e1tico porque pone en riesgo todo el plan de reconversi\u00f3n. El resultado electoral condicionar\u00e1 la fortaleza de la coalici\u00f3n que Trump y el FMI le piden a Milei a cambio de ayuda financiera.&nbsp;<strong>Afectar\u00e1 a las medidas cambiarias y al contorno del nuevo gabinete.<\/strong>&nbsp;Sin una remontada en Buenos Aires, suena veros\u00edmil el escenario de una derrota de LLA a nivel nacional.<\/p>\n\n\n\n<p class=\"wp-block-paragraph\">La oposici\u00f3n amenaza con echar a Espert de la presidencia de la Comisi\u00f3n de Presupuesto. Necesita el voto de dos tercios de los presentes, el mi\u00e9rcoles. En el kirchnerismo se envalentonan con pisar el acelerador y expulsarlo de la c\u00e1mara por \u201cinhabilidad moral\u201d. La Casa Rosada trabaja para evitar ese desastre.<\/p>\n\n\n\n<p class=\"wp-block-paragraph\">Bessent est\u00e1 atento al desarrollo de la crisis pol\u00edtica. Soporta \u00e1cidos cuestionamientos internos por asistir a la Argentina de manera tan firme en tiempos del\u00a0<em>America First<\/em>. Por eso exige pruebas tangibles de que el salvavidas de d\u00f3lares no ir\u00e1 a un gobierno disfuncional y sin poder reformista. No parece dispuesto a dar anticipos sin contrapartida. Fred Machado hay uno solo.<\/p>\n\n\n\n<p class=\"wp-block-paragraph\">Por\u00a0<a href=\"https:\/\/www.lanacion.com.ar\/autor\/martin-rodriguez-yebra-161\/\"><strong>Mart\u00edn Rodr\u00edguez Yebra<\/strong><\/a><\/p>\n\n\n\n<p class=\"wp-block-paragraph\">Fuente: <a href=\"https:\/\/www.lanacion.com.ar\/\">La Naci\u00f3n<\/a><\/p>","protected":false},"excerpt":{"rendered":"<p>Cuando&nbsp;Javier Milei&nbsp;mand\u00f3 a imprenta su nuevo libro, hace poco m\u00e1s de un mes, ignoraba la fragilidad del hielo que pisaba. El t\u00edtulo elegido,&nbsp;\u201cLa construcci\u00f3n del milagro\u201d, es un retrato preciso de la imagen que le devolv\u00eda el espejo: el hombre que cumpli\u00f3 una misi\u00f3n imposible, que no conoce l\u00edmites a su voluntad y que atribuye [&hellip;]<\/p>\n","protected":false},"author":9,"featured_media":126026,"comment_status":"open","ping_status":"open","sticky":false,"template":"","format":"standard","meta":{"site-sidebar-layout":"default","site-content-layout":"","ast-site-content-layout":"default","site-content-style":"default","site-sidebar-style":"default","ast-global-header-display":"","ast-banner-title-visibility":"","ast-main-header-display":"","ast-hfb-above-header-display":"","ast-hfb-below-header-display":"","ast-hfb-mobile-header-display":"","site-post-title":"","ast-breadcrumbs-content":"","ast-featured-img":"","footer-sml-layout":"","ast-disable-related-posts":"","theme-transparent-header-meta":"","adv-header-id-meta":"","stick-header-meta":"","header-above-stick-meta":"","header-main-stick-meta":"","header-below-stick-meta":"","astra-migrate-meta-layouts":"default","ast-page-background-enabled":"default","ast-page-background-meta":{"desktop":{"background-color":"","background-image":"","background-repeat":"repeat","background-position":"center center","background-size":"auto","background-attachment":"scroll","background-type":"","background-media":"","overlay-type":"","overlay-color":"","overlay-opacity":"","overlay-gradient":""},"tablet":{"background-color":"","background-image":"","background-repeat":"repeat","background-position":"center center","background-size":"auto","background-attachment":"scroll","background-type":"","background-media":"","overlay-type":"","overlay-color":"","overlay-opacity":"","overlay-gradient":""},"mobile":{"background-color":"","background-image":"","background-repeat":"repeat","background-position":"center center","background-size":"auto","background-attachment":"scroll","background-type":"","background-media":"","overlay-type":"","overlay-color":"","overlay-opacity":"","overlay-gradient":""}},"ast-content-background-meta":{"desktop":{"background-color":"var(--ast-global-color-5)","background-image":"","background-repeat":"repeat","background-position":"center center","background-size":"auto","background-attachment":"scroll","background-type":"","background-media":"","overlay-type":"","overlay-color":"","overlay-opacity":"","overlay-gradient":""},"tablet":{"background-color":"var(--ast-global-color-5)","background-image":"","background-repeat":"repeat","background-position":"center center","background-size":"auto","background-attachment":"scroll","background-type":"","background-media":"","overlay-type":"","overlay-color":"","overlay-opacity":"","overlay-gradient":""},"mobile":{"background-color":"var(--ast-global-color-5)","background-image":"","background-repeat":"repeat","background-position":"center center","background-size":"auto","background-attachment":"scroll","background-type":"","background-media":"","overlay-type":"","overlay-color":"","overlay-opacity":"","overlay-gradient":""}},"footnotes":""},"categories":[12],"tags":[],"class_list":["post-126025","post","type-post","status-publish","format-standard","has-post-thumbnail","hentry","category-opinion"],"spectra_blocks_featured_image_url":{"thumbnail":{"url":"https:\/\/100xd.com.ar\/wp-content\/uploads\/2025\/10\/martin-150x150.jpg","width":150,"height":150},"medium":{"url":"https:\/\/100xd.com.ar\/wp-content\/uploads\/2025\/10\/martin.jpg","width":280,"height":280},"medium_large":{"url":"https:\/\/100xd.com.ar\/wp-content\/uploads\/2025\/10\/martin.jpg","width":280,"height":280},"large":{"url":"https:\/\/100xd.com.ar\/wp-content\/uploads\/2025\/10\/martin.jpg","width":280,"height":280},"full":{"url":"https:\/\/100xd.com.ar\/wp-content\/uploads\/2025\/10\/martin.jpg","width":280,"height":280}},"spectra_blocks_author_info":{"display_name":"Jorge Alfredo Baret","avatar_url":"https:\/\/secure.gravatar.com\/avatar\/31696f5ca83439b642450ec7d3f82f98451a5efacb414343d5478c982b337f26?s=96&d=mm&r=g","author_link":"https:\/\/100xd.com.ar\/es\/author\/jorge\/","description":"Ingeniero Qu\u00edmico UTN - Director Apoderado de Comunicaciones Auditadas SA. Editor Responsable 100xd.com.ar."},"_links":{"self":[{"href":"https:\/\/100xd.com.ar\/es\/wp-json\/wp\/v2\/posts\/126025","targetHints":{"allow":["GET"]}}],"collection":[{"href":"https:\/\/100xd.com.ar\/es\/wp-json\/wp\/v2\/posts"}],"about":[{"href":"https:\/\/100xd.com.ar\/es\/wp-json\/wp\/v2\/types\/post"}],"author":[{"embeddable":true,"href":"https:\/\/100xd.com.ar\/es\/wp-json\/wp\/v2\/users\/9"}],"replies":[{"embeddable":true,"href":"https:\/\/100xd.com.ar\/es\/wp-json\/wp\/v2\/comments?post=126025"}],"version-history":[{"count":1,"href":"https:\/\/100xd.com.ar\/es\/wp-json\/wp\/v2\/posts\/126025\/revisions"}],"predecessor-version":[{"id":126027,"href":"https:\/\/100xd.com.ar\/es\/wp-json\/wp\/v2\/posts\/126025\/revisions\/126027"}],"wp:featuredmedia":[{"embeddable":true,"href":"https:\/\/100xd.com.ar\/es\/wp-json\/wp\/v2\/media\/126026"}],"wp:attachment":[{"href":"https:\/\/100xd.com.ar\/es\/wp-json\/wp\/v2\/media?parent=126025"}],"wp:term":[{"taxonomy":"category","embeddable":true,"href":"https:\/\/100xd.com.ar\/es\/wp-json\/wp\/v2\/categories?post=126025"},{"taxonomy":"post_tag","embeddable":true,"href":"https:\/\/100xd.com.ar\/es\/wp-json\/wp\/v2\/tags?post=126025"}],"curies":[{"name":"wp","href":"https:\/\/api.w.org\/{rel}","templated":true}]}}