{"id":125280,"date":"2025-09-19T11:24:10","date_gmt":"2025-09-19T14:24:10","guid":{"rendered":"https:\/\/100xd.com.ar\/?p=125280"},"modified":"2025-09-19T11:24:10","modified_gmt":"2025-09-19T14:24:10","slug":"municipio-de-tandil-nueva-edicion-de-quesos-que-cuentan-historias","status":"publish","type":"post","link":"https:\/\/100xd.com.ar\/es\/municipio-de-tandil-nueva-edicion-de-quesos-que-cuentan-historias\/","title":{"rendered":"Municipio de Tandil: NUEVA EDICI\u00d3N DE &#8220;QUESOS QUE CUENTAN HISTORIAS&#8221;"},"content":{"rendered":"<p class=\"wp-block-paragraph\">En esta oportunidad, los protagonistas ser\u00e1n los quesos tandilenses de Tandileof\u00fa, acompa\u00f1ados por los vinos de la empresa familiar vitivin\u00edcola Cord\u00f3n Blanco, en un atractivo maridaje que une tradici\u00f3n quesera y producci\u00f3n vitivin\u00edcola local.<\/p>\n\n\n\n<p class=\"wp-block-paragraph\">El pr\u00f3ximo viernes 26 de septiembre a las 19 hs, el Centro de Referencia del Salame y el Queso de Tandil (Larrea y Alvear, Villa Onena) recibir\u00e1 la cuarta edici\u00f3n del ciclo \u201cQuesos que cuentan historias\u201d, organizado por el Municipio de Tandil y el Cl\u00faster Quesero.<\/p>\n\n\n\n<p class=\"wp-block-paragraph\">En esta oportunidad, los protagonistas ser\u00e1n los quesos tandilenses de Tandileof\u00fa, elaborados por Ra\u00fal Mastrangelo, acompa\u00f1ados por los vinos de la empresa familiar vitivin\u00edcola Cord\u00f3n Blanco, en un atractivo maridaje que une tradici\u00f3n quesera y producci\u00f3n vitivin\u00edcola local.<\/p>\n\n\n\n<p class=\"wp-block-paragraph\"><strong>Un ciclo para la identidad tandilense<\/strong><\/p>\n\n\n\n<p class=\"wp-block-paragraph\">La iniciativa forma parte del calendario de actividades del Municipio de Tandil, el Cl\u00faster Quesero y el Consejo de la Denominaci\u00f3n de Origen del Salame de Tandil, que busca consolidar a la ciudad como referente de la producci\u00f3n alimentaria local, fomentar el consumo de productos tradicionales y fortalecer las cadenas l\u00e1ctea y chacinera.<\/p>\n\n\n\n<p class=\"wp-block-paragraph\">La propuesta es libre y gratuita, con cupos limitados e \ud83d\udc49inscripci\u00f3n previa\ud83e\uddc0<strong>&nbsp;e<\/strong><a href=\"https:\/\/docs.google.com\/forms\/d\/e\/1FAIpQLSdh5xwcmZLbW00GaDRZDEAe2ByNlUedcdyx5cT2QXOsoS1hkA\/viewform\"><strong>n el siguiente formulario:&nbsp;<\/strong><\/a><\/p>\n\n\n\n<p class=\"wp-block-paragraph\"><strong>Una experiencia que crece<\/strong><\/p>\n\n\n\n<p class=\"wp-block-paragraph\">\u201cQuesos que cuentan historias\u201d comenz\u00f3 en abril y ya tuvo tres ediciones que sumaron sabores, experiencias y protagonistas diferentes: los quesos de Don Atilio junto a dulces locales de Dono del Cuore; la tradicional f\u00e1brica El Holand\u00e9s con la intervenci\u00f3n art\u00edstica de Ilustradores Serranos; y la empresa 4 Esquinas, con su producci\u00f3n artesanal de quesos de oveja y cabra, acompa\u00f1ada por la cervecer\u00eda 2 Hermanos.<\/p>\n\n\n\n<p class=\"wp-block-paragraph\">Cada encuentro aporta un relato distinto, fortaleciendo la identidad productiva local y promoviendo el intercambio entre productores y consumidores.<\/p>\n\n\n\n<p class=\"wp-block-paragraph\"><strong>Los protagonistas de esta edici\u00f3n<\/strong><\/p>\n\n\n\n<p class=\"wp-block-paragraph\">Tandileof\u00fa: fundada en 2007 por Ra\u00fal Mastrangelo, egresado de la Escuela Agrot\u00e9cnica Ram\u00f3n Santamarina, se especializa en quesos semiduros y duros como gruyere, fontina, reggiano, parmesano y provoleta, con su producto emblema, el \u201cQueso Tandil\u201d o Banquete.<\/p>\n\n\n\n<p class=\"wp-block-paragraph\">Cord\u00f3n Blanco: emprendimiento vitivin\u00edcola iniciado en 2008 por los hermanos Valeria, Mariano y Mat\u00edas. Sus vi\u00f1edos en \u201cLa Elena\u201d y \u201cDon Bosco\u201d dieron origen al primer vino de Tandil, con el objetivo de reflejar la identidad del terru\u00f1o y la pasi\u00f3n por el crecimiento compartido.<\/p>","protected":false},"excerpt":{"rendered":"<p>En esta oportunidad, los protagonistas ser\u00e1n los quesos tandilenses de Tandileof\u00fa, acompa\u00f1ados por los vinos de la empresa familiar vitivin\u00edcola Cord\u00f3n Blanco, en un atractivo maridaje que une tradici\u00f3n quesera y producci\u00f3n vitivin\u00edcola local. El pr\u00f3ximo viernes 26 de septiembre a las 19 hs, el Centro de Referencia del Salame y el Queso de Tandil [&hellip;]<\/p>\n","protected":false},"author":9,"featured_media":125281,"comment_status":"open","ping_status":"open","sticky":false,"template":"","format":"standard","meta":{"site-sidebar-layout":"default","site-content-layout":"","ast-site-content-layout":"default","site-content-style":"default","site-sidebar-style":"default","ast-global-header-display":"","ast-banner-title-visibility":"","ast-main-header-display":"","ast-hfb-above-header-display":"","ast-hfb-below-header-display":"","ast-hfb-mobile-header-display":"","site-post-title":"","ast-breadcrumbs-content":"","ast-featured-img":"","footer-sml-layout":"","ast-disable-related-posts":"","theme-transparent-header-meta":"","adv-header-id-meta":"","stick-header-meta":"","header-above-stick-meta":"","header-main-stick-meta":"","header-below-stick-meta":"","astra-migrate-meta-layouts":"default","ast-page-background-enabled":"default","ast-page-background-meta":{"desktop":{"background-color":"","background-image":"","background-repeat":"repeat","background-position":"center center","background-size":"auto","background-attachment":"scroll","background-type":"","background-media":"","overlay-type":"","overlay-color":"","overlay-opacity":"","overlay-gradient":""},"tablet":{"background-color":"","background-image":"","background-repeat":"repeat","background-position":"center center","background-size":"auto","background-attachment":"scroll","background-type":"","background-media":"","overlay-type":"","overlay-color":"","overlay-opacity":"","overlay-gradient":""},"mobile":{"background-color":"","background-image":"","background-repeat":"repeat","background-position":"center center","background-size":"auto","background-attachment":"scroll","background-type":"","background-media":"","overlay-type":"","overlay-color":"","overlay-opacity":"","overlay-gradient":""}},"ast-content-background-meta":{"desktop":{"background-color":"var(--ast-global-color-5)","background-image":"","background-repeat":"repeat","background-position":"center center","background-size":"auto","background-attachment":"scroll","background-type":"","background-media":"","overlay-type":"","overlay-color":"","overlay-opacity":"","overlay-gradient":""},"tablet":{"background-color":"var(--ast-global-color-5)","background-image":"","background-repeat":"repeat","background-position":"center center","background-size":"auto","background-attachment":"scroll","background-type":"","background-media":"","overlay-type":"","overlay-color":"","overlay-opacity":"","overlay-gradient":""},"mobile":{"background-color":"var(--ast-global-color-5)","background-image":"","background-repeat":"repeat","background-position":"center center","background-size":"auto","background-attachment":"scroll","background-type":"","background-media":"","overlay-type":"","overlay-color":"","overlay-opacity":"","overlay-gradient":""}},"footnotes":""},"categories":[5],"tags":[],"class_list":["post-125280","post","type-post","status-publish","format-standard","has-post-thumbnail","hentry","category-municipios"],"spectra_blocks_featured_image_url":{"thumbnail":{"url":"https:\/\/100xd.com.ar\/wp-content\/uploads\/2025\/09\/quesos-150x150.jpg","width":150,"height":150},"medium":{"url":"https:\/\/100xd.com.ar\/wp-content\/uploads\/2025\/09\/quesos-300x225.jpg","width":300,"height":225},"medium_large":{"url":"https:\/\/100xd.com.ar\/wp-content\/uploads\/2025\/09\/quesos-768x576.jpg","width":768,"height":576},"large":{"url":"https:\/\/100xd.com.ar\/wp-content\/uploads\/2025\/09\/quesos.jpg","width":800,"height":600},"full":{"url":"https:\/\/100xd.com.ar\/wp-content\/uploads\/2025\/09\/quesos.jpg","width":800,"height":600}},"spectra_blocks_author_info":{"display_name":"Jorge Alfredo Baret","avatar_url":"https:\/\/secure.gravatar.com\/avatar\/31696f5ca83439b642450ec7d3f82f98451a5efacb414343d5478c982b337f26?s=96&d=mm&r=g","author_link":"https:\/\/100xd.com.ar\/es\/author\/jorge\/","description":"Ingeniero Qu\u00edmico UTN - Director Apoderado de Comunicaciones Auditadas SA. Editor Responsable 100xd.com.ar."},"_links":{"self":[{"href":"https:\/\/100xd.com.ar\/es\/wp-json\/wp\/v2\/posts\/125280","targetHints":{"allow":["GET"]}}],"collection":[{"href":"https:\/\/100xd.com.ar\/es\/wp-json\/wp\/v2\/posts"}],"about":[{"href":"https:\/\/100xd.com.ar\/es\/wp-json\/wp\/v2\/types\/post"}],"author":[{"embeddable":true,"href":"https:\/\/100xd.com.ar\/es\/wp-json\/wp\/v2\/users\/9"}],"replies":[{"embeddable":true,"href":"https:\/\/100xd.com.ar\/es\/wp-json\/wp\/v2\/comments?post=125280"}],"version-history":[{"count":1,"href":"https:\/\/100xd.com.ar\/es\/wp-json\/wp\/v2\/posts\/125280\/revisions"}],"predecessor-version":[{"id":125282,"href":"https:\/\/100xd.com.ar\/es\/wp-json\/wp\/v2\/posts\/125280\/revisions\/125282"}],"wp:featuredmedia":[{"embeddable":true,"href":"https:\/\/100xd.com.ar\/es\/wp-json\/wp\/v2\/media\/125281"}],"wp:attachment":[{"href":"https:\/\/100xd.com.ar\/es\/wp-json\/wp\/v2\/media?parent=125280"}],"wp:term":[{"taxonomy":"category","embeddable":true,"href":"https:\/\/100xd.com.ar\/es\/wp-json\/wp\/v2\/categories?post=125280"},{"taxonomy":"post_tag","embeddable":true,"href":"https:\/\/100xd.com.ar\/es\/wp-json\/wp\/v2\/tags?post=125280"}],"curies":[{"name":"wp","href":"https:\/\/api.w.org\/{rel}","templated":true}]}}