{"id":124129,"date":"2025-08-26T11:07:40","date_gmt":"2025-08-26T14:07:40","guid":{"rendered":"https:\/\/100xd.com.ar\/?p=124129"},"modified":"2025-08-26T11:07:40","modified_gmt":"2025-08-26T14:07:40","slug":"el-riesgo-pais-pego-un-salto-de-casi-100-puntos-y-trepo-a-829-puntos-basicos-que-lo-esta-afectando","status":"publish","type":"post","link":"https:\/\/100xd.com.ar\/es\/el-riesgo-pais-pego-un-salto-de-casi-100-puntos-y-trepo-a-829-puntos-basicos-que-lo-esta-afectando\/","title":{"rendered":"El Riesgo Pa\u00eds peg\u00f3 un salto de casi 100 puntos y trep\u00f3 a 829 puntos b\u00e1sicos: qu\u00e9 lo est\u00e1 afectando"},"content":{"rendered":"<p class=\"wp-block-paragraph\"><strong>Por la fuerte ca\u00edda de los bonos soberanos que se produjo en el arranque de la semana, el riesgo pa\u00eds subi\u00f3 a 829 puntos b\u00e1sicos,<\/strong>&nbsp;un salto de cerca de 100 puntos en una sola jornada.<\/p>\n\n\n\n<p class=\"wp-block-paragraph\">Por el ruido pol\u00edtico y la puja con los bancos, los inversores huyeron de los activos argentinos y provocaron ayer ca\u00eddas de hasta 3,5% en los t\u00edtulos.<\/p>\n\n\n\n<p class=\"wp-block-paragraph\">Este es el motivo que dispar\u00f3 el riesgo pa\u00eds, un indicador que elabora el banco JP Morgan y define la sobretasa que debe pagar el bono de un pa\u00eds por sobre la que pagan los bonos del Tesoro de los Estados Unidos.<\/p>\n\n\n\n<p class=\"wp-block-paragraph\">Este es el dato que m\u00e1s preocupa al gobierno porque necesita que este indicador se desplome a la zona de 300\/400 puntos para estar en condiciones de empezar a planear la refinanciaci\u00f3n de la deuda que vence en d\u00f3lares durante 2026.<\/p>\n\n\n\n<p class=\"wp-block-paragraph\"><em>En desarrollo&#8230;<\/em><\/p>\n\n\n\n<p class=\"wp-block-paragraph\">Fuente:<a href=\"https:\/\/www.perfil.com\/\"> Perfil.com<\/a><\/p>","protected":false},"excerpt":{"rendered":"<p>Por la fuerte ca\u00edda de los bonos soberanos que se produjo en el arranque de la semana, el riesgo pa\u00eds subi\u00f3 a 829 puntos b\u00e1sicos,&nbsp;un salto de cerca de 100 puntos en una sola jornada. Por el ruido pol\u00edtico y la puja con los bancos, los inversores huyeron de los activos argentinos y provocaron ayer [&hellip;]<\/p>\n","protected":false},"author":9,"featured_media":124130,"comment_status":"open","ping_status":"open","sticky":false,"template":"","format":"standard","meta":{"site-sidebar-layout":"default","site-content-layout":"","ast-site-content-layout":"default","site-content-style":"default","site-sidebar-style":"default","ast-global-header-display":"","ast-banner-title-visibility":"","ast-main-header-display":"","ast-hfb-above-header-display":"","ast-hfb-below-header-display":"","ast-hfb-mobile-header-display":"","site-post-title":"","ast-breadcrumbs-content":"","ast-featured-img":"","footer-sml-layout":"","ast-disable-related-posts":"","theme-transparent-header-meta":"","adv-header-id-meta":"","stick-header-meta":"","header-above-stick-meta":"","header-main-stick-meta":"","header-below-stick-meta":"","astra-migrate-meta-layouts":"default","ast-page-background-enabled":"default","ast-page-background-meta":{"desktop":{"background-color":"","background-image":"","background-repeat":"repeat","background-position":"center center","background-size":"auto","background-attachment":"scroll","background-type":"","background-media":"","overlay-type":"","overlay-color":"","overlay-opacity":"","overlay-gradient":""},"tablet":{"background-color":"","background-image":"","background-repeat":"repeat","background-position":"center center","background-size":"auto","background-attachment":"scroll","background-type":"","background-media":"","overlay-type":"","overlay-color":"","overlay-opacity":"","overlay-gradient":""},"mobile":{"background-color":"","background-image":"","background-repeat":"repeat","background-position":"center center","background-size":"auto","background-attachment":"scroll","background-type":"","background-media":"","overlay-type":"","overlay-color":"","overlay-opacity":"","overlay-gradient":""}},"ast-content-background-meta":{"desktop":{"background-color":"var(--ast-global-color-5)","background-image":"","background-repeat":"repeat","background-position":"center center","background-size":"auto","background-attachment":"scroll","background-type":"","background-media":"","overlay-type":"","overlay-color":"","overlay-opacity":"","overlay-gradient":""},"tablet":{"background-color":"var(--ast-global-color-5)","background-image":"","background-repeat":"repeat","background-position":"center center","background-size":"auto","background-attachment":"scroll","background-type":"","background-media":"","overlay-type":"","overlay-color":"","overlay-opacity":"","overlay-gradient":""},"mobile":{"background-color":"var(--ast-global-color-5)","background-image":"","background-repeat":"repeat","background-position":"center center","background-size":"auto","background-attachment":"scroll","background-type":"","background-media":"","overlay-type":"","overlay-color":"","overlay-opacity":"","overlay-gradient":""}},"footnotes":""},"categories":[25],"tags":[],"class_list":["post-124129","post","type-post","status-publish","format-standard","has-post-thumbnail","hentry","category-destacado"],"spectra_blocks_featured_image_url":{"thumbnail":{"url":"https:\/\/100xd.com.ar\/wp-content\/uploads\/2025\/08\/ministro-9-150x150.webp","width":150,"height":150},"medium":{"url":"https:\/\/100xd.com.ar\/wp-content\/uploads\/2025\/08\/ministro-9-300x169.webp","width":300,"height":169},"medium_large":{"url":"https:\/\/100xd.com.ar\/wp-content\/uploads\/2025\/08\/ministro-9-768x432.webp","width":768,"height":432},"large":{"url":"https:\/\/100xd.com.ar\/wp-content\/uploads\/2025\/08\/ministro-9.webp","width":987,"height":555},"full":{"url":"https:\/\/100xd.com.ar\/wp-content\/uploads\/2025\/08\/ministro-9.webp","width":987,"height":555}},"spectra_blocks_author_info":{"display_name":"Jorge Alfredo Baret","avatar_url":"https:\/\/secure.gravatar.com\/avatar\/31696f5ca83439b642450ec7d3f82f98451a5efacb414343d5478c982b337f26?s=96&d=mm&r=g","author_link":"https:\/\/100xd.com.ar\/es\/author\/jorge\/","description":"Ingeniero Qu\u00edmico UTN - Director Apoderado de Comunicaciones Auditadas SA. Editor Responsable 100xd.com.ar."},"_links":{"self":[{"href":"https:\/\/100xd.com.ar\/es\/wp-json\/wp\/v2\/posts\/124129","targetHints":{"allow":["GET"]}}],"collection":[{"href":"https:\/\/100xd.com.ar\/es\/wp-json\/wp\/v2\/posts"}],"about":[{"href":"https:\/\/100xd.com.ar\/es\/wp-json\/wp\/v2\/types\/post"}],"author":[{"embeddable":true,"href":"https:\/\/100xd.com.ar\/es\/wp-json\/wp\/v2\/users\/9"}],"replies":[{"embeddable":true,"href":"https:\/\/100xd.com.ar\/es\/wp-json\/wp\/v2\/comments?post=124129"}],"version-history":[{"count":1,"href":"https:\/\/100xd.com.ar\/es\/wp-json\/wp\/v2\/posts\/124129\/revisions"}],"predecessor-version":[{"id":124131,"href":"https:\/\/100xd.com.ar\/es\/wp-json\/wp\/v2\/posts\/124129\/revisions\/124131"}],"wp:featuredmedia":[{"embeddable":true,"href":"https:\/\/100xd.com.ar\/es\/wp-json\/wp\/v2\/media\/124130"}],"wp:attachment":[{"href":"https:\/\/100xd.com.ar\/es\/wp-json\/wp\/v2\/media?parent=124129"}],"wp:term":[{"taxonomy":"category","embeddable":true,"href":"https:\/\/100xd.com.ar\/es\/wp-json\/wp\/v2\/categories?post=124129"},{"taxonomy":"post_tag","embeddable":true,"href":"https:\/\/100xd.com.ar\/es\/wp-json\/wp\/v2\/tags?post=124129"}],"curies":[{"name":"wp","href":"https:\/\/api.w.org\/{rel}","templated":true}]}}