{"id":124117,"date":"2025-08-25T13:49:50","date_gmt":"2025-08-25T16:49:50","guid":{"rendered":"https:\/\/100xd.com.ar\/?p=124117"},"modified":"2025-08-25T13:49:50","modified_gmt":"2025-08-25T16:49:50","slug":"la-riesgosa-fragilidad-estructural-de-los-milei","status":"publish","type":"post","link":"https:\/\/100xd.com.ar\/es\/la-riesgosa-fragilidad-estructural-de-los-milei\/","title":{"rendered":"La riesgosa fragilidad estructural de los Milei"},"content":{"rendered":"\n<p class=\"wp-block-paragraph\">La doble conmoci\u00f3n (pol\u00edtica y econ\u00f3mica) que sufre el Gobierno tras el esc\u00e1ndalo de supuestas coimas en la Agencia Nacional de Discapacidad (Andis) expone una riesgosa fragilidad estructural del oficialismo. No son solo complicados problemas coyunturales.<\/p>\n\n\n\n<p class=\"wp-block-paragraph\">Por un lado, Javier Milei est\u00e1 oficiando y mostr\u00e1ndose cada vez m\u00e1s como ministro de Economia que como Presidente, hasta imponerle al equipo econ\u00f3mico medidas, incluso contra la opini\u00f3n del equipo que comanda Luis Caputo, con el agravante de haber provocado nuevas turbulencias antes que soluciones. Lo admiten alt\u00edsimos funcionarios del \u00e1rea.<\/p>\n\n\n\n<p class=\"wp-block-paragraph\">En tanto, la armadora pol\u00edtica y \u00fanico escudo presidencial, Karina Milei, es hoy una figura cada vez m\u00e1s horadada, primero por los heridos internos y externos que ha sumado, especialmente a lo largo de este a\u00f1o durante la construcci\u00f3n pol\u00edtica-electoral. Luego y m\u00e1s grave, por los dos serios esc\u00e1ndalos de corrupci\u00f3n en los que ha quedado salpicada y que el Gobierno no ha logrado despejar: el caso $LIBRA, antes, y los audios por supuestos pagos de coimas en compras de la Andis. Justo en medio del tratamiento parlamentario del veto presidencial a la ley que dispon\u00eda un aumento en las prestaciones para las personas con discapacidad. Demasiado todo junto.<\/p>\n\n\n\n<p class=\"wp-block-paragraph\">EL P\u00c1NICO A QUE APAREZCAN NUEVOS SECRETOS<br>As\u00ed, la situaci\u00f3n en la que han quedado los dos lados mayores del desequilibrado tri\u00e1ngulo is\u00f3sceles del poder muestra una dificultad complicada de superar: no aparecen fusibles en el tablero del Gobierno.<\/p>\n\n\n\n<p class=\"wp-block-paragraph\">El sistema, cada vez m\u00e1s concentrado en los hermanos Milei y alterado por infinitos cortocircuitos, est\u00e1 atravesado por la desconfianza y la dificultad para dar respuestas satisfactorias, como se ha visto en las \u00faltimas semanas. Las m\u00e1s negativas desde que el l\u00edder libertario accedi\u00f3 a la presidencia, hace 20 meses.<\/p>\n\n\n\n<p class=\"wp-block-paragraph\">El esc\u00e1ndalo, adem\u00e1s del impacto pol\u00edtico, econ\u00f3mico y en la opini\u00f3n p\u00fablica que ya gener\u00f3 y puede generar, tuvo una inmediata derivaci\u00f3n en el plano electoral, aunque nadie se atreve a pronosticar todav\u00eda si afectar\u00e1 y cu\u00e1nto la decisi\u00f3n de quienes eran considerados hasta hace una semana potenciales votantes de La Libertad Avanza en las elecciones nacionales del 26 de octubre.<\/p>\n\n\n\n<p class=\"wp-block-paragraph\">A la campa\u00f1a oficialista se le sum\u00f3 ahora la novedad de que Spagnuolo lleg\u00f3 a Milei de la mano del primer candidato a diputado nacional por la decisiva provincia de Buenos Aires, Jos\u00e9 Luis Espert, y de su esposa. Una posici\u00f3n altamente inc\u00f3moda ante propios y ajenos.<\/p>\n\n\n\n<p class=\"wp-block-paragraph\">Ese complejo escenario permite entender el desconcierto y el ruidoso hermetismo que durante los \u00faltimos cuatro d\u00edas ha reinado al respecto en la c\u00fapula gubernamental, con la excepci\u00f3n del jefe de Gabinete, Guillermo Francos, convertido en un aclarador oficial (de escasa eficacia). Las fotos sin texto posteadas ayer en la red X de Karina Milei en el acto proselitista realizado en La Matanza son de una singular elocuencia.<\/p>\n\n\n\n<p class=\"wp-block-paragraph\">Tambi\u00e9n eso explica el silencio que se impuso a los operadores digitales y medi\u00e1ticos que siguen sin fisuras junto al Gobierno. Valga la aclaraci\u00f3n dada la deserci\u00f3n que se advierte ante el esc\u00e1ndalo de la Andis por parte de muchas y muy relevantes figuras que hasta aqu\u00ed hab\u00edan sido comunicadores o propaladores afines a Milei e integrantes de su aparato de comunicaci\u00f3n.<\/p>\n\n\n\n<p class=\"wp-block-paragraph\">En las redes sociales, otrora h\u00e1bitat colonizado por el espacio libertario, las cuentas pertenecientes a las milicias digitales oficialistas quedaron virtualmente mudas en las \u00faltimas 96 horas respecto de la difusi\u00f3n de los audios, captados en forma clandestina y editados, en los que supuestamente el expulsado extitular de la Andis Diego Spagnuolo vinculaba con el pago de coimas a Karina Milei y al subsecretario de la Presidencia e \u00edntimo colaborador suyo, Eduardo \u201cLule\u201d Menem.<\/p>\n\n\n\n<p class=\"wp-block-paragraph\">\u201cLa \u00fanica l\u00ednea que baj\u00f3 fue no hablar y hubo que bajar algunos posteos\u201d, dijo a LA NACION una fuente que particip\u00f3 de la operaci\u00f3n \u201csilenzio stampa\u201d.<\/p>\n\n\n\n<p class=\"wp-block-paragraph\">Mientras tanto, un conjunto de comunicadores y periodistas hasta ahora bien vistos por la Casa Rosada y algunos cercanos a Milei integraron un coro de cr\u00edticas al Gobierno con reclamos de explicaciones y medidas. Un cambio de sinton\u00eda que pocos esperaban y que alent\u00f3 nuevas sospechas en la cima presidencial.<\/p>\n\n\n\n<p class=\"wp-block-paragraph\">La bomba de los audios no solo fue, seg\u00fan algunos sectores del oficialismo, un sofisticado mecanismo de relojer\u00eda activado para golpearlo en el momento m\u00e1s inoportuno (u oportuno), sino tambi\u00e9n una operaci\u00f3n para hacer estallar disputas internas. Todos ven fantasmas.<\/p>\n\n\n\n<p class=\"wp-block-paragraph\">Algunas fuentes de la c\u00fapula oficialista hablan de un clima de terror a que sigan apareciendo audios y, tambi\u00e9n, videos, por lo que prefieren el comprometedor silencio al riesgo de que cualquier aclaratoria quede descalificada muy r\u00e1pido. Otros agregan que se trata de ganar tiempo para ver si prosperan gestiones (y presiones) para lograr una desmentida de Spagnuolo. As\u00ed de edificantes son los escenarios que se vislumbran.<\/p>\n\n\n\n<p class=\"wp-block-paragraph\">Un importante representante del oficialismo afirma, en ese sentido, que \u201clos audios fueron armados por agentes que le pagaron a Spagnuolo un mill\u00f3n de d\u00f3lares como parte de una operaci\u00f3n en la que est\u00e1n involucrados sectores del Gobierno enojados con el eje Karina-Lule, adversarios peronistas y macristas despechados\u201d, seg\u00fan, dice, le habr\u00edan reportado miembros de la inteligencia estatal a los que \u00e9l ha frecuentado por funciones anteriores y sigue frecuentando.<\/p>\n\n\n\n<p class=\"wp-block-paragraph\">Por eso, conf\u00eda en que el acusador podr\u00eda ser convencido con argumentos de peso(s) similares para desdecirse. La fuente dijo haber propuesto contar esta conspirativa versi\u00f3n p\u00fablicamente, pero que le pidieron mantenerse en silencio, por lo que debi\u00f3 cancelar su participaci\u00f3n en programas de televisi\u00f3n a los que se hab\u00eda comprometido a concurrir. Habr\u00e1 que esperar en medio de la oscuridad y si el contenido de los tel\u00e9fonos secuestrados a los involucrados no aporta datos que los comprometan a\u00fan m\u00e1s. Por ahora, los dispositivos de la herman\u00edsima y su colaborador sospechados han quedado a salvo de las requisas.<\/p>\n\n\n\n<p class=\"wp-block-paragraph\">Lo que no logra explicar el dirigente es por qu\u00e9 si, como dice el Gobierno, las grabaciones tienen m\u00e1s de un a\u00f1o de antig\u00fcedad y estaba al tanto de ellas, mantuvo a Spagnuolo en el cargo y no adopt\u00f3 medidas al respecto. Demasiados acertijos para la precaria organizaci\u00f3n libertaria.<\/p>\n\n\n\n<p class=\"wp-block-paragraph\">La preocupaci\u00f3n del Gobierno, que lo mantiene en estado de shock, no solo se debe a la magnitud del esc\u00e1ndalo desatado. Todo lo agrava el dif\u00edcil contexto en el que estall\u00f3.<\/p>\n\n\n\n<p class=\"wp-block-paragraph\">Por un lado, el oficialismo padeci\u00f3 en las \u00faltimas dos semanas y tras un cierre de listas en el que crey\u00f3 haber salido victorioso, una docena de derrotas parlamentarias que rayan los pilares del plan econ\u00f3mico, pero, sobre todo, muestran una fuerte falta de conducci\u00f3n pol\u00edtica frente a un fortalecimiento del heterog\u00e9neo colectivo de adversarios.<\/p>\n\n\n\n<p class=\"wp-block-paragraph\">El Senado le demostr\u00f3 en la \u00faltima sesi\u00f3n que casi no puede confiar m\u00e1s que en los muy propios y Diputados expuso la sostenida p\u00e9rdida de apoyos, incluidas nuevas fugas del bloque oficialista, m\u00e1s la deserci\u00f3n de legisladores hasta hace poco amigables. No solo es este uno de los per\u00edodos con m\u00e1s actividad parlamentaria durante un a\u00f1o electoral, sino que muestra el extra\u00f1o caso de que un oficialismo que cuenta con apoyo en la opini\u00f3n p\u00fablica pierde legisladores y dirigentes, mientras profundiza disputas internas. Adem\u00e1s de singular deber\u00eda resultar muy inquietante para un Gobierno cuya representaci\u00f3n en el Congreso es absolutamemente minoritaria.<\/p>\n\n\n\n<p class=\"wp-block-paragraph\">Todo eso golpea, adem\u00e1s, la confianza en el plano de la econom\u00eda y las finanzas. Adem\u00e1s, los actores econ\u00f3micos ven con creciente inquietud (y operan en consecuencia) la sucesi\u00f3n de parches monetarios y financieros adoptados a instancias de Milei, que han impactado negativamente en la actividad econ\u00f3mica, tensionaron la relaci\u00f3n con los bancos, estresaron el sistema financiero y afectaron los activos argentinos.<\/p>\n\n\n\n<p class=\"wp-block-paragraph\">En la pol\u00edtica y en la econom\u00eda abundan las complicaciones y no es ajena a eso la opini\u00f3n p\u00fablica. Lo reflej\u00f3 la ca\u00edda de casi 14% en el \u00cdndice de confianza de los consumidores (ICC), de la Universidad Torcuato Di Tella (UTDT). Y quedar\u00e1 a\u00fan m\u00e1s expuesto en el \u00edndice de Confianza en el Gobierno (ICG) que se publicar\u00e1 este lunes y ha sido por lo general un buen predictor electoral. El descenso es a\u00fan m\u00e1s abrupto. Y las encuestas fueron hechas antes de que se conociera el esc\u00e1ndalo de la Andis.<\/p>\n\n\n\n<p class=\"wp-block-paragraph\">En la misma l\u00ednea, el \u00faltimo informe de Poliarqu\u00eda difundido ayer se titula \u201cImportante retroceso del apoyo al Gobierno y fuerte ca\u00edda de las expectativas futuras\u201d. El primer p\u00e1rrafo lo dice todo: \u201cMalos datos para el Gobierno a pocas semanas [tres] de la elecci\u00f3n bonaerense. La aprobaci\u00f3n de Milei registra su mayor ca\u00edda intermensual y, por primera vez, muestra un saldo negativo. A esto se suma una fuerte ca\u00edda en las expectivas econ\u00f3micas y en la visi\u00f3n general para el a\u00f1o pr\u00f3ximo\u201d, dice.<\/p>\n\n\n\n<p class=\"wp-block-paragraph\">Los m\u00e1s probable es que el Gobierno se consuele con que a\u00fan conserva una aprobaci\u00f3n de 49%, a pesar de caer cuatro puntos. Pero si mira sin anteojeras, la ca\u00edda se da en un plano inquietante: \u201cEst\u00e1 vinculada, en buena medida, al impacto de los vetos presidenciales, tanto el del aumento a los jubilados como al de la discapacidad\u201d. Y se hizo antes de que estallara el esc\u00e1ndalo.<\/p>\n\n\n\n<p class=\"wp-block-paragraph\">La incidencia de temas socialmente sensibles se verifica en la conversaci\u00f3n en las redes sociales en los \u00faltimos d\u00edas. Seg\u00fan un relevamiento de la consultora M\u00e9thodo, Milei sigue siendo la figura central, pero las menciones negativas son muy negativas: 70% contra poco m\u00e1s de 20% positivas. Adem\u00e1s, empieza a aparecer la pregunta de \u201csi el esfuerzo valdr\u00e1 la pena\u201d. Una duda cruel.<\/p>\n\n\n\n<p class=\"wp-block-paragraph\">Seg\u00fan ese estudio, el silencio de las milicias digitales libertarias tras el esc\u00e1ndalo fortaleci\u00f3 la tendencia negativa. Las menciones a la hermana presidencial duplicaron el pico alcanzado en el caso $LIBRA, tras la difusi\u00f3n de los audios y el 62% fueron en sentido negativo.<\/p>\n\n\n\n<p class=\"wp-block-paragraph\">\u201cNo obstante, hay que esperar, ya que $LIBRA naci\u00f3 en las redes mientras que lo de las coimas surgi\u00f3 en medios tradicionales, por lo que podr\u00eda tener un desarrollo m\u00e1s lento, pero m\u00e1s duradero. Lo que se complicar\u00eda si dura la ausencia de defensores. En estas horas, Milei parece el presidente de su propio club de fans, casi en solitario\u201d, se\u00f1ala Patricio Hern\u00e1ndez, director de M\u00e9thodo.<\/p>\n\n\n\n<p class=\"wp-block-paragraph\">Lo que nadie alcanza a pronosticar a\u00fan es qu\u00e9 impacto podr\u00eda tener este hecho, sumado a la compleja marcha de la econom\u00eda y los recientes traspi\u00e9s parlamentarios. Sin embargo, Pablo Knopoff, director de Isonom\u00eda, advierte que \u201clo saca de eje. No le permite atacar. Lo trae el presente\u201d. Y ese presente est\u00e1 complicando la visi\u00f3n de futuro. Un dato no menor para un Gobierno cuyo gran activo, adem\u00e1s de la baja de la inflaci\u00f3n y el orden en la calle, era haber sostenido la esperanza social, a pesar de los efectos negativos del ajuste.<\/p>\n\n\n\n<p class=\"wp-block-paragraph\">Los desaf\u00edos crecen en las instancias electorales decisivas para un Gobierno que debe enfrentar complicaciones con una manifiesta fragilidad estructural. Pero todav\u00eda falta mucho por ver. Estas son horas de zozobra donde lo que se discute en la Casa Rosada es c\u00f3mo sobreponerse a este terremoto inesperado.<\/p>\n\n\n\n<p class=\"wp-block-paragraph\">Por Claudio Jacquelin<\/p>\n\n\n\n<p class=\"wp-block-paragraph\">Fuente: <a href=\"https:\/\/www.lanacion.com.ar\/\">La Naci\u00f3n<\/a><\/p>\n","protected":false},"excerpt":{"rendered":"<p>La doble conmoci\u00f3n (pol\u00edtica y econ\u00f3mica) que sufre el Gobierno tras el esc\u00e1ndalo de supuestas coimas en la Agencia Nacional de Discapacidad (Andis) expone una riesgosa fragilidad estructural del oficialismo. No son solo complicados problemas coyunturales. Por un lado, Javier Milei est\u00e1 oficiando y mostr\u00e1ndose cada vez m\u00e1s como ministro de Economia que como Presidente, [&hellip;]<\/p>\n","protected":false},"author":9,"featured_media":124118,"comment_status":"open","ping_status":"open","sticky":false,"template":"","format":"standard","meta":{"site-sidebar-layout":"default","site-content-layout":"","ast-site-content-layout":"default","site-content-style":"default","site-sidebar-style":"default","ast-global-header-display":"","ast-banner-title-visibility":"","ast-main-header-display":"","ast-hfb-above-header-display":"","ast-hfb-below-header-display":"","ast-hfb-mobile-header-display":"","site-post-title":"","ast-breadcrumbs-content":"","ast-featured-img":"","footer-sml-layout":"","ast-disable-related-posts":"","theme-transparent-header-meta":"","adv-header-id-meta":"","stick-header-meta":"","header-above-stick-meta":"","header-main-stick-meta":"","header-below-stick-meta":"","astra-migrate-meta-layouts":"default","ast-page-background-enabled":"default","ast-page-background-meta":{"desktop":{"background-color":"","background-image":"","background-repeat":"repeat","background-position":"center center","background-size":"auto","background-attachment":"scroll","background-type":"","background-media":"","overlay-type":"","overlay-color":"","overlay-opacity":"","overlay-gradient":""},"tablet":{"background-color":"","background-image":"","background-repeat":"repeat","background-position":"center center","background-size":"auto","background-attachment":"scroll","background-type":"","background-media":"","overlay-type":"","overlay-color":"","overlay-opacity":"","overlay-gradient":""},"mobile":{"background-color":"","background-image":"","background-repeat":"repeat","background-position":"center center","background-size":"auto","background-attachment":"scroll","background-type":"","background-media":"","overlay-type":"","overlay-color":"","overlay-opacity":"","overlay-gradient":""}},"ast-content-background-meta":{"desktop":{"background-color":"var(--ast-global-color-5)","background-image":"","background-repeat":"repeat","background-position":"center center","background-size":"auto","background-attachment":"scroll","background-type":"","background-media":"","overlay-type":"","overlay-color":"","overlay-opacity":"","overlay-gradient":""},"tablet":{"background-color":"var(--ast-global-color-5)","background-image":"","background-repeat":"repeat","background-position":"center center","background-size":"auto","background-attachment":"scroll","background-type":"","background-media":"","overlay-type":"","overlay-color":"","overlay-opacity":"","overlay-gradient":""},"mobile":{"background-color":"var(--ast-global-color-5)","background-image":"","background-repeat":"repeat","background-position":"center center","background-size":"auto","background-attachment":"scroll","background-type":"","background-media":"","overlay-type":"","overlay-color":"","overlay-opacity":"","overlay-gradient":""}},"footnotes":""},"categories":[2],"tags":[],"class_list":["post-124117","post","type-post","status-publish","format-standard","has-post-thumbnail","hentry","category-politica"],"spectra_blocks_featured_image_url":{"thumbnail":{"url":"https:\/\/100xd.com.ar\/wp-content\/uploads\/2025\/08\/ermanos-150x150.jpg","width":150,"height":150},"medium":{"url":"https:\/\/100xd.com.ar\/wp-content\/uploads\/2025\/08\/ermanos-300x200.jpg","width":300,"height":200},"medium_large":{"url":"https:\/\/100xd.com.ar\/wp-content\/uploads\/2025\/08\/ermanos-768x511.jpg","width":768,"height":511},"large":{"url":"https:\/\/100xd.com.ar\/wp-content\/uploads\/2025\/08\/ermanos.jpg","width":880,"height":586},"full":{"url":"https:\/\/100xd.com.ar\/wp-content\/uploads\/2025\/08\/ermanos.jpg","width":880,"height":586}},"spectra_blocks_author_info":{"display_name":"Jorge Alfredo Baret","avatar_url":"https:\/\/secure.gravatar.com\/avatar\/31696f5ca83439b642450ec7d3f82f98451a5efacb414343d5478c982b337f26?s=96&d=mm&r=g","author_link":"https:\/\/100xd.com.ar\/es\/author\/jorge\/","description":"Ingeniero Qu\u00edmico UTN - Director Apoderado de Comunicaciones Auditadas SA. Editor Responsable 100xd.com.ar."},"_links":{"self":[{"href":"https:\/\/100xd.com.ar\/es\/wp-json\/wp\/v2\/posts\/124117","targetHints":{"allow":["GET"]}}],"collection":[{"href":"https:\/\/100xd.com.ar\/es\/wp-json\/wp\/v2\/posts"}],"about":[{"href":"https:\/\/100xd.com.ar\/es\/wp-json\/wp\/v2\/types\/post"}],"author":[{"embeddable":true,"href":"https:\/\/100xd.com.ar\/es\/wp-json\/wp\/v2\/users\/9"}],"replies":[{"embeddable":true,"href":"https:\/\/100xd.com.ar\/es\/wp-json\/wp\/v2\/comments?post=124117"}],"version-history":[{"count":1,"href":"https:\/\/100xd.com.ar\/es\/wp-json\/wp\/v2\/posts\/124117\/revisions"}],"predecessor-version":[{"id":124119,"href":"https:\/\/100xd.com.ar\/es\/wp-json\/wp\/v2\/posts\/124117\/revisions\/124119"}],"wp:featuredmedia":[{"embeddable":true,"href":"https:\/\/100xd.com.ar\/es\/wp-json\/wp\/v2\/media\/124118"}],"wp:attachment":[{"href":"https:\/\/100xd.com.ar\/es\/wp-json\/wp\/v2\/media?parent=124117"}],"wp:term":[{"taxonomy":"category","embeddable":true,"href":"https:\/\/100xd.com.ar\/es\/wp-json\/wp\/v2\/categories?post=124117"},{"taxonomy":"post_tag","embeddable":true,"href":"https:\/\/100xd.com.ar\/es\/wp-json\/wp\/v2\/tags?post=124117"}],"curies":[{"name":"wp","href":"https:\/\/api.w.org\/{rel}","templated":true}]}}