{"id":123884,"date":"2025-08-21T11:40:24","date_gmt":"2025-08-21T14:40:24","guid":{"rendered":"https:\/\/100xd.com.ar\/?p=123884"},"modified":"2025-08-21T11:40:24","modified_gmt":"2025-08-21T14:40:24","slug":"confesiones-escandalosas-en-medio-de-un-campo-minado","status":"publish","type":"post","link":"https:\/\/100xd.com.ar\/es\/confesiones-escandalosas-en-medio-de-un-campo-minado\/","title":{"rendered":"Confesiones escandalosas en medio de un campo minado"},"content":{"rendered":"<p class=\"wp-block-paragraph\">La disputa electoral organiza todo lo que ocurre en la vida p\u00fablica. En especial, la actividad parlamentaria.&nbsp;<strong>Las posiciones de cada diputado o senador en el Congreso est\u00e1n determinadas por el lugar en que ese legislador qued\u00f3 en la oferta electoral<\/strong>&nbsp;que se defini\u00f3 el fin de semana pasado. La demostraci\u00f3n m\u00e1s expresiva era este mi\u00e9rcoles el alineamiento de las fuerzas pol\u00edticas con representaci\u00f3n en la C\u00e1mara de Diputados en relaci\u00f3n con los vetos de&nbsp;<strong>Javier Milei<\/strong>.<\/p>\n\n\n\n<p class=\"wp-block-paragraph\">El Gobierno mira ese campo de batalla con el optimismo del que presume una victoria. Y es muy posible que tenga raz\u00f3n. Pero&nbsp;<strong>como ocurre siempre que una fuerza oficialista se encuentra sin el desaf\u00edo real de un adversario, la agresividad se vuelve endog\u00e1mica<\/strong>. Hoy el conflicto interno de La Libertad Avanza preocupa a las figuras m\u00e1s sensatas de gabinete. La filtraci\u00f3n de las&nbsp;<a href=\"https:\/\/www.lanacion.com.ar\/politica\/tension-en-el-gobierno-por-acusaciones-contra-el-jefe-de-la-agencia-de-discapacidad-nid20082025\/\">escandalosas infidencias<\/a>&nbsp;atribuidas al director de la Agencia Nacional de Discapacidad,&nbsp;<strong>Diego Spagnuolo<\/strong>, revelando un&nbsp;<strong>supuesto sistema de coimas<\/strong>&nbsp;que llegar\u00edan a&nbsp;<strong>Karina Milei y Eduardo \u201cLule\u201d Menem<\/strong>, es el ejemplo m\u00e1s reciente. El principal problema de esa querella interna es que, al parecer, no se puede detener.<\/p>\n\n\n\n<p class=\"wp-block-paragraph\">Las confesiones de Spagnuolo, un amigo de Javier Milei que, adem\u00e1s, fue su abogado, salieron a la luz en el peor momento. El funcionario habla de&nbsp;<strong>un sistema de sobornos en la contrataci\u00f3n de laboratorios farmac\u00e9uticos<\/strong>. Una novedad maldita, porque esas pr\u00e1cticas se llevar\u00edan a cabo en la oficina dedicada a la pol\u00edtica de atenci\u00f3n de discapacidades. Y la acusaci\u00f3n salpica a Lule Menem, pariente y protector del presidente de la C\u00e1mara de Diputados,&nbsp;<strong>Mart\u00edn Menem<\/strong>.&nbsp;<strong>Justo cuando La Libertad Avanza deb\u00eda defender en esa misma C\u00e1mara un veto en el que Milei intent\u00f3 defender un recorte en el presupuesto para discapacidad<\/strong>. Este mi\u00e9rcoles, en la C\u00e1mara que conduce el menor de los Menem se form\u00f3 una mayor\u00eda de dos tercios, 172 votos, que anul\u00f3 la medida del Presidente. El enfrentamiento de Milei con el Congreso en esa materia ven\u00eda con el paso cambiado. El lunes pasado, el juez federal de Campana,&nbsp;<strong>Adri\u00e1n Gonz\u00e1lez Charvay<\/strong>, hab\u00eda concedido un amparo a los padres de chicos que reclamaban prestaciones que se ver\u00edan afectadas si el veto de la Casa Rosada se manten\u00eda.<\/p>\n\n\n\n<p class=\"wp-block-paragraph\">En medio de la campa\u00f1a electoral, la oposici\u00f3n a un recorte en el gasto destinado a personas con capacidades disminuidas es una bandera a la que es muy dif\u00edcil renunciar. Aun cuando en esa \u00e1rea se acumulan irregularidades desde hace d\u00e9cadas. Pero m\u00e1s all\u00e1 de lo simp\u00e1tico que pueda ser el rechazo al veto, la forma en que el oficialismo negoci\u00f3 la integraci\u00f3n de sus listas agreg\u00f3 dificultades. \u00bfC\u00f3mo pedirle a&nbsp;<strong>Rodrigo De Loredo<\/strong>&nbsp;que asuma posiciones antip\u00e1ticas cuando desde la Casa Rosada le negaron la primera candidatura a la diputaci\u00f3n por C\u00f3rdoba, que le hab\u00eda prometido el sibilino Lule Menem? De Loredo es el presidente del bloque radical. A&nbsp;<strong>Mar\u00eda Eugenia Vidal y Silvia Lospennato<\/strong>, de Pro, tampoco se le puede reclamar solidaridad: fueron vetadas como aliadas por Karina Milei. Consecuencias de la competencia porte\u00f1a de mayo, en la que Lospennato enfrent\u00f3 a&nbsp;<strong>Manuel Adorni<\/strong>, con Vidal como estratega de su proselitismo.<\/p>\n\n\n\n<p class=\"wp-block-paragraph\">Las decisiones electorales del comando libertario se enajenaron tambi\u00e9n la buena voluntad de algunos gobernadores que, hasta anteayer, eran aliados. Es el caso del salte\u00f1o&nbsp;<strong>Gustavo S\u00e1enz<\/strong>, quien debe soportar que la candidata de La Libertad Avanza,&nbsp;<strong>Emilia Orozco<\/strong>, junte votos insult\u00e1ndolo en los peores t\u00e9rminos. La asociaci\u00f3n con el tucumano&nbsp;<strong>Osvaldo Jaldo<\/strong>&nbsp;tambi\u00e9n est\u00e1 rota: Milei se qued\u00f3 en esa provincia con los votos de su propio partido y del disidente radical Mariano Campero.<\/p>\n\n\n\n<p class=\"wp-block-paragraph\">Ninguno de estos alejamientos estaba fuera de las previsiones. En cambio,&nbsp;<strong>la consecuencia m\u00e1s dolorosa de los desencuentros en el armado de listas para octubre se present\u00f3&nbsp;<\/strong><a href=\"https:\/\/www.lanacion.com.ar\/politica\/se-rompio-lla-tres-legisladores-abandonaron-el-espacio-y-conformaron-un-bloque-llamado-coherencia-nid20082025\/\"><strong>en el seno de La Libertada Avanza<\/strong><\/a>: tres diputados de esa fuerza esperaron el tratamiento del veto a la emergencia de discapacidad para decir adi\u00f3s. Son&nbsp;<strong>Marcela Pagano<\/strong>, de la provincia de Buenos Aires;<strong>&nbsp;Carlos D\u2019Alessandro<\/strong>, de San Luis; y&nbsp;<strong>Gerardo Gonz\u00e1lez<\/strong>, de Formosa. Comandada por Pagano, esa fuga es una pu\u00f1alada a su peor enemigo: Mart\u00edn Menem.<\/p>\n\n\n\n<p class=\"wp-block-paragraph\">Sobre esta endiablada cartograf\u00eda electoral se implantaron los dichos de Spagnuolo. Un detalle:&nbsp;<strong>D\u2019Alessandro arguy\u00f3 que dejaban a Milei enojados por la corrupci\u00f3n<\/strong>.&nbsp;<strong>Pagano se refiri\u00f3 al mismo motivo.&nbsp;<\/strong>\u00bfHay alg\u00fan hilo invisible que une esta fractura de La Libertad Avanza con las expansiones del director de Discapacidad? Tarea para el hogar de quienes quieran despejar inc\u00f3gnitas. Las afirmaciones de Spagnuolo ten\u00edan el car\u00e1cter incierto que enturbia siempre a las grabaciones obtenidas de manera clandestina. Pero este mi\u00e9rcoles ingresaron en la arena institucional. Fue cuando&nbsp;<strong>Ricardo L\u00f3pez Murphy<\/strong>, que es candidato en la ciudad de Buenos Aires, pregunt\u00f3 desde su cuenta de X: \u201c\u00bfAlguien va a explicar el esc\u00e1ndalo de coimas millonarias que revel\u00f3 Diego Spagnuolo, funcionario del Gobierno nacional? \u00bfD\u00f3nde est\u00e1n Karina Milei y los Menem?\u201d.<strong>&nbsp;Gregorio Dalb\u00f3n<\/strong>&nbsp;present\u00f3 una denuncia penal por ese caso. Es el abogado de<strong>&nbsp;Cristina Kirchner<\/strong>, principal blanco del discurso anticorrupci\u00f3n de La Libertad Avanza.<\/p>\n\n\n\n<p class=\"wp-block-paragraph\">En todos los \u00e1mbitos de la vida colectiva suelen ocurrir enfrentamientos irreconciliables. Son malsanos por muchos motivos. Uno de ellos es que, cuando esas peleas son autom\u00e1ticas, permiten que&nbsp;<strong>terceros en discordia saquen ventaja sin costo alguno<\/strong>. Si todo lo malo que le pasa a A es atribuido a B, puede aparecer otro actor, C, que ataque a B sin costo: la agresi\u00f3n siempre se le va a atribuir a A.&nbsp;<strong>Es lo que est\u00e1 sucediendo con la enemistad entre el Mago del Kremlin, Santiago Caputo, y Lule Menem<\/strong>. Por no decir entre Santiago Caputo y Karina Milei. La filtraci\u00f3n de las supuestas grabaciones de Spagnuolo se le imputa a Caputo. Entre otras cosas, porque es quien controla la SIDE, que suele ser la usina de experimentos de ese tipo. \u201cEl Mago\u201d paga ahora algunas ocurrencias que le escucharon hace muchos meses funcionarios de Milei. Por ejemplo, que \u201cdebemos convocar a los malos para defendernos\u201d. En las \u00faltimas semanas comenz\u00f3 a circular, con sospechosa insistencia, la noticia de que el verdadero jefe de los servicios de Inteligencia es hoy el tenebroso&nbsp;<strong>Antonio \u201cJaime\u201d Stiuso<\/strong>, convocado por Caputo. Como dec\u00eda el fil\u00f3sofo menemista: \u201cBlanco m\u00e1s jarra, leche\u201d. Sin embargo, gente muy bien informada, asegura que Caputo no tuvo nada que ver con la ventilaci\u00f3n de estas miserias. Tampoco Stiuso. Ser\u00eda el t\u00edpico caso de la intervenci\u00f3n de un tercero que medra con la pelea entre \u201cel Mago\u201d y los Menem.<\/p>\n\n\n\n<p class=\"wp-block-paragraph\">M\u00e1s all\u00e1 de c\u00f3mo sea la historia verdadera de estos episodios, la divulgaci\u00f3n de los grav\u00edsimos dichos adjudicados a Spagnuolo, tan da\u00f1inos para Karina Milei y Lule Menem, se cree impulsada por Caputo. La animadversi\u00f3n entre \u201cEl Mago\u201d y Lule es ac\u00e9rrima y, por lo tanto, vuelve veros\u00edmil esa imputaci\u00f3n. El \u201ctri\u00e1ngulo de \u00bfhierro?\u201d est\u00e1 muy desvencijado.<\/p>\n\n\n\n<p class=\"wp-block-paragraph\">Si el juego es proponer teor\u00edas conspirativas, no hay que descartar una distinta:&nbsp;<strong>\u00bfel entra\u00f1able \u201cPucho\u201d Cristian Ritondo estar\u00e1 festejando el esmeril que desgasta al apellido Menem?<\/strong>&nbsp;Sus amigos afirman que ya tiene asegurada la presidencia de la C\u00e1mara de Diputados para el 10 de diciembre. Lo habr\u00eda hablado con Milei. De ser as\u00ed, \u00bfcu\u00e1l ser\u00eda el destino de Mart\u00edn Menem? Alguien tan ligado a la hermana del Presidente s\u00f3lo podr\u00eda ser reemplazado de su cargo con una promoci\u00f3n hacia una posici\u00f3n superior. M\u00e1s seguro que el ascenso de \u201cPucho\u201d parece ser que el intendente de Mar del Plata,&nbsp;<strong>Guillermo Montenegro, reemplazar\u00eda a Patricia Bullrich en Seguridad<\/strong>.<strong>&nbsp;\u00bfLuis Juez ir\u00eda a Defensa en lugar de Luis Petri?<\/strong>&nbsp;Tambi\u00e9n se escucha con insistencia esa versi\u00f3n.<\/p>\n\n\n\n<p class=\"wp-block-paragraph\">Todo ocurre en un campo minado. Porque, m\u00e1s all\u00e1 de qui\u00e9n filtr\u00f3 la catarsis de Spagnuolo, en la Casa Rosada deber\u00edan estar prevenidos de nuevos desahogos. No s\u00f3lo porque \u00e9l menciona chats con la hermana del Presidente. El funcionario habr\u00eda depositado sus tribulaciones en el o\u00eddo de varios amigos. \u00bfLes cont\u00f3 que Lule Menem lo visit\u00f3 apenas lleg\u00f3 al cargo para ofrecerle colaboradores que \u00e9l se neg\u00f3 a aceptar? Algo de eso se sugiere en las grabaciones.&nbsp;<strong>\u00bfHubo despu\u00e9s una convocatoria a la presidencia de la C\u00e1mara en la que Mart\u00edn Menem ofreci\u00f3 los servicios de la droguer\u00eda Suizo Argentina, \u201cque podr\u00eda ayudar\u201d?<\/strong>&nbsp;Ser\u00eda verdad, como dice en esos audios, que visit\u00f3 al Presidente y le hizo conocer esas fechor\u00edas. \u00bfEs tambi\u00e9n verdad que Milei se enfureci\u00f3 contra los Menem? Lo que no aparece en las grabaciones, pero el funcionario habr\u00eda revelado a varios interlocutores, es que despu\u00e9s de ese domingo en Olivos habr\u00eda sido invitado al despacho de Karina Milei. All\u00ed, dicen, lo hicieron esperar un par de horas. Cuando lo recibi\u00f3, la secretaria general le habr\u00eda indicado: \u201cNo hables m\u00e1s con mi hermano. \u2018Lule\u2019 soy yo\u201d. Bastar\u00eda con revisar el calendario para corroborar si despu\u00e9s de esa reuni\u00f3n hubo cambios relevantes en la Direcci\u00f3n de Discapacidad. Es lo que dicen los confesores de Spagnuolo. \u00bfHabr\u00e1 que creerles? Es probable que s\u00ed. Si no, \u00bfpor qu\u00e9 renunci\u00f3 Spagnuolo?<\/p>\n\n\n\n<p class=\"wp-block-paragraph\"><strong>Mientras la \u201ccasta\u201d se entretiene con los audios, la Casa Rosada est\u00e1 inquieta por la rebeli\u00f3n parlamentaria<\/strong>. Guillermo Francos y Federico Sturzenegger se quejan, con raz\u00f3n, de que el mismo Congreso que otorg\u00f3 facultades delegadas a los presidentes anteriores, por dos a\u00f1os, con derecho a pr\u00f3rroga, para materias extens\u00edsimas, apenas le cedi\u00f3 a Milei esas atribuciones por un a\u00f1o sin renovaci\u00f3n en materias mucho m\u00e1s acotadas. Sturzenegger lo record\u00f3 en un&nbsp;<a href=\"https:\/\/www.lanacion.com.ar\/opinion\/por-primera-vez-un-uso-constitucional-de-las-facultades-delegadas-nid09072025\/\">art\u00edculo publicado en&nbsp;<strong>LA NACION<\/strong><\/a>, donde compara inclusive las ventajas que fueron dadas a Fernando De la R\u00faa, en una gesti\u00f3n de la que \u00e9l mismo form\u00f3 parte.<\/p>\n\n\n\n<p class=\"wp-block-paragraph\">Milei y su equipo interpretan que la embestida de la oposici\u00f3n ampliada que se manifest\u00f3 este mi\u00e9rcoles en Diputados no est\u00e1 motivada s\u00f3lo por la voluntad de producir acciones irreprochables para casi todo el electorado, como los beneficios a jubilados y discapacitados. Quienes no simpatizan con el Presidente lo identifican con una palabra:&nbsp;<strong>crueldad<\/strong>. Y la discusi\u00f3n de estas dos pol\u00edticas alimenta ese discurso. Sin embargo, Milei mira m\u00e1s all\u00e1. Interpreta, acaso con acierto, que sus rivales leen bien a su administraci\u00f3n. Es decir, interpretan que su principal activo electoral es haber revertido la inercia inflacionaria. Y que ese movimiento tuvo como palanca principal la reducci\u00f3n del gasto. Por lo tanto,&nbsp;<strong>recrear el gasto p\u00fablico es herir al Gobierno en el coraz\u00f3n de su estrategia de poder<\/strong>.<\/p>\n\n\n\n<p class=\"wp-block-paragraph\">Si esa es la intenci\u00f3n, este mi\u00e9rcoles la oposici\u00f3n tuvo una derrota autoinfligida. El radical&nbsp;<strong>De Loredo y Juan Manuel L\u00f3pez, de la Coalici\u00f3n C\u00edvica, propusieron anular el veto de Milei de manera parcial<\/strong>. Contaban con un antecedente del a\u00f1o 2001. Es decir, insistir con lo resuelto por el Congreso votando con dos tercios el aumento del 7,2% de la jubilaci\u00f3n m\u00ednima y la legalizaci\u00f3n del c\u00e1lculo de actualizaci\u00f3n previsional. No consiguieron el apoyo de los dem\u00e1s rivales del Gobierno, que prefirieron ir contra todo el veto. Cometieron un error, porque calcularon mal su propia fuerza. Esa posici\u00f3n intransigente no obtuvo los dos tercios, a pesar de que la UCR y la Coalici\u00f3n C\u00edvica se sum\u00f3 a la oposici\u00f3n.&nbsp;<strong>Milei salv\u00f3 su veto por un desacierto de sus adversarios.<\/strong><\/p>\n\n\n\n<p class=\"wp-block-paragraph\">Cuando se observa la propuesta electoral opositora, en especial la del peronismo bonaerense, la tesis de Milei, es decir, que quieren debilitarlo minando su pol\u00edtica fiscal, se vuelve convincente. Para candidaturas tan modestas, la \u00fanica t\u00e1ctica posible es boicotear el programa econ\u00f3mico. La lista de Fuerza Patria es un intento fallido por disimular el conflicto interno de esa fuerza. La primera manifestaci\u00f3n es la candidatura de&nbsp;<strong>Jorge Taiana&nbsp;<\/strong>presidiendo la boleta. Como sucedi\u00f3 con el peronismo en otra crisis, la de las luchas facciosas que determinaron la derrota de 1983,&nbsp;<strong>los Kirchner y Sergio Massa aceptaron la sugerencia de Axel Kicillof: postular a un \u201cLuder\u201d. Es Taiana<\/strong>.<\/p>\n\n\n\n<p class=\"wp-block-paragraph\">Massa debe estar rumiando en estas horas si su relaci\u00f3n con el kirchnerismo no lleg\u00f3 a su fin. \u00bfPor qu\u00e9? Sencillo:&nbsp;<strong>Juan Grabois&nbsp;<\/strong>es el segundo var\u00f3n de la boleta. Grabois amenaz\u00f3 con separarse de esa coalici\u00f3n si Massa encabezaba la lista. Fue una forma de disuadir a Massa. \u00bfCristina Kirchner indujo a Grabois a formular esa amenaza para vetar al exministro de Econom\u00eda? Es posible que no. Pero la duda est\u00e1 instalada en el coraz\u00f3n de Massa. Estas fricciones ayudan mucho a que el PJ pierda Buenos Aires en octubre. Sobre todo, porque&nbsp;<strong>los intendentes dormir\u00e1n la siesta: no tienen representantes en las listas<\/strong>.<\/p>\n\n\n\n<p class=\"wp-block-paragraph\">En cambio, en la elecci\u00f3n adelantada del 7 de septiembre, los peronistas pueden aspirar a una victoria. No por la cantidad de bancas obtenidas. No por la cantidad de secciones ganadas. Pero s\u00ed por el volumen total de votos, que es lo que define una elecci\u00f3n, m\u00e1s all\u00e1 de las martingalas ret\u00f3ricas. Esa noche Kicillof tendr\u00e1 derecho a festejar. Pero no m\u00e1s que esa noche. El 8 de septiembre se abrir\u00e1 para \u00e9l una discusi\u00f3n costosa. Estar\u00e1 expuesto a la enemistad con La C\u00e1mpora y con su jefa, Cristina Kirchner. Deber\u00e1 resistir la ansiedad de los radicales, que ver\u00e1n reducida su presencia en la Legislatura a partir del 10 de diciembre. Algo parecido suceder\u00e1 con Pro, subsumido en La Libertad Avanza.&nbsp;<strong>La etapa que se inaugura despu\u00e9s de la elecci\u00f3n provincial estar\u00e1 dominada por la aprobaci\u00f3n del presupuesto y del endeudamiento provincial<\/strong>. \u201cVa a ser un fest\u00edn que pondr\u00eda colorado al propio Osvaldo M\u00e9rcuri\u201d, coment\u00f3 ayer un entendido, refiri\u00e9ndose al ya fallecido y m\u00e1s que pragm\u00e1tico presidente de la C\u00e1mara de Diputados bonaerense durante el reinado duhaldista.<\/p>\n\n\n\n<p class=\"wp-block-paragraph\"><strong>Kicillof tendr\u00e1 demandas de todo tipo: cargos en el Banco Provincia, lugares en la Corte, representaci\u00f3n en organismos descentralizados, m\u00e1s recursos para los intendentes<\/strong>. Adem\u00e1s de otras prebendas, para las que alcanza con recordar a\u00a0<strong>Julio \u201cChocolate\u201d Rigau<\/strong>, el operador de cajeros autom\u00e1ticos. Como siempre, el adelantado en la percepci\u00f3n de estas urgencias es Massa. Desde hace ya dos semanas est\u00e1 dialogando con todos los cabecillas de la Legislatura. Quiere definir qui\u00e9n ser\u00e1 el presidente de la C\u00e1mara de Diputados, que \u00e9l maneja hoy a trav\u00e9s de Alexis Guerrera. Son las preocupaciones conservadoras de alguien que entiende de su oficio y sabe, por lo tanto, que el invierno va a ser largo.<\/p>\n\n\n\n<p class=\"wp-block-paragraph\">Por\u00a0<a href=\"https:\/\/www.lanacion.com.ar\/autor\/carlos-pagni-81\/\"><strong>Carlos Pagni<\/strong><\/a><\/p>\n\n\n\n<p class=\"wp-block-paragraph\">Fuente:<a href=\"https:\/\/www.lanacion.com.ar\/\"> La Naci\u00f3n<\/a><\/p>","protected":false},"excerpt":{"rendered":"<p>La disputa electoral organiza todo lo que ocurre en la vida p\u00fablica. En especial, la actividad parlamentaria.&nbsp;Las posiciones de cada diputado o senador en el Congreso est\u00e1n determinadas por el lugar en que ese legislador qued\u00f3 en la oferta electoral&nbsp;que se defini\u00f3 el fin de semana pasado. La demostraci\u00f3n m\u00e1s expresiva era este mi\u00e9rcoles el [&hellip;]<\/p>\n","protected":false},"author":9,"featured_media":123885,"comment_status":"open","ping_status":"open","sticky":false,"template":"","format":"standard","meta":{"site-sidebar-layout":"default","site-content-layout":"","ast-site-content-layout":"default","site-content-style":"default","site-sidebar-style":"default","ast-global-header-display":"","ast-banner-title-visibility":"","ast-main-header-display":"","ast-hfb-above-header-display":"","ast-hfb-below-header-display":"","ast-hfb-mobile-header-display":"","site-post-title":"","ast-breadcrumbs-content":"","ast-featured-img":"","footer-sml-layout":"","ast-disable-related-posts":"","theme-transparent-header-meta":"","adv-header-id-meta":"","stick-header-meta":"","header-above-stick-meta":"","header-main-stick-meta":"","header-below-stick-meta":"","astra-migrate-meta-layouts":"default","ast-page-background-enabled":"default","ast-page-background-meta":{"desktop":{"background-color":"","background-image":"","background-repeat":"repeat","background-position":"center center","background-size":"auto","background-attachment":"scroll","background-type":"","background-media":"","overlay-type":"","overlay-color":"","overlay-opacity":"","overlay-gradient":""},"tablet":{"background-color":"","background-image":"","background-repeat":"repeat","background-position":"center center","background-size":"auto","background-attachment":"scroll","background-type":"","background-media":"","overlay-type":"","overlay-color":"","overlay-opacity":"","overlay-gradient":""},"mobile":{"background-color":"","background-image":"","background-repeat":"repeat","background-position":"center center","background-size":"auto","background-attachment":"scroll","background-type":"","background-media":"","overlay-type":"","overlay-color":"","overlay-opacity":"","overlay-gradient":""}},"ast-content-background-meta":{"desktop":{"background-color":"var(--ast-global-color-5)","background-image":"","background-repeat":"repeat","background-position":"center center","background-size":"auto","background-attachment":"scroll","background-type":"","background-media":"","overlay-type":"","overlay-color":"","overlay-opacity":"","overlay-gradient":""},"tablet":{"background-color":"var(--ast-global-color-5)","background-image":"","background-repeat":"repeat","background-position":"center center","background-size":"auto","background-attachment":"scroll","background-type":"","background-media":"","overlay-type":"","overlay-color":"","overlay-opacity":"","overlay-gradient":""},"mobile":{"background-color":"var(--ast-global-color-5)","background-image":"","background-repeat":"repeat","background-position":"center center","background-size":"auto","background-attachment":"scroll","background-type":"","background-media":"","overlay-type":"","overlay-color":"","overlay-opacity":"","overlay-gradient":""}},"footnotes":""},"categories":[12],"tags":[],"class_list":["post-123884","post","type-post","status-publish","format-standard","has-post-thumbnail","hentry","category-opinion"],"spectra_blocks_featured_image_url":{"thumbnail":{"url":"https:\/\/100xd.com.ar\/wp-content\/uploads\/2025\/08\/carlos-1-150x150.jpg","width":150,"height":150},"medium":{"url":"https:\/\/100xd.com.ar\/wp-content\/uploads\/2025\/08\/carlos-1.jpg","width":280,"height":280},"medium_large":{"url":"https:\/\/100xd.com.ar\/wp-content\/uploads\/2025\/08\/carlos-1.jpg","width":280,"height":280},"large":{"url":"https:\/\/100xd.com.ar\/wp-content\/uploads\/2025\/08\/carlos-1.jpg","width":280,"height":280},"full":{"url":"https:\/\/100xd.com.ar\/wp-content\/uploads\/2025\/08\/carlos-1.jpg","width":280,"height":280}},"spectra_blocks_author_info":{"display_name":"Jorge Alfredo Baret","avatar_url":"https:\/\/secure.gravatar.com\/avatar\/31696f5ca83439b642450ec7d3f82f98451a5efacb414343d5478c982b337f26?s=96&d=mm&r=g","author_link":"https:\/\/100xd.com.ar\/es\/author\/jorge\/","description":"Ingeniero Qu\u00edmico UTN - Director Apoderado de Comunicaciones Auditadas SA. Editor Responsable 100xd.com.ar."},"_links":{"self":[{"href":"https:\/\/100xd.com.ar\/es\/wp-json\/wp\/v2\/posts\/123884","targetHints":{"allow":["GET"]}}],"collection":[{"href":"https:\/\/100xd.com.ar\/es\/wp-json\/wp\/v2\/posts"}],"about":[{"href":"https:\/\/100xd.com.ar\/es\/wp-json\/wp\/v2\/types\/post"}],"author":[{"embeddable":true,"href":"https:\/\/100xd.com.ar\/es\/wp-json\/wp\/v2\/users\/9"}],"replies":[{"embeddable":true,"href":"https:\/\/100xd.com.ar\/es\/wp-json\/wp\/v2\/comments?post=123884"}],"version-history":[{"count":1,"href":"https:\/\/100xd.com.ar\/es\/wp-json\/wp\/v2\/posts\/123884\/revisions"}],"predecessor-version":[{"id":123886,"href":"https:\/\/100xd.com.ar\/es\/wp-json\/wp\/v2\/posts\/123884\/revisions\/123886"}],"wp:featuredmedia":[{"embeddable":true,"href":"https:\/\/100xd.com.ar\/es\/wp-json\/wp\/v2\/media\/123885"}],"wp:attachment":[{"href":"https:\/\/100xd.com.ar\/es\/wp-json\/wp\/v2\/media?parent=123884"}],"wp:term":[{"taxonomy":"category","embeddable":true,"href":"https:\/\/100xd.com.ar\/es\/wp-json\/wp\/v2\/categories?post=123884"},{"taxonomy":"post_tag","embeddable":true,"href":"https:\/\/100xd.com.ar\/es\/wp-json\/wp\/v2\/tags?post=123884"}],"curies":[{"name":"wp","href":"https:\/\/api.w.org\/{rel}","templated":true}]}}