{"id":123293,"date":"2025-08-10T10:48:22","date_gmt":"2025-08-10T13:48:22","guid":{"rendered":"https:\/\/100xd.com.ar\/?p=123293"},"modified":"2025-08-10T10:48:22","modified_gmt":"2025-08-10T13:48:22","slug":"cierra-la-estacion-de-subte-plaza-italia-por-obras-de-renovacion-integral-en-la-linea-d","status":"publish","type":"post","link":"https:\/\/100xd.com.ar\/es\/cierra-la-estacion-de-subte-plaza-italia-por-obras-de-renovacion-integral-en-la-linea-d\/","title":{"rendered":"Cierra la estaci\u00f3n de subte Plaza Italia por obras de renovaci\u00f3n integral en la L\u00ednea D"},"content":{"rendered":"<p class=\"wp-block-paragraph\">Subterr\u00e1neos de Buenos Aires S.E. (Sbase) comunic\u00f3 que a partir del pr\u00f3ximo lunes la estaci\u00f3n&nbsp;<a target=\"_blank\" href=\"https:\/\/www.perfil.com\/noticias\/sociedad\/vacaciones-de-invierno-en-caba-las-lineas-de-subte-que-te-permiten-conocer-puntos-turisticos-de-la-ciudad.phtml\" rel=\"noreferrer noopener\"><strong>Plaza Italia&nbsp;<\/strong><\/a>estar\u00e1 inhabilitada por el nuevo<strong>&nbsp;Plan de Renovaci\u00f3n Integral de Estaciones<\/strong>&nbsp;a cargo de la compa\u00f1\u00eda que administra la red del transporte p\u00fablico porte\u00f1o.<\/p>\n\n\n\n<p class=\"wp-block-paragraph\">Los usuarios de esta l\u00ednea deber\u00e1n usar las estaciones&nbsp;<strong>Palermo o Scalabrini Ortiz<\/strong>. A trav\u00e9s de las redes sociales,&nbsp;<strong>Subte BA<\/strong>&nbsp;indic\u00f3: \u201cAvanzamos con la puesta en valor y modernizaci\u00f3n de Plaza Italia. Permanecer\u00e1 cerrada desde el lunes 11 de agosto por obras que mejoran la experiencia de viaje. Esta intervenci\u00f3n se suma a las once estaciones ya renovadas a lo largo de la red\u201d.<\/p>\n\n\n\n<p class=\"wp-block-paragraph\"><a target=\"_blank\" href=\"https:\/\/www.perfil.com\/noticias\/sociedad\/vacaciones-de-invierno-en-caba-las-lineas-de-subte-que-te-permiten-conocer-puntos-turisticos-de-la-ciudad.phtml\" rel=\"noreferrer noopener\">Estas son las l\u00edneas de subte que te dejan en los puntos tur\u00edsticos de CABA | Perfil<\/a>Esto no les gusta a los autoritariosEl ejercicio del periodismo profesional y cr\u00edtico es un pilar fundamental de la democracia. Por eso molesta a quienes creen ser los due\u00f1os de la verdad.Hoy m\u00e1s que nunca<a href=\"https:\/\/mi.perfil.com\/\">Suscribite<\/a><\/p>\n\n\n\n<h2 class=\"wp-block-heading\"><img loading=\"lazy\" decoding=\"async\" alt=\"L\u00ednea D de subte - Plaza Italia \" height=\"750\" src=\"https:\/\/fotos.perfil.com\/\/2025\/08\/09\/900\/0\/estacion-plaza-italia-linea-d-de-subte-2077373.jpg?webp\" width=\"1200\" title=\"Cierra la estaci\u00f3n de subte Plaza Italia por obras de renovaci\u00f3n integral en la L\u00ednea D\"><\/h2>\n\n\n\n<h2 class=\"wp-block-heading\"><strong>Qu\u00e9 obras se realizar\u00e1n en la L\u00ednea D<\/strong><\/h2>\n\n\n\n<p class=\"wp-block-paragraph\">Algunas de las obras que se realizar\u00e1n en&nbsp;<strong>la estaci\u00f3n Plaza Italia<\/strong>, son las siguientes:<\/p>\n\n\n\n<ul class=\"wp-block-list\"><li>Impermeabilizaci\u00f3n, pintura y nuevo revestimiento met\u00e1lico de paredes y cielorrasos en aluzinc.<\/li><li>Recambio de pisos y revestimiento gran\u00edtico de escaleras.<\/li><li>Instalaci\u00f3n de luces LED.<\/li><li>Renovaci\u00f3n de se\u00f1al\u00e9tica y colocaci\u00f3n de se\u00f1alizaci\u00f3n braille en pasamanos y p\u00f3rticos.<\/li><li>Nuevo mobiliario en and\u00e9n, como bancos, cestos y apoyos isqui\u00e1ticos.<\/li><\/ul>\n\n\n\n<p class=\"wp-block-paragraph\">Por otro lado, se arreglar\u00e1n ocho murales situados en el vest\u00edbulo y and\u00e9n, junto con la puesta en valor de las may\u00f3licas hist\u00f3ricas.<\/p>\n\n\n\n<p class=\"wp-block-paragraph\"><a target=\"_blank\" href=\"https:\/\/www.perfil.com\/noticias\/actualidad\/linea-f-de-subte-como-sera-el-recorrido-que-combinaciones-tendra-y-cuando-comenzara-a-funcionar-en-caba.phtml\" rel=\"noreferrer noopener\">L\u00ednea F de subte en CABA: recorrido, combinaciones y todo lo que hay que saber | Perfil<\/a><\/p>\n\n\n\n<h2 class=\"wp-block-heading\"><strong>Qu\u00e9 l\u00edneas de subte se renovaron hasta el momento<\/strong><\/h2>\n\n\n\n<p class=\"wp-block-paragraph\">Hasta el momento se renovaron las siguientes estaciones de subte: Castro Barros, Lima y Acoyte (L\u00ednea A); Pueyrred\u00f3n y Pasteur-AMIA (L\u00ednea B); San Mart\u00edn (L\u00ednea C); Bulnes, Facultad de Medicina, Encalabrino Ortiz y Palermo (L\u00ednea D); y Jujuy (L\u00ednea E).<\/p>\n\n\n\n<p class=\"wp-block-paragraph\">Las siguientes obras se har\u00e1n en Loria, R\u00edo de Janeiro, Piedras y Congreso (L\u00ednea A); Uruguay, Carlos Gardel y Malabia (L\u00ednea B); y Tribunales y Ag\u00fcero (L\u00ednea D). Incluso, se pidieron licitaciones para la renovaci\u00f3n de Medrano y \u00c1ngel Gallardo (L\u00ednea B), Lavalle e Independencia (L\u00ednea C), y General Urquiza y Entre R\u00edos (L\u00ednea E).<\/p>\n\n\n\n<p class=\"wp-block-paragraph\">Fuente: <a href=\"https:\/\/www.perfil.com\/\">Perfil.com<\/a><\/p>","protected":false},"excerpt":{"rendered":"<p>Subterr\u00e1neos de Buenos Aires S.E. (Sbase) comunic\u00f3 que a partir del pr\u00f3ximo lunes la estaci\u00f3n&nbsp;Plaza Italia&nbsp;estar\u00e1 inhabilitada por el nuevo&nbsp;Plan de Renovaci\u00f3n Integral de Estaciones&nbsp;a cargo de la compa\u00f1\u00eda que administra la red del transporte p\u00fablico porte\u00f1o. Los usuarios de esta l\u00ednea deber\u00e1n usar las estaciones&nbsp;Palermo o Scalabrini Ortiz. A trav\u00e9s de las redes sociales,&nbsp;Subte [&hellip;]<\/p>\n","protected":false},"author":9,"featured_media":123294,"comment_status":"open","ping_status":"open","sticky":false,"template":"","format":"standard","meta":{"site-sidebar-layout":"default","site-content-layout":"","ast-site-content-layout":"default","site-content-style":"default","site-sidebar-style":"default","ast-global-header-display":"","ast-banner-title-visibility":"","ast-main-header-display":"","ast-hfb-above-header-display":"","ast-hfb-below-header-display":"","ast-hfb-mobile-header-display":"","site-post-title":"","ast-breadcrumbs-content":"","ast-featured-img":"","footer-sml-layout":"","ast-disable-related-posts":"","theme-transparent-header-meta":"","adv-header-id-meta":"","stick-header-meta":"","header-above-stick-meta":"","header-main-stick-meta":"","header-below-stick-meta":"","astra-migrate-meta-layouts":"default","ast-page-background-enabled":"default","ast-page-background-meta":{"desktop":{"background-color":"","background-image":"","background-repeat":"repeat","background-position":"center center","background-size":"auto","background-attachment":"scroll","background-type":"","background-media":"","overlay-type":"","overlay-color":"","overlay-opacity":"","overlay-gradient":""},"tablet":{"background-color":"","background-image":"","background-repeat":"repeat","background-position":"center center","background-size":"auto","background-attachment":"scroll","background-type":"","background-media":"","overlay-type":"","overlay-color":"","overlay-opacity":"","overlay-gradient":""},"mobile":{"background-color":"","background-image":"","background-repeat":"repeat","background-position":"center center","background-size":"auto","background-attachment":"scroll","background-type":"","background-media":"","overlay-type":"","overlay-color":"","overlay-opacity":"","overlay-gradient":""}},"ast-content-background-meta":{"desktop":{"background-color":"var(--ast-global-color-5)","background-image":"","background-repeat":"repeat","background-position":"center center","background-size":"auto","background-attachment":"scroll","background-type":"","background-media":"","overlay-type":"","overlay-color":"","overlay-opacity":"","overlay-gradient":""},"tablet":{"background-color":"var(--ast-global-color-5)","background-image":"","background-repeat":"repeat","background-position":"center center","background-size":"auto","background-attachment":"scroll","background-type":"","background-media":"","overlay-type":"","overlay-color":"","overlay-opacity":"","overlay-gradient":""},"mobile":{"background-color":"var(--ast-global-color-5)","background-image":"","background-repeat":"repeat","background-position":"center center","background-size":"auto","background-attachment":"scroll","background-type":"","background-media":"","overlay-type":"","overlay-color":"","overlay-opacity":"","overlay-gradient":""}},"footnotes":""},"categories":[25],"tags":[],"class_list":["post-123293","post","type-post","status-publish","format-standard","has-post-thumbnail","hentry","category-destacado"],"spectra_blocks_featured_image_url":{"thumbnail":{"url":"https:\/\/100xd.com.ar\/wp-content\/uploads\/2025\/08\/subte-150x150.webp","width":150,"height":150},"medium":{"url":"https:\/\/100xd.com.ar\/wp-content\/uploads\/2025\/08\/subte-300x169.webp","width":300,"height":169},"medium_large":{"url":"https:\/\/100xd.com.ar\/wp-content\/uploads\/2025\/08\/subte-768x432.webp","width":768,"height":432},"large":{"url":"https:\/\/100xd.com.ar\/wp-content\/uploads\/2025\/08\/subte.webp","width":987,"height":555},"full":{"url":"https:\/\/100xd.com.ar\/wp-content\/uploads\/2025\/08\/subte.webp","width":987,"height":555}},"spectra_blocks_author_info":{"display_name":"Jorge Alfredo Baret","avatar_url":"https:\/\/secure.gravatar.com\/avatar\/31696f5ca83439b642450ec7d3f82f98451a5efacb414343d5478c982b337f26?s=96&d=mm&r=g","author_link":"https:\/\/100xd.com.ar\/es\/author\/jorge\/","description":"Ingeniero Qu\u00edmico UTN - Director Apoderado de Comunicaciones Auditadas SA. Editor Responsable 100xd.com.ar."},"_links":{"self":[{"href":"https:\/\/100xd.com.ar\/es\/wp-json\/wp\/v2\/posts\/123293","targetHints":{"allow":["GET"]}}],"collection":[{"href":"https:\/\/100xd.com.ar\/es\/wp-json\/wp\/v2\/posts"}],"about":[{"href":"https:\/\/100xd.com.ar\/es\/wp-json\/wp\/v2\/types\/post"}],"author":[{"embeddable":true,"href":"https:\/\/100xd.com.ar\/es\/wp-json\/wp\/v2\/users\/9"}],"replies":[{"embeddable":true,"href":"https:\/\/100xd.com.ar\/es\/wp-json\/wp\/v2\/comments?post=123293"}],"version-history":[{"count":1,"href":"https:\/\/100xd.com.ar\/es\/wp-json\/wp\/v2\/posts\/123293\/revisions"}],"predecessor-version":[{"id":123295,"href":"https:\/\/100xd.com.ar\/es\/wp-json\/wp\/v2\/posts\/123293\/revisions\/123295"}],"wp:featuredmedia":[{"embeddable":true,"href":"https:\/\/100xd.com.ar\/es\/wp-json\/wp\/v2\/media\/123294"}],"wp:attachment":[{"href":"https:\/\/100xd.com.ar\/es\/wp-json\/wp\/v2\/media?parent=123293"}],"wp:term":[{"taxonomy":"category","embeddable":true,"href":"https:\/\/100xd.com.ar\/es\/wp-json\/wp\/v2\/categories?post=123293"},{"taxonomy":"post_tag","embeddable":true,"href":"https:\/\/100xd.com.ar\/es\/wp-json\/wp\/v2\/tags?post=123293"}],"curies":[{"name":"wp","href":"https:\/\/api.w.org\/{rel}","templated":true}]}}