{"id":123124,"date":"2025-08-06T11:37:20","date_gmt":"2025-08-06T14:37:20","guid":{"rendered":"https:\/\/100xd.com.ar\/?p=123124"},"modified":"2025-08-06T11:37:20","modified_gmt":"2025-08-06T14:37:20","slug":"crisis-en-el-mundo-pyme-tras-la-renuncia-de-marcos-ayerra-y-el-posible-cierre-de-la-sepyme","status":"publish","type":"post","link":"https:\/\/100xd.com.ar\/es\/crisis-en-el-mundo-pyme-tras-la-renuncia-de-marcos-ayerra-y-el-posible-cierre-de-la-sepyme\/","title":{"rendered":"Crisis en el mundo pyme tras la renuncia de Marcos Ayerra y el posible cierre de la Sepyme"},"content":{"rendered":"<p class=\"wp-block-paragraph\"><strong>Marcos Ayerra<\/strong>, quien se desempe\u00f1aba hasta ayer como secretario<a target=\"_blank\" href=\"https:\/\/www.perfil.com\/noticias\/canal-e\/arca-pone-en-jaque-a-las-pymes-que-actualizaron-quebrantos-hay-que-decidir-si-pagar-en-cuotas-durante-10-anos-o-litigar.phtml\" rel=\"noreferrer noopener\">&nbsp;PyME&nbsp;<\/a>present\u00f3 su&nbsp;<a target=\"_blank\" href=\"https:\/\/www.perfil.com\/noticias\/politica\/renuncio-demian-reidel-jefe-de-gabinete-de-asesores-de-javier-milei.phtml\" rel=\"noreferrer noopener\">renuncia &#8220;por motivos personales&#8221;<\/a>&nbsp;y circulan versiones de que&nbsp;<strong>el Gobierno avanzar\u00eda con el cierre de la Secretar\u00eda PYME (SEPYME) en los pr\u00f3ximos d\u00edas<\/strong>, situaci\u00f3n que enciende las alertas de las c<a target=\"_blank\" href=\"https:\/\/www.perfil.com\/noticias\/canal-e\/daniel-rosato-las-pymes-no-pueden-competir-y-muchas-se-estan-convirtiendo-en-importadoras.phtml\" rel=\"noreferrer noopener\">\u00e1maras empresarias que nuclean a las peque\u00f1as y medianas empresas de todo el pa\u00eds.<\/a><\/p>\n\n\n\n<figure data-spectra-id=\"spectra-a6070694-3e8f-4d55-90b1-d066f36d052b\" class=\"wp-block-image\"><img decoding=\"async\" src=\"https:\/\/fotos.perfil.com\/\/2025\/08\/06\/900\/0\/marcos-ayerra-06082025-2075271.jpg?webp\" alt=\"Marcos Ayerra 06082025\" title=\"Crisis en el mundo pyme tras la renuncia de Marcos Ayerra y el posible cierre de la Sepyme\" \/><figcaption>Marcos Ayerra (izq) cuando a\u00fan se desempe\u00f1aba en la funci\u00f3n p\u00fablica, junto a Luis Caputo, ministro de Econom\u00eda.<\/figcaption><\/figure>\n\n\n\n<p class=\"wp-block-paragraph\">Por caso,&nbsp;<strong>Daniel Rosato<\/strong>, referente de<em>&nbsp;Industriales Pymes Argentinos (IPA)<\/em>&nbsp;advirti\u00f3 en las \u00faltimas horas que&nbsp;<strong>&#8220;esta medida podr\u00eda significar la desaparici\u00f3n de miles de PyMES&#8221;.<\/strong><\/p>\n\n\n\n<p class=\"wp-block-paragraph\"><strong>&#8220;La decisi\u00f3n pol\u00edtica de cerrar la Secretar\u00eda de la Peque\u00f1a y Mediana Empresa (SEPYME), es considerada como un paso hacia un mayor estancamiento del aparato productivo nacional PyME&#8221;<\/strong>, critic\u00f3 Rosaro y agreg\u00f3: &#8220;Esta medida podr\u00eda significar la desaparici\u00f3n de miles de PyMEs que requieren una asistencia que nunca tendr\u00e1n&#8221;.<\/p>\n\n\n\n<p class=\"wp-block-paragraph\">Desde su rol de presidente de IPA se\u00f1al\u00f3: &#8220;Pedimos al gobierno nacional revertirla para potenciar el apoyo en un momento de crisis productiva que afecta a todas las PyMEs del territorio nacional&#8221;.<\/p>\n\n\n\n<figure data-spectra-id=\"spectra-7aa5931d-cff9-45fa-817c-70fc40e50e36\" class=\"wp-block-image\"><img decoding=\"async\" src=\"https:\/\/fotos.perfil.com\/\/2024\/07\/08\/900\/0\/daniel-rosato-1832109.jpg?webp\" alt=\"Daniel Rosato\" title=\"Crisis en el mundo pyme tras la renuncia de Marcos Ayerra y el posible cierre de la Sepyme\" \/><\/figure>\n\n\n\n<h2 class=\"wp-block-heading\"><strong>12.000 pymes menos en el primer a\u00f1o del gobierno de Javier Milei, seg\u00fan IPA<\/strong><\/h2>\n\n\n\n<p class=\"wp-block-paragraph\">La historia entre el gobierno libertario de Javier Milei y las entidades pymes no ha dejado como salto una relaci\u00f3n provechosa. En general, los empresarios del sector no han parado de insistir en la necesidad de generar m\u00e1s di\u00e1logo con el gobierno, o bien conseguir medidas concretas frente a ciertas definiciones oficiales, como la apertura de las importaciones que seg\u00fan han esgrimido, atenta directamente contra la producci\u00f3n nacional y ya les ocasion\u00f3 la p\u00e9rdida de muchas peque\u00f1as empresas.<\/p>\n\n\n\n<p class=\"wp-block-paragraph\">Desde IPA vienen alertando sobre la desaparici\u00f3n de muchas peque\u00f1as empresas. Los \u00faltimos datos hablan de&nbsp;<a target=\"_blank\" href=\"https:\/\/www.perfil.com\/noticias\/economia\/cerraron-la-persiana-12000-pymes-en-el-primer-ano-de-javier-milei-como-presidente-segun-datos-de-ipa.phtml\" rel=\"noreferrer noopener\">12.000 pymes que cerraron la persiana en el primer a\u00f1o de Javier Milei como presidente.<\/a><\/p>\n\n\n\n<p class=\"wp-block-paragraph\">\u201cLa<strong>s condiciones macroecon\u00f3micas<\/strong>&nbsp;son importantes, pero&nbsp;<strong>demasiado insuficientes para que las f\u00e1bricas argentinas puedan competir contra empresas extranjeras que importan en sus productos beneficios a trav\u00e9s de subsidios<\/strong>, financiamiento barato y un plan para generar trabajo en sus pa\u00edses. Es ahora en donde el Gobierno debe demostrar si tiene un plan para el sector productivo o piensa dejarlo morir, porque el ritmo de destrucci\u00f3n de empresas es alarmante\u201d, afirm\u00f3 Rosato en la \u00faltima presentaci\u00f3n del Observatorio IPA,<\/p>\n\n\n\n<p class=\"wp-block-paragraph\">El economista Federico Vacarezza, quien elabora el informe que Industriales Pymes presentan mensualmente, detall\u00f3 en el \u00faltimo informe que,<strong>\u00a0a junio de este a\u00f1o, existen 499.371 empresas registradas, en contraste con las 511.630 que hab\u00eda el a\u00f1o pasado<\/strong>. Pero, seg\u00fan se\u00f1al\u00f3 &#8220;el dato m\u00e1s preocupante est\u00e1 en la<strong>\u00a0comparaci\u00f3n del 2025 con el pico de mortandad durante la pandemia\u00a0<\/strong>(registrado en 2021, cuando apenas sobrevivieron 489.366 firmas), ya que en la actualidad existen apenas unas 10.000 compa\u00f1\u00edas m\u00e1s que cuando la crisis sanitaria hab\u00eda obligado al cierre de 17.281 unidades productivas, seg\u00fan datos surgidos de la Superintendencia de Riesgo del trabajo (SRT)&#8221;.<\/p>\n\n\n\n<p class=\"wp-block-paragraph\">Fuente:<a href=\"https:\/\/www.perfil.com\/\"> Perfil.com<\/a><\/p>","protected":false},"excerpt":{"rendered":"<p>Marcos Ayerra, quien se desempe\u00f1aba hasta ayer como secretario&nbsp;PyME&nbsp;present\u00f3 su&nbsp;renuncia &#8220;por motivos personales&#8221;&nbsp;y circulan versiones de que&nbsp;el Gobierno avanzar\u00eda con el cierre de la Secretar\u00eda PYME (SEPYME) en los pr\u00f3ximos d\u00edas, situaci\u00f3n que enciende las alertas de las c\u00e1maras empresarias que nuclean a las peque\u00f1as y medianas empresas de todo el pa\u00eds. Por caso,&nbsp;Daniel Rosato, [&hellip;]<\/p>\n","protected":false},"author":9,"featured_media":123125,"comment_status":"open","ping_status":"open","sticky":false,"template":"","format":"standard","meta":{"site-sidebar-layout":"default","site-content-layout":"","ast-site-content-layout":"default","site-content-style":"default","site-sidebar-style":"default","ast-global-header-display":"","ast-banner-title-visibility":"","ast-main-header-display":"","ast-hfb-above-header-display":"","ast-hfb-below-header-display":"","ast-hfb-mobile-header-display":"","site-post-title":"","ast-breadcrumbs-content":"","ast-featured-img":"","footer-sml-layout":"","ast-disable-related-posts":"","theme-transparent-header-meta":"","adv-header-id-meta":"","stick-header-meta":"","header-above-stick-meta":"","header-main-stick-meta":"","header-below-stick-meta":"","astra-migrate-meta-layouts":"default","ast-page-background-enabled":"default","ast-page-background-meta":{"desktop":{"background-color":"","background-image":"","background-repeat":"repeat","background-position":"center center","background-size":"auto","background-attachment":"scroll","background-type":"","background-media":"","overlay-type":"","overlay-color":"","overlay-opacity":"","overlay-gradient":""},"tablet":{"background-color":"","background-image":"","background-repeat":"repeat","background-position":"center center","background-size":"auto","background-attachment":"scroll","background-type":"","background-media":"","overlay-type":"","overlay-color":"","overlay-opacity":"","overlay-gradient":""},"mobile":{"background-color":"","background-image":"","background-repeat":"repeat","background-position":"center center","background-size":"auto","background-attachment":"scroll","background-type":"","background-media":"","overlay-type":"","overlay-color":"","overlay-opacity":"","overlay-gradient":""}},"ast-content-background-meta":{"desktop":{"background-color":"var(--ast-global-color-5)","background-image":"","background-repeat":"repeat","background-position":"center center","background-size":"auto","background-attachment":"scroll","background-type":"","background-media":"","overlay-type":"","overlay-color":"","overlay-opacity":"","overlay-gradient":""},"tablet":{"background-color":"var(--ast-global-color-5)","background-image":"","background-repeat":"repeat","background-position":"center center","background-size":"auto","background-attachment":"scroll","background-type":"","background-media":"","overlay-type":"","overlay-color":"","overlay-opacity":"","overlay-gradient":""},"mobile":{"background-color":"var(--ast-global-color-5)","background-image":"","background-repeat":"repeat","background-position":"center center","background-size":"auto","background-attachment":"scroll","background-type":"","background-media":"","overlay-type":"","overlay-color":"","overlay-opacity":"","overlay-gradient":""}},"footnotes":""},"categories":[25],"tags":[],"class_list":["post-123124","post","type-post","status-publish","format-standard","has-post-thumbnail","hentry","category-destacado"],"spectra_blocks_featured_image_url":{"thumbnail":{"url":"https:\/\/100xd.com.ar\/wp-content\/uploads\/2025\/08\/obrero-150x150.webp","width":150,"height":150},"medium":{"url":"https:\/\/100xd.com.ar\/wp-content\/uploads\/2025\/08\/obrero-300x169.webp","width":300,"height":169},"medium_large":{"url":"https:\/\/100xd.com.ar\/wp-content\/uploads\/2025\/08\/obrero-768x432.webp","width":768,"height":432},"large":{"url":"https:\/\/100xd.com.ar\/wp-content\/uploads\/2025\/08\/obrero.webp","width":987,"height":555},"full":{"url":"https:\/\/100xd.com.ar\/wp-content\/uploads\/2025\/08\/obrero.webp","width":987,"height":555}},"spectra_blocks_author_info":{"display_name":"Jorge Alfredo Baret","avatar_url":"https:\/\/secure.gravatar.com\/avatar\/31696f5ca83439b642450ec7d3f82f98451a5efacb414343d5478c982b337f26?s=96&d=mm&r=g","author_link":"https:\/\/100xd.com.ar\/es\/author\/jorge\/","description":"Ingeniero Qu\u00edmico UTN - Director Apoderado de Comunicaciones Auditadas SA. Editor Responsable 100xd.com.ar."},"_links":{"self":[{"href":"https:\/\/100xd.com.ar\/es\/wp-json\/wp\/v2\/posts\/123124","targetHints":{"allow":["GET"]}}],"collection":[{"href":"https:\/\/100xd.com.ar\/es\/wp-json\/wp\/v2\/posts"}],"about":[{"href":"https:\/\/100xd.com.ar\/es\/wp-json\/wp\/v2\/types\/post"}],"author":[{"embeddable":true,"href":"https:\/\/100xd.com.ar\/es\/wp-json\/wp\/v2\/users\/9"}],"replies":[{"embeddable":true,"href":"https:\/\/100xd.com.ar\/es\/wp-json\/wp\/v2\/comments?post=123124"}],"version-history":[{"count":1,"href":"https:\/\/100xd.com.ar\/es\/wp-json\/wp\/v2\/posts\/123124\/revisions"}],"predecessor-version":[{"id":123126,"href":"https:\/\/100xd.com.ar\/es\/wp-json\/wp\/v2\/posts\/123124\/revisions\/123126"}],"wp:featuredmedia":[{"embeddable":true,"href":"https:\/\/100xd.com.ar\/es\/wp-json\/wp\/v2\/media\/123125"}],"wp:attachment":[{"href":"https:\/\/100xd.com.ar\/es\/wp-json\/wp\/v2\/media?parent=123124"}],"wp:term":[{"taxonomy":"category","embeddable":true,"href":"https:\/\/100xd.com.ar\/es\/wp-json\/wp\/v2\/categories?post=123124"},{"taxonomy":"post_tag","embeddable":true,"href":"https:\/\/100xd.com.ar\/es\/wp-json\/wp\/v2\/tags?post=123124"}],"curies":[{"name":"wp","href":"https:\/\/api.w.org\/{rel}","templated":true}]}}