{"id":121923,"date":"2025-07-08T12:09:31","date_gmt":"2025-07-08T15:09:31","guid":{"rendered":"https:\/\/100xd.com.ar\/?p=121923"},"modified":"2025-07-08T12:09:31","modified_gmt":"2025-07-08T15:09:31","slug":"los-decretos-que-tenemos-que-revisar-son-700-mil-hay-mucho-trabajo-por-delante-adelanto-sturzenegger-tras-la-finalizacion-de-las-facultades-delegadas","status":"publish","type":"post","link":"https:\/\/100xd.com.ar\/es\/los-decretos-que-tenemos-que-revisar-son-700-mil-hay-mucho-trabajo-por-delante-adelanto-sturzenegger-tras-la-finalizacion-de-las-facultades-delegadas\/","title":{"rendered":"\u201cLos decretos que tenemos que revisar son 700 mil, hay mucho trabajo por delante\u201d, adelant\u00f3 Sturzenegger tras la finalizaci\u00f3n de las facultades delegadas"},"content":{"rendered":"<p class=\"wp-block-paragraph\">El ministro de Desregulaci\u00f3n y Transformaci\u00f3n del Estado,&nbsp;<strong>Federico Sturzenegger<\/strong>, analiz\u00f3 el cierre del per\u00edodo de vigencia de las facultades delegadas al Poder Ejecutivo, repas\u00f3 los principales ejes de la transformaci\u00f3n estatal impulsada en el \u00faltimo a\u00f1o y adelant\u00f3 los desaf\u00edos que enfrenta el gobierno tras el fin de estas atribuciones especiales.<a href=\"https:\/\/www.infobae.com\/politica\/2025\/07\/08\/fin-de-las-facultades-delegadas-los-proximos-pasos-de-milei-presion-de-la-oposicion-y-los-desafios-del-gobierno\/\" target=\"_blank\" rel=\"noreferrer noopener\">Te puede interesar:<strong>Fin de las facultades delegadas: los pr\u00f3ximos pasos de Milei, presi\u00f3n de la oposici\u00f3n y los desaf\u00edos del Gobierno<\/strong><\/a><\/p>\n\n\n\n<p class=\"wp-block-paragraph\">En comunicaci\u00f3n con&nbsp;<em>Radio Mitre,&nbsp;<\/em>Sturzenegger describi\u00f3 el fin de las facultades delegadas como una etapa acotada dentro de un proceso m\u00e1s amplio de transformaci\u00f3n estatal. Y defini\u00f3: \u201cLo que hac\u00edamos con facultades delegadas era el 5% de lo que hac\u00edamos.&nbsp;<strong>Las facultades delegadas es sobre un universo de unas 2 mil leyes y los decretos que tenemos que revisar son 700 mil\u201d.<\/strong><img loading=\"lazy\" decoding=\"async\" alt=\"Federico Sturzenegger, ministro de Desregulaci\u00f3n\" height=\"2951\" src=\"https:\/\/www.infobae.com\/resizer\/v2\/WSYSXITIAFEO5PZBEZBSBKSHVE.jpg?auth=450a77427b13debcac6a5f330d8dad0b04025d0e949b85c5632b0b14264ec0ab&amp;smart=true&amp;width=350&amp;height=233&amp;quality=85\" width=\"4427\" title=\"\u201cLos decretos que tenemos que revisar son 700 mil, hay mucho trabajo por delante\u201d, adelant\u00f3 Sturzenegger tras la finalizaci\u00f3n de las facultades delegadas\">Federico Sturzenegger, ministro de Desregulaci\u00f3n y Transformaci\u00f3n del Estado. (Fotograf\u00eda: REUTERS\/Elizabeth Frantz)https:\/\/4541be455cf1bfb8608ede44c3b95fb5.safeframe.googlesyndication.com\/safeframe\/1-0-45\/html\/container.html<\/p>\n\n\n\n<p class=\"wp-block-paragraph\">Tambi\u00e9n explic\u00f3 que el reciente anuncio sobre la reestructuraci\u00f3n de Vialidad Nacional incluye su divisi\u00f3n en tres \u00e1reas para \u201ccorregir el problema estructural que tiene, que era un organismo que se controlaba a s\u00ed mismo\u201d, en referencia a la causa judicial sobre los hechos de corrupci\u00f3n en esa instituci\u00f3n.<a href=\"https:\/\/www.infobae.com\/economia\/2025\/07\/08\/la-lista-completa-de-la-motosierra-cuales-son-los-100-organismos-publicos-cerrados-o-modificados-durante-el-gobierno-de-milei\/\" target=\"_blank\" rel=\"noreferrer noopener\">Te puede interesar:<strong>La lista completa de la motosierra: cu\u00e1les son los 100 organismos p\u00fablicos cerrados o modificados durante el Gobierno de Milei<\/strong><\/a><\/p>\n\n\n\n<p class=\"wp-block-paragraph\">Y anticip\u00f3 que el presidente Javier Milei considera que, a partir del 10 de diciembre, comienza una nueva etapa en la relaci\u00f3n con el Congreso y en la agenda de reformas: \u201cSi el Congreso apoya estas pol\u00edticas, entonces podremos tener un Congreso m\u00e1s cercano.&nbsp;<strong>Y ah\u00ed es el momento para volver a cometer una agenda de reformas de otro tipo<\/strong>, que son las que estaban en el Pacto de Mayo. Hay mucho trabajo por delante y hay que preparar eso\u201d.<\/p>\n\n\n\n<h2 class=\"wp-block-heading\">Inicios y argumentos<\/h2>\n\n\n\n<figure class=\"wp-block-embed\"><div class=\"wp-block-embed__wrapper\">\nhttps:\/\/4541be455cf1bfb8608ede44c3b95fb5.safeframe.googlesyndication.com\/safeframe\/1-0-45\/html\/container.html\n<\/div><\/figure>\n\n\n\n<p class=\"wp-block-paragraph\">El ministro se refiri\u00f3 al proceso iniciado hace un a\u00f1o y defini\u00f3 sus etapas como parte de una estrategia para desarticular estructuras que, seg\u00fan su visi\u00f3n, representaban un uso pol\u00edtico del Estado.&nbsp;<strong>\u201cEmpez\u00f3 con un emblema, que era el INADI, el emblema del uso pol\u00edtico del Estado, un aguantadero de la casta. Y termina con la disoluci\u00f3n de Vialidad Nacional, que es el emblema de la corrupci\u00f3n kirchnerista\u201d<\/strong>, afirm\u00f3.<a href=\"https:\/\/www.infobae.com\/politica\/2025\/07\/08\/transformaron-el-inti-y-el-inta-y-disolvieron-el-instituto-que-regula-la-industria-de-la-cannabis-medicinal\/\" target=\"_blank\" rel=\"noreferrer noopener\">Te puede interesar:<strong>Transformaron el INTI y el INTA y disolvieron el instituto que regula la industria de la cannabis medicinal<\/strong><\/a><\/p>\n\n\n\n<p class=\"wp-block-paragraph\">Y se\u00f1al\u00f3 que, entre estos extremos, se concretaron m\u00e1s de cien medidas. \u201cSon 101 medidas que ayer las fuimos comunicando, que nos permiten hacer una profunda transformaci\u00f3n del Estado&nbsp;<strong>y en conjunto ahorrar unos 2 mil millones de d\u00f3lares,<\/strong>&nbsp;que es dinero que le devolvemos a los contribuyentes\u201d, sostuvo Sturzenegger.<img loading=\"lazy\" decoding=\"async\" alt=\"&quot;Las facultades delegadas terminan con\" height=\"900\" src=\"https:\/\/www.infobae.com\/resizer\/v2\/OK2RC6F34JCH7MACLSSBOR5JC4.jpeg?auth=f07fa9cd50fb93adf7330c8caa748948b4eac89f131aca631f1bd18260c35f64&amp;smart=true&amp;width=350&amp;height=197&amp;quality=85\" width=\"1600\" title=\"\u201cLos decretos que tenemos que revisar son 700 mil, hay mucho trabajo por delante\u201d, adelant\u00f3 Sturzenegger tras la finalizaci\u00f3n de las facultades delegadas\">&#8220;Las facultades delegadas terminan con la disoluci\u00f3n de Vialidad Nacional, que es el emblema de la corrupci\u00f3n kirchnerista&#8221;, defini\u00f3 Sturzenegger.<\/p>\n\n\n\n<p class=\"wp-block-paragraph\">En cuanto a la utilizaci\u00f3n de las facultades delegadas, explic\u00f3 que \u201ces un atributo que da la Constituci\u00f3n en su art\u00edculo 76\u201d, y remarc\u00f3 su car\u00e1cter temporal y acotado a materias espec\u00edficas. Luego repas\u00f3 antecedentes de otros gobiernos que recurrieron a estas herramientas, incluyendo los del kirchnerismo y Mauricio Macri. Y contrast\u00f3 la postura del actual Ejecutivo: \u201cNosotros hemos sido diferentes.<strong>&nbsp;Javier pidi\u00f3 las facultades delegadas no para gobernar con ellas y sin que el Congreso no sea un elemento de control, sino para acelerar un programa de reformas que ya ten\u00eda en la cabeza\u201d.<\/strong><\/p>\n\n\n\n<p class=\"wp-block-paragraph\">El ministro tambi\u00e9n cuestion\u00f3 el rol del kirchnerismo en la ampliaci\u00f3n de estructuras estatales:&nbsp;<strong>\u201cEl kirchnerismo creci\u00f3 al Estado con el concepto de armar cajas para garronear los recursos de todos nosotros.<\/strong>&nbsp;Es como un robo legal, montaron una estructura legal que les permiti\u00f3 apropiarse de los recursos de todos\u201d.<\/p>\n\n\n\n<h2 class=\"wp-block-heading\">El manejo de fondos fiduciarios y organismos descentralizados<\/h2>\n\n\n\n<p class=\"wp-block-paragraph\">Por otro lado, Sturzenegger hizo hincapi\u00e9 en el uso de los fondos fiduciarios como mecanismo para distribuir recursos y critic\u00f3 severamente su administraci\u00f3n anterior. Al llegar al gobierno, relat\u00f3 un caso puntual vinculado al Fondo Nacional del Manejo del Fuego y los incendios en Chubut: \u201cEn ese entonces, Guillermo Francos (Jefe de Gabinete de la Naci\u00f3n) dijo que vayamos al Fondo Fiduciario del Fuego para que contratemos los aviones hidrantes y, cuando fueron,&nbsp;<strong>no hab\u00eda quedado un sope. El kirchnerismo lo hab\u00eda gastado todo en sueldos para gente de T\u00e9lam\u201d.<\/strong><\/p>\n\n\n\n<p class=\"wp-block-paragraph\">El ministro afirm\u00f3 que todos los fondos analizados presentaron irregularidades de manejo: \u201cNo encontramos un solo fondo que no hubiera sido saqueado\u201d. Es por eso que destac\u00f3 el rol de dos funcionarios del Ministerio de Econom\u00eda,&nbsp;<strong>Carlos Guberman<\/strong>&nbsp;y&nbsp;<strong>Jos\u00e9 Garc\u00eda Hamilton<\/strong>, quienes se valieron del art\u00edculo 5 de la Ley Bases para promover el cierre de estos instrumentos y avanzar hacia una mayor transparencia en la gesti\u00f3n estatal.<img loading=\"lazy\" decoding=\"async\" alt=\"El ministro denunci\u00f3 que el\" height=\"1280\" src=\"https:\/\/www.infobae.com\/resizer\/v2\/YI3UZZUFEZHHXM6SMBAACJCPTI.jpg?auth=8006e025c38e8eb92eab031b80a906d39b5181d5232d3eb1f5f25e785db79799&amp;smart=true&amp;width=350&amp;height=233&amp;quality=85\" width=\"1920\" title=\"\u201cLos decretos que tenemos que revisar son 700 mil, hay mucho trabajo por delante\u201d, adelant\u00f3 Sturzenegger tras la finalizaci\u00f3n de las facultades delegadas\">El ministro denunci\u00f3 que el dinero del Fondo Nacional del Manejo del Fuego se utilizaron para pagar sueldos en T\u00e9lam. (Fotograf\u00eda: Incendios en Epuyen \u00a9 Matias Garay Greenpeace 06).<\/p>\n\n\n\n<p class=\"wp-block-paragraph\">Respecto a los organismos descentralizados, Sturzenegger describi\u00f3 su tendencia a la autofinanciaci\u00f3n que, a su juicio, incentiva pr\u00e1cticas burocr\u00e1ticas: \u201cEstos instrumentos duplican la estructura burocr\u00e1tica.&nbsp;<strong>Y lo m\u00e1s problem\u00e1tico es que tiene un incentivo a inflar los tr\u00e1mites porque para buscar el autofinanciamiento te cobran.&nbsp;<\/strong>Algunos te cobran un certificado y, en vez de ponerlo en la web, te obligaban a ir a retirarlo y te cobraban los duplicados y triplicados\u201d.<\/p>\n\n\n\n<p class=\"wp-block-paragraph\">El ministro sostuvo que cada tr\u00e1mite estatal puede representar una dificultad inesperada para los ciudadanos y, en ocasiones, para las empresas:&nbsp;<strong>\u201cMucho menos es el riesgo del mercado de afrontar la competencia que enfrentar al Estado\u201d.<\/strong><\/p>\n\n\n\n<p class=\"wp-block-paragraph\">Sobre la reacci\u00f3n empresaria frente a la burocracia, consider\u00f3: \u201cEs cierto que muchas veces estas burocracias operan como una restricci\u00f3n a la competencia.&nbsp;<strong>La regulaci\u00f3n es antiPyMe\u201d.<\/strong><\/p>\n\n\n\n<h2 class=\"wp-block-heading\">\u201cLa crueldad es un Estado grande\u201d<\/h2>\n\n\n\n<p class=\"wp-block-paragraph\">Consultado por las cr\u00edticas al ajuste, Sturzenegger enfatiz\u00f3 su visi\u00f3n sobre el impacto de una estructura estatal sobredimensionada:&nbsp;<strong>\u201cLa crueldad es un Estado grande, que financia \u00f1oquis, usa el poder autoritario del Estado para ordenar que te paguen por algo que lo van a usar para ellos mismos.<\/strong>&nbsp;El Estado grande es el ajuste porque el Estado grande es la obligaci\u00f3n del individuo de pagar ese Estado Grande\u201d.<\/p>\n\n\n\n<p class=\"wp-block-paragraph\">Asimismo, resalt\u00f3 que el malestar social por la presi\u00f3n tributaria fue uno de los impulsores de las demandas de cambio:&nbsp;<strong>\u201cLa gente est\u00e1 podrida de pagar tantos a\u00f1os por un Estado que no le da nada\u201d.<\/strong><\/p>\n\n\n\n<p class=\"wp-block-paragraph\">En el mismo sentido y como consecuencia, remarc\u00f3 la emigraci\u00f3n de argentinos en la \u00faltima d\u00e9cada: \u201cEn los \u00faltimos 10 a\u00f1os, hasta 2023, se fueron 2 millones y medios de argentinos. Se fueron los j\u00f3venes, los hijos de la clase media y los hijos de los ricos.&nbsp;<strong>La sociedad dijo: \u2018O hay un cambio dr\u00e1stico o visitamos a nuestros nietos por Zoom\u2019\u201d.<\/strong><\/p>\n\n\n\n<h2 class=\"wp-block-heading\">F\u00fatbol, Ley de Tr\u00e1nsito y la industria del juicio laboral<\/h2>\n\n\n\n<p class=\"wp-block-paragraph\">Al ser consultado sobre el f\u00fatbol, Sturzenegger asegur\u00f3 que la mayor\u00eda de los clubes respaldan la posibilidad de atraer capital privado siempre que los socios lo aprueben.<\/p>\n\n\n\n<p class=\"wp-block-paragraph\">En este punto, critic\u00f3 las figuras del expresidente,&nbsp;<strong>Eduardo Duhalde<\/strong>, y el exministro de Econom\u00eda,&nbsp;<strong>Sergio Massa<\/strong>, por haber creado una figura fiscal especial para el sector, que paga&nbsp;<strong>\u201cmenos impuestos de los que deber\u00eda\u201d.<\/strong><\/p>\n\n\n\n<p class=\"wp-block-paragraph\">Sobre el proceso de reformas en el Registro Nacional de la Propiedad Automotor, el ministro reconoci\u00f3 avances y dificultades: \u201cAlgunas han avanzado, pero en otros tambi\u00e9n nos cuesta arrancarlas. No hay resistencia, hay que poner los sistemas a funcionar y nos est\u00e1 costando un poquito m\u00e1s hacerlo\u201d.<\/p>\n\n\n\n<p class=\"wp-block-paragraph\">Adem\u00e1s, abord\u00f3 la reciente reglamentaci\u00f3n del c\u00f3digo de tr\u00e1nsito, que permite a cualquier concesionario realizar la verificaci\u00f3n t\u00e9cnica vehicular: \u201cEl esquema anterior era que los gobiernos solicitaban a alguien para que diera el servicio y eso en ning\u00fan lugar del mundo es as\u00ed.&nbsp;<strong>En la reglamentaci\u00f3n que hicimos de la ley de tr\u00e1nsito que hicimos es que cualquier concesionario est\u00e1 habilitado para hacer la revisi\u00f3n t\u00e9cnica obligatoria\u201d.<\/strong><\/p>\n\n\n\n<p class=\"wp-block-paragraph\">Respecto a la adhesi\u00f3n de las provincias a esta normativa, indic\u00f3 que la misma otorga flexibilidad para que estas elijan el grado de aplicaci\u00f3n.&nbsp;<strong>\u201cLas provincias adhieren, pero no a ese tramo; y en nuestra campa\u00f1a electoral ser\u00e1 nuestro caballito de batalla.&nbsp;<\/strong>Somos de un espacio pol\u00edtico que tenemos como centro a la gente y pensamos en c\u00f3mo resolverle sus problemas y hacerle la vida m\u00e1s f\u00e1cil. Y nuestra propuesta en la provincia ser\u00e1 esa, de bajar el gasto para bajar los impuestos\u201d.<\/p>\n\n\n\n<p class=\"wp-block-paragraph\">Por \u00faltimo, y en relaci\u00f3n con las leyes laborales, Sturzenegger subray\u00f3 que la reciente reforma incluy\u00f3 una cl\u00e1usula que otorga libertad a trabajadores y empresas para acordar los mecanismos de indemnizaci\u00f3n en los convenios colectivos, aunque hasta el momento ning\u00fan sector avanz\u00f3 con su implementaci\u00f3n.<\/p>\n\n\n\n<p class=\"wp-block-paragraph\">Es por eso que indic\u00f3 que algunas organizaciones gremiales y empresarias exploran alternativas que buscan reducir el costo del litigio: \u201cLas empresas y a los gremios les interesa.\u00a0<strong>Hay varios grupos empresarios que est\u00e1n pronto a sacarlos, como el sector rural, el gremio de los empleados de seguridad y gastron\u00f3micos.\u00a0<\/strong>Vamos a tener novedades muy pronto\u201d.<\/p>\n\n\n\n<p class=\"wp-block-paragraph\">uente:<a href=\"https:\/\/www.infobae.com\/\"> Infobae.com<\/a><\/p>","protected":false},"excerpt":{"rendered":"<p>El ministro de Desregulaci\u00f3n y Transformaci\u00f3n del Estado,&nbsp;Federico Sturzenegger, analiz\u00f3 el cierre del per\u00edodo de vigencia de las facultades delegadas al Poder Ejecutivo, repas\u00f3 los principales ejes de la transformaci\u00f3n estatal impulsada en el \u00faltimo a\u00f1o y adelant\u00f3 los desaf\u00edos que enfrenta el gobierno tras el fin de estas atribuciones especiales.Te puede interesar:Fin de las [&hellip;]<\/p>\n","protected":false},"author":9,"featured_media":121924,"comment_status":"open","ping_status":"open","sticky":false,"template":"","format":"standard","meta":{"site-sidebar-layout":"default","site-content-layout":"","ast-site-content-layout":"default","site-content-style":"default","site-sidebar-style":"default","ast-global-header-display":"","ast-banner-title-visibility":"","ast-main-header-display":"","ast-hfb-above-header-display":"","ast-hfb-below-header-display":"","ast-hfb-mobile-header-display":"","site-post-title":"","ast-breadcrumbs-content":"","ast-featured-img":"","footer-sml-layout":"","ast-disable-related-posts":"","theme-transparent-header-meta":"","adv-header-id-meta":"","stick-header-meta":"","header-above-stick-meta":"","header-main-stick-meta":"","header-below-stick-meta":"","astra-migrate-meta-layouts":"default","ast-page-background-enabled":"default","ast-page-background-meta":{"desktop":{"background-color":"","background-image":"","background-repeat":"repeat","background-position":"center center","background-size":"auto","background-attachment":"scroll","background-type":"","background-media":"","overlay-type":"","overlay-color":"","overlay-opacity":"","overlay-gradient":""},"tablet":{"background-color":"","background-image":"","background-repeat":"repeat","background-position":"center center","background-size":"auto","background-attachment":"scroll","background-type":"","background-media":"","overlay-type":"","overlay-color":"","overlay-opacity":"","overlay-gradient":""},"mobile":{"background-color":"","background-image":"","background-repeat":"repeat","background-position":"center center","background-size":"auto","background-attachment":"scroll","background-type":"","background-media":"","overlay-type":"","overlay-color":"","overlay-opacity":"","overlay-gradient":""}},"ast-content-background-meta":{"desktop":{"background-color":"var(--ast-global-color-5)","background-image":"","background-repeat":"repeat","background-position":"center center","background-size":"auto","background-attachment":"scroll","background-type":"","background-media":"","overlay-type":"","overlay-color":"","overlay-opacity":"","overlay-gradient":""},"tablet":{"background-color":"var(--ast-global-color-5)","background-image":"","background-repeat":"repeat","background-position":"center center","background-size":"auto","background-attachment":"scroll","background-type":"","background-media":"","overlay-type":"","overlay-color":"","overlay-opacity":"","overlay-gradient":""},"mobile":{"background-color":"var(--ast-global-color-5)","background-image":"","background-repeat":"repeat","background-position":"center center","background-size":"auto","background-attachment":"scroll","background-type":"","background-media":"","overlay-type":"","overlay-color":"","overlay-opacity":"","overlay-gradient":""}},"footnotes":""},"categories":[2],"tags":[],"class_list":["post-121923","post","type-post","status-publish","format-standard","has-post-thumbnail","hentry","category-politica"],"spectra_blocks_featured_image_url":{"thumbnail":{"url":"https:\/\/100xd.com.ar\/wp-content\/uploads\/2025\/07\/canos-150x150.jpg","width":150,"height":150},"medium":{"url":"https:\/\/100xd.com.ar\/wp-content\/uploads\/2025\/07\/canos-300x169.jpg","width":300,"height":169},"medium_large":{"url":"https:\/\/100xd.com.ar\/wp-content\/uploads\/2025\/07\/canos-768x432.jpg","width":768,"height":432},"large":{"url":"https:\/\/100xd.com.ar\/wp-content\/uploads\/2025\/07\/canos.jpg","width":992,"height":558},"full":{"url":"https:\/\/100xd.com.ar\/wp-content\/uploads\/2025\/07\/canos.jpg","width":992,"height":558}},"spectra_blocks_author_info":{"display_name":"Jorge Alfredo Baret","avatar_url":"https:\/\/secure.gravatar.com\/avatar\/31696f5ca83439b642450ec7d3f82f98451a5efacb414343d5478c982b337f26?s=96&d=mm&r=g","author_link":"https:\/\/100xd.com.ar\/es\/author\/jorge\/","description":"Ingeniero Qu\u00edmico UTN - Director Apoderado de Comunicaciones Auditadas SA. Editor Responsable 100xd.com.ar."},"_links":{"self":[{"href":"https:\/\/100xd.com.ar\/es\/wp-json\/wp\/v2\/posts\/121923","targetHints":{"allow":["GET"]}}],"collection":[{"href":"https:\/\/100xd.com.ar\/es\/wp-json\/wp\/v2\/posts"}],"about":[{"href":"https:\/\/100xd.com.ar\/es\/wp-json\/wp\/v2\/types\/post"}],"author":[{"embeddable":true,"href":"https:\/\/100xd.com.ar\/es\/wp-json\/wp\/v2\/users\/9"}],"replies":[{"embeddable":true,"href":"https:\/\/100xd.com.ar\/es\/wp-json\/wp\/v2\/comments?post=121923"}],"version-history":[{"count":1,"href":"https:\/\/100xd.com.ar\/es\/wp-json\/wp\/v2\/posts\/121923\/revisions"}],"predecessor-version":[{"id":121925,"href":"https:\/\/100xd.com.ar\/es\/wp-json\/wp\/v2\/posts\/121923\/revisions\/121925"}],"wp:featuredmedia":[{"embeddable":true,"href":"https:\/\/100xd.com.ar\/es\/wp-json\/wp\/v2\/media\/121924"}],"wp:attachment":[{"href":"https:\/\/100xd.com.ar\/es\/wp-json\/wp\/v2\/media?parent=121923"}],"wp:term":[{"taxonomy":"category","embeddable":true,"href":"https:\/\/100xd.com.ar\/es\/wp-json\/wp\/v2\/categories?post=121923"},{"taxonomy":"post_tag","embeddable":true,"href":"https:\/\/100xd.com.ar\/es\/wp-json\/wp\/v2\/tags?post=121923"}],"curies":[{"name":"wp","href":"https:\/\/api.w.org\/{rel}","templated":true}]}}