{"id":121673,"date":"2025-07-02T12:12:15","date_gmt":"2025-07-02T15:12:15","guid":{"rendered":"https:\/\/100xd.com.ar\/?p=121673"},"modified":"2025-07-02T12:12:15","modified_gmt":"2025-07-02T15:12:15","slug":"oficial-el-gobierno-facilito-la-importacion-particular-de-autos-0-km","status":"publish","type":"post","link":"https:\/\/100xd.com.ar\/es\/oficial-el-gobierno-facilito-la-importacion-particular-de-autos-0-km\/","title":{"rendered":"Oficial: el Gobierno facilit\u00f3 la importaci\u00f3n particular de autos 0 Km"},"content":{"rendered":"<p class=\"wp-block-paragraph\"><strong>Estados Unidos suspendi\u00f3 algunos env\u00edos de armas a Kiev, seg\u00fan inform\u00f3 la Casa Blanca, a medida que se intensifica la guerra de Rusia contra Ucrania.<\/strong><\/p>\n\n\n\n<p class=\"wp-block-paragraph\">La decisi\u00f3n se tom\u00f3 &#8220;para priorizar los intereses de Estados Unidos&#8221; tras una revisi\u00f3n del Departamento de Defensa sobre el &#8220;apoyo y la asistencia militar estadounidense a otros pa\u00edses&#8221;, declar\u00f3 el martes la portavoz de la Casa Blanca, Anna Kelly.<\/p>\n\n\n\n<p class=\"wp-block-paragraph\">Estados Unidos ha enviado decenas de miles de millones de d\u00f3lares en ayuda militar a Ucrania desde que Rusia lanz\u00f3 su invasi\u00f3n a gran escala en febrero de 2022, lo que ha llevado a algunos miembros de la administraci\u00f3n Trump a expresar preocupaci\u00f3n por la escasez de reservas estadounidenses.<\/p>\n\n\n\n<p class=\"wp-block-paragraph\">Las autoridades en Washington no informaron de inmediato qu\u00e9 env\u00edos se estaban suspendiendo.<a href=\"https:\/\/www.bbc.com\/mundo\/institucional\/2012\/06\/000000_ayuda_sobre_publicidad\">Publicidad<\/a>https:\/\/4ec0fb61e88d9e47f3ae7aaf334f3ac1.safeframe.googlesyndication.com\/safeframe\/1-0-45\/html\/container.html<\/p>\n\n\n\n<p class=\"wp-block-paragraph\">El gobierno ucraniano no ha hecho comentarios sobre el anuncio, aunque Fedir Venislavskyi, diputado del partido gobernante, afirm\u00f3 que la decisi\u00f3n era &#8220;sin duda muy desagradable para nosotros&#8221;.<a href=\"https:\/\/www.bbc.com\/mundo\/articles\/c77v6nzrvz4o#end-of-recommendations\">Saltar M\u00e1s le\u00eddas y continuar leyendo<\/a><strong>M\u00e1s le\u00eddas<\/strong><\/p>\n\n\n\n<ul class=\"wp-block-list\"><li><img decoding=\"async\" src=\"https:\/\/ichef.bbci.co.uk\/ace\/ws\/660\/cpsprodpb\/5dbc\/live\/50db35f0-56dd-11f0-9e3b-71076512fe90.jpg.webp\" srcset=\"https:\/\/ichef.bbci.co.uk\/ace\/ws\/70\/cpsprodpb\/5dbc\/live\/50db35f0-56dd-11f0-9e3b-71076512fe90.jpg.webp 70w, https:\/\/ichef.bbci.co.uk\/ace\/ws\/95\/cpsprodpb\/5dbc\/live\/50db35f0-56dd-11f0-9e3b-71076512fe90.jpg.webp 95w, https:\/\/ichef.bbci.co.uk\/ace\/ws\/144\/cpsprodpb\/5dbc\/live\/50db35f0-56dd-11f0-9e3b-71076512fe90.jpg.webp 144w, https:\/\/ichef.bbci.co.uk\/ace\/ws\/183\/cpsprodpb\/5dbc\/live\/50db35f0-56dd-11f0-9e3b-71076512fe90.jpg.webp 183w, https:\/\/ichef.bbci.co.uk\/ace\/ws\/240\/cpsprodpb\/5dbc\/live\/50db35f0-56dd-11f0-9e3b-71076512fe90.jpg.webp 240w, https:\/\/ichef.bbci.co.uk\/ace\/ws\/320\/cpsprodpb\/5dbc\/live\/50db35f0-56dd-11f0-9e3b-71076512fe90.jpg.webp 320w, https:\/\/ichef.bbci.co.uk\/ace\/ws\/660\/cpsprodpb\/5dbc\/live\/50db35f0-56dd-11f0-9e3b-71076512fe90.jpg.webp 660w\" alt=\"Boeing 787 Dreamliner atraviesa el cielo \" title=\"Oficial: el Gobierno facilit\u00f3 la importaci\u00f3n particular de autos 0 Km\"><a href=\"https:\/\/www.bbc.com\/mundo\/articles\/cd0vvrk24zdo\">Accidente de Air India: el 787 Dreamliner de Boeing se consideraba el avi\u00f3n m\u00e1s seguro, pero personas dentro de la empresa ten\u00edan serias dudas<\/a><\/li><li><img decoding=\"async\" src=\"https:\/\/ichef.bbci.co.uk\/ace\/ws\/660\/cpsprodpb\/5d57\/live\/fd404020-4179-11f0-a5f7-65fc5ced6ff3.jpg.webp\" srcset=\"https:\/\/ichef.bbci.co.uk\/ace\/ws\/70\/cpsprodpb\/5d57\/live\/fd404020-4179-11f0-a5f7-65fc5ced6ff3.jpg.webp 70w, https:\/\/ichef.bbci.co.uk\/ace\/ws\/95\/cpsprodpb\/5d57\/live\/fd404020-4179-11f0-a5f7-65fc5ced6ff3.jpg.webp 95w, https:\/\/ichef.bbci.co.uk\/ace\/ws\/144\/cpsprodpb\/5d57\/live\/fd404020-4179-11f0-a5f7-65fc5ced6ff3.jpg.webp 144w, https:\/\/ichef.bbci.co.uk\/ace\/ws\/183\/cpsprodpb\/5d57\/live\/fd404020-4179-11f0-a5f7-65fc5ced6ff3.jpg.webp 183w, https:\/\/ichef.bbci.co.uk\/ace\/ws\/240\/cpsprodpb\/5d57\/live\/fd404020-4179-11f0-a5f7-65fc5ced6ff3.jpg.webp 240w, https:\/\/ichef.bbci.co.uk\/ace\/ws\/320\/cpsprodpb\/5d57\/live\/fd404020-4179-11f0-a5f7-65fc5ced6ff3.jpg.webp 320w, https:\/\/ichef.bbci.co.uk\/ace\/ws\/660\/cpsprodpb\/5d57\/live\/fd404020-4179-11f0-a5f7-65fc5ced6ff3.jpg.webp 660w\" alt=\"Manifestantes gritan y muestran un cartel con el mensaje &quot;derecho a techo a un justo precio&quot; en una protesta contra el coste de la vivienda en Madrid. \" title=\"Oficial: el Gobierno facilit\u00f3 la importaci\u00f3n particular de autos 0 Km\"><a href=\"https:\/\/www.bbc.com\/mundo\/articles\/cp8ypnz6m6ko\">Por qu\u00e9 los grandes fondos de inversi\u00f3n de EE.UU. apostaron por comprar casas en Espa\u00f1a y qu\u00e9 papel tienen en la crisis de vivienda<\/a><\/li><li><img decoding=\"async\" src=\"https:\/\/ichef.bbci.co.uk\/ace\/ws\/660\/cpsprodpb\/fe2a\/live\/5441c820-55ee-11f0-806a-f9fca29aabf3.jpg.webp\" srcset=\"https:\/\/ichef.bbci.co.uk\/ace\/ws\/70\/cpsprodpb\/fe2a\/live\/5441c820-55ee-11f0-806a-f9fca29aabf3.jpg.webp 70w, https:\/\/ichef.bbci.co.uk\/ace\/ws\/95\/cpsprodpb\/fe2a\/live\/5441c820-55ee-11f0-806a-f9fca29aabf3.jpg.webp 95w, https:\/\/ichef.bbci.co.uk\/ace\/ws\/144\/cpsprodpb\/fe2a\/live\/5441c820-55ee-11f0-806a-f9fca29aabf3.jpg.webp 144w, https:\/\/ichef.bbci.co.uk\/ace\/ws\/183\/cpsprodpb\/fe2a\/live\/5441c820-55ee-11f0-806a-f9fca29aabf3.jpg.webp 183w, https:\/\/ichef.bbci.co.uk\/ace\/ws\/240\/cpsprodpb\/fe2a\/live\/5441c820-55ee-11f0-806a-f9fca29aabf3.jpg.webp 240w, https:\/\/ichef.bbci.co.uk\/ace\/ws\/320\/cpsprodpb\/fe2a\/live\/5441c820-55ee-11f0-806a-f9fca29aabf3.jpg.webp 320w, https:\/\/ichef.bbci.co.uk\/ace\/ws\/660\/cpsprodpb\/fe2a\/live\/5441c820-55ee-11f0-806a-f9fca29aabf3.jpg.webp 660w\" alt=\"El crucero Disney Dream visto desde el agua.  \" title=\"Oficial: el Gobierno facilit\u00f3 la importaci\u00f3n particular de autos 0 Km\"><a href=\"https:\/\/www.bbc.com\/mundo\/articles\/cpd115np7jno\">El padre que salt\u00f3 de un crucero de Disney para salvar a su hija que hab\u00eda ca\u00eddo al mar<\/a><\/li><li><img decoding=\"async\" src=\"https:\/\/ichef.bbci.co.uk\/ace\/ws\/660\/cpsprodpb\/efc0\/live\/cf6a7a40-4b64-11f0-9a0b-27ba8ae87ef8.jpg.webp\" srcset=\"https:\/\/ichef.bbci.co.uk\/ace\/ws\/70\/cpsprodpb\/efc0\/live\/cf6a7a40-4b64-11f0-9a0b-27ba8ae87ef8.jpg.webp 70w, https:\/\/ichef.bbci.co.uk\/ace\/ws\/95\/cpsprodpb\/efc0\/live\/cf6a7a40-4b64-11f0-9a0b-27ba8ae87ef8.jpg.webp 95w, https:\/\/ichef.bbci.co.uk\/ace\/ws\/144\/cpsprodpb\/efc0\/live\/cf6a7a40-4b64-11f0-9a0b-27ba8ae87ef8.jpg.webp 144w, https:\/\/ichef.bbci.co.uk\/ace\/ws\/183\/cpsprodpb\/efc0\/live\/cf6a7a40-4b64-11f0-9a0b-27ba8ae87ef8.jpg.webp 183w, https:\/\/ichef.bbci.co.uk\/ace\/ws\/240\/cpsprodpb\/efc0\/live\/cf6a7a40-4b64-11f0-9a0b-27ba8ae87ef8.jpg.webp 240w, https:\/\/ichef.bbci.co.uk\/ace\/ws\/320\/cpsprodpb\/efc0\/live\/cf6a7a40-4b64-11f0-9a0b-27ba8ae87ef8.jpg.webp 320w, https:\/\/ichef.bbci.co.uk\/ace\/ws\/660\/cpsprodpb\/efc0\/live\/cf6a7a40-4b64-11f0-9a0b-27ba8ae87ef8.jpg.webp 660w\" alt=\"Foto gen\u00e9rica de un cargamento de coca\u00edna decomisado en Europa con el sello Piel Roja en uno de los bloques.\" title=\"Oficial: el Gobierno facilit\u00f3 la importaci\u00f3n particular de autos 0 Km\"><a href=\"https:\/\/www.bbc.com\/mundo\/articles\/cq547xn91nno\">La carrera tecnol\u00f3gica de los narcos en Colombia para que el negocio de la coca\u00edna sea m\u00e1s rentable<\/a><\/li><\/ul>\n\n\n\n<p class=\"wp-block-paragraph\" id=\"end-of-recommendations\">Final de M\u00e1s le\u00eddas<\/p>\n\n\n\n<p class=\"wp-block-paragraph\">&#8220;Es doloroso, y en el contexto de los ataques terroristas que Rusia comete contra Ucrania&#8230; es una situaci\u00f3n muy desagradable&#8221;, declar\u00f3 Veinslavskyi a la agencia de noticias Reuters.<\/p>\n\n\n\n<p class=\"wp-block-paragraph\">Entre las armas afectadas se encuentran misiles de defensa a\u00e9rea y municiones de precisi\u00f3n, de acuerdo a la agencia de noticias Reuters. Funcionarios estadounidenses informaron a medios locales que la pausa afect\u00f3 las entregas de misiles de defensa a\u00e9rea Patriot, municiones de artiller\u00eda de precisi\u00f3n y otros sistemas de misiles utilizados por Ucrania.<\/p>\n\n\n\n<p class=\"wp-block-paragraph\">La decisi\u00f3n llega en un momento dif\u00edcil para Ucrania, que afirm\u00f3 haber sufrido su mayor ataque a\u00e9reo desde el inicio de la invasi\u00f3n rusa a gran escala el fin de semana, con m\u00e1s de 500 drones y misiles bal\u00edsticos y de crucero.<\/p>\n\n\n\n<figure data-spectra-id=\"spectra-a574ee9b-4483-44f0-9b0a-628b13444784\" class=\"wp-block-image\"><img decoding=\"async\" src=\"https:\/\/ichef.bbci.co.uk\/ace\/ws\/640\/cpsprodpb\/1c73\/live\/244a55e0-5735-11f0-b5c5-012c5796682d.jpg.webp\" alt=\"Soldados ucranianos en el frente de guerra\" title=\"Oficial: el Gobierno facilit\u00f3 la importaci\u00f3n particular de autos 0 Km\" \/><figcaption>Pie de foto,Funcionarios estadounidenses informaron a medios locales que la pausa afect\u00f3 las entregas de misiles de defensa a\u00e9rea Patriot, municiones de artiller\u00eda de precisi\u00f3n y otros sistemas de misiles utilizados por Ucrania.<\/figcaption><\/figure>\n\n\n\n<p class=\"wp-block-paragraph\">La medida del Pent\u00e1gono se basa en la preocupaci\u00f3n de que las reservas militares estadounidenses est\u00e1n disminuyendo demasiado, seg\u00fan declar\u00f3 un funcionario a CBS News, aunque Anna Kelly enfatiz\u00f3 que &#8220;el poder de las Fuerzas Armadas de Estados Unidos sigue siendo incuestionable; basta con preguntarle a Ir\u00e1n&#8221;.<\/p>\n\n\n\n<p class=\"wp-block-paragraph\">Por otra parte, el subsecretario Elbridge Colby declar\u00f3 que el Departamento de Defensa &#8220;sigue ofreciendo al presidente s\u00f3lidas opciones para continuar la ayuda militar a Ucrania&#8221;.<\/p>\n\n\n\n<p class=\"wp-block-paragraph\">Sin embargo, a\u00f1adi\u00f3 que &#8220;el Departamento est\u00e1 examinando y adaptando rigurosamente su enfoque para lograr este objetivo, preservando al mismo tiempo la preparaci\u00f3n de las fuerzas estadounidenses para las prioridades de defensa de la Administraci\u00f3n&#8221;.<\/p>\n\n\n\n<h2 class=\"wp-block-heading\" id=\"Negociaciones-llamados-y-reproches\">Negociaciones, llamados y reproches<\/h2>\n\n\n\n<p class=\"wp-block-paragraph\">La pausa se produce menos de una semana despu\u00e9s de que el presidente Donald Trump hablara sobre defensas a\u00e9reas con el presidente ucraniano Volodymyr Zelensky en la cumbre de la OTAN en La Haya<\/p>\n\n\n\n<p class=\"wp-block-paragraph\">Cuando la BBC pregunt\u00f3 a Trump sobre el suministro de sistemas antimisiles Patriot adicionales a Ucrania, el mandatario afirm\u00f3 que los funcionarios estadounidenses &#8220;ver\u00e1n si podemos proporcionar algunos de ellos&#8221;.<\/p>\n\n\n\n<p class=\"wp-block-paragraph\">En referencia a su conversaci\u00f3n con Zelensky, Trump dijo: &#8220;Tuvimos momentos un poco dif\u00edciles a veces, pero \u00e9l no podr\u00eda haber sido m\u00e1s amable&#8221;.<\/p>\n\n\n\n<p class=\"wp-block-paragraph\">Ambos tuvieron un acalorado enfrentamiento en el Despacho Oval en marzo de este a\u00f1o. Posteriormente, Trump anunci\u00f3 la suspensi\u00f3n de la ayuda militar a Ucrania aprobada por la anterior administraci\u00f3n de Joe Biden. Tambi\u00e9n se suspendi\u00f3 el intercambio de inteligencia con Ucrania.<\/p>\n\n\n\n<p class=\"wp-block-paragraph\">Sin embargo, ambas medidas se levantaron posteriormente.<\/p>\n\n\n\n<p class=\"wp-block-paragraph\">A finales de abril, Estados Unidos y Ucrania firmaron un acuerdo que otorgar\u00eda a Estados Unidos acceso a las reservas minerales de Ucrania a cambio de asistencia militar.<\/p>\n\n\n\n<p class=\"wp-block-paragraph\">Mientras tanto, el presidente franc\u00e9s, Emmanuel Macron, habl\u00f3 el martes con su hom\u00f3logo ruso, Vladimir Putin, por primera vez en m\u00e1s de dos a\u00f1os y medio.<\/p>\n\n\n\n<p class=\"wp-block-paragraph\">Ambos mandatarios conversaron por tel\u00e9fono durante m\u00e1s de dos horas, seg\u00fan inform\u00f3 la oficina de Macron, a\u00f1adiendo que el presidente franc\u00e9s hab\u00eda instado a un alto el fuego en Ucrania y a iniciar conversaciones para una &#8220;soluci\u00f3n s\u00f3lida y duradera del conflicto&#8221;.<\/p>\n\n\n\n<p class=\"wp-block-paragraph\">El Kremlin afirm\u00f3 que Putin le hab\u00eda &#8220;recordado a Macron&#8221; que la pol\u00edtica de los pa\u00edses occidentales era la culpable de la guerra, ya que &#8220;durante muchos a\u00f1os hab\u00eda ignorado los intereses de seguridad de Rusia&#8221;.<\/p>\n\n\n\n<p class=\"wp-block-paragraph\">El l\u00edder ruso declar\u00f3 en junio en un foro en San Petersburgo que consideraba a rusos y ucranianos como un solo pueblo y que &#8220;en ese sentido, toda Ucrania es nuestra&#8221;.<\/p>\n\n\n\n<p class=\"wp-block-paragraph\">Mosc\u00fa controla actualmente alrededor del 20% del territorio ucraniano, incluyendo la pen\u00ednsula de Crimea, que anex\u00f3 en 2014.<\/p>\n\n\n\n<p class=\"wp-block-paragraph\">Rusia ha logrado avances lentos y contundentes en Ucrania en los \u00faltimos meses y esta semana asegur\u00f3 que tiene el control total de la regi\u00f3n oriental de Luhansk. Tambi\u00e9n afirm\u00f3 que se apoder\u00f3 de territorio en la regi\u00f3n sureste de Dnipropetrovsk.<\/p>\n\n\n\n<p class=\"wp-block-paragraph\">Mientras, un ataque ucraniano caus\u00f3 la muerte de tres personas en una f\u00e1brica rusa de armas para la fabricaci\u00f3n de drones y radares en Izhevsk, a m\u00e1s de 1.000 km de la frontera con Ucrania.<\/p>\n\n\n\n<p class=\"wp-block-paragraph\">Fuente: <a href=\"https:\/\/www.infobae.com\/pf\/resources\/images\/logo_infobae_naranja.svg?d=3327\">Infobae.com<\/a><\/p>","protected":false},"excerpt":{"rendered":"<p>Estados Unidos suspendi\u00f3 algunos env\u00edos de armas a Kiev, seg\u00fan inform\u00f3 la Casa Blanca, a medida que se intensifica la guerra de Rusia contra Ucrania. La decisi\u00f3n se tom\u00f3 &#8220;para priorizar los intereses de Estados Unidos&#8221; tras una revisi\u00f3n del Departamento de Defensa sobre el &#8220;apoyo y la asistencia militar estadounidense a otros pa\u00edses&#8221;, declar\u00f3 [&hellip;]<\/p>\n","protected":false},"author":9,"featured_media":121674,"comment_status":"open","ping_status":"open","sticky":false,"template":"","format":"standard","meta":{"site-sidebar-layout":"default","site-content-layout":"","ast-site-content-layout":"default","site-content-style":"default","site-sidebar-style":"default","ast-global-header-display":"","ast-banner-title-visibility":"","ast-main-header-display":"","ast-hfb-above-header-display":"","ast-hfb-below-header-display":"","ast-hfb-mobile-header-display":"","site-post-title":"","ast-breadcrumbs-content":"","ast-featured-img":"","footer-sml-layout":"","ast-disable-related-posts":"","theme-transparent-header-meta":"","adv-header-id-meta":"","stick-header-meta":"","header-above-stick-meta":"","header-main-stick-meta":"","header-below-stick-meta":"","astra-migrate-meta-layouts":"default","ast-page-background-enabled":"default","ast-page-background-meta":{"desktop":{"background-color":"","background-image":"","background-repeat":"repeat","background-position":"center center","background-size":"auto","background-attachment":"scroll","background-type":"","background-media":"","overlay-type":"","overlay-color":"","overlay-opacity":"","overlay-gradient":""},"tablet":{"background-color":"","background-image":"","background-repeat":"repeat","background-position":"center center","background-size":"auto","background-attachment":"scroll","background-type":"","background-media":"","overlay-type":"","overlay-color":"","overlay-opacity":"","overlay-gradient":""},"mobile":{"background-color":"","background-image":"","background-repeat":"repeat","background-position":"center center","background-size":"auto","background-attachment":"scroll","background-type":"","background-media":"","overlay-type":"","overlay-color":"","overlay-opacity":"","overlay-gradient":""}},"ast-content-background-meta":{"desktop":{"background-color":"var(--ast-global-color-5)","background-image":"","background-repeat":"repeat","background-position":"center center","background-size":"auto","background-attachment":"scroll","background-type":"","background-media":"","overlay-type":"","overlay-color":"","overlay-opacity":"","overlay-gradient":""},"tablet":{"background-color":"var(--ast-global-color-5)","background-image":"","background-repeat":"repeat","background-position":"center center","background-size":"auto","background-attachment":"scroll","background-type":"","background-media":"","overlay-type":"","overlay-color":"","overlay-opacity":"","overlay-gradient":""},"mobile":{"background-color":"var(--ast-global-color-5)","background-image":"","background-repeat":"repeat","background-position":"center center","background-size":"auto","background-attachment":"scroll","background-type":"","background-media":"","overlay-type":"","overlay-color":"","overlay-opacity":"","overlay-gradient":""}},"footnotes":""},"categories":[2],"tags":[],"class_list":["post-121673","post","type-post","status-publish","format-standard","has-post-thumbnail","hentry","category-politica"],"spectra_blocks_featured_image_url":{"thumbnail":{"url":"https:\/\/100xd.com.ar\/wp-content\/uploads\/2025\/07\/autos-150x150.jpg","width":150,"height":150},"medium":{"url":"https:\/\/100xd.com.ar\/wp-content\/uploads\/2025\/07\/autos-300x169.jpg","width":300,"height":169},"medium_large":{"url":"https:\/\/100xd.com.ar\/wp-content\/uploads\/2025\/07\/autos-768x432.jpg","width":768,"height":432},"large":{"url":"https:\/\/100xd.com.ar\/wp-content\/uploads\/2025\/07\/autos.jpg","width":992,"height":558},"full":{"url":"https:\/\/100xd.com.ar\/wp-content\/uploads\/2025\/07\/autos.jpg","width":992,"height":558}},"spectra_blocks_author_info":{"display_name":"Jorge Alfredo Baret","avatar_url":"https:\/\/secure.gravatar.com\/avatar\/31696f5ca83439b642450ec7d3f82f98451a5efacb414343d5478c982b337f26?s=96&d=mm&r=g","author_link":"https:\/\/100xd.com.ar\/es\/author\/jorge\/","description":"Ingeniero Qu\u00edmico UTN - Director Apoderado de Comunicaciones Auditadas SA. Editor Responsable 100xd.com.ar."},"_links":{"self":[{"href":"https:\/\/100xd.com.ar\/es\/wp-json\/wp\/v2\/posts\/121673","targetHints":{"allow":["GET"]}}],"collection":[{"href":"https:\/\/100xd.com.ar\/es\/wp-json\/wp\/v2\/posts"}],"about":[{"href":"https:\/\/100xd.com.ar\/es\/wp-json\/wp\/v2\/types\/post"}],"author":[{"embeddable":true,"href":"https:\/\/100xd.com.ar\/es\/wp-json\/wp\/v2\/users\/9"}],"replies":[{"embeddable":true,"href":"https:\/\/100xd.com.ar\/es\/wp-json\/wp\/v2\/comments?post=121673"}],"version-history":[{"count":1,"href":"https:\/\/100xd.com.ar\/es\/wp-json\/wp\/v2\/posts\/121673\/revisions"}],"predecessor-version":[{"id":121675,"href":"https:\/\/100xd.com.ar\/es\/wp-json\/wp\/v2\/posts\/121673\/revisions\/121675"}],"wp:featuredmedia":[{"embeddable":true,"href":"https:\/\/100xd.com.ar\/es\/wp-json\/wp\/v2\/media\/121674"}],"wp:attachment":[{"href":"https:\/\/100xd.com.ar\/es\/wp-json\/wp\/v2\/media?parent=121673"}],"wp:term":[{"taxonomy":"category","embeddable":true,"href":"https:\/\/100xd.com.ar\/es\/wp-json\/wp\/v2\/categories?post=121673"},{"taxonomy":"post_tag","embeddable":true,"href":"https:\/\/100xd.com.ar\/es\/wp-json\/wp\/v2\/tags?post=121673"}],"curies":[{"name":"wp","href":"https:\/\/api.w.org\/{rel}","templated":true}]}}