{"id":120800,"date":"2025-06-14T11:56:05","date_gmt":"2025-06-14T14:56:05","guid":{"rendered":"https:\/\/100xd.com.ar\/?p=120800"},"modified":"2025-06-14T11:56:05","modified_gmt":"2025-06-14T14:56:05","slug":"cristina-kirchner-muy-lejos-de-un-17-de-octubre","status":"publish","type":"post","link":"https:\/\/100xd.com.ar\/es\/cristina-kirchner-muy-lejos-de-un-17-de-octubre\/","title":{"rendered":"Cristina Kirchner, muy lejos de un 17 de Octubre"},"content":{"rendered":"<p class=\"wp-block-paragraph\">La expresidenta&nbsp;<strong>Cristina Kirchner<\/strong>&nbsp;ha recurrido a&nbsp;<mark>una estrategia discursiva demasiado trillada y, a estas alturas, poco efectiva<\/mark>. Su principal reacci\u00f3n ante el fallo de la&nbsp;<strong>Corte Suprema de Justicia<\/strong>, que confirm\u00f3 la sentencia que la conden\u00f3 a seis a\u00f1os de prisi\u00f3n e inhabilitaci\u00f3n perpetua para ejercer cargos p\u00fablicos por defraudar al Estado, pas\u00f3 una vez m\u00e1s por victimizarse y por considerarse objeto de una persecuci\u00f3n pol\u00edtica, judicial y medi\u00e1tica.&nbsp;<mark>La palabra m\u00e1s escuchada entre sus allegados y seguidores fue \u201cproscripci\u00f3n\u201d, pero rara vez hablaron de \u201cinocencia\u201d.<\/mark><\/p>\n\n\n\n<p class=\"wp-block-paragraph\">El eje de la defensa post condena de la exmandataria fue la supuesta existencia de un \u201cpartido judicial\u201d que le ha puesto un \u201ccepo al voto popular\u201d y que responde a los intereses de un \u201cpoder econ\u00f3mico concentrado\u201d.&nbsp;<mark>Un relato tan simplificador como inconsistente<\/mark>, frente a la abrumadora cantidad de pruebas volcadas en su contra. Su alegato podr\u00eda llevar a considerarla una \u201cpresa pol\u00edtica\u201d, pero en rigor se trata de una&nbsp;<mark>\u201cpol\u00edtica presa\u201d<\/mark>, de acuerdo con el criterio de una veintena de jueces y fiscales que intervinieron a lo largo de todo el proceso judicial derivado de la causa Vialidad.<\/p>\n\n\n\n<p class=\"wp-block-paragraph\">Pese a que pueda ser su deseo, Cristina Kirchner est\u00e1 por el momento&nbsp;<mark>muy lejos de demostrar que se encuentre en condiciones de provocar una suerte de 17 de Octubre<\/mark>, como el que, en circunstancias absolutamente distintas a las actuales, forz\u00f3 la liberaci\u00f3n de&nbsp;<strong>Juan Domingo Per\u00f3n<\/strong>&nbsp;en 1945. Algunos silencios dentro del propio peronismo son hoy m\u00e1s estridentes que las manifestaciones de apoyo a la l\u00edder del kirchnerismo. Es m\u00e1s, en forma sigilosa, no faltan dirigentes y gobernadores que ven en la prisi\u00f3n de Cristina Kirchner una oportunidad para encarar un nuevo proceso de renovaci\u00f3n en el&nbsp;<strong>Partido Justicialista<\/strong>, aunque muy pocos creen que ese nuevo ciclo pueda tener lugar antes de las elecciones nacionales de octubre pr\u00f3ximo.<\/p>\n\n\n\n<p class=\"wp-block-paragraph\">En la noche del martes 10, la mayor parte de la poblaci\u00f3n estuvo m\u00e1s pendiente del partido que la&nbsp;<strong>selecci\u00f3n argentina de f\u00fatbol<\/strong>&nbsp;jugaba frente a&nbsp;<strong>Colombia<\/strong>&nbsp;que de las apariciones de Cristina Kirchner en uno de los balcones de su departamento en el barrio de Constituci\u00f3n, y que algunos comparan con las del famoso p\u00e1jaro cuc\u00fa de&nbsp;<strong>Villa Carlos Paz<\/strong>.<\/p>\n\n\n\n<p class=\"wp-block-paragraph\">No se advierte en la conducci\u00f3n de la&nbsp;<strong>CGT<\/strong>&nbsp;por ahora mayor voluntad de movilizarse en favor de la expresidenta. Y las&nbsp;<mark>reacciones de violencia<\/mark>&nbsp;que se suscitaron a las pocas horas de la confirmaci\u00f3n de la sentencia, tales como el ataque de militantes contra las instalaciones de Canal 13 -en el que se identific\u00f3 a integrantes de&nbsp;<strong>La C\u00e1mpora<\/strong>-, no hacen m\u00e1s que provocar rechazo en la ciudadan\u00eda y transmitir la sensaci\u00f3n de que el kirchnerismo agoniza.<\/p>\n\n\n\n<p class=\"wp-block-paragraph\">Las&nbsp;<mark>primeras encuestas de opini\u00f3n p\u00fablica<\/mark>&nbsp;conocidas luego del veredicto de la Corte Suprema tampoco favorecen a la expresidenta. Seg\u00fan un relevamiento efectuado por la consultora&nbsp;<strong>D\u2019Alessio Irol-Berensztein<\/strong>&nbsp;(600 encuestados entre el 11 y el 12 de junio), se imponen los sentimientos positivos hacia la confirmaci\u00f3n de la condena a Cristina Kirchner.<\/p>\n\n\n\n<p class=\"wp-block-paragraph\"><mark>El 54% de la poblaci\u00f3n consultada en ese sondeo expresa alivio o satisfacci\u00f3n<\/mark>, con una sensaci\u00f3n de que se hizo justicia. En cambio,&nbsp;<mark>el 38% manifiesta tristeza o indignaci\u00f3n<\/mark>&nbsp;por lo que ve como una justicia parcializada.<\/p>\n\n\n\n<p class=\"wp-block-paragraph\">El estudio se\u00f1ala tambi\u00e9n que la activaci\u00f3n de sentimientos est\u00e1 alineada en t\u00e9rminos partidarios, ya que ocho de cada diez votantes de&nbsp;<strong>La Libertad Avanza<\/strong>&nbsp;en el balotaje presidencial de 2023 sienten alivio o satisfacci\u00f3n ante el fallo de la Corte, mientras que tres de cada cuatro votantes de&nbsp;<strong>Uni\u00f3n por la Patria<\/strong>&nbsp;en aquella elecci\u00f3n se declaran indignados o tristes.<\/p>\n\n\n\n<p class=\"wp-block-paragraph\">Seg\u00fan otra encuesta, llevada a cabo en las \u00faltimas horas entre 1000 personas consultadas en forma online por la consultora&nbsp;<strong>Opinaia<\/strong>,&nbsp;<mark>el 54% afirma que la expresidenta es culpable y que hubo corrupci\u00f3n, frente a solo un 25% que sostiene su inocencia<\/mark>&nbsp;y la considera v\u00edctima de una operaci\u00f3n pol\u00edtica.<\/p>\n\n\n\n<figure data-spectra-id=\"spectra-8c304c64-31e9-4d39-a396-9efd4a274079\" class=\"wp-block-image\"><img decoding=\"async\" src=\"https:\/\/resizer.glanacion.com\/resizer\/v2\/opinion-sobre-la-inocencia-o-culpabilidad-de-C7DLDTW2RNFDFGUOVRKDKQ6J6Q.jpg?auth=545eeb26fc8bc63896e406d35a86f3fa9ec2186caaaee0bba8e4af3787081990&amp;width=420&amp;height=234&amp;quality=70&amp;smart=true\" alt=\"Opini\u00f3n sobre la inocencia o culpabilidad de CFK\" title=\"Cristina Kirchner, muy lejos de un 17 de Octubre\" \/><figcaption>Opini\u00f3n sobre la inocencia o culpabilidad de CFKOpinaia<\/figcaption><\/figure>\n\n\n\n<p class=\"wp-block-paragraph\">Al restringir el an\u00e1lisis a quienes efectivamente declaran haber tenido conocimiento del fallo de la Corte Suprema (87%), ya sea por estar informados (56%) o por haber escuchado algo del tema (31%), la opini\u00f3n condenatoria contra Cristina Kirchner se torna m\u00e1s fuerte: casi el 70% cree que la condena es justa. La mayor proporci\u00f3n de asignaci\u00f3n de culpabilidad crece en el segmento de los varones, de los mayores de 50 a\u00f1os de edad y de quienes poseen m\u00e1s alto poder adquisitivo.<\/p>\n\n\n\n<p class=\"wp-block-paragraph\">De acuerdo con el estudio de Opinaia, entre los votantes de&nbsp;<strong>Javier Milei<\/strong>&nbsp;y de&nbsp;<strong>Patricia Bullrich<\/strong>&nbsp;en 2023, la idea de culpabilidad supera el 84%, mientras que entre quienes votaron a&nbsp;<strong>Sergio Massa<\/strong>, el 64% considera que Cristina Kirchner es inocente.<\/p>\n\n\n\n<p class=\"wp-block-paragraph\">Puede decirse que la decisi\u00f3n del m\u00e1ximo tribunal de justicia fue bien recibida por la mayor\u00eda de la poblaci\u00f3n, pero que no por eso despert\u00f3 euforia. En tal sentido, podr\u00edamos remitirnos a la respuesta a una pregunta que formul\u00f3 a sus encuestados la consultora D\u2019Alessio Irol-Berensztein. Acerca de si este caso marca un antes y un despu\u00e9s en la lucha contra la corrupci\u00f3n en la Argentina, las opiniones estuvieron absolutamente divididas: el 49% dijo que s\u00ed y otro 49% opin\u00f3 lo contrario.<\/p>\n\n\n\n<p class=\"wp-block-paragraph\">Respecto de si la confirmaci\u00f3n de la condena a la expresidenta podr\u00eda generar reacciones de violencia o un aumento en la conflictividad social, el 47% de los consultados en esta \u00faltima encuesta estim\u00f3 que&nbsp;<mark>habr\u00e1 acciones violentas pero de corta duraci\u00f3n<\/mark>; el 33% consider\u00f3 que las reacciones de violencia podr\u00edan sostenerse en el tiempo y el 17% pronostic\u00f3 que no habr\u00e1 reacciones relevantes.<\/p>\n\n\n\n<p class=\"wp-block-paragraph\">El dato de la&nbsp;<mark>ca\u00edda de la inflaci\u00f3n<\/mark>&nbsp;de mayo a los niveles m\u00e1s bajos de los \u00faltimos cinco a\u00f1os (1,5% mensual) supone otro traspi\u00e9 para la hip\u00f3tesis del kirchnerismo de que una crisis econ\u00f3mica se llevar\u00e1 puesto al gobierno de Milei en poco tiempo m\u00e1s y que eso posibilitar\u00e1 su regreso al poder.<\/p>\n\n\n\n<p class=\"wp-block-paragraph\">Aun as\u00ed,&nbsp;<mark>la salida de Cristina Kirchner de la arena electoral puede representar un desaf\u00edo y en cierto modo un problema para La Libertad Avanza<\/mark>. Especialmente, para quienes apostaban a una fuerte polarizaci\u00f3n bajo el eslogan \u201ckirchnerismo o libertad\u201d en el proceso electoral de este a\u00f1o.<\/p>\n\n\n\n<p class=\"wp-block-paragraph\">M\u00e1s que nunca, el oficialismo libertario deber\u00e1 ahora apostar a su gesti\u00f3n antes que a esperar que sobrevuelen los fantasmas del pasado, al tiempo que deber\u00e1 detenerse en el hecho de que, en el ranking de preocupaciones ciudadanas, aun cuando se trate de un m\u00e9rito de Milei y su equipo econ\u00f3mico, la inflaci\u00f3n ha descendido varios puestos y ha sido superada por&nbsp;<mark>los bajos salarios, la corrupci\u00f3n, la inseguridad y el temor al desempleo<\/mark>.<\/p>\n\n\n\n<p class=\"wp-block-paragraph\"><mark>La desgracia de Cristina Kirchner obligar\u00e1 a Milei a salir de su zona de confort.<\/mark><\/p>\n\n\n\n<p class=\"wp-block-paragraph\">Fuente:<a href=\"https:\/\/www.lanacion.com.ar\/\"> La Naci\u00f3n<\/a><\/p>","protected":false},"excerpt":{"rendered":"<p>La expresidenta&nbsp;Cristina Kirchner&nbsp;ha recurrido a&nbsp;una estrategia discursiva demasiado trillada y, a estas alturas, poco efectiva. Su principal reacci\u00f3n ante el fallo de la&nbsp;Corte Suprema de Justicia, que confirm\u00f3 la sentencia que la conden\u00f3 a seis a\u00f1os de prisi\u00f3n e inhabilitaci\u00f3n perpetua para ejercer cargos p\u00fablicos por defraudar al Estado, pas\u00f3 una vez m\u00e1s por victimizarse [&hellip;]<\/p>\n","protected":false},"author":9,"featured_media":120801,"comment_status":"open","ping_status":"open","sticky":false,"template":"","format":"standard","meta":{"site-sidebar-layout":"default","site-content-layout":"","ast-site-content-layout":"default","site-content-style":"default","site-sidebar-style":"default","ast-global-header-display":"","ast-banner-title-visibility":"","ast-main-header-display":"","ast-hfb-above-header-display":"","ast-hfb-below-header-display":"","ast-hfb-mobile-header-display":"","site-post-title":"","ast-breadcrumbs-content":"","ast-featured-img":"","footer-sml-layout":"","ast-disable-related-posts":"","theme-transparent-header-meta":"","adv-header-id-meta":"","stick-header-meta":"","header-above-stick-meta":"","header-main-stick-meta":"","header-below-stick-meta":"","astra-migrate-meta-layouts":"default","ast-page-background-enabled":"default","ast-page-background-meta":{"desktop":{"background-color":"","background-image":"","background-repeat":"repeat","background-position":"center center","background-size":"auto","background-attachment":"scroll","background-type":"","background-media":"","overlay-type":"","overlay-color":"","overlay-opacity":"","overlay-gradient":""},"tablet":{"background-color":"","background-image":"","background-repeat":"repeat","background-position":"center center","background-size":"auto","background-attachment":"scroll","background-type":"","background-media":"","overlay-type":"","overlay-color":"","overlay-opacity":"","overlay-gradient":""},"mobile":{"background-color":"","background-image":"","background-repeat":"repeat","background-position":"center center","background-size":"auto","background-attachment":"scroll","background-type":"","background-media":"","overlay-type":"","overlay-color":"","overlay-opacity":"","overlay-gradient":""}},"ast-content-background-meta":{"desktop":{"background-color":"var(--ast-global-color-5)","background-image":"","background-repeat":"repeat","background-position":"center center","background-size":"auto","background-attachment":"scroll","background-type":"","background-media":"","overlay-type":"","overlay-color":"","overlay-opacity":"","overlay-gradient":""},"tablet":{"background-color":"var(--ast-global-color-5)","background-image":"","background-repeat":"repeat","background-position":"center center","background-size":"auto","background-attachment":"scroll","background-type":"","background-media":"","overlay-type":"","overlay-color":"","overlay-opacity":"","overlay-gradient":""},"mobile":{"background-color":"var(--ast-global-color-5)","background-image":"","background-repeat":"repeat","background-position":"center center","background-size":"auto","background-attachment":"scroll","background-type":"","background-media":"","overlay-type":"","overlay-color":"","overlay-opacity":"","overlay-gradient":""}},"footnotes":""},"categories":[12],"tags":[],"class_list":["post-120800","post","type-post","status-publish","format-standard","has-post-thumbnail","hentry","category-opinion"],"spectra_blocks_featured_image_url":{"thumbnail":{"url":"https:\/\/100xd.com.ar\/wp-content\/uploads\/2025\/06\/fernando-150x150.jpg","width":150,"height":150},"medium":{"url":"https:\/\/100xd.com.ar\/wp-content\/uploads\/2025\/06\/fernando.jpg","width":280,"height":278},"medium_large":{"url":"https:\/\/100xd.com.ar\/wp-content\/uploads\/2025\/06\/fernando.jpg","width":280,"height":278},"large":{"url":"https:\/\/100xd.com.ar\/wp-content\/uploads\/2025\/06\/fernando.jpg","width":280,"height":278},"full":{"url":"https:\/\/100xd.com.ar\/wp-content\/uploads\/2025\/06\/fernando.jpg","width":280,"height":278}},"spectra_blocks_author_info":{"display_name":"Jorge Alfredo Baret","avatar_url":"https:\/\/secure.gravatar.com\/avatar\/31696f5ca83439b642450ec7d3f82f98451a5efacb414343d5478c982b337f26?s=96&d=mm&r=g","author_link":"https:\/\/100xd.com.ar\/es\/author\/jorge\/","description":"Ingeniero Qu\u00edmico UTN - Director Apoderado de Comunicaciones Auditadas SA. Editor Responsable 100xd.com.ar."},"_links":{"self":[{"href":"https:\/\/100xd.com.ar\/es\/wp-json\/wp\/v2\/posts\/120800","targetHints":{"allow":["GET"]}}],"collection":[{"href":"https:\/\/100xd.com.ar\/es\/wp-json\/wp\/v2\/posts"}],"about":[{"href":"https:\/\/100xd.com.ar\/es\/wp-json\/wp\/v2\/types\/post"}],"author":[{"embeddable":true,"href":"https:\/\/100xd.com.ar\/es\/wp-json\/wp\/v2\/users\/9"}],"replies":[{"embeddable":true,"href":"https:\/\/100xd.com.ar\/es\/wp-json\/wp\/v2\/comments?post=120800"}],"version-history":[{"count":1,"href":"https:\/\/100xd.com.ar\/es\/wp-json\/wp\/v2\/posts\/120800\/revisions"}],"predecessor-version":[{"id":120802,"href":"https:\/\/100xd.com.ar\/es\/wp-json\/wp\/v2\/posts\/120800\/revisions\/120802"}],"wp:featuredmedia":[{"embeddable":true,"href":"https:\/\/100xd.com.ar\/es\/wp-json\/wp\/v2\/media\/120801"}],"wp:attachment":[{"href":"https:\/\/100xd.com.ar\/es\/wp-json\/wp\/v2\/media?parent=120800"}],"wp:term":[{"taxonomy":"category","embeddable":true,"href":"https:\/\/100xd.com.ar\/es\/wp-json\/wp\/v2\/categories?post=120800"},{"taxonomy":"post_tag","embeddable":true,"href":"https:\/\/100xd.com.ar\/es\/wp-json\/wp\/v2\/tags?post=120800"}],"curies":[{"name":"wp","href":"https:\/\/api.w.org\/{rel}","templated":true}]}}