{"id":120633,"date":"2025-06-11T11:55:35","date_gmt":"2025-06-11T14:55:35","guid":{"rendered":"https:\/\/100xd.com.ar\/?p=120633"},"modified":"2025-06-11T11:55:35","modified_gmt":"2025-06-11T14:55:35","slug":"quien-es-gavin-newsom-el-gobernador-de-la-poderosa-california-que-desafia-a-trump","status":"publish","type":"post","link":"https:\/\/100xd.com.ar\/es\/quien-es-gavin-newsom-el-gobernador-de-la-poderosa-california-que-desafia-a-trump\/","title":{"rendered":"Qui\u00e9n es Gavin Newsom, el gobernador de la poderosa California que desaf\u00eda a Trump"},"content":{"rendered":"<p class=\"wp-block-paragraph\"><strong>&#8220;Es un paso inequ\u00edvoco hacia el autoritarismo&#8221;.<\/strong><\/p>\n\n\n\n<p class=\"wp-block-paragraph\">As\u00ed defini\u00f3 el gobernador de California, el dem\u00f3crata Gavin Newsom, la decisi\u00f3n del presidente de Estados Unidos, Donald Trump, de desplegar tropas federales en Los \u00c1ngeles sin su autorizaci\u00f3n.<\/p>\n\n\n\n<p class=\"wp-block-paragraph\">Ante las crecientes protestas contra las redadas migratorias, el gobierno de Trump envi\u00f3 700 marines y duplic\u00f3 a 4.000 el n\u00famero de efectivos de la Guardia Nacional en el \u00e1rea de Los \u00c1ngeles, lo que desat\u00f3 una fuerte respuesta del mandatario estatal.<\/p>\n\n\n\n<p class=\"wp-block-paragraph\">Para Newsom, esto fue la realizaci\u00f3n de &#8220;la fantas\u00eda desquiciada de un presidente dictatorial&#8221; y anunci\u00f3 una demanda contra la Casa Blanca por violar la soberan\u00eda de California.<a href=\"https:\/\/www.bbc.com\/mundo\/institucional\/2012\/06\/000000_ayuda_sobre_publicidad\">Publicidad<\/a><\/p>\n\n\n\n<p class=\"wp-block-paragraph\">Este martes el pol\u00edtico fue m\u00e1s all\u00e1 y ofreci\u00f3 un discurso televisado en el que acus\u00f3 a Trump de &#8220;avivar las llamas&#8221; de las protestas en su estado.<a href=\"https:\/\/www.bbc.com\/mundo\/articles\/cy0kz1l90jdo#end-of-recommendations\">Saltar M\u00e1s le\u00eddas y continuar leyendo<\/a><strong>M\u00e1s le\u00eddas<\/strong><\/p>\n\n\n\n<ul class=\"wp-block-list\"><li><img decoding=\"async\" src=\"https:\/\/ichef.bbci.co.uk\/ace\/ws\/660\/cpsprodpb\/0d21\/live\/45b30640-466f-11f0-839d-97347849b51e.jpg.webp\" srcset=\"https:\/\/ichef.bbci.co.uk\/ace\/ws\/70\/cpsprodpb\/0d21\/live\/45b30640-466f-11f0-839d-97347849b51e.jpg.webp 70w, https:\/\/ichef.bbci.co.uk\/ace\/ws\/95\/cpsprodpb\/0d21\/live\/45b30640-466f-11f0-839d-97347849b51e.jpg.webp 95w, https:\/\/ichef.bbci.co.uk\/ace\/ws\/144\/cpsprodpb\/0d21\/live\/45b30640-466f-11f0-839d-97347849b51e.jpg.webp 144w, https:\/\/ichef.bbci.co.uk\/ace\/ws\/183\/cpsprodpb\/0d21\/live\/45b30640-466f-11f0-839d-97347849b51e.jpg.webp 183w, https:\/\/ichef.bbci.co.uk\/ace\/ws\/240\/cpsprodpb\/0d21\/live\/45b30640-466f-11f0-839d-97347849b51e.jpg.webp 240w, https:\/\/ichef.bbci.co.uk\/ace\/ws\/320\/cpsprodpb\/0d21\/live\/45b30640-466f-11f0-839d-97347849b51e.jpg.webp 320w, https:\/\/ichef.bbci.co.uk\/ace\/ws\/660\/cpsprodpb\/0d21\/live\/45b30640-466f-11f0-839d-97347849b51e.jpg.webp 660w\" alt=\"La alcaldesa de Los \u00c1ngeles, Karen Bass, habla durante una vigilia \" title=\"Qui\u00e9n es Gavin Newsom, el gobernador de la poderosa California que desaf\u00eda a Trump\"><a href=\"https:\/\/www.bbc.com\/mundo\/articles\/cdj944wdd90o\">La alcaldesa de Los \u00c1ngeles declara un toque de queda parcial tras 5 d\u00edas de protestas contra las redadas migratorias<\/a><\/li><li><img decoding=\"async\" src=\"https:\/\/ichef.bbci.co.uk\/ace\/ws\/660\/cpsprodpb\/86d6\/live\/12a12d20-46d0-11f0-8fec-b11f321e9298.jpg.webp\" srcset=\"https:\/\/ichef.bbci.co.uk\/ace\/ws\/70\/cpsprodpb\/86d6\/live\/12a12d20-46d0-11f0-8fec-b11f321e9298.jpg.webp 70w, https:\/\/ichef.bbci.co.uk\/ace\/ws\/95\/cpsprodpb\/86d6\/live\/12a12d20-46d0-11f0-8fec-b11f321e9298.jpg.webp 95w, https:\/\/ichef.bbci.co.uk\/ace\/ws\/144\/cpsprodpb\/86d6\/live\/12a12d20-46d0-11f0-8fec-b11f321e9298.jpg.webp 144w, https:\/\/ichef.bbci.co.uk\/ace\/ws\/183\/cpsprodpb\/86d6\/live\/12a12d20-46d0-11f0-8fec-b11f321e9298.jpg.webp 183w, https:\/\/ichef.bbci.co.uk\/ace\/ws\/240\/cpsprodpb\/86d6\/live\/12a12d20-46d0-11f0-8fec-b11f321e9298.jpg.webp 240w, https:\/\/ichef.bbci.co.uk\/ace\/ws\/320\/cpsprodpb\/86d6\/live\/12a12d20-46d0-11f0-8fec-b11f321e9298.jpg.webp 320w, https:\/\/ichef.bbci.co.uk\/ace\/ws\/660\/cpsprodpb\/86d6\/live\/12a12d20-46d0-11f0-8fec-b11f321e9298.jpg.webp 660w\" alt=\"Gavin Newsom\" title=\"Qui\u00e9n es Gavin Newsom, el gobernador de la poderosa California que desaf\u00eda a Trump\"><a href=\"https:\/\/www.bbc.com\/mundo\/articles\/cy0kz1l90jdo\">Qui\u00e9n es Gavin Newsom, el gobernador de la poderosa California que desaf\u00eda a Trump<\/a><\/li><li><img decoding=\"async\" src=\"https:\/\/ichef.bbci.co.uk\/ace\/ws\/660\/cpsprodpb\/63e9\/live\/5a5392f0-4542-11f0-9aa2-539732b750e5.jpg.webp\" srcset=\"https:\/\/ichef.bbci.co.uk\/ace\/ws\/70\/cpsprodpb\/63e9\/live\/5a5392f0-4542-11f0-9aa2-539732b750e5.jpg.webp 70w, https:\/\/ichef.bbci.co.uk\/ace\/ws\/95\/cpsprodpb\/63e9\/live\/5a5392f0-4542-11f0-9aa2-539732b750e5.jpg.webp 95w, https:\/\/ichef.bbci.co.uk\/ace\/ws\/144\/cpsprodpb\/63e9\/live\/5a5392f0-4542-11f0-9aa2-539732b750e5.jpg.webp 144w, https:\/\/ichef.bbci.co.uk\/ace\/ws\/183\/cpsprodpb\/63e9\/live\/5a5392f0-4542-11f0-9aa2-539732b750e5.jpg.webp 183w, https:\/\/ichef.bbci.co.uk\/ace\/ws\/240\/cpsprodpb\/63e9\/live\/5a5392f0-4542-11f0-9aa2-539732b750e5.jpg.webp 240w, https:\/\/ichef.bbci.co.uk\/ace\/ws\/320\/cpsprodpb\/63e9\/live\/5a5392f0-4542-11f0-9aa2-539732b750e5.jpg.webp 320w, https:\/\/ichef.bbci.co.uk\/ace\/ws\/660\/cpsprodpb\/63e9\/live\/5a5392f0-4542-11f0-9aa2-539732b750e5.jpg.webp 660w\" alt=\"Una mujer con los m\u00fasculos bien definidos sostiene un gran recipiente de pl\u00e1stico negro.\" title=\"Qui\u00e9n es Gavin Newsom, el gobernador de la poderosa California que desaf\u00eda a Trump\"><a href=\"https:\/\/www.bbc.com\/mundo\/articles\/cx2xj8q4rpgo\">Qu\u00e9 funciones cumple la creatina en nuestro organismo y cu\u00e1ndo se recomienda tomarla como suplemento<\/a><\/li><li><img decoding=\"async\" src=\"https:\/\/ichef.bbci.co.uk\/ace\/ws\/660\/cpsprodpb\/ee64\/live\/94c90710-4553-11f0-a5c1-7195aee68ecb.jpg.webp\" srcset=\"https:\/\/ichef.bbci.co.uk\/ace\/ws\/70\/cpsprodpb\/ee64\/live\/94c90710-4553-11f0-a5c1-7195aee68ecb.jpg.webp 70w, https:\/\/ichef.bbci.co.uk\/ace\/ws\/95\/cpsprodpb\/ee64\/live\/94c90710-4553-11f0-a5c1-7195aee68ecb.jpg.webp 95w, https:\/\/ichef.bbci.co.uk\/ace\/ws\/144\/cpsprodpb\/ee64\/live\/94c90710-4553-11f0-a5c1-7195aee68ecb.jpg.webp 144w, https:\/\/ichef.bbci.co.uk\/ace\/ws\/183\/cpsprodpb\/ee64\/live\/94c90710-4553-11f0-a5c1-7195aee68ecb.jpg.webp 183w, https:\/\/ichef.bbci.co.uk\/ace\/ws\/240\/cpsprodpb\/ee64\/live\/94c90710-4553-11f0-a5c1-7195aee68ecb.jpg.webp 240w, https:\/\/ichef.bbci.co.uk\/ace\/ws\/320\/cpsprodpb\/ee64\/live\/94c90710-4553-11f0-a5c1-7195aee68ecb.jpg.webp 320w, https:\/\/ichef.bbci.co.uk\/ace\/ws\/660\/cpsprodpb\/ee64\/live\/94c90710-4553-11f0-a5c1-7195aee68ecb.jpg.webp 660w\" alt=\"Cristina Kirchner\" title=\"Qui\u00e9n es Gavin Newsom, el gobernador de la poderosa California que desaf\u00eda a Trump\"><a href=\"https:\/\/www.bbc.com\/mundo\/articles\/cd904d825gyo\">Cristina Kirchner a prisi\u00f3n domiciliaria: ratifican la condena de 6 a\u00f1os por corrupci\u00f3n e inhabilitaci\u00f3n pol\u00edtica de por vida a la expresidenta de Argentina<\/a><\/li><\/ul>\n\n\n\n<p class=\"wp-block-paragraph\" id=\"end-of-recommendations\">Final de M\u00e1s le\u00eddas<\/p>\n\n\n\n<p class=\"wp-block-paragraph\">&#8220;Este descarado abuso de poder por parte de un presidente en funciones exacerb\u00f3 la situaci\u00f3n, poniendo en riesgo a nuestra gente, a nuestros oficiales e incluso a nuestra Guardia Nacional&#8221;, sostuvo.<\/p>\n\n\n\n<p class=\"wp-block-paragraph\">Y agreg\u00f3 que el gobierno estadounidense deber\u00eda enfocarse en detener la migraci\u00f3n de personas con estatus irregular que han cometido delitos graves, no familias trabajadoras.<\/p>\n\n\n\n<p class=\"wp-block-paragraph\">&#8220;Trump est\u00e1 desplegando una redada militar por todo Los \u00c1ngeles, mucho m\u00e1s all\u00e1 de su intenci\u00f3n declarada de perseguir a delincuentes violentos y peligrosos. Sus agentes est\u00e1n arrestando a personas que lavan platos, jardineros, jornaleros y costureras&#8221;, coment\u00f3.<\/p>\n\n\n\n<p class=\"wp-block-paragraph\">&#8220;Eso es solo debilidad, debilidad disfrazada de fortaleza. El gobierno de Donald Trump no est\u00e1 protegiendo a nuestras comunidades. Las est\u00e1 traumatizando&#8221;, continu\u00f3.<\/p>\n\n\n\n<p class=\"wp-block-paragraph\">Trump, por su parte, aleg\u00f3 que la ciudad se habr\u00eda sumido en el caos de no ser por la intervenci\u00f3n militar y sugiri\u00f3 que el gobernador deber\u00eda ser arrestado por obstruir sus pol\u00edticas migratorias.<\/p>\n\n\n\n<figure data-spectra-id=\"spectra-8f26a418-b7eb-489c-bdf4-3ca9bf9023a3\" class=\"wp-block-image\"><img decoding=\"async\" src=\"https:\/\/ichef.bbci.co.uk\/ace\/ws\/640\/cpsprodpb\/eab1\/live\/6f8fa350-4639-11f0-869e-cdf4262cfb36.jpg.webp\" alt=\"Newsom y Trump\" title=\"Qui\u00e9n es Gavin Newsom, el gobernador de la poderosa California que desaf\u00eda a Trump\" \/><figcaption>Pie de foto,Newsom confront\u00f3 a Trump en torno a las protestas contra las redadas migratorias.<\/figcaption><\/figure>\n\n\n\n<p class=\"wp-block-paragraph\">En un discurso para conmemorar el 250 aniversario del ej\u00e9rcito de Estados Unidos, el presidente llam\u00f3 &#8220;animales&#8221; y &#8220;enemigos extranjeros&#8221; a los manifestantes de Los \u00c1ngeles.<\/p>\n\n\n\n<p class=\"wp-block-paragraph\">&#8220;No permitiremos que una ciudad estadounidense sea invadida y conquistada por un enemigo extranjero. Eso es lo que son&#8221;, afirm\u00f3 Trump en Fort Bragg.<\/p>\n\n\n\n<p class=\"wp-block-paragraph\">Las protestas, que comenzaron tras una serie de agresivas redadas del Servicio de Inmigraci\u00f3n y Control de Aduanas (ICE, por sus siglas en ingl\u00e9s) en vecindarios latinos, se han extendido a otras ciudades y han dejado detenidos, deportaciones y enfrentamientos con las autoridades.<\/p>\n\n\n\n<p class=\"wp-block-paragraph\">Y, adem\u00e1s, han desatado un tenso pulso entre Newson, el gobernador del estado m\u00e1s rico y poblado de EE.UU., as\u00ed como uno de los m\u00e1s progresistas, y Trump, el presidente que ha impuesto las pol\u00edticas migratorias m\u00e1s estrictas de la historia reciente de Estados Unidos.<\/p>\n\n\n\n<p class=\"wp-block-paragraph\">Pero, m\u00e1s all\u00e1 de esta confrontaci\u00f3n, \u00bfqui\u00e9n es Gavin Newsom, el dem\u00f3crata que lidera California y una de las caras m\u00e1s visibles del progresismo en el pa\u00eds norteamericano?<\/p>\n\n\n\n<h2 class=\"wp-block-heading\" id=\"Sus-inicios-y-ascenso-en-California\">Sus inicios y ascenso en California<\/h2>\n\n\n\n<figure data-spectra-id=\"spectra-f1107605-02a9-44b2-a3a6-66a458084a6b\" class=\"wp-block-image\"><img decoding=\"async\" src=\"https:\/\/ichef.bbci.co.uk\/ace\/ws\/640\/cpsprodpb\/9e46\/live\/cf02e900-4639-11f0-9471-e380f647874e.jpg.webp\" alt=\"Gavin Newsom en la inauguraci\u00f3n de su vinoteca PlumpJack en 1992.\" title=\"Qui\u00e9n es Gavin Newsom, el gobernador de la poderosa California que desaf\u00eda a Trump\" \/><figcaption>Pie de foto,Gavin Newsom en la inauguraci\u00f3n de su vinoteca PlumpJack en 1992.<\/figcaption><\/figure>\n\n\n\n<p class=\"wp-block-paragraph\">Padre de 4 hijos en dos matrimonios, Gavin Newsom es un pol\u00edtico forjado en las \u00e9lites del poder en California.<\/p>\n\n\n\n<p class=\"wp-block-paragraph\">Nacido en San Francisco en 1967, proviene de una familia con conexiones en c\u00edrculos influyentes del estado: su padre fue juez y abogado de la hoy extinta petrolera Getty Oil.<\/p>\n\n\n\n<p class=\"wp-block-paragraph\">El propio Newsom recibi\u00f3 apoyo financiero del magnate Gordon Getty para fundar su primer negocio, una vinoteca llamada PlumpJack, que se transform\u00f3 en un grupo con m\u00e1s de 700 empleados.<\/p>\n\n\n\n<p class=\"wp-block-paragraph\">Su carrera pol\u00edtica comenz\u00f3 en 1996, cuando el entonces alcalde de San Francisco Willie Brown lo nombr\u00f3 comisionado de Tr\u00e1fico y Estacionamiento.<\/p>\n\n\n\n<p class=\"wp-block-paragraph\">Al a\u00f1o siguiente fue designado para ocupar un esca\u00f1o en la Junta de Supervisores de San Francisco, donde se consolid\u00f3 como un centrista con enfoque empresarial y promotor de iniciativas sobre transporte p\u00fablico, vivienda y asistencia a personas sin hogar.<\/p>\n\n\n\n<p class=\"wp-block-paragraph\">Su propuesta m\u00e1s emblem\u00e1tica fue&nbsp;<em>Care, Not Cash<\/em>&nbsp;(&#8220;Asistencia en lugar de dinero&#8221;), que sustituy\u00f3 subsidios monetarios por servicios y tratamiento para personas sin hogar, lo que redujo el n\u00famero de beneficiarios de asistencia directa.<\/p>\n\n\n\n<figure data-spectra-id=\"spectra-73e9c546-1fb2-449d-aaf3-b0d2905f7c16\" class=\"wp-block-image\"><img decoding=\"async\" src=\"https:\/\/ichef.bbci.co.uk\/ace\/ws\/640\/cpsprodpb\/4a49\/live\/c9db2d70-4639-11f0-84b6-6bf0f66205f1.jpg.webp\" alt=\"Newsom y su primera esposa, Kimberly Guilfoyle, tras ganar la alcald\u00eda de San Francisco en 2004.\" title=\"Qui\u00e9n es Gavin Newsom, el gobernador de la poderosa California que desaf\u00eda a Trump\" \/><figcaption>Pie de foto,Newsom y su primera esposa, Kimberly Guilfoyle, tras ganar la alcald\u00eda de San Francisco en 2004.<\/figcaption><\/figure>\n\n\n\n<p class=\"wp-block-paragraph\">En 2004 fue elegido alcalde de San Francisco y gan\u00f3 notoriedad al autorizar, en abierta transgresi\u00f3n de la ley estatal de aquel momento, el matrimonio entre personas del mismo sexo.<\/p>\n\n\n\n<p class=\"wp-block-paragraph\">Ese gesto lo catapult\u00f3 como una de las principales figuras del ala progresista del Partido Dem\u00f3crata.<\/p>\n\n\n\n<p class=\"wp-block-paragraph\">Fue vicegobernador de California desde 2011 hasta 2019, cuando pas\u00f3 a gobernar el estado tras ganar meses antes las elecciones.<\/p>\n\n\n\n<p class=\"wp-block-paragraph\">Su perfil combina una narrativa personal de superaci\u00f3n -de ni\u00f1o le diagnosticaron dislexia y asegura que a\u00fan la sufre- con un activismo pol\u00edtico orientado a la defensa de los derechos civiles, la inclusi\u00f3n y pol\u00edticas p\u00fablicas de izquierda.<\/p>\n\n\n\n<h2 class=\"wp-block-heading\" id=\"Su-gesti\u00f3n-como-gobernador\">Su gesti\u00f3n como gobernador<\/h2>\n\n\n\n<p class=\"wp-block-paragraph\">Al asumir en 2019 la gobernaci\u00f3n de California, Gavin Newsom se puso al frente de un estado que, de ser un pa\u00eds independiente, ostentar\u00eda la cuarta econom\u00eda del mundo, con un PIB que hoy supera los US$4,1 billones.<\/p>\n\n\n\n<p class=\"wp-block-paragraph\">Su administraci\u00f3n ha estado marcada por intensas reformas en salud, justicia, medio ambiente y derechos civiles, as\u00ed como controversias que han desatado cr\u00edticas tanto dentro como fuera de su partido.<\/p>\n\n\n\n<p class=\"wp-block-paragraph\">En el \u00e1mbito migratorio su postura es abiertamente favorable a los inmigrantes: ha indultado a varios de ellos con antecedentes penales para evitar su deportaci\u00f3n y ha denunciado p\u00fablicamente las pol\u00edticas federales de detenci\u00f3n y deportaci\u00f3n masiva.<\/p>\n\n\n\n<p class=\"wp-block-paragraph\">Durante su mandato tambi\u00e9n ha impulsado medidas como la expansi\u00f3n de la cobertura m\u00e9dica estatal a migrantes indocumentados mayores de 50 a\u00f1os y, m\u00e1s recientemente, un plan para garantizar atenci\u00f3n m\u00e9dica a todos los adultos de bajos ingresos, sin importar su estatus migratorio.<\/p>\n\n\n\n<figure data-spectra-id=\"spectra-f15a1a1d-8002-46b1-b0ff-e38b54de35d2\" class=\"wp-block-image\"><img decoding=\"async\" src=\"https:\/\/ichef.bbci.co.uk\/ace\/ws\/640\/cpsprodpb\/d886\/live\/e5173930-4639-11f0-bbaa-4bc03e0665b7.jpg.webp\" alt=\"Newson con su segunda esposa, Jennifer Siebel, y sus hijos tras ganar las elecciones a gobernador de 2018.\" title=\"Qui\u00e9n es Gavin Newsom, el gobernador de la poderosa California que desaf\u00eda a Trump\" \/><figcaption>Pie de foto,Newson gan\u00f3 las elecciones a gobernador de California en 2018.<\/figcaption><\/figure>\n\n\n\n<p class=\"wp-block-paragraph\">Al margen de las pol\u00edticas migratorias, destac\u00f3 su aplicaci\u00f3n de una moratoria a la pena de muerte, que suspendi\u00f3 las ejecuciones en el estado y cerr\u00f3 la c\u00e1mara de inyecci\u00f3n letal en San Quint\u00edn.<\/p>\n\n\n\n<p class=\"wp-block-paragraph\">Tambi\u00e9n ha impulsado reformas policiales, como la prohibici\u00f3n de t\u00e9cnicas de estrangulamiento y el aumento de la edad m\u00ednima para ingresar al cuerpo, adem\u00e1s de leyes que obligan a los agentes a intervenir ante casos de fuerza excesiva.<\/p>\n\n\n\n<p class=\"wp-block-paragraph\">En medio ambiente, Newsom ha decretado la obligaci\u00f3n de cero emisiones para todos los veh\u00edculos nuevos vendidos en el estado a partir de 2035, y ha aprobado regulaciones para frenar la extracci\u00f3n de petr\u00f3leo y fomentar el desarrollo de energ\u00edas limpias.<\/p>\n\n\n\n<p class=\"wp-block-paragraph\">Su gesti\u00f3n ha enfrentado cr\u00edticas por la persistente crisis de vivienda y el aumento del n\u00famero de personas sin hogar, que en 2023 super\u00f3 las 181.000, as\u00ed como la creciente inseguridad en las calles de las principales ciudades californianas.<\/p>\n\n\n\n<p class=\"wp-block-paragraph\">Tambi\u00e9n fue cuestionado por la lentitud en la vacunaci\u00f3n contra la covid-19, el fraude millonario en el sistema de desempleo durante la pandemia y acusaciones de trato favorable a donantes en decisiones legislativas.<\/p>\n\n\n\n<p class=\"wp-block-paragraph\">En 2021 super\u00f3 ampliamente un intento de destituci\u00f3n.<\/p>\n\n\n\n<p class=\"wp-block-paragraph\">Newsom volvi\u00f3 a estar en el centro de las cr\u00edticas a principios de este a\u00f1o tras una feroz ola de incendios forestales que afect\u00f3 a zonas densamente pobladas de California entre enero y febrero.<\/p>\n\n\n\n<p class=\"wp-block-paragraph\">Los incendios dejaron m\u00e1s de 30 muertos y forzaron la evacuaci\u00f3n de al menos 200.000 personas.<\/p>\n\n\n\n<p class=\"wp-block-paragraph\">Aunque decret\u00f3 el estado de emergencia y anunci\u00f3 un fondo de recuperaci\u00f3n de US$2.500 millones, residentes afectados y l\u00edderes republicanos cuestionaron la lentitud en desplegar recursos para combatir las llamas y una falta de anticipaci\u00f3n.<\/p>\n\n\n\n<p class=\"wp-block-paragraph\">El gobernador defendi\u00f3 su actuaci\u00f3n y respondi\u00f3 endureciendo las regulaciones para nuevas construcciones en areas de alto riesgo, adem\u00e1s de eliminar tr\u00e1mites burocr\u00e1ticos para agilizar la reconstrucci\u00f3n.<\/p>\n\n\n\n<p class=\"wp-block-paragraph\">&#8220;No estoy aqu\u00ed para jugar a la pol\u00edtica&#8221;, declar\u00f3 Newsom ante las acusaciones.<\/p>\n\n\n\n<h2 class=\"wp-block-heading\" id=\"Posible-candidato-presidencial\">\u00bfPosible candidato presidencial?<\/h2>\n\n\n\n<p class=\"wp-block-paragraph\">Bajo el liderazgo de Gavin Newsom, California se ha consolidado como el principal contrapeso pol\u00edtico al trumpismo en Estados Unidos.<\/p>\n\n\n\n<p class=\"wp-block-paragraph\">Desde el regreso de Donald Trump a la Casa Blanca, el gobernador ha reforzado el car\u00e1cter de su estado como basti\u00f3n progresista frente a las pol\u00edticas federales conservadoras.<\/p>\n\n\n\n<p class=\"wp-block-paragraph\">&#8220;Esto no se trata de seguridad. Se trata de alimentar el ego de un presidente peligroso&#8221;, escribi\u00f3 Newsom sobre Trump en la red social X tras el env\u00edo de tropas federales a Los \u00c1ngeles.<\/p>\n\n\n\n<figure data-spectra-id=\"spectra-f00054e1-9586-4f03-ab24-541b31be1008\" class=\"wp-block-image\"><img decoding=\"async\" src=\"https:\/\/ichef.bbci.co.uk\/ace\/ws\/640\/cpsprodpb\/bf82\/live\/0a8fa940-463a-11f0-9471-e380f647874e.jpg.webp\" alt=\"Newsom en un discurso\" title=\"Qui\u00e9n es Gavin Newsom, el gobernador de la poderosa California que desaf\u00eda a Trump\" \/><figcaption>Pie de foto,Cada vez m\u00e1s analistas ven a Newsom como posible candidato dem\u00f3crata a la presidencia.<\/figcaption><\/figure>\n\n\n\n<p class=\"wp-block-paragraph\">California tambi\u00e9n ha sido el epicentro de la resistencia a las decisiones del gobierno federal en temas como inmigraci\u00f3n, cambio clim\u00e1tico, aborto, cannabis y control de armas.<\/p>\n\n\n\n<p class=\"wp-block-paragraph\">El propio Newsom ha se\u00f1alado que busca proteger las pol\u00edticas estatales progresistas ante lo que considera retrocesos impulsados por Washington.<\/p>\n\n\n\n<p class=\"wp-block-paragraph\">Tras la victoria electoral de Trump en 2024, anunci\u00f3 que convocar\u00eda a los legisladores estatales &#8220;para blindar las leyes de California&#8221;.<\/p>\n\n\n\n<p class=\"wp-block-paragraph\">Aunque reiter\u00f3 p\u00fablicamente que no competir\u00eda por la presidencia en 2024 -y respald\u00f3 tanto a Joe Biden como a Kamala Harris- su nombre figura con frecuencia entre los posibles aspirantes dem\u00f3cratas para 2028.<\/p>\n\n\n\n<p class=\"wp-block-paragraph\">En julio de 2024, lanz\u00f3 el podcast&nbsp;<em>Politickin&#8217;<\/em>&nbsp;y en noviembre debati\u00f3 con el gobernador de Florida, Ron DeSantis, en un encuentro moderado por&nbsp;<em>Fox News<\/em>.<\/p>\n\n\n\n<p class=\"wp-block-paragraph\">Aunque varios analistas lo mencionan como un posible candidato presidencial en 2028, por ahora Newsom mantiene que su prioridad es gobernar California.<\/p>\n\n\n\n<p class=\"wp-block-paragraph\">Fuente: <a href=\"https:\/\/www.bbc.com\/mundo\">BBC News Mundo<\/a><\/p>","protected":false},"excerpt":{"rendered":"<p>&#8220;Es un paso inequ\u00edvoco hacia el autoritarismo&#8221;. As\u00ed defini\u00f3 el gobernador de California, el dem\u00f3crata Gavin Newsom, la decisi\u00f3n del presidente de Estados Unidos, Donald Trump, de desplegar tropas federales en Los \u00c1ngeles sin su autorizaci\u00f3n. Ante las crecientes protestas contra las redadas migratorias, el gobierno de Trump envi\u00f3 700 marines y duplic\u00f3 a 4.000 [&hellip;]<\/p>\n","protected":false},"author":9,"featured_media":120634,"comment_status":"open","ping_status":"open","sticky":false,"template":"","format":"standard","meta":{"site-sidebar-layout":"default","site-content-layout":"","ast-site-content-layout":"default","site-content-style":"default","site-sidebar-style":"default","ast-global-header-display":"","ast-banner-title-visibility":"","ast-main-header-display":"","ast-hfb-above-header-display":"","ast-hfb-below-header-display":"","ast-hfb-mobile-header-display":"","site-post-title":"","ast-breadcrumbs-content":"","ast-featured-img":"","footer-sml-layout":"","ast-disable-related-posts":"","theme-transparent-header-meta":"","adv-header-id-meta":"","stick-header-meta":"","header-above-stick-meta":"","header-main-stick-meta":"","header-below-stick-meta":"","astra-migrate-meta-layouts":"default","ast-page-background-enabled":"default","ast-page-background-meta":{"desktop":{"background-color":"","background-image":"","background-repeat":"repeat","background-position":"center center","background-size":"auto","background-attachment":"scroll","background-type":"","background-media":"","overlay-type":"","overlay-color":"","overlay-opacity":"","overlay-gradient":""},"tablet":{"background-color":"","background-image":"","background-repeat":"repeat","background-position":"center center","background-size":"auto","background-attachment":"scroll","background-type":"","background-media":"","overlay-type":"","overlay-color":"","overlay-opacity":"","overlay-gradient":""},"mobile":{"background-color":"","background-image":"","background-repeat":"repeat","background-position":"center center","background-size":"auto","background-attachment":"scroll","background-type":"","background-media":"","overlay-type":"","overlay-color":"","overlay-opacity":"","overlay-gradient":""}},"ast-content-background-meta":{"desktop":{"background-color":"var(--ast-global-color-5)","background-image":"","background-repeat":"repeat","background-position":"center center","background-size":"auto","background-attachment":"scroll","background-type":"","background-media":"","overlay-type":"","overlay-color":"","overlay-opacity":"","overlay-gradient":""},"tablet":{"background-color":"var(--ast-global-color-5)","background-image":"","background-repeat":"repeat","background-position":"center center","background-size":"auto","background-attachment":"scroll","background-type":"","background-media":"","overlay-type":"","overlay-color":"","overlay-opacity":"","overlay-gradient":""},"mobile":{"background-color":"var(--ast-global-color-5)","background-image":"","background-repeat":"repeat","background-position":"center center","background-size":"auto","background-attachment":"scroll","background-type":"","background-media":"","overlay-type":"","overlay-color":"","overlay-opacity":"","overlay-gradient":""}},"footnotes":""},"categories":[80],"tags":[],"class_list":["post-120633","post","type-post","status-publish","format-standard","has-post-thumbnail","hentry","category-ultimas-noticias"],"spectra_blocks_featured_image_url":{"thumbnail":{"url":"https:\/\/100xd.com.ar\/wp-content\/uploads\/2025\/06\/california-150x150.webp","width":150,"height":150},"medium":{"url":"https:\/\/100xd.com.ar\/wp-content\/uploads\/2025\/06\/california-300x169.webp","width":300,"height":169},"medium_large":{"url":"https:\/\/100xd.com.ar\/wp-content\/uploads\/2025\/06\/california-768x432.webp","width":768,"height":432},"large":{"url":"https:\/\/100xd.com.ar\/wp-content\/uploads\/2025\/06\/california.webp","width":800,"height":450},"full":{"url":"https:\/\/100xd.com.ar\/wp-content\/uploads\/2025\/06\/california.webp","width":800,"height":450}},"spectra_blocks_author_info":{"display_name":"Jorge Alfredo Baret","avatar_url":"https:\/\/secure.gravatar.com\/avatar\/31696f5ca83439b642450ec7d3f82f98451a5efacb414343d5478c982b337f26?s=96&d=mm&r=g","author_link":"https:\/\/100xd.com.ar\/es\/author\/jorge\/","description":"Ingeniero Qu\u00edmico UTN - Director Apoderado de Comunicaciones Auditadas SA. Editor Responsable 100xd.com.ar."},"_links":{"self":[{"href":"https:\/\/100xd.com.ar\/es\/wp-json\/wp\/v2\/posts\/120633","targetHints":{"allow":["GET"]}}],"collection":[{"href":"https:\/\/100xd.com.ar\/es\/wp-json\/wp\/v2\/posts"}],"about":[{"href":"https:\/\/100xd.com.ar\/es\/wp-json\/wp\/v2\/types\/post"}],"author":[{"embeddable":true,"href":"https:\/\/100xd.com.ar\/es\/wp-json\/wp\/v2\/users\/9"}],"replies":[{"embeddable":true,"href":"https:\/\/100xd.com.ar\/es\/wp-json\/wp\/v2\/comments?post=120633"}],"version-history":[{"count":1,"href":"https:\/\/100xd.com.ar\/es\/wp-json\/wp\/v2\/posts\/120633\/revisions"}],"predecessor-version":[{"id":120635,"href":"https:\/\/100xd.com.ar\/es\/wp-json\/wp\/v2\/posts\/120633\/revisions\/120635"}],"wp:featuredmedia":[{"embeddable":true,"href":"https:\/\/100xd.com.ar\/es\/wp-json\/wp\/v2\/media\/120634"}],"wp:attachment":[{"href":"https:\/\/100xd.com.ar\/es\/wp-json\/wp\/v2\/media?parent=120633"}],"wp:term":[{"taxonomy":"category","embeddable":true,"href":"https:\/\/100xd.com.ar\/es\/wp-json\/wp\/v2\/categories?post=120633"},{"taxonomy":"post_tag","embeddable":true,"href":"https:\/\/100xd.com.ar\/es\/wp-json\/wp\/v2\/tags?post=120633"}],"curies":[{"name":"wp","href":"https:\/\/api.w.org\/{rel}","templated":true}]}}