{"id":12008,"date":"2015-10-13T21:05:37","date_gmt":"2015-10-14T00:05:37","guid":{"rendered":"http:\/\/www.100xd.com.ar\/?p=12008"},"modified":"2015-10-14T15:11:15","modified_gmt":"2015-10-14T18:11:15","slug":"referente-trans-diana-sacayan-fue-encontrada-asesinada-a-punaladas-en-su-departamento","status":"publish","type":"post","link":"https:\/\/100xd.com.ar\/es\/referente-trans-diana-sacayan-fue-encontrada-asesinada-a-punaladas-en-su-departamento\/","title":{"rendered":"Referente trans Diana Sacay\u00e1n fue encontrada asesinada a pu\u00f1aladas en su departamento"},"content":{"rendered":"<p>La referente trans Diana Sacay\u00e1n, fue encontrada hoy asesinada a pu\u00f1aladas en su departamento del barrio porte\u00f1o de Flores, informaron fuentes policiales.<\/p>\n<p>El cuerpo de Sacay\u00e1n, l\u00edder de la Asociaci\u00f3n Internacional de Lesbianas, Gays y Bisexuales (ILGA) y dirigente del Movimiento Antidiscriminatorio de Liberaci\u00f3n (MAL), fue hallado, alrededor de las 13, en un domicilio ubicado en el piso 13 del edificio situado en avenida Rivadavia 6747.<\/p>\n<p>Fuentes policiales informaron a la agencia T\u00e9lam que el encargado del edificio vio la puerta del departamento abierta y al asomarse pudo ver que la v\u00edctima estaba atada sobre una cama y ensangrentada, por lo que llam\u00f3 al n\u00famero de emergencias 911 y a una ambulancia.<\/p>\n<p>Efectivos de la comisar\u00eda 38va. de la Polic\u00eda Federal (PFA) y m\u00e9dicos del Sistema de Atenci\u00f3n M\u00e9dica de Emergencias (SAME) arribaron al lugar, donde constataron que estaba muerta y su cuerpo presentaba heridas de arma blanca, dijeron las fuentes.<\/p>\n<p>Personal de la Divisi\u00f3n Homicidios y de la Unidad Criminal\u00edstica M\u00f3vil de la PFA realizaban esta tarde los peritajes correspondientes para determinar las causas de la muerte y posibles rastros dejados por quien cometi\u00f3 el crimen.<\/p>\n<p>Los peritos determinaron que la puerta de acceso a la vivienda estaba violada desde adentro, por lo que presumen que quien cometi\u00f3 el crimen no hall\u00f3 las llaves para abrirla y as\u00ed poder huir.<\/p>\n<p>Adem\u00e1s, determinaron que en el dormitorio hab\u00eda desorden provocado posiblemente por una pelea y no hallaron faltantes, lo que en principio les hace descartar el robo como m\u00f3vil del asesinato.<\/p>\n<p>Los investigadores sospechan, como principal hip\u00f3tesis, que Sacay\u00e1n fue atacada por una pareja o al menos un hombre conocido suyo, ya que testigos la vieron arribar al edificio acompa\u00f1ada y nadie la vio salir, agregaron las fuentes.<\/p>\n<p>Otro de los datos tenidos en cuenta por los pesquisas es que Diana Sacay\u00e1n ten\u00eda previsto concurrir este fin de semana a XXX Encuentro Nacional de Mujeres que se realiz\u00f3 en Mar del Plata.<\/p>\n<p>Como no viaj\u00f3, sus amistades comenzaron a llamarla para preguntar los motivos de su ausencia pero nunca recibieron respuestas.<\/p>\n<p>Con esta informaci\u00f3n, los investigadores no descartaban que el crimen se cometi\u00f3 entre el s\u00e1bado y el domingo \u00faltimos, no obstante aguardaban los resultados de la autopsia para fechar la muerte.<\/p>\n<p>El hecho es investigado por el fiscal Mat\u00edas Di Lello, aunque la titular de la Unidad Fiscal Especializada de Violencia contra las Mujeres (UFEM), que depende de la Procuraci\u00f3n General de la Naci\u00f3n, Mariela Labozzetta, le propuso intervenir en el caso, lo cual se resolver\u00e1 en las pr\u00f3ximas horas.<\/p>\n<p>En este marco, Labozzetta le plante\u00f3 a Di Lello la necesidad de utilizar en esta investigaci\u00f3n el protocolo para los casos de femicidios implementado por la UFEM.<\/p>","protected":false},"excerpt":{"rendered":"<p>La referente trans Diana Sacay\u00e1n, fue encontrada hoy asesinada a pu\u00f1aladas en su departamento del barrio porte\u00f1o de Flores, informaron fuentes policiales. El cuerpo de Sacay\u00e1n, l\u00edder de la Asociaci\u00f3n Internacional de Lesbianas, Gays y Bisexuales (ILGA) y dirigente del Movimiento Antidiscriminatorio de Liberaci\u00f3n (MAL), fue hallado, alrededor de las 13, en un domicilio ubicado [&hellip;]<\/p>\n","protected":false},"author":4,"featured_media":0,"comment_status":"open","ping_status":"open","sticky":false,"template":"","format":"standard","meta":{"site-sidebar-layout":"default","site-content-layout":"","ast-site-content-layout":"default","site-content-style":"default","site-sidebar-style":"default","ast-global-header-display":"","ast-banner-title-visibility":"","ast-main-header-display":"","ast-hfb-above-header-display":"","ast-hfb-below-header-display":"","ast-hfb-mobile-header-display":"","site-post-title":"","ast-breadcrumbs-content":"","ast-featured-img":"","footer-sml-layout":"","ast-disable-related-posts":"","theme-transparent-header-meta":"","adv-header-id-meta":"","stick-header-meta":"","header-above-stick-meta":"","header-main-stick-meta":"","header-below-stick-meta":"","astra-migrate-meta-layouts":"default","ast-page-background-enabled":"default","ast-page-background-meta":{"desktop":{"background-color":"","background-image":"","background-repeat":"repeat","background-position":"center center","background-size":"auto","background-attachment":"scroll","background-type":"","background-media":"","overlay-type":"","overlay-color":"","overlay-opacity":"","overlay-gradient":""},"tablet":{"background-color":"","background-image":"","background-repeat":"repeat","background-position":"center center","background-size":"auto","background-attachment":"scroll","background-type":"","background-media":"","overlay-type":"","overlay-color":"","overlay-opacity":"","overlay-gradient":""},"mobile":{"background-color":"","background-image":"","background-repeat":"repeat","background-position":"center center","background-size":"auto","background-attachment":"scroll","background-type":"","background-media":"","overlay-type":"","overlay-color":"","overlay-opacity":"","overlay-gradient":""}},"ast-content-background-meta":{"desktop":{"background-color":"var(--ast-global-color-5)","background-image":"","background-repeat":"repeat","background-position":"center center","background-size":"auto","background-attachment":"scroll","background-type":"","background-media":"","overlay-type":"","overlay-color":"","overlay-opacity":"","overlay-gradient":""},"tablet":{"background-color":"var(--ast-global-color-5)","background-image":"","background-repeat":"repeat","background-position":"center center","background-size":"auto","background-attachment":"scroll","background-type":"","background-media":"","overlay-type":"","overlay-color":"","overlay-opacity":"","overlay-gradient":""},"mobile":{"background-color":"var(--ast-global-color-5)","background-image":"","background-repeat":"repeat","background-position":"center center","background-size":"auto","background-attachment":"scroll","background-type":"","background-media":"","overlay-type":"","overlay-color":"","overlay-opacity":"","overlay-gradient":""}},"footnotes":""},"categories":[4],"tags":[3430,3432,3433,3434,3431,1700,401],"class_list":["post-12008","post","type-post","status-publish","format-standard","hentry","category-sociedad","tag-diana-sacayan","tag-lgbt","tag-lgbtiq","tag-mal","tag-movimiento-antidiscriminatorio-de-liberacion","tag-trans","tag-violencia-de-genero"],"spectra_blocks_featured_image_url":null,"spectra_blocks_author_info":{"display_name":"Facundo Novillo","avatar_url":"https:\/\/secure.gravatar.com\/avatar\/09745bc65ce6bf84291d6515d5f759c04b4fce4f329b8a975a8ac2982b552d3e?s=96&d=mm&r=g","author_link":"https:\/\/100xd.com.ar\/es\/author\/facundo\/","description":""},"_links":{"self":[{"href":"https:\/\/100xd.com.ar\/es\/wp-json\/wp\/v2\/posts\/12008","targetHints":{"allow":["GET"]}}],"collection":[{"href":"https:\/\/100xd.com.ar\/es\/wp-json\/wp\/v2\/posts"}],"about":[{"href":"https:\/\/100xd.com.ar\/es\/wp-json\/wp\/v2\/types\/post"}],"author":[{"embeddable":true,"href":"https:\/\/100xd.com.ar\/es\/wp-json\/wp\/v2\/users\/4"}],"replies":[{"embeddable":true,"href":"https:\/\/100xd.com.ar\/es\/wp-json\/wp\/v2\/comments?post=12008"}],"version-history":[{"count":1,"href":"https:\/\/100xd.com.ar\/es\/wp-json\/wp\/v2\/posts\/12008\/revisions"}],"predecessor-version":[{"id":12010,"href":"https:\/\/100xd.com.ar\/es\/wp-json\/wp\/v2\/posts\/12008\/revisions\/12010"}],"wp:attachment":[{"href":"https:\/\/100xd.com.ar\/es\/wp-json\/wp\/v2\/media?parent=12008"}],"wp:term":[{"taxonomy":"category","embeddable":true,"href":"https:\/\/100xd.com.ar\/es\/wp-json\/wp\/v2\/categories?post=12008"},{"taxonomy":"post_tag","embeddable":true,"href":"https:\/\/100xd.com.ar\/es\/wp-json\/wp\/v2\/tags?post=12008"}],"curies":[{"name":"wp","href":"https:\/\/api.w.org\/{rel}","templated":true}]}}