{"id":11932,"date":"2015-10-12T16:57:19","date_gmt":"2015-10-12T19:57:19","guid":{"rendered":"http:\/\/www.100xd.com.ar\/?p=11932"},"modified":"2015-10-12T17:02:52","modified_gmt":"2015-10-12T20:02:52","slug":"merkel-los-refugiados-que-llegaron-por-razones-economicas-tienen-que-abandonar-alemania","status":"publish","type":"post","link":"https:\/\/100xd.com.ar\/es\/merkel-los-refugiados-que-llegaron-por-razones-economicas-tienen-que-abandonar-alemania\/","title":{"rendered":"Merkel: &#8220;Los refugiados que llegaron por razones econ\u00f3micas tienen que abandonar Alemania&#8221;"},"content":{"rendered":"<p>La canciller alemana, Angela Merkel, reiter\u00f3 hoy su endurecida postura respecto a los refugiados que no sufran persecuci\u00f3n ni lleguen huyendo de guerras civiles, al afirmar que deber\u00e1n abandonar el pa\u00eds.<br \/>\n&#8220;A todos aquellos que no puedan reclamar este derecho porque han venido s\u00f3lo por razones econ\u00f3micas, tenemos que decirles que tienen que abandonar Alemania, por dif\u00edcil que sea esto para ellos&#8221;, explic\u00f3 Merkel en una entrevista concedida al diario Bild.<br \/>\nMerkel, no obstante, insisti\u00f3 en el &#8220;deber&#8221; de acoger a aquellos que huyen de la persecuci\u00f3n pol\u00edtica y de las guerras civiles.<br \/>\n&#8220;Hay un derecho a la protecci\u00f3n frente a la guerra y la persecuci\u00f3n. Eso es algo consagrado en nuestra Constituci\u00f3n y en la Convenci\u00f3n de Ginebra, que es v\u00e1lida en todos los pa\u00edses de Europa&#8221;, dijo la canciller alemana, seg\u00fan informa la agencia de noticias EFE.<br \/>\nPor otra parte y en un momento en el que cada vez hay m\u00e1s voces cr\u00edticas, Merkel defendi\u00f3 enf\u00e1ticamente su gesti\u00f3n en la crisis de refugiados y record\u00f3 que Alemania es &#8220;un pa\u00eds fuerte&#8221; que puede hacer frente al mayor desaf\u00edo desde la reunificaci\u00f3n alemana.<br \/>\n&#8220;Lo vamos a lograr porque somos un pa\u00eds fuerte y porque al mismo tiempo buscamos soluciones en Europa y fuera de Europa para reducir el n\u00famero de refugiados que nos llegan, ocup\u00e1ndonos de las causas (de su huida)&#8221;, coment\u00f3, seg\u00fan informa tambi\u00e9n la agencia de noticias DPA.<br \/>\nLas dudas de que Alemania pueda hacer frente a la gran afluencia de refugiados que llegan al pa\u00eds y las cr\u00edticas por su pol\u00edtica de puertas abiertas le llegan desde todos los flancos: desde sus socios en el gobierno de coalici\u00f3n -el Partido Socialdem\u00f3crata (SPD) y la Uni\u00f3n Cristianosocial (CSU)- hasta de sus propias filas.<br \/>\n&#8220;Debo aceptar las cr\u00edticas as\u00ed como con frecuencia los \u00e9xitos se presentan como m\u00edos aunque hayan trabajado muchas personas en ellos, los problemas sin resolver se ven tambi\u00e9n como mis problemas&#8221;, indic\u00f3.<br \/>\nEn la entrevista, la canciller insisti\u00f3 en la necesidad de combatir las ra\u00edces de la crisis en las zonas en conflicto, especialmente en el caso de Siria.<br \/>\n&#8220;El problema de los refugiados nos muestra cada d\u00eda que Siria est\u00e1 a las puertas de Europa&#8221;, dijo Merkel para admitir que hasta ahora los esfuerzos diplom\u00e1ticos de los pa\u00edses occidentales, del mundo \u00e1rabe y de Rusia &#8220;no han tenido \u00e9xito&#8221; en ese convulsionado pa\u00eds.<br \/>\n&#8220;Esa es la amarga verdad que nos obliga a no rendirnos sino al contrario: tenemos que redoblar los esfuerzos para encontrar una soluci\u00f3n pol\u00edtica&#8221;, afirm\u00f3.<br \/>\nFinalmente y al responder a una pregunta al respecto, Merkel admiti\u00f3 en la entrevista que no puede imaginar acoger refugiados en su propia casa, aunque expres\u00f3 su respeto por aquellos que actualmente lo est\u00e1n haciendo.<br \/>\n&#8220;Pese a todo el respeto que tengo por aquellos que hacen eso, se trata de algo que por el momento no lo puedo imaginar&#8221;, confes\u00f3.<br \/>\n&#8220;Adem\u00e1s, creo que mi deber es hacer todo lo necesario para que el Estado resuelva la situaci\u00f3n de la manera m\u00e1s sensata posible&#8221;, agreg\u00f3.<\/p>","protected":false},"excerpt":{"rendered":"<p>La canciller alemana, Angela Merkel, reiter\u00f3 hoy su endurecida postura respecto a los refugiados que no sufran persecuci\u00f3n ni lleguen huyendo de guerras civiles, al afirmar que deber\u00e1n abandonar el pa\u00eds. &#8220;A todos aquellos que no puedan reclamar este derecho porque han venido s\u00f3lo por razones econ\u00f3micas, tenemos que decirles que tienen que abandonar Alemania, [&hellip;]<\/p>\n","protected":false},"author":4,"featured_media":0,"comment_status":"open","ping_status":"open","sticky":false,"template":"","format":"standard","meta":{"site-sidebar-layout":"default","site-content-layout":"","ast-site-content-layout":"default","site-content-style":"default","site-sidebar-style":"default","ast-global-header-display":"","ast-banner-title-visibility":"","ast-main-header-display":"","ast-hfb-above-header-display":"","ast-hfb-below-header-display":"","ast-hfb-mobile-header-display":"","site-post-title":"","ast-breadcrumbs-content":"","ast-featured-img":"","footer-sml-layout":"","ast-disable-related-posts":"","theme-transparent-header-meta":"","adv-header-id-meta":"","stick-header-meta":"","header-above-stick-meta":"","header-main-stick-meta":"","header-below-stick-meta":"","astra-migrate-meta-layouts":"default","ast-page-background-enabled":"default","ast-page-background-meta":{"desktop":{"background-color":"","background-image":"","background-repeat":"repeat","background-position":"center center","background-size":"auto","background-attachment":"scroll","background-type":"","background-media":"","overlay-type":"","overlay-color":"","overlay-opacity":"","overlay-gradient":""},"tablet":{"background-color":"","background-image":"","background-repeat":"repeat","background-position":"center center","background-size":"auto","background-attachment":"scroll","background-type":"","background-media":"","overlay-type":"","overlay-color":"","overlay-opacity":"","overlay-gradient":""},"mobile":{"background-color":"","background-image":"","background-repeat":"repeat","background-position":"center center","background-size":"auto","background-attachment":"scroll","background-type":"","background-media":"","overlay-type":"","overlay-color":"","overlay-opacity":"","overlay-gradient":""}},"ast-content-background-meta":{"desktop":{"background-color":"var(--ast-global-color-5)","background-image":"","background-repeat":"repeat","background-position":"center center","background-size":"auto","background-attachment":"scroll","background-type":"","background-media":"","overlay-type":"","overlay-color":"","overlay-opacity":"","overlay-gradient":""},"tablet":{"background-color":"var(--ast-global-color-5)","background-image":"","background-repeat":"repeat","background-position":"center center","background-size":"auto","background-attachment":"scroll","background-type":"","background-media":"","overlay-type":"","overlay-color":"","overlay-opacity":"","overlay-gradient":""},"mobile":{"background-color":"var(--ast-global-color-5)","background-image":"","background-repeat":"repeat","background-position":"center center","background-size":"auto","background-attachment":"scroll","background-type":"","background-media":"","overlay-type":"","overlay-color":"","overlay-opacity":"","overlay-gradient":""}},"footnotes":""},"categories":[8],"tags":[2215,646,1944,2870],"class_list":["post-11932","post","type-post","status-publish","format-standard","hentry","category-el-mundo","tag-alemania","tag-angela-merkel","tag-refugiados","tag-siria"],"spectra_blocks_featured_image_url":null,"spectra_blocks_author_info":{"display_name":"Facundo Novillo","avatar_url":"https:\/\/secure.gravatar.com\/avatar\/09745bc65ce6bf84291d6515d5f759c04b4fce4f329b8a975a8ac2982b552d3e?s=96&d=mm&r=g","author_link":"https:\/\/100xd.com.ar\/es\/author\/facundo\/","description":""},"_links":{"self":[{"href":"https:\/\/100xd.com.ar\/es\/wp-json\/wp\/v2\/posts\/11932","targetHints":{"allow":["GET"]}}],"collection":[{"href":"https:\/\/100xd.com.ar\/es\/wp-json\/wp\/v2\/posts"}],"about":[{"href":"https:\/\/100xd.com.ar\/es\/wp-json\/wp\/v2\/types\/post"}],"author":[{"embeddable":true,"href":"https:\/\/100xd.com.ar\/es\/wp-json\/wp\/v2\/users\/4"}],"replies":[{"embeddable":true,"href":"https:\/\/100xd.com.ar\/es\/wp-json\/wp\/v2\/comments?post=11932"}],"version-history":[{"count":1,"href":"https:\/\/100xd.com.ar\/es\/wp-json\/wp\/v2\/posts\/11932\/revisions"}],"predecessor-version":[{"id":11940,"href":"https:\/\/100xd.com.ar\/es\/wp-json\/wp\/v2\/posts\/11932\/revisions\/11940"}],"wp:attachment":[{"href":"https:\/\/100xd.com.ar\/es\/wp-json\/wp\/v2\/media?parent=11932"}],"wp:term":[{"taxonomy":"category","embeddable":true,"href":"https:\/\/100xd.com.ar\/es\/wp-json\/wp\/v2\/categories?post=11932"},{"taxonomy":"post_tag","embeddable":true,"href":"https:\/\/100xd.com.ar\/es\/wp-json\/wp\/v2\/tags?post=11932"}],"curies":[{"name":"wp","href":"https:\/\/api.w.org\/{rel}","templated":true}]}}