{"id":118713,"date":"2025-04-30T11:37:51","date_gmt":"2025-04-30T14:37:51","guid":{"rendered":"https:\/\/100xd.com.ar\/?p=118713"},"modified":"2025-04-30T11:37:51","modified_gmt":"2025-04-30T14:37:51","slug":"caso-libra-francos-nego-que-hubiera-pagos-para-reunirse-o-influir-sobre-javier-milei","status":"publish","type":"post","link":"https:\/\/100xd.com.ar\/es\/caso-libra-francos-nego-que-hubiera-pagos-para-reunirse-o-influir-sobre-javier-milei\/","title":{"rendered":"Caso $Libra: Francos neg\u00f3 que hubiera &#8220;pagos&#8221; para reunirse o influir sobre Javier Milei"},"content":{"rendered":"\n<p class=\"wp-block-paragraph\">La sesi\u00f3n convocada para las 14 para interpelar al jefe de gabinete,&nbsp;<a target=\"_blank\" href=\"https:\/\/www.perfil.com\/noticias\/politica\/francos-confirmo-que-luis-caputo-y-cuneo-libarona-no-asistiran-al-congreso-y-responderan-por-escrito.phtml\" rel=\"noreferrer noopener\"><strong>Guillermo Francos<\/strong><\/a>, comenz\u00f3 con cr\u00edticas de la oposici\u00f3n ante el faltazo (ya anunciado) del ministro de Econom\u00eda,<strong>&nbsp;Luis Caputo<\/strong>, y de&nbsp;<strong>Mariano C\u00faneo Libarona<\/strong>, titular de la cartera de Justicia, quien s\u00ed dio una abrupta sorpresa horas antes de iniciarse la jornada parlamentaria. Los diputados se enteraron por la prensa de su ausencia. Luego de dos horas de demora y fuertes debates, finalmente, Francos comenz\u00f3 con su exposici\u00f3n.<\/p>\n\n\n\n<p class=\"wp-block-paragraph\">En su discurso, el funcionario<strong>&nbsp;neg\u00f3 que hubiera denuncias internacionales contra Mile<\/strong>i, as\u00ed como que hubiera &#8220;pagos&#8221; para influir o poder reunirse con el Presidente. Se refiri\u00f3 a las reuniones entre los involucrados en la criptoestafa, detall\u00f3 las fechas de sus reuniones y enfatiz\u00f3 en el \u00e1mbito privado, as\u00ed como la &#8220;difusi\u00f3n&#8221; y no la &#8220;promoci\u00f3n&#8221; de esa token que, seg\u00fan el jefe de ministros, era de conocimiento &#8220;p\u00fablico&#8221; cuando el mandatario la public\u00f3 en sus redes.<\/p>\n\n\n\n<p class=\"wp-block-paragraph\"><a target=\"_blank\" href=\"https:\/\/www.perfil.com\/noticias\/politica\/la-publicacion-de-libra-fue-escrita-por-milei-sin-coordinacion-con-nadie-3-frases-de-francos-en-diputados.phtml\" rel=\"noreferrer noopener\">&#8220;La publicaci\u00f3n de $Libra fue escrita por Milei, sin coordinaci\u00f3n con nadie&#8221;: 5 frases de Francos en Diputados<\/a>Esto no les gusta a los autoritariosEl ejercicio del periodismo profesional y cr\u00edtico es un pilar fundamental de la democracia. Por eso molesta a quienes creen ser los due\u00f1os de la verdad.Hoy m\u00e1s que nunca<a href=\"https:\/\/mi.perfil.com\/\">Suscribite<\/a><\/p>\n\n\n\n<p class=\"wp-block-paragraph\">A lo largo de la sesi\u00f3n, el ministro coordinador repiti\u00f3 el guion de que el jefe de Estado \u201cdifundi\u00f3\u201d y no promocion\u00f3 el&nbsp;<a target=\"_blank\" href=\"https:\/\/www.perfil.com\/noticias\/politica\/javier-milei-hablo-de-su-relacion-con-los-creadores-de-libra-y-de-endurecer-su-entorno-tras-el-escandalo.phtml\" rel=\"noreferrer noopener\">criptoactivo $LIBRA<\/a>&nbsp;el 14 de febrero pasado.&nbsp;<strong>\u201cFue un negocio entre privados\u201d<\/strong>, repiti\u00f3 como un mantra, y agreg\u00f3 que el proyecto Libra era \u201cde p\u00fablico conocimiento\u201d cuando Milei decidi\u00f3 darle un espaldarazo a t\u00edtulo personal, negando cualquier tipo de \u201ccoordinaci\u00f3n previa\u201d con los empresarios cripto que crearon la plataforma.<\/p>\n\n\n\n<p class=\"wp-block-paragraph\">Sin embargo, un rato antes Francos hab\u00eda admitido que&nbsp;<strong>el presidente se hab\u00eda interiorizado sobre el proyecto \u201cViva La Libertad\u201d<\/strong>&nbsp;(tambi\u00e9n conocido como \u201cLibra\u201d) durante sucesivas reuniones que mantuvo con empresarios cripto desde el 20 de septiembre del 2024 y en particular en octubre del a\u00f1o pasado durante el Tech Forum.<\/p>\n\n\n\n<figure data-spectra-id=\"spectra-a885b571-6d92-48ec-84be-bbe99962fc73\" class=\"wp-block-image\"><img decoding=\"async\" src=\"https:\/\/fotos.perfil.com\/\/2025\/04\/30\/900\/0\/20250429-la-camara-de-diputados-sesiona-para-interpelar-al-jefe-de-gabinete-guillermo-francos-sobre-la-estafa-de-la-criptomoneda-libra-2013608.jpg?webp\" alt=\"20250429 La C\u00e1mara de Diputados sesiona para interpelar al jefe de Gabinete, Guillermo Francos, sobre la estafa de la criptomoneda $LIBRA\" title=\"Caso $Libra: Francos neg\u00f3 que hubiera &quot;pagos&quot; para reunirse o influir sobre Javier Milei\" \/><\/figure>\n\n\n\n<p class=\"wp-block-paragraph\">\u201cEn dichas oportunidades se convers\u00f3 acerca de c\u00f3mo las tecnolog\u00edas descentralizadas y el&nbsp;<a target=\"_blank\" href=\"https:\/\/www.perfil.com\/noticias\/politica\/libra-quienes-estan-detras-de-cube-exchange-la-empresa-que-habria-firmado-el-contrato-con-milei.phtml\" rel=\"noreferrer noopener\">blockchange<\/a>&nbsp;pod\u00edan ser de ayuda para&nbsp;<strong>promover el negocio de emprendedores digitales y pymes argentinas<\/strong>. Tambi\u00e9n (se charl\u00f3) acerca del proyecto Viva la Libertad y su objetivo de promover la econom\u00eda argentina a trav\u00e9s del financiamiento de peque\u00f1os proyectos y negocios locales\u201d, reconoci\u00f3 el ministro coordinador.<\/p>\n\n\n\n<p class=\"wp-block-paragraph\">No obstante, se contradijo diciendo que Milei \u201c<strong>no mantiene ni mantuvo ning\u00fan v\u00ednculo con el proyecto Libertad y\/o la moneda Libra\u201d<\/strong>. Asimismo, Francos insisti\u00f3 en que la publicaci\u00f3n del 14 de febrero pasado la escribi\u00f3 Milei en la residencia de Olivos \u201csin coordinaci\u00f3n de ning\u00fan tipo con nadie\u201d, y dio a entender que el momento elegido para promocionar el proyecto fue fortuito.<\/p>\n\n\n\n<figure data-spectra-id=\"spectra-95c85083-de9c-452e-b28f-a34a039c0919\" class=\"wp-block-image\"><img decoding=\"async\" src=\"https:\/\/fotos.perfil.com\/\/2025\/04\/29\/900\/0\/guillermo-francos-en-diputados20250429-2013304.jpg?webp\" alt=\"Guillermo Francos en diputados20250429\" title=\"Caso $Libra: Francos neg\u00f3 que hubiera &quot;pagos&quot; para reunirse o influir sobre Javier Milei\" \/><\/figure>\n\n\n\n<p class=\"wp-block-paragraph\">Antes de todo eso, la oposici\u00f3n, entre quienes estaban UxP, la izquierda, la CC, Democracia para Siempre y Encuentro Federal, pidieron&nbsp;<strong>votar un cuarto intermedio&nbsp;<\/strong>para ponerle una nueva fecha a una citaci\u00f3n de los ministros ausentes. No obstante, quer\u00edan votarlo en ese momento, para asegurarse de que pasadas las largas horas de exposici\u00f3n de Francos, no perdieran el qu\u00f3rum para votar esa moci\u00f3n.<\/p>\n\n\n\n<p class=\"wp-block-paragraph\">El oficialismo, con Mart\u00edn Menem incluido interviniendo en reiteradas ocasiones citando el reglamento, pidi\u00f3 que&nbsp;<strong>esa moci\u00f3n se votara al final de la sesi\u00f3n<\/strong>, despu\u00e9s de la interpelaci\u00f3n a quien s\u00ed asisti\u00f3: Francos. Ante esto, el miedo de la oposici\u00f3n era que si no se votaba de inmediato, al final de la sesi\u00f3n no hubiera qu\u00f3rum para lograrlo.<\/p>\n\n\n\n<p class=\"wp-block-paragraph\">Finalmente, luego del cuarto intermedio, las distintas fuerzas pol\u00edticas acordaron convocar nuevamente a los ministros Caputo (Econom\u00eda) y C\u00faneo Libarona (Justicia) para que se presenten en la C\u00e1mara de Diputados.&nbsp;<strong>La citaci\u00f3n ser\u00e1 el pr\u00f3ximo mi\u00e9rcoles 14 de mayo, a las 12 horas.<\/strong><\/p>\n\n\n\n<h2 class=\"wp-block-heading\"><strong>21:00 &#8211; Los ministros Caputo y C\u00faneo Libarona ser\u00e1n citados el 14 de mayo<\/strong><\/h2>\n\n\n\n<figure data-spectra-id=\"spectra-a01911bc-7a53-47f3-ac28-dc59dba9bbc0\" class=\"wp-block-image\"><img decoding=\"async\" src=\"https:\/\/fotos.perfil.com\/\/2025\/04\/30\/900\/0\/20250429-la-camara-de-diputados-sesiona-para-interpelar-al-jefe-de-gabinete-guillermo-francos-sobre-la-estafa-de-la-criptomoneda-libra-2013610.jpg?webp\" alt=\"20250429 La C\u00e1mara de Diputados sesiona para interpelar al jefe de Gabinete, Guillermo Francos, sobre la estafa de la criptomoneda $LIBRA\" title=\"Caso $Libra: Francos neg\u00f3 que hubiera &quot;pagos&quot; para reunirse o influir sobre Javier Milei\" \/><\/figure>\n\n\n\n<p class=\"wp-block-paragraph\">Tras ausentarse a la sesi\u00f3n de este martes para ser interpelados por el cripto esc\u00e1ndalo Libra, la C\u00e1mara de Diputados acord\u00f3 volver a citar a los ministros de Econom\u00eda, Luis &#8220;Toto&#8221; Caputo, y de Justicia, Mariano C\u00faneo Libarona, para el&nbsp;<strong>mi\u00e9rcoles 14 de mayo al mediod\u00eda<\/strong>.<\/p>\n\n\n\n<p class=\"wp-block-paragraph\">A la convocatoria de interpelaci\u00f3n solamente acudi\u00f3 el jefe de Gabinete, Guillermo Francos, mientras que los dos ministros enviaron notas por escrito a la presidencia de la C\u00e1mara baja para avisar que&nbsp;<strong>por compromisos de agenda no iban a poder asistir<\/strong>.<\/p>\n\n\n\n<p class=\"wp-block-paragraph\">Las excusas presentadas por Caputo y C\u00faneo Libarona, sumado a la ausencia del titular de la&nbsp;<a target=\"_blank\" href=\"https:\/\/www.perfil.com\/noticias\/politica\/caso-libra-renuncio-tras-el-escandalo-un-polemico-asesor-de-karina-milei-en-la-cnv.phtml\" rel=\"noreferrer noopener\">Comisi\u00f3n Nacional de Valores<\/a>,<strong>&nbsp;Rodolfo Silva<\/strong>, motiv\u00f3 una fuerte pol\u00e9mica al comienzo de la sesi\u00f3n.<\/p>\n\n\n\n<p class=\"wp-block-paragraph\">Uni\u00f3n por la Patria, con el apoyo de la mayor\u00eda de los bloques de la oposici\u00f3n plante\u00f3 una moci\u00f3n para ir a un cuarto intermedio al t\u00e9rmino de la presentaci\u00f3n de Francos para retomar la sesi\u00f3n el 13 de mayo, pero tras una acalorada discusi\u00f3n que insumi\u00f3 dos horas,&nbsp;<strong>Menem desestim\u00f3 la propuesta<\/strong>.<\/p>\n\n\n\n<p class=\"wp-block-paragraph\">Finalmente, en un acuerdo salom\u00f3nico, los bloques acordaron volver a citar a los ministros Caputo y C\u00faneo Libarona el&nbsp;<strong>pr\u00f3ximo mi\u00e9rcoles 14 de mayo a las 12 horas<\/strong>.<\/p>\n\n\n\n<h2 class=\"wp-block-heading\"><strong>20:40 &#8211; Los cuestionamientos a los diputados opositores y el cruce con Germ\u00e1n Mart\u00ednez: &#8220;Sos un caradura, nunca investigaste nada&#8221;<\/strong><\/h2>\n\n\n\n<p class=\"wp-block-paragraph\">Despu\u00e9s de la ronda de pregunta de diputados de Uni\u00f3n por la Patria (UxP), las cuales calific\u00f3 de &#8220;recurrentes, [por lo que] no valen la pena responder&#8221;, el jefe de Gabinete apunt\u00f3 contra los casos de corrupci\u00f3n durante los&nbsp;<a target=\"_blank\" href=\"https:\/\/www.perfil.com\/noticias\/politica\/estados-unidos-prohibio-la-entrada-a-cristina-kirchner-y-julio-de-vido-por-su-participacion-en-importantes-casos-de-corrupcion.phtml\" rel=\"noreferrer noopener\">gobiernos kirchneristas<\/a>. &#8220;<strong>Yo veo de este bloque muchos dedos acusadores.&nbsp;<\/strong>Como sab\u00eda que esto iba a pasar, me fij\u00e9 en algunas observaciones que se hacen sobre la corrupci\u00f3n en la Argentina&#8221;, comenz\u00f3.<\/p>\n\n\n\n<p class=\"wp-block-paragraph\">&#8220;En los \u00faltimos 20 a\u00f1os, se iniciaron 1.980 causas por corrupci\u00f3n en Comodoro Py. Hay 284 que todav\u00eda se encuentran en etapa de instrucci\u00f3n. Los delitos m\u00e1s frecuentes antes de que este gobierno se instalara incluyen abusos de autoridad, incumplimiento de los deberes de funcionarios p\u00fablico y defraudaci\u00f3n agravada contra la administraci\u00f3n p\u00fablica. Desde 2018 a la fecha, se han elevado&nbsp;<strong>m\u00e1s de 25 causas por corrupci\u00f3n vinculadas al kirchnerismo<\/strong>&#8220;, continu\u00f3 Francos.<\/p>\n\n\n\n<p class=\"wp-block-paragraph\"><a target=\"_blank\" href=\"https:\/\/www.perfil.com\/noticias\/politica\/caso-libra-diputados-retoma-su-actividad-con-la-definicion-de-autoridades-de-la-comision-investigadora.phtml\" rel=\"noreferrer noopener\">Caso $Libra: Diputados retoma su actividad con la definici\u00f3n de autoridades de la comisi\u00f3n investigadora<\/a><\/p>\n\n\n\n<p class=\"wp-block-paragraph\">Al mencionar distintas causas que salpican a la gesti\u00f3n kirchnerista, lanz\u00f3: &#8220;\u00bfSe interpel\u00f3 a alg\u00fan ministro por esa investigaci\u00f3n? \u00bfSe solicit\u00f3 alguna comisi\u00f3n investigadora? Ustedes, diputados, en la historia,<strong>&nbsp;\u00bfhicieron alg\u00fan pedido sobre esto?<\/strong>&#8220;.<\/p>\n\n\n\n<p class=\"wp-block-paragraph\">Sus planteos generaron reproches por parte de los legisladores presentes. Entre ellos, el presidente del bloque de UxP,&nbsp;<strong>Germ\u00e1n Mart\u00ednez<\/strong>, quien lo calific\u00f3 de &#8220;caradura&#8221;. &#8220;<strong>M\u00e1s caradura sos vos, que nunca investigaste nada.&nbsp;<\/strong>Anda a investigar lo tuyo&#8221;, respondi\u00f3 Francos, visiblemente enojado. &#8220;Usted es jefe de bloque Mart\u00ednez, tranquilice a sus diputados. Es una falta de respeto&#8221;, acot\u00f3 Mart\u00edn Menem.<\/p>\n\n\n\n<h2 class=\"wp-block-heading\"><strong>20:30 &#8211; La chicana de Francos a Strada: &#8220;Capaz quer\u00eda sacarse una foto conmigo\u201d<\/strong><\/h2>\n\n\n\n<p class=\"wp-block-paragraph\">Durante su interpelaci\u00f3n en la C\u00e1mara baja por el caso Libra, el jefe de Gabinete, Guillermo Francos, sugiri\u00f3 ir\u00f3nicamente que la diputada nacional de Uni\u00f3n por la Patria&nbsp;<strong>Julia Strada<\/strong>&nbsp;quer\u00eda \u201csacarse una foto\u201d con \u00e9l.<\/p>\n\n\n\n<p class=\"wp-block-paragraph\">Un rato antes, la diputada kirchnerista hab\u00eda acusado al funcionario de<strong>&nbsp;\u201cno saber nada\u201d&nbsp;<\/strong>y hacerle perder el tiempo a los legisladores que estaban en el recinto para interrogarlo. \u201cYa pasaron m\u00e1s de dos meses de la estafa. \u00a1Viene ac\u00e1 y no sabe nada!\u201d, lanz\u00f3 Strada.<\/p>\n\n\n\n<p class=\"wp-block-paragraph\">\u201cNo sabe qui\u00e9n le dio la informaci\u00f3n al presidente para tuitear\u201d, dijo sobre el mensaje que public\u00f3 el pasado 14 de febrero el presidente Javier Milei promocionando la cripto estafa Libra. \u201c<strong>Usted tiene que explicar qu\u00e9 papel juega&nbsp;<a target=\"_blank\" href=\"https:\/\/www.perfil.com\/noticias\/politica\/un-mes-de-libra-karina-milei-en-la-mira-y-una-pelea-por-la-competencia-de-la-causa.phtml\" rel=\"noreferrer noopener\">Karina Milei<\/a>&nbsp;<\/strong>en la autorizaci\u00f3n de los ingresos a la Casa Rosada\u201d, le se\u00f1al\u00f3 Strada, que termin\u00f3 advirti\u00e9ndole a Francos que no explicar los temas es \u201cencubrimiento\u201d.<\/p>\n\n\n\n<h2 class=\"wp-block-heading\"><strong>18:45 &#8211; La pregunta que Francos dijo &#8220;no tengo idea&#8221;<\/strong><\/h2>\n\n\n\n<figure data-spectra-id=\"spectra-72ddc379-657a-416e-8d8b-0779e5a52325\" class=\"wp-block-image\"><img decoding=\"async\" src=\"https:\/\/fotos.perfil.com\/\/2025\/04\/29\/900\/0\/guillermo-francos-en-diputados20250429-2013306.jpg?webp\" alt=\"Guillermo Francos en diputados20250429\" title=\"Caso $Libra: Francos neg\u00f3 que hubiera &quot;pagos&quot; para reunirse o influir sobre Javier Milei\" \/><\/figure>\n\n\n\n<p class=\"wp-block-paragraph\">El jefe de Gabinete, Guillermo Francos, confes\u00f3 que&nbsp;<strong>\u201cno ten\u00eda idea\u201d&nbsp;<\/strong>sobre el destino de las sumas millonarias que fueron recaudados en base a la mega estafa $Libra.<\/p>\n\n\n\n<p class=\"wp-block-paragraph\">Lo que sorprendi\u00f3 no fue el desconocimiento sobre un asunto que excede sus competencias y su participaci\u00f3n concreta, sino el desparpajo y la sinceridad brutal con la que contest\u00f3 la pregunta del presidente del bloque de Democracia para Siempre,<strong>&nbsp;Pablo Juliano.<\/strong><\/p>\n\n\n\n<h2 class=\"wp-block-heading\"><strong>18:15 &#8211; Massot: &#8220;Ac\u00e1 deber\u00edan estar sentados Karina Milei y Manuel Adorni\u201d<\/strong><\/h2>\n\n\n\n<p class=\"wp-block-paragraph\">En el inicio de las preguntas del bloque Encuentro Federal,&nbsp;<strong>Nicol\u00e1s Massot<\/strong>, consider\u00f3 que los interpelados por el criptogate deber\u00edan ser la secretaria general de la Presidencia y el vocero presidencial \u201cporque son los que firmaron los ingresos de los estafadores a la Casa Rosada\u201d.<\/p>\n\n\n\n<p class=\"wp-block-paragraph\">En ese sentido, remarc\u00f3 \u201cen vez de explicar que el Presidente fue enga\u00f1ado\u201d y cay\u00f3 en una presunta estafa, \u201cno existi\u00f3 una explicaci\u00f3n\u201d por parte del Gobierno.<\/p>\n\n\n\n<p class=\"wp-block-paragraph\">\u201cSi alguien lo enga\u00f1\u00f3, \u00e9l tiene que denunciar y no permanecer en silencio por 70 d\u00edas. Hizo lo que hizo en su investidura presidencial\u201d, dijo en relaci\u00f3n con la publicaci\u00f3n en la que el mandatario difundi\u00f3 la criptomoneda.<\/p>\n\n\n\n<h2 class=\"wp-block-heading\"><strong>17:30 &#8211; \u201cLa publicaci\u00f3n del 14 de febrero fue escrita por Milei sin coordinaci\u00f3n de ning\u00fan tipo con nadie\u201d<\/strong><\/h2>\n\n\n\n<p class=\"wp-block-paragraph\">El jefe de Gabinete,<strong>&nbsp;Guillermo Francos,<\/strong>&nbsp;asegur\u00f3 hoy que la publicaci\u00f3n del 14 de febrero pasado en la que difund\u00eda el criptoactivo Libra la escribi\u00f3 el presidente Javier Milei en la residencia de Olivos \u201csin coordinaci\u00f3n de ning\u00fan tipo con nadie\u201d, y dio a entender que el momento elegido para promocionar el proyecto fue fortuito.<\/p>\n\n\n\n<h2 class=\"wp-block-heading\"><strong>16:40 &#8211; Comienza la interpelaci\u00f3n: UxP le exige sobre la promoci\u00f3n de la cripto por los horarios del posteo de Milei<\/strong><\/h2>\n\n\n\n<p class=\"wp-block-paragraph\">Sabrina Selva, de UxP, le exige aclarar a Francos sobre que Milei fue el primero el publicar la criptomoneda en el mundo: &#8220;No puede responder esto. No era p\u00fablico el token, y Javier Milei fue el primero en promocionar la criptomoneda&#8221;.<\/p>\n\n\n\n<p class=\"wp-block-paragraph\">&#8220;Seg\u00fan lo que dice Milei, era de informaci\u00f3n p\u00fablica, no le puedo justificar esa pregunta porque no manejo la informaci\u00f3n de criptomonedas. Esto no es un tema de administraci\u00f3n p\u00fablica asi que yo sobre eso no le puedo responder&#8221;, le respondi\u00f3 Francos.<\/p>\n\n\n\n<p class=\"wp-block-paragraph\">&#8220;<strong>\u00bfPor qu\u00e9 el presidente Javier Milei es el primer en publicar el n\u00famero de contrato por el cual los usuarios ah\u00ed pod\u00edan comprar las criptomonedas?<\/strong>&#8220;, consult\u00f3 la diputada Selva, sugiriendo una coordinaci\u00f3n entre el tuit del mandatario el pasado 14 de febrero con el lanzamiento de la plataforma Libra.<\/p>\n\n\n\n<p class=\"wp-block-paragraph\"><a target=\"_blank\" href=\"https:\/\/www.perfil.com\/noticias\/politica\/para-claudio-mardones-la-comision-investigadora-del-caso-libra-podria-quedar-estancada.phtml\" rel=\"noreferrer noopener\">Para Claudio Mardones, la comisi\u00f3n investigadora del caso Libra podr\u00eda quedar estancada<\/a><\/p>\n\n\n\n<p class=\"wp-block-paragraph\">Hagman tambi\u00e9n busc\u00f3 indagar sobre el motivo por el cual Milei hab\u00eda sido el primero en publicar el n\u00famero de contrato de Libra y le record\u00f3 a Francos que &#8220;no hay ning\u00fan registro que ese contrato se haya publicado previo a que lo haya Milei en su tuit del 14 de febrero&#8221;.<\/p>\n\n\n\n<p class=\"wp-block-paragraph\">Ante esas afirmaciones de los diputados de UP, Francos respondi\u00f3: \u201cEl Presidente difundi\u00f3 una iniciativa privada que le pareci\u00f3 interesante para sectores de la producci\u00f3n argentina\u201d. &#8220;Cuando se lo comentaron le pareci\u00f3 interesante y por eso lo difundi\u00f3. El Presidente tom\u00f3 la informaci\u00f3n que era p\u00fablica&#8221;, agreg\u00f3.<\/p>\n\n\n\n<p class=\"wp-block-paragraph\">Ante la r\u00e9plica del diputado Marino, Francos respondi\u00f3: \u201cUsted se gu\u00eda por informaci\u00f3n de prensa. Si tiene alguna prueba, ll\u00e9velo a la Justicia\u201d. En tanto, Marino consult\u00f3 por qu\u00e9 Milei dijo en una nota con TN que el ministro de Justicia,&nbsp;<strong>Mariano C\u00faneo Libarona,&nbsp;<\/strong>iba a ejercer su defensa, a lo que Francos respondi\u00f3:&nbsp;<strong>&#8220;Lo mencion\u00f3 como una persona a la que iba a consultar, pero no a representar jur\u00eddicamente&#8221;.<\/strong><\/p>\n\n\n\n<h2 class=\"wp-block-heading\"><strong>16:30 &#8211; Denuncias, coimas y la figura de C\u00faneo Libarona<\/strong><\/h2>\n\n\n\n<p class=\"wp-block-paragraph\">Francos afirm\u00f3 que &#8220;el Estado no ha recibido ninguna denuncia ni reclamo internacional. Se desconocen denuncias realizadas sobre Javier Milei&#8221;. No obstante, aclar\u00f3 que el ministro de Justicia &#8220;no podr\u00eda hacer ninguna defensa&#8221; sobre el caso, siendo justamente quien se ausent\u00f3 en esta jornada.<\/p>\n\n\n\n<p class=\"wp-block-paragraph\">Por otro lado, neg\u00f3 &#8220;rotundamente&#8221; que se hayan exigido pagos a cambio de tener reuniones con el presidente o influir en sus decisiones.<\/p>\n\n\n\n<h2 class=\"wp-block-heading\"><strong>16:15 &#8211; Milei, las reuniones con Davis y Novelli y la creaci\u00f3n de LIBRA<\/strong><\/h2>\n\n\n\n<p class=\"wp-block-paragraph\">&#8220;Milei conoci\u00f3 a Novelli en 2020 y entabl\u00f3 una relaci\u00f3n personal y profesional. El daba clases de finanzas en su academia&#8221;, aclar\u00f3.<\/p>\n\n\n\n<p class=\"wp-block-paragraph\">Respecto de las reuniones en Casa Rosada con los personajes involucrados en la estafa, Francos detall\u00f3 que &#8220;Hayden Davis estaba interesado en el desarrollo tecnol\u00f3gico cripto y por eso hubo reuniones del presidente. Tambi\u00e9n con Julian Peh, Manuel Adorni, Novelli. Se convers\u00f3 acerca de tecnolog\u00edas descentralizadas para pymes argentinas. C\u00f3mo impulsar la econom\u00eda argentina&#8221;.<\/p>\n\n\n\n<p class=\"wp-block-paragraph\">M\u00e1s adelante, afirm\u00f3 que Milei &#8220;no fue parte de ninguna instancia del desarrollo de la moneda. Ante la repercusi\u00f3n que tuvo, borr\u00f3 el mensaje que comparti\u00f3. Es falso que Libra ser\u00eda una criptomoneda del presidente de la Naci\u00f3n&#8221;.<\/p>\n\n\n\n<h2 class=\"wp-block-heading\"><strong>16:00 &#8211; Francos comenz\u00f3 enojado su discurso<\/strong><\/h2>\n\n\n\n<p class=\"wp-block-paragraph\">El jefe de Gabinete comenz\u00f3 su alocuci\u00f3n algo molesto con los diputados por las demoras: &#8220;En mi vida hice esperar a alguien dos horas. Es una falta de respeto&#8221;.<\/p>\n\n\n\n<p class=\"wp-block-paragraph\">Luego, se refiri\u00f3 a que se trataba de una maniobra pol\u00edtica y un &#8220;montaje&#8221;. &#8220;Los argentinos exigen de este congreso sobre legislaciones concretas sobre problem\u00e1ticas reales. Este tipo de &#8216;montajes&#8217; no contribuye al funcionamiento democr\u00e1tico&#8221;.<\/p>\n\n\n\n<figure data-spectra-id=\"spectra-d2778516-3638-44cc-aa53-9ac17591f498\" class=\"wp-block-image\"><img decoding=\"async\" src=\"https:\/\/fotos.perfil.com\/\/2025\/04\/29\/900\/0\/guillermo-francos-en-diputados20250429-2013303.jpg?webp\" alt=\"Guillermo Francos en diputados20250429\" title=\"Caso $Libra: Francos neg\u00f3 que hubiera &quot;pagos&quot; para reunirse o influir sobre Javier Milei\" \/><\/figure>\n\n\n\n<p class=\"wp-block-paragraph\">&#8220;Este gobierno no huye ni al control ni al debate, estamos comprometidos con la transparencia. Queremos esclarecer los hechos ocurridos. Pero le pedimos responsabilidad y seriedad a quienes integran esta c\u00e1mara. No aceptaremos el montaje medi\u00e1tico y pol\u00edtico&#8221;, agreg\u00f3.<\/p>\n\n\n\n<h2 class=\"wp-block-heading\"><strong>15:00 &#8211; Una sesi\u00f3n caliente en Diputados<\/strong><\/h2>\n\n\n\n<p class=\"wp-block-paragraph\">La oposici\u00f3n se mostr\u00f3 furiosa con el faltazo de Caputo y Cuneo Libarona. Juan Manuel L\u00f3pez, de la Coalici\u00f3n C\u00edvica, sostuvo: &#8220;Es una burla que sea ministro de justicia ese se\u00f1or. Tiene que venir&#8221;.<\/p>\n\n\n\n<p class=\"wp-block-paragraph\">Vilma Ripoll, de la izquierda, arremeti\u00f3 contra Luis Caputo. &#8220;\u00bfQue agenda tiene? Es un rid\u00edculo. Hay que votar y obligar a que venga Caputo que no vino nunca. Que se vote cuando viene.<\/p>\n\n\n\n<p class=\"wp-block-paragraph\">&#8220;Hay que cumplir el reglamento y votar si queremos pasar a un cuarto intermedio. Hay que votar la moci\u00f3n de orden ahora y despu\u00e9s entrar\u00e1 el jefe de gabinete&#8221;, se quej\u00f3 Margarita Stolbizer, del GEN.<\/p>\n\n\n\n<figure data-spectra-id=\"spectra-d72da7ad-2faa-4068-9ae4-2c50c3bddd35\" class=\"wp-block-image\"><img decoding=\"async\" src=\"https:\/\/fotos.perfil.com\/\/2025\/04\/30\/900\/0\/20250429-la-camara-de-diputados-sesiona-para-interpelar-al-jefe-de-gabinete-guillermo-francos-sobre-la-estafa-de-la-criptomoneda-libra-2013607.jpg?webp\" alt=\"20250429 La C\u00e1mara de Diputados sesiona para interpelar al jefe de Gabinete, Guillermo Francos, sobre la estafa de la criptomoneda $LIBRA\" title=\"Caso $Libra: Francos neg\u00f3 que hubiera &quot;pagos&quot; para reunirse o influir sobre Javier Milei\" \/><\/figure>\n\n\n\n<p class=\"wp-block-paragraph\">El legislador de La Libertad Avanza, NIcol\u00e1s Mayoraz, manifest\u00f3: &#8220;Yo entiendo la posici\u00f3n de UxP. Pero aqu\u00ed hay que ver el reglamento. Debemos regirnos por eso, no por lo que se nos antoje por ponernos de acuerdo. En ese sentido el art\u00edculo 210 dice 2\/3 para el final sobre lo que se plantee en el debate. No puede plantear un cuarto intermedio a futuro. La suspensi\u00f3n de la sesi\u00f3n se deber\u00eda haber tratado antes. La norma especial desplaza a una orden general. Es una sesi\u00f3n especial esta. Quieren hacer una nueva sesi\u00f3n? H\u00e1ganlo en el momento oportuno&#8221;.<\/p>\n\n\n\n<p class=\"wp-block-paragraph\">El presidente del bloque PRO, Cristian Ritondo, se quej\u00f3 de la demora de la sesi\u00f3n: &#8220;Hace una hora y cuarto que deber\u00eda haber empezado el jefe de gabinete. Desde 1995 que no viene nadie. Le estamos faltando el respeto a alguien que tiene la voluntad de venir a dar respuestas&#8221;.<\/p>\n\n\n\n<p class=\"wp-block-paragraph\">Germ\u00e1n Mart\u00ednez, de Uni\u00f3n por la Patria, indic\u00f3: &#8220;Decimos que se respete el congreso, recuperar la pol\u00edtica, empoderar al congreso. Tenemos que hacer la moci\u00f3n sencilla que finalizada la interpelaci\u00f3n al jefe de gabinete se pase a un cuarto intermedio para un martes convocar a los otros convocados&#8221;.<\/p>\n\n\n\n<h2 class=\"wp-block-heading\"><strong>10:00 &#8211; Las declaraciones de Francos antes de su interpelaci\u00f3n<\/strong><\/h2>\n\n\n\n<p class=\"wp-block-paragraph\">&#8220;Asistir\u00e9 yo en representaci\u00f3n de todo el Poder Ejecutivo. Los ministros de Econom\u00eda y Justicia se ponen a disposici\u00f3n para responder por escrito, advirtiendo que no tiene ninguna vinculaci\u00f3n con el tema en particular&#8221;, dijo Francos en declaraciones radiales.<\/p>\n\n\n\n<p class=\"wp-block-paragraph\">Se\u00f1al\u00f3 que dar\u00e1 &#8220;todas las explicaciones que ya el Presidente dio. No hay mucho nuevo para aportar&#8221;. Sobre el mecanismo de interpelaci\u00f3n dijo que &#8220;Tenemos que remontarnos al a\u00f1o 1996 para ver una interpelaci\u00f3n a un ministro por parte del Congreso&#8221;.<\/p>\n\n\n\n<p class=\"wp-block-paragraph\">En ese sentido agreg\u00f3 que &#8220;es llamativo que en 30 a\u00f1os no se haya interpelado a ning\u00fan ministro. Ahora, por un hecho que no tiene intervenci\u00f3n del Poder Ejecutivo, quieren interpelar a tres ministros&#8221;.<\/p>\n\n\n\n<p class=\"wp-block-paragraph\">Apunt\u00f3 que &#8220;creo que va a haber mucho show pol\u00edtico. Se da dentro de un proceso electoral y es parte de la campa\u00f1a&#8221;. Francos agreg\u00f3: &#8220;conozco este tema desde hace mucho tiempo y s\u00e9 c\u00f3mo se utilizan estos episodios para sacar r\u00e9dito pol\u00edtico&#8221;.<\/p>\n\n\n\n<p class=\"wp-block-paragraph\">Fuente: <a href=\"https:\/\/www.perfil.com\/\">Perfil.com<\/a><\/p>\n","protected":false},"excerpt":{"rendered":"<p>La sesi\u00f3n convocada para las 14 para interpelar al jefe de gabinete,&nbsp;Guillermo Francos, comenz\u00f3 con cr\u00edticas de la oposici\u00f3n ante el faltazo (ya anunciado) del ministro de Econom\u00eda,&nbsp;Luis Caputo, y de&nbsp;Mariano C\u00faneo Libarona, titular de la cartera de Justicia, quien s\u00ed dio una abrupta sorpresa horas antes de iniciarse la jornada parlamentaria. Los diputados se [&hellip;]<\/p>\n","protected":false},"author":9,"featured_media":0,"comment_status":"open","ping_status":"open","sticky":false,"template":"","format":"standard","meta":{"site-sidebar-layout":"default","site-content-layout":"","ast-site-content-layout":"default","site-content-style":"default","site-sidebar-style":"default","ast-global-header-display":"","ast-banner-title-visibility":"","ast-main-header-display":"","ast-hfb-above-header-display":"","ast-hfb-below-header-display":"","ast-hfb-mobile-header-display":"","site-post-title":"","ast-breadcrumbs-content":"","ast-featured-img":"","footer-sml-layout":"","ast-disable-related-posts":"","theme-transparent-header-meta":"","adv-header-id-meta":"","stick-header-meta":"","header-above-stick-meta":"","header-main-stick-meta":"","header-below-stick-meta":"","astra-migrate-meta-layouts":"default","ast-page-background-enabled":"default","ast-page-background-meta":{"desktop":{"background-color":"","background-image":"","background-repeat":"repeat","background-position":"center center","background-size":"auto","background-attachment":"scroll","background-type":"","background-media":"","overlay-type":"","overlay-color":"","overlay-opacity":"","overlay-gradient":""},"tablet":{"background-color":"","background-image":"","background-repeat":"repeat","background-position":"center center","background-size":"auto","background-attachment":"scroll","background-type":"","background-media":"","overlay-type":"","overlay-color":"","overlay-opacity":"","overlay-gradient":""},"mobile":{"background-color":"","background-image":"","background-repeat":"repeat","background-position":"center center","background-size":"auto","background-attachment":"scroll","background-type":"","background-media":"","overlay-type":"","overlay-color":"","overlay-opacity":"","overlay-gradient":""}},"ast-content-background-meta":{"desktop":{"background-color":"var(--ast-global-color-5)","background-image":"","background-repeat":"repeat","background-position":"center center","background-size":"auto","background-attachment":"scroll","background-type":"","background-media":"","overlay-type":"","overlay-color":"","overlay-opacity":"","overlay-gradient":""},"tablet":{"background-color":"var(--ast-global-color-5)","background-image":"","background-repeat":"repeat","background-position":"center center","background-size":"auto","background-attachment":"scroll","background-type":"","background-media":"","overlay-type":"","overlay-color":"","overlay-opacity":"","overlay-gradient":""},"mobile":{"background-color":"var(--ast-global-color-5)","background-image":"","background-repeat":"repeat","background-position":"center center","background-size":"auto","background-attachment":"scroll","background-type":"","background-media":"","overlay-type":"","overlay-color":"","overlay-opacity":"","overlay-gradient":""}},"footnotes":""},"categories":[25],"tags":[],"class_list":["post-118713","post","type-post","status-publish","format-standard","hentry","category-destacado"],"spectra_blocks_featured_image_url":null,"spectra_blocks_author_info":{"display_name":"Jorge Alfredo Baret","avatar_url":"https:\/\/secure.gravatar.com\/avatar\/31696f5ca83439b642450ec7d3f82f98451a5efacb414343d5478c982b337f26?s=96&d=mm&r=g","author_link":"https:\/\/100xd.com.ar\/es\/author\/jorge\/","description":"Ingeniero Qu\u00edmico UTN - Director Apoderado de Comunicaciones Auditadas SA. Editor Responsable 100xd.com.ar."},"_links":{"self":[{"href":"https:\/\/100xd.com.ar\/es\/wp-json\/wp\/v2\/posts\/118713","targetHints":{"allow":["GET"]}}],"collection":[{"href":"https:\/\/100xd.com.ar\/es\/wp-json\/wp\/v2\/posts"}],"about":[{"href":"https:\/\/100xd.com.ar\/es\/wp-json\/wp\/v2\/types\/post"}],"author":[{"embeddable":true,"href":"https:\/\/100xd.com.ar\/es\/wp-json\/wp\/v2\/users\/9"}],"replies":[{"embeddable":true,"href":"https:\/\/100xd.com.ar\/es\/wp-json\/wp\/v2\/comments?post=118713"}],"version-history":[{"count":1,"href":"https:\/\/100xd.com.ar\/es\/wp-json\/wp\/v2\/posts\/118713\/revisions"}],"predecessor-version":[{"id":118715,"href":"https:\/\/100xd.com.ar\/es\/wp-json\/wp\/v2\/posts\/118713\/revisions\/118715"}],"wp:attachment":[{"href":"https:\/\/100xd.com.ar\/es\/wp-json\/wp\/v2\/media?parent=118713"}],"wp:term":[{"taxonomy":"category","embeddable":true,"href":"https:\/\/100xd.com.ar\/es\/wp-json\/wp\/v2\/categories?post=118713"},{"taxonomy":"post_tag","embeddable":true,"href":"https:\/\/100xd.com.ar\/es\/wp-json\/wp\/v2\/tags?post=118713"}],"curies":[{"name":"wp","href":"https:\/\/api.w.org\/{rel}","templated":true}]}}