{"id":118006,"date":"2025-04-16T11:09:01","date_gmt":"2025-04-16T14:09:01","guid":{"rendered":"https:\/\/100xd.com.ar\/?p=118006"},"modified":"2025-04-16T11:09:01","modified_gmt":"2025-04-16T14:09:01","slug":"elecciones-caba-2025-en-vivo-junto-a-jorge-macri-los-candidatos-del-pro-presentaron-sus-propuestas-legislativas","status":"publish","type":"post","link":"https:\/\/100xd.com.ar\/es\/elecciones-caba-2025-en-vivo-junto-a-jorge-macri-los-candidatos-del-pro-presentaron-sus-propuestas-legislativas\/","title":{"rendered":"Elecciones CABA 2025, en vivo: junto a Jorge Macri, los candidatos del PRO presentaron sus propuestas legislativas"},"content":{"rendered":"<p class=\"wp-block-paragraph\"><a href=\"https:\/\/www.infobae.com\/tag\/elecciones-caba-2025\/\" target=\"_blank\" rel=\"noreferrer noopener\">Los porte\u00f1os ir\u00e1n a las urnas<\/a>&nbsp;el pr\u00f3ximo 18 de mayo para elegir a 30 legisladores. Silvia<strong>&nbsp;Lospennato<\/strong>, Leandro&nbsp;<strong>Santoro<\/strong>, Manuel&nbsp;<strong>Adorni<\/strong>, Horacio&nbsp;<strong>Rodr\u00edguez Larreta<\/strong>&nbsp;y Ramiro&nbsp;<strong>Marra<\/strong>&nbsp;son los principales nombres que encabezan las boletas.<\/p>\n\n\n\n<p class=\"wp-block-paragraph\">Los partidos que mayores lugares ponen en juego son el PRO (15), la alianza&nbsp;<strong>Es ahora Buenos Aires&nbsp;<\/strong>(8) y&nbsp;<strong>La Libertad Avanza<\/strong>&nbsp;(6).10:35&nbsp;hsHoy<\/p>\n\n\n\n<h2 class=\"wp-block-heading\" id=\"laura-alonso:-&quot;el-pro-siempre-esta-en-el-mismo-lugar&quot;\">Laura Alonso: \u201cEl PRO siempre est\u00e1 en el mismo lugar\u201d<\/h2>\n\n\n\n<p class=\"wp-block-paragraph\">https:\/\/imasdk.googleapis.com\/js\/core\/bridge3.693.0_es.html#fid=goog_13209007710 seconds of 6 minutes, 8 secondsVolume 90%&nbsp;Laura Alonso, vocera del Gobierno porte\u00f1o, habl\u00f3 con Infobae en vivo<\/p>\n\n\n\n<p class=\"wp-block-paragraph\">La vocera del Gobierno de la Ciudad de Buenos Aires,&nbsp;<strong>Laura Alonso<\/strong>, destac\u00f3 las propuestas legislativas del PRO apuntan a \u201cpromover y fortalecer el orden p\u00fablico\u201d, lanzar nuevas \u201cpropuestas de cuidado\u201d y \u201cde innovaci\u00f3n como la telemedicina y la historia cl\u00ednica digital\u201d.<\/p>\n\n\n\n<p class=\"wp-block-paragraph\">\u201cProyectamos una&nbsp;<strong>Buenos Aires<\/strong>&nbsp;m\u00e1s moderna y con una visi\u00f3n de futuro&#8221;, asegur\u00f3 durante una entrevista en&nbsp;<strong>Infobae en Vivo<\/strong>, en el programa&nbsp;<strong>de la ma\u00f1ana<\/strong>, que cuenta con la conducci\u00f3n de&nbsp;<strong>Gonzalo S\u00e1nchez, Carolina Amoroso, Ram\u00f3n Indart<\/strong>&nbsp;y&nbsp;<strong>Cecilia Boufflet<\/strong>.<\/p>\n\n\n\n<p class=\"wp-block-paragraph\">En su intervenci\u00f3n,&nbsp;<strong>Alonso<\/strong>&nbsp;hizo \u00e9nfasis en el compromiso del PRO con el distrito capitalno. \u201cEl PRO siempre est\u00e1 en el mismo lugar desde el minuto uno\u201d, afirm\u00f3 Alonso, aludiendo a la continuidad y consistencia del partido en su representaci\u00f3n pol\u00edtica, la cual, seg\u00fan explic\u00f3, se refleja en la presencia y el liderazgo de figuras como &#8220;<strong>Jorge Macri<\/strong>&nbsp;y&nbsp;<strong>Mauricio Macri&#8221;<\/strong>.<\/p>\n\n\n\n<p class=\"wp-block-paragraph\">\u201cSentimos que somos la mejor propuesta para los vecinos de la ciudad de Buenos Aires, y con los mejores equipos, como lo venimos demostrando hace tanto tiempo\u201d, complet\u00f3.08:36&nbsp;hsHoy<\/p>\n\n\n\n<h2 class=\"wp-block-heading\" id=\"junto-a-jorge-macri-los-candidatos-del-pro-presentaron-sus-propuestas-legislativas\">Junto a Jorge Macri, los candidatos del PRO presentaron sus propuestas legislativas<\/h2>\n\n\n\n<p class=\"wp-block-paragraph\"><img loading=\"lazy\" decoding=\"async\" alt=\"En un acto, Jorge Macri\" height=\"1080\" src=\"https:\/\/www.infobae.com\/resizer\/v2\/IQMRQ4EUUVFUTGLUJP23OMZ3QE.jpg?auth=58d990501d4c9a3f0a7f13568c0e21d5a9218fab1587c16d55dc10ef6de56c1e&amp;smart=true&amp;width=350&amp;height=197&amp;quality=85\" width=\"1920\" title=\"Elecciones CABA 2025, en vivo: junto a Jorge Macri, los candidatos del PRO presentaron sus propuestas legislativas\">En un acto, Jorge Macri y los candidatos del PRO lanzaron sus propuestas legislativas<\/p>\n\n\n\n<p class=\"wp-block-paragraph\">El jefe de Gobierno de la Ciudad de Buenos Aires,&nbsp;<strong>Jorge Macri<\/strong>, y la candidata a legisladora porte\u00f1a,&nbsp;<strong>Silvia Lospennato<\/strong>, presentaron hoy una serie de propuestas legislativas de cara de 18 de mayo. Los postulantes detallaron sus planes en diversas \u00e1reas, desde la salud hasta la seguridad y la autonom\u00eda de la Ciudad.<\/p>\n\n\n\n<p class=\"wp-block-paragraph\">Macri comenz\u00f3 su intervenci\u00f3n destacando la importancia de contar con una lista de legisladores comprometidos con los objetivos del PRO. \u201cNecesitamos que estas iniciativas sean ley. Necesitamos una lista y un bloque legislativo comprometidos con estos objetivos y con el mismo amor por esta ciudad maravillosa\u201d, expres\u00f3.<\/p>\n\n\n\n<p class=\"wp-block-paragraph\">\u201cTener m\u00e1s legisladores PRO es tan importante para nuestra gesti\u00f3n en los pr\u00f3ximos dos a\u00f1os y medio que nos van a quedar para los vecinos\u201d, dijo Macri. \u201cNadie es descartable, nadie sobra. Quienes gobernamos tenemos que tener un kit de herramientas amplio, algunas realidades se enfrentan con una motosierra, pero muchas otras veces se necesitan otras m\u00e1s aptas, para cuidar, sanar, construir y evitar inundaciones. De eso se trata de nuestra propuesta\u201d, agreg\u00f3.<\/p>\n\n\n\n<figure data-spectra-id=\"spectra-5803a660-1c7b-4d4f-90b3-dae9d2530914\" class=\"wp-block-image\"><img decoding=\"async\" src=\"https:\/\/www.infobae.com\/resizer\/v2\/YSY373IGLRCZBCV364AJ4RULJI.png?auth=f9af954e3655a92c619f5699c887e0fd4e2df632477ea556f9a3deae3476b935&amp;smart=true&amp;width=350&amp;height=197&amp;quality=85\" alt=\"YSY373IGLRCZBCV364AJ4RULJI\" title=\"Elecciones CABA 2025, en vivo: junto a Jorge Macri, los candidatos del PRO presentaron sus propuestas legislativas\" \/><\/figure>\n\n\n\n<p class=\"wp-block-paragraph\">Por su parte, Lospennato aprovech\u00f3 la ocasi\u00f3n para realizar un firme compromiso en relaci\u00f3n a la&nbsp;<strong>Ficha Limpia<\/strong>, sobre la que anticip\u00f3 que ser\u00e1 la propuesta de \u201cficha limpia m\u00e1s grande, m\u00e1s completa y estricta de Argentina\u201d, para asegurar que los candidatos a cargos electivos no tengan condenas por delitos graves. \u201cNo hay progreso econ\u00f3mico sin una \u00e9tica p\u00fablica s\u00f3lida\u201d, remarc\u00f3 la diputada nacional.<\/p>\n\n\n\n<p class=\"wp-block-paragraph\">A su vez, Lospennato remarc\u00f3 que los pr\u00f3ximos comicios se tratan de \u201cuna elecci\u00f3n local, no se define ning\u00fan tema nacional\u201d, y que se votar\u00e1 \u201cc\u00f3mo queremos vivir los porte\u00f1os y quienes representan mejor los valores de esta ciudad\u201d.<\/p>\n\n\n\n<p class=\"wp-block-paragraph\">Durante el acto, los principales candidatos del PRO como&nbsp;<strong>Laura Alonso, Victoria Morales Gorleri, Hern\u00e1n Lombardi, Waldo Wolff, Dar\u00edo Nieto<\/strong>&nbsp;y&nbsp;<strong>Roc\u00edo Figueroa&nbsp;<\/strong>anunciaron sus propuestas para mejorar el sistema de salud, la seguridad y promover el bienestar de los porte\u00f1os:<\/p>\n\n\n\n<figure data-spectra-id=\"spectra-18bc71f8-b04c-4816-9907-64c74a1a69a0\" class=\"wp-block-image\"><img decoding=\"async\" src=\"https:\/\/www.infobae.com\/resizer\/v2\/NUCJ45AJHJCBLEMXBGGFOKZRU4.png?auth=cf0f01e35bd0779543be7a0061c0e46341b555e4576fac97decb600618307f67&amp;smart=true&amp;width=350&amp;height=197&amp;quality=85\" alt=\"NUCJ45AJHJCBLEMXBGGFOKZRU4\" title=\"Elecciones CABA 2025, en vivo: junto a Jorge Macri, los candidatos del PRO presentaron sus propuestas legislativas\" \/><\/figure>\n\n\n\n<ol class=\"wp-block-list\"><li><strong>\u201cPorte\u00f1os, primero\u201d<\/strong>: Dar prioridad a los ciudadanos porte\u00f1os en los centros de salud, aumentando la proporci\u00f3n de turnos reservados para residentes de la Ciudad al 70%. Tambi\u00e9n se intensificar\u00e1n los controles sobre la facturaci\u00f3n de servicios m\u00e9dicos para extranjeros.<\/li><li><strong>Historia cl\u00ednica digital para todos<\/strong>: Implementar una historia cl\u00ednica digital accesible para todos los porte\u00f1os, tanto en el sector p\u00fablico como privado, para mejorar el seguimiento m\u00e9dico y la atenci\u00f3n.<\/li><li><strong>Ley de Ludopat\u00eda Infantil<\/strong>: Abordar la ludopat\u00eda en menores de edad, regulando el acceso a juegos de azar y plataformas con mecanismos adictivos.<\/li><li><strong>Violencia Digital<\/strong>: Establecer normativas contra fen\u00f3menos como el grooming, bullying y phishing, que se han amplificado con el uso de nuevas tecnolog\u00edas como la inteligencia artificial.<\/li><li><strong>Ficha Limpia<\/strong>: Modificar el C\u00f3digo Electoral de la Ciudad para impedir que personas condenadas por delitos graves se presenten a cargos electivos, con el objetivo de reforzar la transparencia y la confianza ciudadana.<\/li><li><strong>Ley Anti-Trapitos<\/strong>: Endurecer las sanciones contra los \u201ctrapitos\u201d y aquellas personas que ofrezcan servicios ilegales en la v\u00eda p\u00fablica.<\/li><li><strong>\u201cEl que rompe paga\u201d<\/strong>: Modificar el C\u00f3digo Contravencional para incrementar las penas a quienes da\u00f1en bienes p\u00fablicos.<\/li><li><strong>Declarar el servicio de recolecci\u00f3n de basura como servicio esencial<\/strong>: Esto garantizar\u00eda una prestaci\u00f3n m\u00ednima del servicio, similar a lo que ocurre con la salud o la seguridad.<\/li><li><strong>Ley de autonom\u00eda porte\u00f1a<\/strong>: Completar la autonom\u00eda de la Ciudad de Buenos Aires, traspasando competencias clave desde el gobierno nacional, como la gesti\u00f3n del&nbsp;<strong>Puerto de Buenos Aires<\/strong>&nbsp;y la&nbsp;<strong>Terminal de \u00d3mnibus de Retiro<\/strong>.<\/li><li><strong>Vivienda Joven<\/strong>: Facilitar el acceso a la vivienda para j\u00f3venes de hasta 35 a\u00f1os mediante cr\u00e9ditos hipotecarios a tasas preferenciales, promoviendo el desarrollo de nuevas viviendas en zonas cercanas a universidades.<\/li><li><strong>Multipago en transporte<\/strong>: Ampliar el sistema de pago en transporte p\u00fablico, permitiendo el uso de tarjetas de d\u00e9bito y cr\u00e9dito, as\u00ed como celulares y relojes con tecnolog\u00eda NFC.<\/li><li><strong>Baja de impuestos<\/strong>: Unificar las medidas de baja de impuestos recientemente implementadas, incluyendo la exenci\u00f3n de ABL para jubilados y la reducci\u00f3n de impuestos para peque\u00f1os comercios.<\/li><li><strong>Promoci\u00f3n de empleo para mayores de 50 a\u00f1os<\/strong>: Ofrecer incentivos fiscales para empresas que empleen a personas mayores de 50 a\u00f1os.<\/li><li><strong>Ley de Telemedicina<\/strong>: Impulsar la telemedicina para facilitar el acceso a consultas m\u00e9dicas virtuales, especialmente para personas con movilidad reducida o que residen lejos de los centros de salud.<\/li><\/ol>\n\n\n\n<p class=\"wp-block-paragraph\">08:04&nbsp;hsHoy<\/p>\n\n\n\n<h2 class=\"wp-block-heading\" id=\"leandro-santoro-lanzo-un-formulario-para-sumarse-a-su-campana\">Leandro Santoro lanz\u00f3 un formulario para sumarse a su campa\u00f1a<\/h2>\n\n\n\n<figure data-spectra-id=\"spectra-2fd3f011-4150-4274-98b4-6e1d0e275169\" class=\"wp-block-image\"><img decoding=\"async\" src=\"https:\/\/www.infobae.com\/resizer\/v2\/ORMNA4U6AJHI3JGBDTUF2PGPGI.jpg?auth=9d058260f146cc71f6d62c82df06e8ea799ffda811156203ebb7a27d65377435&amp;smart=true&amp;width=350&amp;height=197&amp;quality=85\" alt=\"ORMNA4U6AJHI3JGBDTUF2PGPGI\" title=\"Elecciones CABA 2025, en vivo: junto a Jorge Macri, los candidatos del PRO presentaron sus propuestas legislativas\" \/><\/figure>\n\n\n\n<p class=\"wp-block-paragraph\">El candidato a legislador por la lista \u201cEs ahora Buenos Aires\u201d,&nbsp;<strong>Leandro Santoro<\/strong>, comparti\u00f3 en redes sociales un enlace para sumarse a su campa\u00f1a electoral.<\/p>\n\n\n\n<p class=\"wp-block-paragraph\">\u201cEs el tiempo de los que caminamos la Ciudad. \u00a1Sumate a la campa\u00f1a!\u201c, dice el mensaje que difundi\u00f3 desde su cuenta personal.<\/p>\n\n\n\n<p class=\"wp-block-paragraph\">El formulario solicita la inscripci\u00f3n a su correo electr\u00f3nico, el nombre y apellido, edad, y n\u00famero de tel\u00e9fono.07:56&nbsp;hsHoy<\/p>\n\n\n\n<h2 class=\"wp-block-heading\" id=\"la-lista-de-guillermo-moreno-propuso-reformar-el-banco-ciudad\">La lista de Guillermo Moreno propuso reformar el Banco Ciudad<\/h2>\n\n\n\n<p class=\"wp-block-paragraph\"><img loading=\"lazy\" decoding=\"async\" alt=\"Alejandro Kim y Nydia Lirola,\" height=\"2400\" src=\"https:\/\/www.infobae.com\/resizer\/v2\/ONKIRZVHU5CWBC57YDMTMPE6TU.jpg?auth=f893fa742eb40545391c97ee8247ef6b63c4eed53dc9371a948f48b2642c290c&amp;smart=true&amp;width=350&amp;height=467&amp;quality=85\" width=\"1920\" title=\"Elecciones CABA 2025, en vivo: junto a Jorge Macri, los candidatos del PRO presentaron sus propuestas legislativas\">Alejandro Kim y Nydia Lirola, los candidatos porte\u00f1os de la lista Principios y Valores<\/p>\n\n\n\n<p class=\"wp-block-paragraph\">La segunda candidata a legisladora porte\u00f1a por&nbsp;<strong>Principios y Valores<\/strong>, que se presenta junto a Alejandro Kim,&nbsp;<strong>Nydia Lirola<\/strong>, present\u00f3 una propuesta para transformar el rol del Banco Ciudad.<\/p>\n\n\n\n<p class=\"wp-block-paragraph\">\u201cEl Banco Ciudad tiene que ser un instrumento de justicia social y estar al servicio de los porte\u00f1os, otorgando garant\u00edas de alquiler, posibilitando el acceso a la vivienda propia, y financiando su equipamiento con muebles y electrodom\u00e9sticos\u201d, sostuvo Lirola.<\/p>\n\n\n\n<p class=\"wp-block-paragraph\">La referente del espacio de Guillermo Moreno se\u00f1al\u00f3 que la iniciativa, en caso de que acceda a una banca en la Legislatura, contempla una reforma del directorio del banco, incorporando representantes de las gremiales empresarias y de la mesa sindical de la Ciudad, con el fin de garantizar una mirada m\u00e1s inclusiva y productiva en la toma de decisiones.<\/p>\n\n\n\n<p class=\"wp-block-paragraph\">\u201cQueremos que participen los sindicatos con m\u00e1s afiliados y las c\u00e1maras empresariales, para que el Banco Ciudad fomente el crecimiento econ\u00f3mico y la generaci\u00f3n de empleo en el sector privado\u201d, explic\u00f3.07:34&nbsp;hsHoy<\/p>\n\n\n\n<h2 class=\"wp-block-heading\" id=\"una-candidata-a-legisladora-denuncio-amenazas\">Una candidata a legisladora denunci\u00f3 amenazas<\/h2>\n\n\n\n<p class=\"wp-block-paragraph\"><img loading=\"lazy\" decoding=\"async\" alt=\"Mila Zurbriggen, candidata a legisladora\" height=\"1080\" src=\"https:\/\/www.infobae.com\/resizer\/v2\/4QYOXWWA2VDI5HV43OZUJYSBAY.jpg?auth=a9c3b9f847222e1998d83e81b2013684f3118918bb3f4d1741f66b8f38204431&amp;smart=true&amp;width=350&amp;height=197&amp;quality=85\" width=\"1920\" title=\"Elecciones CABA 2025, en vivo: junto a Jorge Macri, los candidatos del PRO presentaron sus propuestas legislativas\">Mila Zurbriggen, candidata a legisladora por Nueva Generaci\u00f3n<\/p>\n\n\n\n<p class=\"wp-block-paragraph\"><strong>Mila Zurbriggen<\/strong>, candidata a legisladora de la Ciudad Aut\u00f3noma de Buenos Aires (CABA) y cabeza de la lista 262 \u201cEl Movimiento \u2013 Nueva Generaci\u00f3n\u201d, denunci\u00f3 este lunes haber recibido una amenaza de muerte a trav\u00e9s de Instagram.<\/p>\n\n\n\n<p class=\"wp-block-paragraph\">Seg\u00fan Zurbriggen, quien form\u00f3 parte del espacio libertario hace unos a\u00f1os, la amenaza est\u00e1 relacionada con sus tuits publicados el d\u00eda anterior, en los que critic\u00f3 un supuesto \u201cpacto pol\u00edtico\u201d entre el PRO y el peronismo porte\u00f1o en 2012.<\/p>\n\n\n\n<p class=\"wp-block-paragraph\">La amenaza fue divulgada por Zurbriggen en su cuenta de X, donde comparti\u00f3 un mensaje enviado por el usuario @wwrodsu, quien le advirti\u00f3: \u201cSegu\u00ed hablando de los negocios de la ciudad con la legislatura y vas a aparecer en el Riachuelo&#8230;\u201d.<\/p>\n\n\n\n<p class=\"wp-block-paragraph\">\u201cAcabo de hacer la denuncia pertinente sobre las amenazas en la comisar\u00eda mas cercana a mi casa\u201d, comparti\u00f3 la candidata, en su perfil de X.<img loading=\"lazy\" decoding=\"async\" alt=\"La publicaci\u00f3n intimidatoria que comparti\u00f3\" height=\"2048\" src=\"https:\/\/www.infobae.com\/resizer\/v2\/VFWNXLLKPVDLLE4YNPJEESJILY.jpg?auth=009d276dd676a2eb2fdf7b0ad1473866140db36fc5958e112b8fccd479001b3d&amp;smart=true&amp;width=350&amp;height=622&amp;quality=85\" width=\"945\" title=\"Elecciones CABA 2025, en vivo: junto a Jorge Macri, los candidatos del PRO presentaron sus propuestas legislativas\">La publicaci\u00f3n intimidatoria que comparti\u00f3 Zurbriggen<\/p>\n\n\n\n<p class=\"wp-block-paragraph\">A trav\u00e9s de las redes sociales, Zurbriggen destac\u00f3 que entre los acuerdos m\u00e1s relevantes figuraron la Ley 4472, que permiti\u00f3 el traspaso del subte a la Ciudad de Buenos Aires. Tambi\u00e9n mencion\u00f3 la rezonificaci\u00f3n de tierras en Palermo, Caballito y Liniers, que benefici\u00f3 a desarrolladoras inmobiliarias, as\u00ed como la entrega de 37 hect\u00e1reas del Parque Roca a la C\u00e1mara de Transporte FADEEAC con exenciones impositivas.<\/p>\n\n\n\n<p class=\"wp-block-paragraph\">Zurbriggen indic\u00f3 que estos acuerdos fueron aprobados sin debate y sin participaci\u00f3n ciudadana, afirmando que \u201cno fueron enemigos, fueron socios\u201d. Y critic\u00f3 la emisi\u00f3n de deuda p\u00fablica por 250 millones de d\u00f3lares aprobada ese mismo d\u00eda, que, seg\u00fan ella, termin\u00f3 siendo destinada a contratos con empresas vinculadas al macrismo y a obras con sobreprecios.07:34&nbsp;hsHoy<a href=\"https:\/\/www.infobae.com\/politica\/2025\/04\/15\/el-gobierno-porteno-elimino-43-giros-a-la-izquierda\/\" rel=\"noreferrer noopener\" target=\"_blank\">El gobierno porte\u00f1o elimin\u00f3 43 giros a la izquierda<\/a><\/p>\n\n\n\n<h3 class=\"wp-block-heading\">El Ministerio de Infraestructura y Movilidad detall\u00f3 la medida, que ya est\u00e1 en vigencia y tiene como objetivo la disminuci\u00f3n del embotellamiento, las demoras innecesarias, el mejoramiento de la programaci\u00f3n de los sem\u00e1foros y lograr mayor seguridad vial<\/h3>\n\n\n\n<p class=\"wp-block-paragraph\">Por<a href=\"https:\/\/www.infobae.com\/autor\/alejandro-caminos\/\">Alejandro Caminos<\/a><img loading=\"lazy\" decoding=\"async\" alt=\"El gobierno porte\u00f1o elimin\u00f3 43\" height=\"1080\" src=\"https:\/\/www.infobae.com\/resizer\/v2\/V4XSBEGTHBABNMK6ZU3G4WHIMA.jpg?auth=1d5121edb4d9617f2cf62afa78f61319a3894b80211dbf3847e31ca3862e6663&amp;smart=true&amp;width=350&amp;height=197&amp;quality=85\" width=\"1920\" title=\"Elecciones CABA 2025, en vivo: junto a Jorge Macri, los candidatos del PRO presentaron sus propuestas legislativas\">El gobierno porte\u00f1o elimin\u00f3 43 giros hacia la izquierda en la Ciudad (foto GCBA).<\/p>\n\n\n\n<p class=\"wp-block-paragraph\">El Gobierno de la Ciudad de Buenos Aires (GCBA) anunci\u00f3 la eliminaci\u00f3n de un total de 43 giros a la izquierda en diferentes intersecciones y de todas las comunas. Seg\u00fan especificaron, la medida tiene como objetivo \u201cmejorar la seguridad vial y la eficiencia del flujo vehicular\u201d y ya se encuentra en plena vigencia.<\/p>\n\n\n\n<p class=\"wp-block-paragraph\">Fuente:<a href=\"https:\/\/www.infobae.com\/\"> Infobae.com<\/a><\/p>","protected":false},"excerpt":{"rendered":"<p>Los porte\u00f1os ir\u00e1n a las urnas&nbsp;el pr\u00f3ximo 18 de mayo para elegir a 30 legisladores. Silvia&nbsp;Lospennato, Leandro&nbsp;Santoro, Manuel&nbsp;Adorni, Horacio&nbsp;Rodr\u00edguez Larreta&nbsp;y Ramiro&nbsp;Marra&nbsp;son los principales nombres que encabezan las boletas. Los partidos que mayores lugares ponen en juego son el PRO (15), la alianza&nbsp;Es ahora Buenos Aires&nbsp;(8) y&nbsp;La Libertad Avanza&nbsp;(6).10:35&nbsp;hsHoy Laura Alonso: \u201cEl PRO siempre est\u00e1 en [&hellip;]<\/p>\n","protected":false},"author":9,"featured_media":0,"comment_status":"open","ping_status":"open","sticky":false,"template":"","format":"standard","meta":{"site-sidebar-layout":"default","site-content-layout":"","ast-site-content-layout":"default","site-content-style":"default","site-sidebar-style":"default","ast-global-header-display":"","ast-banner-title-visibility":"","ast-main-header-display":"","ast-hfb-above-header-display":"","ast-hfb-below-header-display":"","ast-hfb-mobile-header-display":"","site-post-title":"","ast-breadcrumbs-content":"","ast-featured-img":"","footer-sml-layout":"","ast-disable-related-posts":"","theme-transparent-header-meta":"","adv-header-id-meta":"","stick-header-meta":"","header-above-stick-meta":"","header-main-stick-meta":"","header-below-stick-meta":"","astra-migrate-meta-layouts":"default","ast-page-background-enabled":"default","ast-page-background-meta":{"desktop":{"background-color":"","background-image":"","background-repeat":"repeat","background-position":"center center","background-size":"auto","background-attachment":"scroll","background-type":"","background-media":"","overlay-type":"","overlay-color":"","overlay-opacity":"","overlay-gradient":""},"tablet":{"background-color":"","background-image":"","background-repeat":"repeat","background-position":"center center","background-size":"auto","background-attachment":"scroll","background-type":"","background-media":"","overlay-type":"","overlay-color":"","overlay-opacity":"","overlay-gradient":""},"mobile":{"background-color":"","background-image":"","background-repeat":"repeat","background-position":"center center","background-size":"auto","background-attachment":"scroll","background-type":"","background-media":"","overlay-type":"","overlay-color":"","overlay-opacity":"","overlay-gradient":""}},"ast-content-background-meta":{"desktop":{"background-color":"var(--ast-global-color-5)","background-image":"","background-repeat":"repeat","background-position":"center center","background-size":"auto","background-attachment":"scroll","background-type":"","background-media":"","overlay-type":"","overlay-color":"","overlay-opacity":"","overlay-gradient":""},"tablet":{"background-color":"var(--ast-global-color-5)","background-image":"","background-repeat":"repeat","background-position":"center center","background-size":"auto","background-attachment":"scroll","background-type":"","background-media":"","overlay-type":"","overlay-color":"","overlay-opacity":"","overlay-gradient":""},"mobile":{"background-color":"var(--ast-global-color-5)","background-image":"","background-repeat":"repeat","background-position":"center center","background-size":"auto","background-attachment":"scroll","background-type":"","background-media":"","overlay-type":"","overlay-color":"","overlay-opacity":"","overlay-gradient":""}},"footnotes":""},"categories":[25],"tags":[],"class_list":["post-118006","post","type-post","status-publish","format-standard","hentry","category-destacado"],"spectra_blocks_featured_image_url":null,"spectra_blocks_author_info":{"display_name":"Jorge Alfredo Baret","avatar_url":"https:\/\/secure.gravatar.com\/avatar\/31696f5ca83439b642450ec7d3f82f98451a5efacb414343d5478c982b337f26?s=96&d=mm&r=g","author_link":"https:\/\/100xd.com.ar\/es\/author\/jorge\/","description":"Ingeniero Qu\u00edmico UTN - Director Apoderado de Comunicaciones Auditadas SA. Editor Responsable 100xd.com.ar."},"_links":{"self":[{"href":"https:\/\/100xd.com.ar\/es\/wp-json\/wp\/v2\/posts\/118006","targetHints":{"allow":["GET"]}}],"collection":[{"href":"https:\/\/100xd.com.ar\/es\/wp-json\/wp\/v2\/posts"}],"about":[{"href":"https:\/\/100xd.com.ar\/es\/wp-json\/wp\/v2\/types\/post"}],"author":[{"embeddable":true,"href":"https:\/\/100xd.com.ar\/es\/wp-json\/wp\/v2\/users\/9"}],"replies":[{"embeddable":true,"href":"https:\/\/100xd.com.ar\/es\/wp-json\/wp\/v2\/comments?post=118006"}],"version-history":[{"count":1,"href":"https:\/\/100xd.com.ar\/es\/wp-json\/wp\/v2\/posts\/118006\/revisions"}],"predecessor-version":[{"id":118008,"href":"https:\/\/100xd.com.ar\/es\/wp-json\/wp\/v2\/posts\/118006\/revisions\/118008"}],"wp:attachment":[{"href":"https:\/\/100xd.com.ar\/es\/wp-json\/wp\/v2\/media?parent=118006"}],"wp:term":[{"taxonomy":"category","embeddable":true,"href":"https:\/\/100xd.com.ar\/es\/wp-json\/wp\/v2\/categories?post=118006"},{"taxonomy":"post_tag","embeddable":true,"href":"https:\/\/100xd.com.ar\/es\/wp-json\/wp\/v2\/tags?post=118006"}],"curies":[{"name":"wp","href":"https:\/\/api.w.org\/{rel}","templated":true}]}}