{"id":117799,"date":"2025-04-12T11:03:40","date_gmt":"2025-04-12T14:03:40","guid":{"rendered":"https:\/\/100xd.com.ar\/?p=117799"},"modified":"2025-04-12T11:03:40","modified_gmt":"2025-04-12T14:03:40","slug":"el-campo-en-tiempos-de-desconcierto-mundial","status":"publish","type":"post","link":"https:\/\/100xd.com.ar\/es\/el-campo-en-tiempos-de-desconcierto-mundial\/","title":{"rendered":"El campo, en tiempos de desconcierto mundial"},"content":{"rendered":"<p class=\"wp-block-paragraph\">En el encuentro mantenido d\u00edas atr\u00e1s por la&nbsp;<strong>Mesa de Enlace<\/strong>&nbsp;de las principales entidades agropecuarias con&nbsp;<strong>Sergio Iraeta<\/strong>, secretario de Estado del \u00e1rea,&nbsp;<mark>la vieja cuesti\u00f3n de las retenciones<\/mark>&nbsp;estuvo, como no pod\u00eda haber sido de otro modo, en el centro de las preocupaciones transmitidas. Otros asuntos, como el deterioro en la infraestructura que tanto afecta a la producci\u00f3n y a la log\u00edstica de apoyo a las actividades rurales, fueron tambi\u00e9n parte de las conversaciones. La&nbsp;<mark>paralizaci\u00f3n pr\u00e1cticamente total de las obras p\u00fablicas<\/mark>&nbsp;ha agravado este viejo problema y no se ve por ahora c\u00f3mo podr\u00e1 el Gobierno cambiar una decisi\u00f3n que ha procurado justificar, en principio, en el privilegio otorgado a la lucha por lograr el d\u00e9ficit cero en las cuentas de la Naci\u00f3n.<\/p>\n\n\n\n<p class=\"wp-block-paragraph\">A todo eso han venido a sumarse las \u00faltimas&nbsp;<mark>lluvias sobre buena parte de la zona n\u00facleo<\/mark>, que han demorado la cosecha de soja y ma\u00edz, y la convulsi\u00f3n provocada en el orden econ\u00f3mico mundial por la anunciada decisi\u00f3n del presidente&nbsp;<strong>Donald Trump<\/strong>&nbsp;de radicalizar la pol\u00edtica arancelaria de su pa\u00eds en t\u00e9rminos que no se registraban desde 1930. El presidente&nbsp;<strong>Javier Milei<\/strong>&nbsp;se ha manifestado dispuesto a negociar los puntos concernientes a esa materia con su colega norteamericano.<\/p>\n\n\n\n<p class=\"wp-block-paragraph\">Hay mucho por avanzar en una negociaci\u00f3n afortunada de la Argentina. Y mucho por observar, adem\u00e1s, respecto de lo que se considera hasta aqu\u00ed una relaci\u00f3n especial de Milei con Trump, pues entr\u00f3 en juego una cuesti\u00f3n arancelaria de pa\u00eds a pa\u00eds, no una relaci\u00f3n mediatizada, por importante que fuere, como la que ambos pa\u00edses sostienen en los organismos internacionales. Nos referimos en particular al voto norteamericano en el&nbsp;<strong>Fondo Monetario Internacional<\/strong>, donde el 16% de su participaci\u00f3n accionaria le confiere el estatus de primus inter pares.<\/p>\n\n\n\n<p class=\"wp-block-paragraph\">El a\u00f1o \u00faltimo nuestro pa\u00eds tuvo por primera vez en mucho tiempo super\u00e1vit comercial con los Estados Unidos. Vendimos productos agroindustriales por 2100 millones de d\u00f3lares y quedamos colocados en la vigesimocuarta posici\u00f3n entre los abastecedores del pa\u00eds del norte, porcentaje que confirma la modesta significaci\u00f3n de nuestras exportaciones hacia ese destino. Los vinos ocupan el primer lugar en nuestras ventas con 195 millones de d\u00f3lares; despu\u00e9s figuran las carnes \u2013en la suma de congeladas, enfriadas y refrigeradas al margen de la cuota Hilton\u2013 con 149 millones de d\u00f3lares y, en tercer lugar, la miel, con 132 millones de d\u00f3lares. Otro rubro destacado corresponde a limones, con 44 millones de d\u00f3lares.<\/p>\n\n\n\n<p class=\"wp-block-paragraph\">La posibilidad de un shock arancelario como el anunciado por Trump \u2013aunque ahora postergado por 90 d\u00edas\u2013 deja abierta la alternativa de que los pa\u00edses m\u00e1s afectados, y m\u00e1s reticentes a negociaciones el\u00e1sticas con Washington refuercen sus compras en otras direcciones. Se abren de tal modo nuevas expectativas. Importa, en ese sentido, saber si&nbsp;<strong>China<\/strong>&nbsp;aumentar\u00e1 de forma sustancial sus compras ya tradicionales de&nbsp;<em>commodities<\/em>&nbsp;agr\u00edcolas tanto en&nbsp;<strong>Brasil<\/strong>&nbsp;como en la Argentina.<\/p>\n\n\n\n<p class=\"wp-block-paragraph\">En el orden estrictamente interno, las principales expectativas se hallan puestas en la decisi\u00f3n que tome a breve plazo el Gobierno sobre las retenciones. El 30 de junio vencer\u00e1n las disminuciones dispuestas el 27 de enero \u00faltimo sobre la soja, del 32% al 26%, y sobre el ma\u00edz y el trigo, del 12% al 9%. Decir que el Estado argentino esquilma desde hace d\u00e9cadas al campo es decir poco.<\/p>\n\n\n\n<p class=\"wp-block-paragraph\">Esas reducciones han significado al menos, seg\u00fan un informe de la&nbsp;<strong>Fundaci\u00f3n Agropecuaria para el Desarrollo de la Argentina (FADA)<\/strong>, que la tajada brutal que el Estado se lleva del campo ha pasado a ser, en cuanto a la soja, del 62,4%, y respecto del ma\u00edz, del 49,7%. Una demas\u00eda confiscatoria, aun as\u00ed, frente a tantas industrias subsidiadas eternamente por medios indirectos.<\/p>\n\n\n\n<p class=\"wp-block-paragraph\">El presidente Milei ha descalificado las retenciones sobre el campo, pero ha resuelto continuar con ellas hasta que aclare la situaci\u00f3n econ\u00f3mica del pa\u00eds. Por su parte, el expresidente&nbsp;<strong>Mauricio Macri<\/strong>&nbsp;invit\u00f3 en la reciente muestra de Expoagro a acelerar en este cap\u00edtulo el uso de la motosierra.<\/p>\n\n\n\n<p class=\"wp-block-paragraph\">Debe admitirse que Macri habl\u00f3 con la autoridad de quien elimin\u00f3, al llegar al poder, las retenciones sobre el trigo, el ma\u00edz y el girasol, y disminuy\u00f3 las que incid\u00edan sobre la soja del 35% al 30%. Tres a\u00f1os despu\u00e9s, dispuso un sistema de reducci\u00f3n del 0,5% mensual sobre esta oleaginosa hasta bajarla, en agosto de 2018, al 26%.<\/p>\n\n\n\n<p class=\"wp-block-paragraph\">A poco m\u00e1s de un mes del comienzo de la siembra de trigo en la nueva campa\u00f1a,&nbsp;<mark>el Gobierno deber\u00eda trasmitir ya mismo se\u00f1ales concretas de lo que piensa hacer con la carga tributaria desmedida que pesa sobre esa gram\u00ednea<\/mark>&nbsp;y que constituye, junto con las que gravan otros cultivos, una pol\u00edtica absolutamente discriminatoria contra el campo. Hubo tiempos incluso peores, es cierto, como los de las al\u00edcuotas de m\u00e1s del 40% que se impusieron sobre la soja en 1989 y 2008, pero eso no es consuelo para un campo al que se ha descapitalizado de modo compulsivo desde hace tantos a\u00f1os.<\/p>\n\n\n\n<p class=\"wp-block-paragraph\">Fue un sacrificio que no sirvi\u00f3 para mejorar el pa\u00eds en otros \u00f3rdenes del desarrollo econ\u00f3mico y social. Por eso averg\u00fcenza que pretendan volver al poder quienes con el verso de aplicar \u201cun modelo productivo diversificado con inclusi\u00f3n social\u201d lo llevaron a la ruina, poniendo a salvo, desde luego, el supuesto derecho a un enriquecimiento personal que ha terminado en unos pocos casos en condenas y, en otros, en procesos a\u00fan sin resolver ante la Justicia Federal.<\/p>\n\n\n\n<p class=\"wp-block-paragraph\">Fuente:<a href=\"https:\/\/www.lanacion.com.ar\/\"> La Naci\u00f3n<\/a><\/p>","protected":false},"excerpt":{"rendered":"<p>En el encuentro mantenido d\u00edas atr\u00e1s por la&nbsp;Mesa de Enlace&nbsp;de las principales entidades agropecuarias con&nbsp;Sergio Iraeta, secretario de Estado del \u00e1rea,&nbsp;la vieja cuesti\u00f3n de las retenciones&nbsp;estuvo, como no pod\u00eda haber sido de otro modo, en el centro de las preocupaciones transmitidas. Otros asuntos, como el deterioro en la infraestructura que tanto afecta a la producci\u00f3n [&hellip;]<\/p>\n","protected":false},"author":9,"featured_media":0,"comment_status":"open","ping_status":"open","sticky":false,"template":"","format":"standard","meta":{"site-sidebar-layout":"default","site-content-layout":"","ast-site-content-layout":"default","site-content-style":"default","site-sidebar-style":"default","ast-global-header-display":"","ast-banner-title-visibility":"","ast-main-header-display":"","ast-hfb-above-header-display":"","ast-hfb-below-header-display":"","ast-hfb-mobile-header-display":"","site-post-title":"","ast-breadcrumbs-content":"","ast-featured-img":"","footer-sml-layout":"","ast-disable-related-posts":"","theme-transparent-header-meta":"","adv-header-id-meta":"","stick-header-meta":"","header-above-stick-meta":"","header-main-stick-meta":"","header-below-stick-meta":"","astra-migrate-meta-layouts":"default","ast-page-background-enabled":"default","ast-page-background-meta":{"desktop":{"background-color":"","background-image":"","background-repeat":"repeat","background-position":"center center","background-size":"auto","background-attachment":"scroll","background-type":"","background-media":"","overlay-type":"","overlay-color":"","overlay-opacity":"","overlay-gradient":""},"tablet":{"background-color":"","background-image":"","background-repeat":"repeat","background-position":"center center","background-size":"auto","background-attachment":"scroll","background-type":"","background-media":"","overlay-type":"","overlay-color":"","overlay-opacity":"","overlay-gradient":""},"mobile":{"background-color":"","background-image":"","background-repeat":"repeat","background-position":"center center","background-size":"auto","background-attachment":"scroll","background-type":"","background-media":"","overlay-type":"","overlay-color":"","overlay-opacity":"","overlay-gradient":""}},"ast-content-background-meta":{"desktop":{"background-color":"var(--ast-global-color-5)","background-image":"","background-repeat":"repeat","background-position":"center center","background-size":"auto","background-attachment":"scroll","background-type":"","background-media":"","overlay-type":"","overlay-color":"","overlay-opacity":"","overlay-gradient":""},"tablet":{"background-color":"var(--ast-global-color-5)","background-image":"","background-repeat":"repeat","background-position":"center center","background-size":"auto","background-attachment":"scroll","background-type":"","background-media":"","overlay-type":"","overlay-color":"","overlay-opacity":"","overlay-gradient":""},"mobile":{"background-color":"var(--ast-global-color-5)","background-image":"","background-repeat":"repeat","background-position":"center center","background-size":"auto","background-attachment":"scroll","background-type":"","background-media":"","overlay-type":"","overlay-color":"","overlay-opacity":"","overlay-gradient":""}},"footnotes":""},"categories":[149],"tags":[],"class_list":["post-117799","post","type-post","status-publish","format-standard","hentry","category-entrevistas"],"spectra_blocks_featured_image_url":null,"spectra_blocks_author_info":{"display_name":"Jorge Alfredo Baret","avatar_url":"https:\/\/secure.gravatar.com\/avatar\/31696f5ca83439b642450ec7d3f82f98451a5efacb414343d5478c982b337f26?s=96&d=mm&r=g","author_link":"https:\/\/100xd.com.ar\/es\/author\/jorge\/","description":"Ingeniero Qu\u00edmico UTN - Director Apoderado de Comunicaciones Auditadas SA. Editor Responsable 100xd.com.ar."},"_links":{"self":[{"href":"https:\/\/100xd.com.ar\/es\/wp-json\/wp\/v2\/posts\/117799","targetHints":{"allow":["GET"]}}],"collection":[{"href":"https:\/\/100xd.com.ar\/es\/wp-json\/wp\/v2\/posts"}],"about":[{"href":"https:\/\/100xd.com.ar\/es\/wp-json\/wp\/v2\/types\/post"}],"author":[{"embeddable":true,"href":"https:\/\/100xd.com.ar\/es\/wp-json\/wp\/v2\/users\/9"}],"replies":[{"embeddable":true,"href":"https:\/\/100xd.com.ar\/es\/wp-json\/wp\/v2\/comments?post=117799"}],"version-history":[{"count":1,"href":"https:\/\/100xd.com.ar\/es\/wp-json\/wp\/v2\/posts\/117799\/revisions"}],"predecessor-version":[{"id":117801,"href":"https:\/\/100xd.com.ar\/es\/wp-json\/wp\/v2\/posts\/117799\/revisions\/117801"}],"wp:attachment":[{"href":"https:\/\/100xd.com.ar\/es\/wp-json\/wp\/v2\/media?parent=117799"}],"wp:term":[{"taxonomy":"category","embeddable":true,"href":"https:\/\/100xd.com.ar\/es\/wp-json\/wp\/v2\/categories?post=117799"},{"taxonomy":"post_tag","embeddable":true,"href":"https:\/\/100xd.com.ar\/es\/wp-json\/wp\/v2\/tags?post=117799"}],"curies":[{"name":"wp","href":"https:\/\/api.w.org\/{rel}","templated":true}]}}