{"id":117223,"date":"2025-04-01T12:30:32","date_gmt":"2025-04-01T15:30:32","guid":{"rendered":"https:\/\/100xd.com.ar\/?p=117223"},"modified":"2025-04-01T12:30:32","modified_gmt":"2025-04-01T15:30:32","slug":"espinoza-y-las-impudicas-amoralidades-bonaerenses","status":"publish","type":"post","link":"https:\/\/100xd.com.ar\/es\/espinoza-y-las-impudicas-amoralidades-bonaerenses\/","title":{"rendered":"Espinoza y las imp\u00fadicas amoralidades bonaerenses"},"content":{"rendered":"<p class=\"wp-block-paragraph\">El intendente de La Matanza,&nbsp;<strong>Fernando Espinoza<\/strong>, se mantiene en silencio. Los&nbsp;<mark>escandalosos pedidos de sobreseimiento<\/mark>&nbsp;de la fiscal&nbsp;<strong>M\u00f3nica Cu\u00f1arro<\/strong>&nbsp;en la causa por&nbsp;<mark>presunto \u201cabuso sexual simple en concurso real con desobediencia a la Justicia\u201d<\/mark>&nbsp;iniciada por su exsecretaria&nbsp;<strong>Melody Rakauskas<\/strong>&nbsp;hab\u00edan sido presentados hace un mes. Pero ahora, el titular del Juzgado Nacional en lo Criminal y Correccional N\u00b0 31,&nbsp;<strong>Fernando Mario Caunedo<\/strong>, dispuso que la causa sea elevada a&nbsp;<mark>juicio oral y p\u00fablico<\/mark>. Mientras la defensa del jefe de la comuna m\u00e1s grande del pa\u00eds anuncia que apelar\u00e1, desde distintos sectores se reclama que Espinosa pida licencia o sea suspendido en su cargo hasta que se aclare su situaci\u00f3n. Sin registro moral de sus actos, aferrado al poder con el apoyo del propio gobernador bonaerense \u2013junto a quien se muestra desde el d\u00eda siguiente al procesamiento\u2013, nada indica que est\u00e9 dispuesto dar un paso al costado.<\/p>\n\n\n\n<p class=\"wp-block-paragraph\">La Ley Org\u00e1nica de Municipalidades contempla la eventualidad del apartamiento ante una condena firme por un delito doloso o ante una situaci\u00f3n de prisi\u00f3n preventiva, por lo que el jefe comunal no estar\u00eda aun legalmente obligado a correrse. Dentro del Concejo Deliberante de La Matanza, con 13 de los 24 concejales que responden a Espinoza, el minoritario bloque libertario prepara un proyecto para apartarlo del cargo, contemplando que dentro del propio oficialismo comunal empiezan a aparecer algunos t\u00edmidos apoyos con un malestar creciente.<\/p>\n\n\n\n<p class=\"wp-block-paragraph\">Formalmente, el&nbsp;<strong>PJ bonaerense<\/strong>, que conduce&nbsp;<strong>M\u00e1ximo Kirchner<\/strong>&nbsp;y del cual Espinoza es consejero titular, aguarda silenciosamente pero sin soltarle la mano el pronunciamiento de la Justicia, en medio de la preocupaci\u00f3n por el impacto negativo sobre los votos del populoso conurbano en un a\u00f1o electoral.<\/p>\n\n\n\n<p class=\"wp-block-paragraph\">Ya se cumplieron cuatro a\u00f1os desde el momento en que se conoci\u00f3 la denuncia presentada por Rakauskas en la&nbsp;<strong>Oficina de Violencia Dom\u00e9stica de la Corte Suprema de Justicia de la Naci\u00f3n<\/strong>, y tanto silencio solo encierra el impl\u00edcito respaldo de su entorno al intendente. Es la misma complicidad que, en julio pasado, se tradujo en la reelecci\u00f3n de Espinoza como presidente de la Federaci\u00f3n Argentina de Municipios, a solo 48 horas de la confirmaci\u00f3n de su procesamiento. Sus pares de La Plata,&nbsp;<strong>Julio Alak<\/strong>; de Avellaneda,&nbsp;<strong>Jorge Ferraresi<\/strong>; de Jos\u00e9 C. Paz,&nbsp;<strong>Mario Ishii<\/strong>, y de Ensenada,&nbsp;<strong>Mario Secco<\/strong>, entre otros, apuntan a construir junto al gobernador&nbsp;<strong>Axel Kicillof<\/strong>&nbsp;una fuerza independiente de&nbsp;<strong>Cristina Kirchner<\/strong>&nbsp;y de&nbsp;<strong>La C\u00e1mpora<\/strong>&nbsp;dentro del PJ. M\u00e1s de lo mismo aunque pretendan diferenciarse. En ocasi\u00f3n del D\u00eda de la Memoria se vio a los intendentes con Espinoza, una vez m\u00e1s, sonriendo juntos para las fotos en esa realidad paralela que h\u00e1bilmente construyen los gerentes de la pobreza para despegarse del barro de las calles, la falta de cloacas, la rampante inseguridad, el hambre y la miseria de sus gobernados. \u201cEstamos en la calle para recuperar los sue\u00f1os de las mayor\u00edas populares de toda la Argentina\u201d, dec\u00eda quien pretende seguir rob\u00e1ndoselos desde su quinta intendencia.<\/p>\n\n\n\n<p class=\"wp-block-paragraph\">Espinoza hab\u00eda violado la prohibici\u00f3n de acercamiento durante la investigaci\u00f3n, envi\u00e1ndole a su exsecretaria a un funcionario a su domicilio para que firmara la desestimaci\u00f3n de la denuncia. Tanto la preeminencia del imputado como el poder que su cargo le confer\u00eda fueron considerados como elementos de peso ante la reticencia de la denunciante.&nbsp;<mark>Quienes se llenaron la boca condenando la violencia de g\u00e9nero durante varias d\u00e9cadas, hoy se llaman a un estruendoso silencio.<\/mark>&nbsp;Del expresidente&nbsp;<strong>Alberto Fern\u00e1ndez<\/strong>&nbsp;para abajo, incluido el exgobernador tucumano&nbsp;<strong>Jos\u00e9 Alperovich<\/strong>, que ya cumple condena, la historia sigue confirmando la catadura moral de siniestros personajes que solo buscaron administrar suculentas cajas promoviendo idearios alejados de sus convicciones y de sus propias vidas, tanto dentro del \u00e1mbito oficial, como en el privado.<\/p>\n\n\n\n<p class=\"wp-block-paragraph\">\u201cAc\u00e1 hay al menos dos de los tres poderes que lo est\u00e1n avalando\u201d, ven\u00eda lamentando Rakauskas cuando fue sorprendida por la noticia del juicio. \u201cEspinoza ya no tiene m\u00e1s recursos para apelar nada m\u00e1s\u201d, afirm\u00f3, conforme ante la decisi\u00f3n de este tercer juez que enfrent\u00f3 a fiscales que \u201cdefend\u00edan a un violador\u201d, demostrando que \u201ctodav\u00eda se puede confiar en el Poder Judicial argentino\u201d. Ser\u00e1 en ese \u00e1mbito donde se dirima el caso que involucra a uno de los dirigentes m\u00e1s relevantes de la pol\u00edtica provincial.<\/p>\n\n\n\n<p class=\"wp-block-paragraph\">El poder que la confianza ciudadana deposita en sus servidores p\u00fablicos no puede ser justificativo ni aval para delinquir o para desacreditar a una querellante, mucho menos cuando para ello se deben sostener lealtades aberrantes.\u00a0<mark>La desfachatez de una sonrisa y la negativa a dar un paso al costado mientras se investigan las acusaciones son otra clara muestra de la inhabilidad moral de una persona hoy se\u00f1alada por la sociedad.<\/mark><\/p>\n\n\n\n<p class=\"wp-block-paragraph\">Fuente: <a href=\"https:\/\/www.lanacion.com.ar\/\">La Naci\u00f3n<\/a><\/p>","protected":false},"excerpt":{"rendered":"<p>El intendente de La Matanza,&nbsp;Fernando Espinoza, se mantiene en silencio. Los&nbsp;escandalosos pedidos de sobreseimiento&nbsp;de la fiscal&nbsp;M\u00f3nica Cu\u00f1arro&nbsp;en la causa por&nbsp;presunto \u201cabuso sexual simple en concurso real con desobediencia a la Justicia\u201d&nbsp;iniciada por su exsecretaria&nbsp;Melody Rakauskas&nbsp;hab\u00edan sido presentados hace un mes. Pero ahora, el titular del Juzgado Nacional en lo Criminal y Correccional N\u00b0 31,&nbsp;Fernando Mario [&hellip;]<\/p>\n","protected":false},"author":9,"featured_media":0,"comment_status":"open","ping_status":"open","sticky":false,"template":"","format":"standard","meta":{"site-sidebar-layout":"default","site-content-layout":"","ast-site-content-layout":"default","site-content-style":"default","site-sidebar-style":"default","ast-global-header-display":"","ast-banner-title-visibility":"","ast-main-header-display":"","ast-hfb-above-header-display":"","ast-hfb-below-header-display":"","ast-hfb-mobile-header-display":"","site-post-title":"","ast-breadcrumbs-content":"","ast-featured-img":"","footer-sml-layout":"","ast-disable-related-posts":"","theme-transparent-header-meta":"","adv-header-id-meta":"","stick-header-meta":"","header-above-stick-meta":"","header-main-stick-meta":"","header-below-stick-meta":"","astra-migrate-meta-layouts":"default","ast-page-background-enabled":"default","ast-page-background-meta":{"desktop":{"background-color":"","background-image":"","background-repeat":"repeat","background-position":"center center","background-size":"auto","background-attachment":"scroll","background-type":"","background-media":"","overlay-type":"","overlay-color":"","overlay-opacity":"","overlay-gradient":""},"tablet":{"background-color":"","background-image":"","background-repeat":"repeat","background-position":"center center","background-size":"auto","background-attachment":"scroll","background-type":"","background-media":"","overlay-type":"","overlay-color":"","overlay-opacity":"","overlay-gradient":""},"mobile":{"background-color":"","background-image":"","background-repeat":"repeat","background-position":"center center","background-size":"auto","background-attachment":"scroll","background-type":"","background-media":"","overlay-type":"","overlay-color":"","overlay-opacity":"","overlay-gradient":""}},"ast-content-background-meta":{"desktop":{"background-color":"var(--ast-global-color-5)","background-image":"","background-repeat":"repeat","background-position":"center center","background-size":"auto","background-attachment":"scroll","background-type":"","background-media":"","overlay-type":"","overlay-color":"","overlay-opacity":"","overlay-gradient":""},"tablet":{"background-color":"var(--ast-global-color-5)","background-image":"","background-repeat":"repeat","background-position":"center center","background-size":"auto","background-attachment":"scroll","background-type":"","background-media":"","overlay-type":"","overlay-color":"","overlay-opacity":"","overlay-gradient":""},"mobile":{"background-color":"var(--ast-global-color-5)","background-image":"","background-repeat":"repeat","background-position":"center center","background-size":"auto","background-attachment":"scroll","background-type":"","background-media":"","overlay-type":"","overlay-color":"","overlay-opacity":"","overlay-gradient":""}},"footnotes":""},"categories":[149],"tags":[],"class_list":["post-117223","post","type-post","status-publish","format-standard","hentry","category-entrevistas"],"spectra_blocks_featured_image_url":null,"spectra_blocks_author_info":{"display_name":"Jorge Alfredo Baret","avatar_url":"https:\/\/secure.gravatar.com\/avatar\/31696f5ca83439b642450ec7d3f82f98451a5efacb414343d5478c982b337f26?s=96&d=mm&r=g","author_link":"https:\/\/100xd.com.ar\/es\/author\/jorge\/","description":"Ingeniero Qu\u00edmico UTN - Director Apoderado de Comunicaciones Auditadas SA. Editor Responsable 100xd.com.ar."},"_links":{"self":[{"href":"https:\/\/100xd.com.ar\/es\/wp-json\/wp\/v2\/posts\/117223","targetHints":{"allow":["GET"]}}],"collection":[{"href":"https:\/\/100xd.com.ar\/es\/wp-json\/wp\/v2\/posts"}],"about":[{"href":"https:\/\/100xd.com.ar\/es\/wp-json\/wp\/v2\/types\/post"}],"author":[{"embeddable":true,"href":"https:\/\/100xd.com.ar\/es\/wp-json\/wp\/v2\/users\/9"}],"replies":[{"embeddable":true,"href":"https:\/\/100xd.com.ar\/es\/wp-json\/wp\/v2\/comments?post=117223"}],"version-history":[{"count":1,"href":"https:\/\/100xd.com.ar\/es\/wp-json\/wp\/v2\/posts\/117223\/revisions"}],"predecessor-version":[{"id":117225,"href":"https:\/\/100xd.com.ar\/es\/wp-json\/wp\/v2\/posts\/117223\/revisions\/117225"}],"wp:attachment":[{"href":"https:\/\/100xd.com.ar\/es\/wp-json\/wp\/v2\/media?parent=117223"}],"wp:term":[{"taxonomy":"category","embeddable":true,"href":"https:\/\/100xd.com.ar\/es\/wp-json\/wp\/v2\/categories?post=117223"},{"taxonomy":"post_tag","embeddable":true,"href":"https:\/\/100xd.com.ar\/es\/wp-json\/wp\/v2\/tags?post=117223"}],"curies":[{"name":"wp","href":"https:\/\/api.w.org\/{rel}","templated":true}]}}