{"id":11701,"date":"2015-10-09T10:56:12","date_gmt":"2015-10-09T13:56:12","guid":{"rendered":"http:\/\/www.100xd.com.ar\/?p=11701"},"modified":"2015-10-09T21:11:41","modified_gmt":"2015-10-10T00:11:41","slug":"anibal-fernandez-piensan-que-haciendo-un-monumento-a-juan-domingo-peron-se-convierten-en-peronistas","status":"publish","type":"post","link":"https:\/\/100xd.com.ar\/es\/anibal-fernandez-piensan-que-haciendo-un-monumento-a-juan-domingo-peron-se-convierten-en-peronistas\/","title":{"rendered":"An\u00edbal Fern\u00e1ndez: &#8220;Piensan que haciendo un monumento a Juan Domingo Per\u00f3n se convierten en peronistas&#8221;"},"content":{"rendered":"<p>El jefe de Gabinete, An\u00edbal Fern\u00e1ndez, cuestion\u00f3 hoy el &#8220;travestismo pol\u00edtico&#8221; del candidato presidencial por Cambiemos, Mauricio Macri, por haber inaugurado ayer un monumento a Juan Domingo Per\u00f3n a 120 a\u00f1os de su natalicio y lo calific\u00f3 de &#8220;oportunista y ventajero&#8221;.<\/p>\n<p>En ese marco, el funcionario y candidato a gobernador bonaerense consider\u00f3 una &#8220;desfachatez&#8221; que el saliente jefe de Gobierno porte\u00f1o encabezara el acto en el que se descubri\u00f3 la estatua para homenajear al tres veces presidente de los argentinos y l\u00edder del movimiento peronista.\u00a0\u201cSi Per\u00f3n estaba vivo, viendo eso a trav\u00e9s de la ventana de su oficina, se agarraba la cabeza ante semejante mamarracho\u201d, se\u00f1al\u00f3 Fern\u00e1ndez en su habitual contacto matutino con la prensa acreditada en Casa de Gobierno al ser consultado sobre el acto de ayer.<\/p>\n<p>Asimismo, sostuvo: &#8220;Estos tipos piensan que haciendo un monumento a Juan Domingo Per\u00f3n con eso se convierten en peronistas&#8221;.\u00a0El ministro coordinador record\u00f3 que el tres veces presidente de la Naci\u00f3n escribi\u00f3 en &#8220;El Derecho de las Bestias&#8221;, en 1957, &#8220;que los que cantan la marcha y se ponen la camiseta que dice `peronista` no necesariamente son peronistas&#8221;, y a\u00f1adi\u00f3: &#8220;El ejemplo m\u00e1s grande lo tienen con el jefe de la Ciudad Aut\u00f3noma de Buenos Aires, donde su opacidad no hace otra cosa que mostrar cada vez m\u00e1s la vocaci\u00f3n y la pretensi\u00f3n de este engendro oportunista y ventajero de hacerle creer a alguien, no s\u00e9 a qui\u00e9n, que tiene alg\u00fan roce con el movimiento peronista&#8221;.<\/p>\n<p>A su vez, Fern\u00e1ndez consider\u00f3 que &#8220;no s\u00e9 qu\u00e9 har\u00e1 ahora Macri con su electorado y c\u00f3mo pegar\u00e1 en su electorado&#8221; que el candidato de Cambiemos y l\u00edder del PRO haya compartido el acto junto al ex presidente Eduardo Duhalde, al titular de la CGT Azopardo, Hugo Moyano; y al dirigente sindical de los trabajadores rurales, Ger\u00f3nimo &#8220;Momo&#8221; Venegas, entre otros.\u00a0&#8220;Ahora, que no capta un solo voto peronista, no tengo dudas&#8221;, afirm\u00f3 Fern\u00e1ndez.<\/p>","protected":false},"excerpt":{"rendered":"<p>El jefe de Gabinete, An\u00edbal Fern\u00e1ndez, cuestion\u00f3 hoy el &#8220;travestismo pol\u00edtico&#8221; del candidato presidencial por Cambiemos, Mauricio Macri, por haber inaugurado ayer un monumento a Juan Domingo Per\u00f3n a 120 a\u00f1os de su natalicio y lo calific\u00f3 de &#8220;oportunista y ventajero&#8221;. En ese marco, el funcionario y candidato a gobernador bonaerense consider\u00f3 una &#8220;desfachatez&#8221; que [&hellip;]<\/p>\n","protected":false},"author":4,"featured_media":0,"comment_status":"open","ping_status":"open","sticky":false,"template":"","format":"standard","meta":{"site-sidebar-layout":"default","site-content-layout":"","ast-site-content-layout":"default","site-content-style":"default","site-sidebar-style":"default","ast-global-header-display":"","ast-banner-title-visibility":"","ast-main-header-display":"","ast-hfb-above-header-display":"","ast-hfb-below-header-display":"","ast-hfb-mobile-header-display":"","site-post-title":"","ast-breadcrumbs-content":"","ast-featured-img":"","footer-sml-layout":"","ast-disable-related-posts":"","theme-transparent-header-meta":"","adv-header-id-meta":"","stick-header-meta":"","header-above-stick-meta":"","header-main-stick-meta":"","header-below-stick-meta":"","astra-migrate-meta-layouts":"default","ast-page-background-enabled":"default","ast-page-background-meta":{"desktop":{"background-color":"","background-image":"","background-repeat":"repeat","background-position":"center center","background-size":"auto","background-attachment":"scroll","background-type":"","background-media":"","overlay-type":"","overlay-color":"","overlay-opacity":"","overlay-gradient":""},"tablet":{"background-color":"","background-image":"","background-repeat":"repeat","background-position":"center center","background-size":"auto","background-attachment":"scroll","background-type":"","background-media":"","overlay-type":"","overlay-color":"","overlay-opacity":"","overlay-gradient":""},"mobile":{"background-color":"","background-image":"","background-repeat":"repeat","background-position":"center center","background-size":"auto","background-attachment":"scroll","background-type":"","background-media":"","overlay-type":"","overlay-color":"","overlay-opacity":"","overlay-gradient":""}},"ast-content-background-meta":{"desktop":{"background-color":"var(--ast-global-color-5)","background-image":"","background-repeat":"repeat","background-position":"center center","background-size":"auto","background-attachment":"scroll","background-type":"","background-media":"","overlay-type":"","overlay-color":"","overlay-opacity":"","overlay-gradient":""},"tablet":{"background-color":"var(--ast-global-color-5)","background-image":"","background-repeat":"repeat","background-position":"center center","background-size":"auto","background-attachment":"scroll","background-type":"","background-media":"","overlay-type":"","overlay-color":"","overlay-opacity":"","overlay-gradient":""},"mobile":{"background-color":"var(--ast-global-color-5)","background-image":"","background-repeat":"repeat","background-position":"center center","background-size":"auto","background-attachment":"scroll","background-type":"","background-media":"","overlay-type":"","overlay-color":"","overlay-opacity":"","overlay-gradient":""}},"footnotes":""},"categories":[2],"tags":[28,3338,1233,55,638,3279,1330],"class_list":["post-11701","post","type-post","status-publish","format-standard","hentry","category-politica","tag-anibal-fernandez","tag-eduardo-duhalde","tag-juan-domingo-peron","tag-mauricio-macri","tag-momo-venegas","tag-monumento-a-peron","tag-peronismo"],"spectra_blocks_featured_image_url":null,"spectra_blocks_author_info":{"display_name":"Facundo Novillo","avatar_url":"https:\/\/secure.gravatar.com\/avatar\/09745bc65ce6bf84291d6515d5f759c04b4fce4f329b8a975a8ac2982b552d3e?s=96&d=mm&r=g","author_link":"https:\/\/100xd.com.ar\/es\/author\/facundo\/","description":""},"_links":{"self":[{"href":"https:\/\/100xd.com.ar\/es\/wp-json\/wp\/v2\/posts\/11701","targetHints":{"allow":["GET"]}}],"collection":[{"href":"https:\/\/100xd.com.ar\/es\/wp-json\/wp\/v2\/posts"}],"about":[{"href":"https:\/\/100xd.com.ar\/es\/wp-json\/wp\/v2\/types\/post"}],"author":[{"embeddable":true,"href":"https:\/\/100xd.com.ar\/es\/wp-json\/wp\/v2\/users\/4"}],"replies":[{"embeddable":true,"href":"https:\/\/100xd.com.ar\/es\/wp-json\/wp\/v2\/comments?post=11701"}],"version-history":[{"count":1,"href":"https:\/\/100xd.com.ar\/es\/wp-json\/wp\/v2\/posts\/11701\/revisions"}],"predecessor-version":[{"id":11703,"href":"https:\/\/100xd.com.ar\/es\/wp-json\/wp\/v2\/posts\/11701\/revisions\/11703"}],"wp:attachment":[{"href":"https:\/\/100xd.com.ar\/es\/wp-json\/wp\/v2\/media?parent=11701"}],"wp:term":[{"taxonomy":"category","embeddable":true,"href":"https:\/\/100xd.com.ar\/es\/wp-json\/wp\/v2\/categories?post=11701"},{"taxonomy":"post_tag","embeddable":true,"href":"https:\/\/100xd.com.ar\/es\/wp-json\/wp\/v2\/tags?post=11701"}],"curies":[{"name":"wp","href":"https:\/\/api.w.org\/{rel}","templated":true}]}}