{"id":116534,"date":"2025-03-19T10:42:27","date_gmt":"2025-03-19T13:42:27","guid":{"rendered":"https:\/\/100xd.com.ar\/?p=116534"},"modified":"2025-03-19T10:42:27","modified_gmt":"2025-03-19T13:42:27","slug":"sesion-en-diputados-el-oficialismo-logro-quorum-para-discutir-el-acuerdo-con-el-fondo-monetario-internacional","status":"publish","type":"post","link":"https:\/\/100xd.com.ar\/es\/sesion-en-diputados-el-oficialismo-logro-quorum-para-discutir-el-acuerdo-con-el-fondo-monetario-internacional\/","title":{"rendered":"Sesi\u00f3n en Diputados: el oficialismo logr\u00f3 qu\u00f3rum para discutir el acuerdo con el Fondo Monetario Internacional"},"content":{"rendered":"<p class=\"wp-block-paragraph\">10:28&nbsp;hsHoy<\/p>\n\n\n\n<h2 class=\"wp-block-heading\" id=\"el-gobierno-logro-el-quorum-y-a-las-10.24-se-dio-inicio-a-la-sesion\">El Gobierno logr\u00f3 el qu\u00f3rum y a las 10.24 se dio inicio a la sesi\u00f3n<\/h2>\n\n\n\n<p class=\"wp-block-paragraph\">Tras pautarse el inicio de la sesi\u00f3n a las 10, el oficialismo obtuvo la mayor\u00eda necesaria de los diputados nacionales para alcanzar el quorum y comenzar con el debate legislativo para discutir sobre el DNU 179\/2025 del acuerdo con el FMI.<\/p>\n\n\n\n<p class=\"wp-block-paragraph\">El qu\u00f3rum fue alcanzado 24 minutos despu\u00e9s de la hora se\u00f1alada con 131 diputados presentes, que se aport\u00f3 con los legisladores de&nbsp;<strong>LLA, el PRO, la UCR, la Coalici\u00f3n C\u00edvica<\/strong>, varios de la bancada&nbsp;<strong>Encuentro Federal<\/strong>, y los habituales aliados del Gobierno de partidos menores.10:19&nbsp;hsHoy<\/p>\n\n\n\n<h2 class=\"wp-block-heading\" id=\"el-bloque-libertario-pretende-finalizar-el-debate-a-las-15\">El bloque libertario pretende finalizar el debate a las 15<\/h2>\n\n\n\n<p class=\"wp-block-paragraph\"><img loading=\"lazy\" decoding=\"async\" alt=\"El presidente de la C\u00e1mara\" height=\"1080\" src=\"https:\/\/www.infobae.com\/resizer\/v2\/UWSB3KK3J5GJRKRB6FOMAVXE2I.jpg?auth=ee8fff9736bc7622815cd1b7b8be2aa4dbe893990e745be821a8cf4a6309df9b&amp;smart=true&amp;width=350&amp;height=197&amp;quality=85\" width=\"1920\" title=\"Sesi\u00f3n en Diputados: el oficialismo logr\u00f3 qu\u00f3rum para discutir el acuerdo con el Fondo Monetario Internacional\">El presidente de la C\u00e1mara de Diputados, Mart\u00edn Menem (Maximiliano Luna)<\/p>\n\n\n\n<p class=\"wp-block-paragraph\">Antes del inicio de la sesi\u00f3n, los presidentes de bloque se reunieron en la comisi\u00f3n de Labor Parlamentaria para preparar el debate en la C\u00e1mara de Diputados. En ese marco, la bancada de&nbsp;<strong>La Libertad Avanza&nbsp;<\/strong>adelant\u00f3 que buscar\u00e1 dar por concluida la discusi\u00f3n sobre el DNU que habilita al Gobierno a contraer nueva deuda con el FMI.<\/p>\n\n\n\n<p class=\"wp-block-paragraph\">Los libertarios apelar\u00e1n al&nbsp;<strong>art\u00edculo 127<\/strong>,&nbsp;<strong>inciso 4&nbsp;<\/strong>del reglamento de la C\u00e1mara baja, que establece el cierre del debate legislativo con una moci\u00f3n de orden. La intenci\u00f3n es que&nbsp;<strong>el pedido se formule alrededor de las 15<\/strong>, para que se vote de inmediato el tratamiento del DNU en general, indicaron fuentes parlamentarias a&nbsp;<strong>Infobae<\/strong>.<\/p>\n\n\n\n<p class=\"wp-block-paragraph\">El bloque de&nbsp;<strong>Uni\u00f3n por la Patria&nbsp;<\/strong>adelant\u00f3 su rechazo al planteo, ya que propone que haya m\u00e1s oradores.10:07&nbsp;hsHoy<\/p>\n\n\n\n<h2 class=\"wp-block-heading\" id=\"el-peronismo-acusa-al-oficialismo-de-&quot;compra-de-votos&quot;-en-la-previa-al-debate\">El peronismo acusa al oficialismo de \u201ccompra de votos\u201d en la previa al debate<\/h2>\n\n\n\n<p class=\"wp-block-paragraph\"><img loading=\"lazy\" decoding=\"async\" alt=\"Los diputados Leopoldo Moreau (izquierda)\" height=\"1080\" src=\"https:\/\/www.infobae.com\/resizer\/v2\/6YKBLGAOMNAQPFCPONAL3AMNFE.JPG?auth=2dd8aa36823d13053e6a92e93e227ade2b9873f344a1e8644ba494cbbdd308b5&amp;smart=true&amp;width=350&amp;height=197&amp;quality=85\" width=\"1920\" title=\"Sesi\u00f3n en Diputados: el oficialismo logr\u00f3 qu\u00f3rum para discutir el acuerdo con el Fondo Monetario Internacional\">Los diputados Leopoldo Moreau (izquierda) y Paula Penacca (derecha), de Uni\u00f3n por la Patria (Gustavo Gavotti)<\/p>\n\n\n\n<p class=\"wp-block-paragraph\">La diputada nacional&nbsp;<strong>Paula Penacca<\/strong>, del bloque&nbsp;<strong>Uni\u00f3n por la Patria (UxP)<\/strong>&nbsp;por la Ciudad de Buenos Aires, ratific\u00f3 que el peronismo votar\u00e1 en contra del decreto de necesidad y urgencia (DNU) del gobierno de&nbsp;<strong>Javier Milei,&nbsp;<\/strong>que habilita a firmar un nuevo acuerdo con el&nbsp;<strong>Fondo Monetario Internacional (FMI)<\/strong>.<\/p>\n\n\n\n<p class=\"wp-block-paragraph\">\u201cNuestra fuerza no reconoce esta deuda porque es&nbsp;<strong>ilegal&nbsp;<\/strong>y ac\u00e1 est\u00e1n&nbsp;<strong>haciendo trampa<\/strong>, est\u00e1n tomando un atajo contrariando a la Constituci\u00f3n Nacional\u201d, afirm\u00f3 Penacca. Adem\u00e1s, sostuvo que el endeudamiento actual \u201cse perpet\u00faa y profundiza\u201d porque \u201cla deuda se toma para garantizar la suba de capitales debido al fracaso del modelo de Milei\u201d.<\/p>\n\n\n\n<p class=\"wp-block-paragraph\">Respecto a la postura de su bloque, asegur\u00f3 que votar\u00e1n en contra del DNU por considerarlo un \u201ccheque en blanco\u201d. Tambi\u00e9n cuestion\u00f3 la relaci\u00f3n del gobierno con el FMI: \u201cSi el modelo econ\u00f3mico fuese exitoso, el gobierno no necesitar\u00eda ir al Fondo\u201d, expres\u00f3, en declaraciones al programa&nbsp;<em>Ahora Dicen<\/em>, emitido por&nbsp;<em>Futurock<\/em>.<\/p>\n\n\n\n<p class=\"wp-block-paragraph\">Penacca tambi\u00e9n hizo referencia a la influencia del oficialismo en el Congreso, porque \u201chay muchos sectores de la pol\u00edtica que se dejan condicionar por el Gobierno\u201d y plante\u00f3 que \u201c<strong>hay compra de votos<\/strong>\u201d, como el del senador nacional de Entre R\u00edos,&nbsp;<strong>Edgardo Kueider<\/strong>, que es \u201cun caso concreto\u201d, tras ser detenido en la frontera con Paraguay llevando m\u00e1s de 200 mil d\u00f3lares de contrabando.<\/p>\n\n\n\n<p class=\"wp-block-paragraph\">La legisladora nacional anticip\u00f3 que la posici\u00f3n de la&nbsp;<strong>UxP<\/strong>&nbsp;es un rechazo unificado al DNU, aunque aclar\u00f3: \u201cEntiendo que todos van a votar en contra, pero siempre hay individualidades\u201d.09:48&nbsp;hsHoy<\/p>\n\n\n\n<h2 class=\"wp-block-heading\" id=\"oscar-zago:-&quot;vamos-a-trabajar-para-convencer-a-los-diputados&quot;\">Oscar Zago: \u201cVamos a trabajar para convencer a los diputados\u201d<\/h2>\n\n\n\n<p class=\"wp-block-paragraph\"><img loading=\"lazy\" decoding=\"async\" alt=\"El diputado nacional, Oscar Zago,\" height=\"1080\" src=\"https:\/\/www.infobae.com\/resizer\/v2\/DV5APEDQBFF5VDEOWE2GQL6CKU.jpg?auth=d3e86f12d9144e7a81705bb425575b6bec5cea4ffca18699c4db4e533022b993&amp;smart=true&amp;width=350&amp;height=197&amp;quality=85\" width=\"1920\" title=\"Sesi\u00f3n en Diputados: el oficialismo logr\u00f3 qu\u00f3rum para discutir el acuerdo con el Fondo Monetario Internacional\">El diputado nacional, Oscar Zago, se mostr\u00f3 alineado con el Gobierno para votar a favor del DNU (Gustavo Gavotti)<\/p>\n\n\n\n<p class=\"wp-block-paragraph\">Despu\u00e9s de la&nbsp;<a href=\"https:\/\/www.infobae.com\/politica\/2025\/03\/18\/la-pelea-por-la-presidencia-de-la-bicameral-de-dnu-almiron-voto-por-zago-luego-de-las-pinas-en-diputados\/\" target=\"_blank\" rel=\"noreferrer noopener\"><em>pelea con golpes de pu\u00f1o<\/em><\/a>que tuvo con el legislador libertario Lisandro Almir\u00f3n, el diputado nacional del Movimiento de Integraci\u00f3n y Desarrollo (MID),&nbsp;<strong>Oscar Zago<\/strong>, se mostr\u00f3 alineado con la Casa Rosada y asegur\u00f3 que \u201c<strong>vamos a trabajar en el d\u00eda de hoy para convencer a los distintos diputados para el acompa\u00f1amiento<\/strong>\u201d al DNU, que habilita al Gobierno a firmar un nuevo acuerdo con el FMI.<\/p>\n\n\n\n<p class=\"wp-block-paragraph\">Zago opin\u00f3 que hay que darle \u201cla oportunidad a un gobierno, que en un a\u00f1o y tres meses, ha puesto en marcha un trabajo con la Ley Bases, y metas que son duras, pero qye se est\u00e1n cumpliendo\u201d. \u201cCuando m\u00e1s baje el Riesgo Pa\u00eds riesgo, m\u00e1s cre\u00edbles vamos a ser en el mundo y m\u00e1s nos van a acompa\u00f1ar\u201d, consider\u00f3 en declaraciones a radio&nbsp;<em>Mitre<\/em>.<\/p>\n\n\n\n<p class=\"wp-block-paragraph\">El diputado, ex jefe de bancada de La Libertad Avanza (LLA) y aliado al oficialismo, expres\u00f3 su deseo de que no haya escenas de violencia en la calle este mi\u00e9rcoles. \u201cHe participado de muchas marchas, todos tienen derecho a manifestarse. Lo que vivimos el otro d\u00eda no tenemos que volver a vivir\u201d, sostuvo.09:25&nbsp;hsHoy<\/p>\n\n\n\n<h2 class=\"wp-block-heading\" id=\"miguel-angel-pichetto:-&quot;tengo-una-mirada-de-apoyo-critico&quot;\">Miguel \u00c1ngel Pichetto: \u201cTengo una mirada de apoyo cr\u00edtico\u201d<\/h2>\n\n\n\n<p class=\"wp-block-paragraph\">https:\/\/imasdk.googleapis.com\/js\/core\/bridge3.688.0_es.html#fid=goog_7532260650 seconds of 38 secondsVolume 90%&nbsp;Miguel \u00c1ngel Pichetto habl\u00f3 sobre su decisi\u00f3n de votar a favor del DNU que habilita un acuerdo con el FMI.<\/p>\n\n\n\n<p class=\"wp-block-paragraph\">El diputado nacional del bloque Encuentro Federal,&nbsp;<strong>Miguel \u00c1ngel Pichetto<\/strong>, expres\u00f3 en la previa a la sesi\u00f3n en la C\u00e1mara de Diputados que votar\u00e1 a favor del&nbsp;<strong>DNU&nbsp;<\/strong>que habilita al presidente Javier Milei a realizar un nuevo acuerdo con el&nbsp;<strong>Fondo Monetario Internacional (FMI)<\/strong>.<\/p>\n\n\n\n<p class=\"wp-block-paragraph\">\u201cCreo que hay que pensar fundamentalmente en la Argentina.&nbsp;<strong>Tengo una mirada de apoyo cr\u00edtico, voy a votar positivamente<\/strong>\u201d, dijo el legislador nacional sobre el DNU, en un di\u00e1logo con la prensa en las adyacencias de la Plaza de los Dos Congresos.<\/p>\n\n\n\n<p class=\"wp-block-paragraph\">Pichetto lament\u00f3 que el Gobierno tiene un \u201cgran desprecio por el Congreso\u201d, y su incapacidad para entablar un di\u00e1logo \u201cinteligente\u201d con el parlamento para evitar el \u201cdefault\u201d, y critic\u00f3 a \u201clos asesores en las sombras\u201d que hablan sobre el \u201cprecio del d\u00f3lar\u201d, lo que \u201ccontribuye a que el d\u00f3lar aumente\u201d.<\/p>\n\n\n\n<p class=\"wp-block-paragraph\">\u201cLa falta de explicaciones implica darle incertidumbre a la sociedad\u201d, consider\u00f3, tras criticar al ministro de Econom\u00eda, Luis Caputo, por eludir al Congreso. Y agreg\u00f3: \u201cLos mercados se mueven. La tendencia es que hubo una venta de casi 500 millones, se movieron as reservas a la baja\u201d. \u201cHacen todo mal, tienen una mirada negativa a las capacidades propias del Congreso. Esto no contribuye\u201d, ampli\u00f3, al fundamentar su postura de \u201capoyo cr\u00edtico\u201d.07:47&nbsp;hsHoy<a href=\"https:\/\/www.infobae.com\/politica\/2025\/03\/19\/el-acuerdo-con-el-fmi-y-las-movidas-electorales-alimentan-una-escalada-politica-que-supera-al-congreso\/\" rel=\"noreferrer noopener\" target=\"_blank\">El acuerdo con el FMI y las movidas electorales alimentan una escalada pol\u00edtica que supera al Congreso<\/a><\/p>\n\n\n\n<h3 class=\"wp-block-heading\">El Gobierno busca coronar este mi\u00e9rcoles su apuesta en Diputados. Es una necesidad pol\u00edtica para atender un objetivo econ\u00f3mico central: lo antes posible, ya en el arranque de la carrera electoral. Eso incluye juego de alianzas y se\u00f1ales inquietantes de la oposici\u00f3n dura<\/h3>\n\n\n\n<p class=\"wp-block-paragraph\">Por<a href=\"https:\/\/www.infobae.com\/autor\/eduardo-aulicino\/\">Eduardo Aulicino<\/a><img loading=\"lazy\" decoding=\"async\" alt=\"Reuni\u00f3n de la bicameral por\" height=\"1080\" src=\"https:\/\/www.infobae.com\/resizer\/v2\/2M6Q67S6WRBWNFXRBMLUX2FXKI.png?auth=4f1f9a09358e3a94d38aa4588e9accbf5a373c4d59763bb69ad64d47115f3347&amp;smart=true&amp;width=350&amp;height=197&amp;quality=85\" width=\"1920\" title=\"Sesi\u00f3n en Diputados: el oficialismo logr\u00f3 qu\u00f3rum para discutir el acuerdo con el Fondo Monetario Internacional\">Reuni\u00f3n de la bicameral por el DNU. Hubo pelea, Oscar Zago qued\u00f3 como titular y sali\u00f3 el dictamen<\/p>\n\n\n\n<p class=\"wp-block-paragraph\">El Gobierno deber\u00eda agradecer a dos legisladores de su lista de&nbsp;<strong>castigados<\/strong>&nbsp;por la mano que acaban de darle para&nbsp;<strong>avanzar en el Congreso con el DNU de aval a las tratativas con el FMI<\/strong>. El oficialismo debi\u00f3&nbsp;<strong>transpirar y negociar<\/strong>&nbsp;en la bicameral de Tr\u00e1mite Legislativo para allanar el camino al dictamen que este mi\u00e9rcoles llega al recinto de Diputados. Es una&nbsp;<strong>prueba central<\/strong>&nbsp;para Olivos&nbsp;<strong>frente a los mercados, de humor inestable, y con la carrera electoral ya disparada<\/strong>. Tambi\u00e9n es un test para aliados, dialoguistas y oposici\u00f3n dura, que&nbsp;<strong>en el caso del peronismo\/kirchnerismo sugiere llevar el tema al terreno judicial<\/strong>.<a href=\"https:\/\/www.infobae.com\/politica\/2025\/03\/19\/el-acuerdo-con-el-fmi-y-las-movidas-electorales-alimentan-una-escalada-politica-que-supera-al-congreso\/\" target=\"_blank\" rel=\"noreferrer noopener\"><strong>Leer la nota completa<\/strong><\/a>07:27&nbsp;hsHoy<a href=\"https:\/\/www.infobae.com\/politica\/2025\/03\/19\/dia-clave-para-el-gobierno-el-desafio-de-aprobar-el-acuerdo-con-el-fmi-y-controlar-otra-marcha-en-el-congreso\/\" rel=\"noreferrer noopener\" target=\"_blank\">D\u00eda clave para el Gobierno con el desaf\u00edo de aprobar el acuerdo con el FMI y controlar otra marcha en el Congreso<\/a><\/p>\n\n\n\n<h3 class=\"wp-block-heading\">En Casa Rosada hay confianza respecto a los votos necesarios para ratificar el DNU, mientras preparan un operativo de seguridad coordinado entre distintas \u00e1reas frente a los probables disturbios<\/h3>\n\n\n\n<p class=\"wp-block-paragraph\">Por<a href=\"https:\/\/www.infobae.com\/autor\/federico-galligani\/\">Federico Galligani<\/a><img loading=\"lazy\" decoding=\"async\" alt=\"El mi\u00e9rcoles pasado se registraron\" height=\"1280\" src=\"https:\/\/www.infobae.com\/resizer\/v2\/56EC3WCEOFAEHO3PPDEG3ZB5A4.jpg?auth=8d28b654b3af198024eace4c9b0756e076e7500f8123e1dd2054c7d86dd116d9&amp;smart=true&amp;width=350&amp;height=233&amp;quality=85\" width=\"1920\" title=\"Sesi\u00f3n en Diputados: el oficialismo logr\u00f3 qu\u00f3rum para discutir el acuerdo con el Fondo Monetario Internacional\">El mi\u00e9rcoles pasado se registraron graves incidentes en los alrededores del Palacio Legislativos (EFE)<\/p>\n\n\n\n<p class=\"wp-block-paragraph\">El Gobierno enfrentar\u00e1 este mi\u00e9rcoles una jornada de importantes pruebas tanto dentro del Congreso, donde intentara que se apruebe el Decreto de Necesidad y Urgencia (DNU) que lo habilita a firmar un acuerdo con el Fondo Monetario Intercional (FMI), como en sus alrededores, que deber\u00e1 controlar para evitar que la marcha en apoyo a los jubilados vuelva a terminar con incidentes.<a href=\"https:\/\/www.infobae.com\/politica\/2025\/03\/19\/dia-clave-para-el-gobierno-el-desafio-de-aprobar-el-acuerdo-con-el-fmi-y-controlar-otra-marcha-en-el-congreso\/\" target=\"_blank\" rel=\"noreferrer noopener\"><strong>Leer la nota completa<\/strong><\/a>07:27&nbsp;hsHoy<a href=\"https:\/\/www.infobae.com\/politica\/2025\/03\/19\/el-mapa-de-cortes-de-la-marcha-de-jubilados-barras-y-piqueteros-que-genera-tension-en-el-gobierno\/\" rel=\"noreferrer noopener\" target=\"_blank\">El mapa de cortes de la marcha de jubilados, barras y piqueteros que genera tensi\u00f3n en el Gobierno<\/a><\/p>\n\n\n\n<h3 class=\"wp-block-heading\">Habr\u00e1 arterias cortadas y un amplio operativo de seguridad. La cartera de Patricia Bullrich har\u00e1 cumplir el protocolo antipiquetes. A la protesta se sumaron organizaciones sociales y sindicatos. \u201cEn caso de violencia, la polic\u00eda va a actuar\u201d, anticip\u00f3 el vocero presidencial Manuel Adorni<\/h3>\n\n\n\n<p class=\"wp-block-paragraph\">Fuente: <a href=\"https:\/\/www.infobae.com\/\">Infobae.com<\/a><\/p>","protected":false},"excerpt":{"rendered":"<p>10:28&nbsp;hsHoy El Gobierno logr\u00f3 el qu\u00f3rum y a las 10.24 se dio inicio a la sesi\u00f3n Tras pautarse el inicio de la sesi\u00f3n a las 10, el oficialismo obtuvo la mayor\u00eda necesaria de los diputados nacionales para alcanzar el quorum y comenzar con el debate legislativo para discutir sobre el DNU 179\/2025 del acuerdo con [&hellip;]<\/p>\n","protected":false},"author":9,"featured_media":0,"comment_status":"open","ping_status":"open","sticky":false,"template":"","format":"standard","meta":{"site-sidebar-layout":"default","site-content-layout":"","ast-site-content-layout":"default","site-content-style":"default","site-sidebar-style":"default","ast-global-header-display":"","ast-banner-title-visibility":"","ast-main-header-display":"","ast-hfb-above-header-display":"","ast-hfb-below-header-display":"","ast-hfb-mobile-header-display":"","site-post-title":"","ast-breadcrumbs-content":"","ast-featured-img":"","footer-sml-layout":"","ast-disable-related-posts":"","theme-transparent-header-meta":"","adv-header-id-meta":"","stick-header-meta":"","header-above-stick-meta":"","header-main-stick-meta":"","header-below-stick-meta":"","astra-migrate-meta-layouts":"default","ast-page-background-enabled":"default","ast-page-background-meta":{"desktop":{"background-color":"","background-image":"","background-repeat":"repeat","background-position":"center center","background-size":"auto","background-attachment":"scroll","background-type":"","background-media":"","overlay-type":"","overlay-color":"","overlay-opacity":"","overlay-gradient":""},"tablet":{"background-color":"","background-image":"","background-repeat":"repeat","background-position":"center center","background-size":"auto","background-attachment":"scroll","background-type":"","background-media":"","overlay-type":"","overlay-color":"","overlay-opacity":"","overlay-gradient":""},"mobile":{"background-color":"","background-image":"","background-repeat":"repeat","background-position":"center center","background-size":"auto","background-attachment":"scroll","background-type":"","background-media":"","overlay-type":"","overlay-color":"","overlay-opacity":"","overlay-gradient":""}},"ast-content-background-meta":{"desktop":{"background-color":"var(--ast-global-color-5)","background-image":"","background-repeat":"repeat","background-position":"center center","background-size":"auto","background-attachment":"scroll","background-type":"","background-media":"","overlay-type":"","overlay-color":"","overlay-opacity":"","overlay-gradient":""},"tablet":{"background-color":"var(--ast-global-color-5)","background-image":"","background-repeat":"repeat","background-position":"center center","background-size":"auto","background-attachment":"scroll","background-type":"","background-media":"","overlay-type":"","overlay-color":"","overlay-opacity":"","overlay-gradient":""},"mobile":{"background-color":"var(--ast-global-color-5)","background-image":"","background-repeat":"repeat","background-position":"center center","background-size":"auto","background-attachment":"scroll","background-type":"","background-media":"","overlay-type":"","overlay-color":"","overlay-opacity":"","overlay-gradient":""}},"footnotes":""},"categories":[25],"tags":[],"class_list":["post-116534","post","type-post","status-publish","format-standard","hentry","category-destacado"],"spectra_blocks_featured_image_url":null,"spectra_blocks_author_info":{"display_name":"Jorge Alfredo Baret","avatar_url":"https:\/\/secure.gravatar.com\/avatar\/31696f5ca83439b642450ec7d3f82f98451a5efacb414343d5478c982b337f26?s=96&d=mm&r=g","author_link":"https:\/\/100xd.com.ar\/es\/author\/jorge\/","description":"Ingeniero Qu\u00edmico UTN - Director Apoderado de Comunicaciones Auditadas SA. Editor Responsable 100xd.com.ar."},"_links":{"self":[{"href":"https:\/\/100xd.com.ar\/es\/wp-json\/wp\/v2\/posts\/116534","targetHints":{"allow":["GET"]}}],"collection":[{"href":"https:\/\/100xd.com.ar\/es\/wp-json\/wp\/v2\/posts"}],"about":[{"href":"https:\/\/100xd.com.ar\/es\/wp-json\/wp\/v2\/types\/post"}],"author":[{"embeddable":true,"href":"https:\/\/100xd.com.ar\/es\/wp-json\/wp\/v2\/users\/9"}],"replies":[{"embeddable":true,"href":"https:\/\/100xd.com.ar\/es\/wp-json\/wp\/v2\/comments?post=116534"}],"version-history":[{"count":1,"href":"https:\/\/100xd.com.ar\/es\/wp-json\/wp\/v2\/posts\/116534\/revisions"}],"predecessor-version":[{"id":116536,"href":"https:\/\/100xd.com.ar\/es\/wp-json\/wp\/v2\/posts\/116534\/revisions\/116536"}],"wp:attachment":[{"href":"https:\/\/100xd.com.ar\/es\/wp-json\/wp\/v2\/media?parent=116534"}],"wp:term":[{"taxonomy":"category","embeddable":true,"href":"https:\/\/100xd.com.ar\/es\/wp-json\/wp\/v2\/categories?post=116534"},{"taxonomy":"post_tag","embeddable":true,"href":"https:\/\/100xd.com.ar\/es\/wp-json\/wp\/v2\/tags?post=116534"}],"curies":[{"name":"wp","href":"https:\/\/api.w.org\/{rel}","templated":true}]}}