{"id":11546,"date":"2015-10-07T13:30:23","date_gmt":"2015-10-07T16:30:23","guid":{"rendered":"http:\/\/www.100xd.com.ar\/?p=11546"},"modified":"2015-10-07T21:29:41","modified_gmt":"2015-10-08T00:29:41","slug":"merkel-considera-obsoleta-a-la-normativa-para-asilar-refugiados-de-la-union-europea","status":"publish","type":"post","link":"https:\/\/100xd.com.ar\/es\/merkel-considera-obsoleta-a-la-normativa-para-asilar-refugiados-de-la-union-europea\/","title":{"rendered":"Merkel considera &#8220;obsoleta&#8221; a la normativa para asilar refugiados de la Uni\u00f3n Europea"},"content":{"rendered":"<p>La canciller alemana, Angela Merkel, tach\u00f3 de &#8220;obsoleta&#8221; a la normativa Dubl\u00edn que regula el asilo en la Uni\u00f3n Europea (UE) y abog\u00f3 por implementar un nuevo sistema de reparto de los refugiados que sea &#8220;equitativo y justo&#8221; entre los Estados en el marco de la crisis que transformar\u00e1 Europa &#8220;profundamente&#8221;.\u00a0&#8220;Honestamente, el sistema Dubl\u00edn en su estado actual en la pr\u00e1ctica est\u00e1 obsoleto. Ten\u00eda buenas intenciones pero demostr\u00f3 no ser sostenible&#8221; se\u00f1al\u00f3 Merkel en un discurso ante el pleno del Parlamento Europeo (PE) junto al presidente franc\u00e9s, Fran\u00e7ois Hollande.<\/p>\n<p>&#8220;Por eso abogo por un nuevo procedimiento para un reparto justo y solidario&#8221;, agreg\u00f3 la jefa de gobierno ante los eurodiputados, ante quienes describi\u00f3 la crisis de refugiados que golpea a Europa como &#8220;un gran reto, una prueba de dimensiones hist\u00f3ricas&#8221;.\u00a0La canciller admiti\u00f3 que ni Europa, ni sus socios transatl\u00e1nticos, en referencia a Estados Unidos, han podido lograr con sus esfuerzos diplom\u00e1ticos y pol\u00edticos que llegue la paz a Siria, tampoco han conseguido evitar el &#8220;reforzamiento&#8221; del Estado Isl\u00e1mico en ese pa\u00eds \u00e1rabe y en Irak, ni llenar el &#8220;vac\u00edo de poder&#8221; en Libia.<\/p>\n<p>Para Merkel el gran n\u00famero de refugiados que llega a Europa -el mayor desde la Segunda Guerra Mundial-, &#8220;cambia la agenda diaria&#8221; de la Uni\u00f3n Europea (UE), porque supone un reto &#8220;para nuestros valores y los intereses&#8221;.\u00a0&#8220;Nadie abandona su pa\u00eds ligeramente, tampoco los que vienen por motivos econ\u00f3micos, pero a \u00e9stos les debemos decir que no pueden quedarse, precisamente para que podamos ayudar realmente a los que necesitan nuestra protecci\u00f3n&#8221;, dijo la canciller alemana.<\/p>\n<p>Europa debe enfocar m\u00e1s su pol\u00edtica exterior y de desarrollo hacia la soluci\u00f3n de esos conflictos y en la lucha contra las ra\u00edces que provocan que tantos refugiados huyan a Europa, y la UE tiene que &#8220;hacer m\u00e1s financieramente&#8221;, consider\u00f3 la canciller.<\/p>\n<p>Merkel llam\u00f3 a los l\u00edderes del bloque continental a tomar las decisiones necesarias &#8220;r\u00e1pidamente&#8221;, antes de se\u00f1alar que la ola de refugiados &#8220;va a cambiar de nuevo a Europa&#8221;, al igual que lo hicieron profundamente hace 25 a\u00f1os las revoluciones pac\u00edficas en Centroeuropa y el este de Europa y que tuvieron su m\u00e1xima expresi\u00f3n en la reunificaci\u00f3n de Alemania.\u00a0Es necesario &#8220;un proceso pol\u00edtico que solucione el conflicto en Siria, con todos los actores regionales e internacionales y con un papel reforzado de Europa&#8221;, recalc\u00f3 Merkel, que calific\u00f3 como &#8220;clave&#8221; el di\u00e1logo con Turqu\u00eda y la creaci\u00f3n de un gobierno de unidad nacional en Libia.<\/p>\n<p>Europa en todo esto no puede cerrarse al mundo o desvincularse de los acontecimientos globales, y tampoco puede someterse a la &#8220;tentaci\u00f3n de regresar a las actuaciones a escala nacional&#8221;.\u00a0&#8220;Ahora es cuando m\u00e1s necesitamos a Europa. M\u00e1s que nunca necesitamos la valent\u00eda y la unidad que Europa siempre ha demostrado cuando hac\u00eda falta&#8221;, se\u00f1al\u00f3, y solo &#8220;juntos podremos luchar contra las causas mundiales de la crisis de refugiados y solo unidos podemos establecer los centros de registros e identificaci\u00f3n y proteger mejor las fronteras exteriores de la UE&#8221;, destac\u00f3.<\/p>\n<p>&#8220;Solo juntos lograremos acuerdos de devoluci\u00f3n y solo juntos lograremos un reparto justo y adecuado entre todos los Estados miembros&#8221;, sostuvo, al igual que de forma unida Europa podr\u00e1 afrontar la enorme labor de la integraci\u00f3n de los refugiados, concluy\u00f3 Merkel<\/p>","protected":false},"excerpt":{"rendered":"<p>La canciller alemana, Angela Merkel, tach\u00f3 de &#8220;obsoleta&#8221; a la normativa Dubl\u00edn que regula el asilo en la Uni\u00f3n Europea (UE) y abog\u00f3 por implementar un nuevo sistema de reparto de los refugiados que sea &#8220;equitativo y justo&#8221; entre los Estados en el marco de la crisis que transformar\u00e1 Europa &#8220;profundamente&#8221;.\u00a0&#8220;Honestamente, el sistema Dubl\u00edn en [&hellip;]<\/p>\n","protected":false},"author":4,"featured_media":0,"comment_status":"open","ping_status":"open","sticky":false,"template":"","format":"standard","meta":{"site-sidebar-layout":"default","site-content-layout":"","ast-site-content-layout":"default","site-content-style":"default","site-sidebar-style":"default","ast-global-header-display":"","ast-banner-title-visibility":"","ast-main-header-display":"","ast-hfb-above-header-display":"","ast-hfb-below-header-display":"","ast-hfb-mobile-header-display":"","site-post-title":"","ast-breadcrumbs-content":"","ast-featured-img":"","footer-sml-layout":"","ast-disable-related-posts":"","theme-transparent-header-meta":"","adv-header-id-meta":"","stick-header-meta":"","header-above-stick-meta":"","header-main-stick-meta":"","header-below-stick-meta":"","astra-migrate-meta-layouts":"default","ast-page-background-enabled":"default","ast-page-background-meta":{"desktop":{"background-color":"","background-image":"","background-repeat":"repeat","background-position":"center center","background-size":"auto","background-attachment":"scroll","background-type":"","background-media":"","overlay-type":"","overlay-color":"","overlay-opacity":"","overlay-gradient":""},"tablet":{"background-color":"","background-image":"","background-repeat":"repeat","background-position":"center center","background-size":"auto","background-attachment":"scroll","background-type":"","background-media":"","overlay-type":"","overlay-color":"","overlay-opacity":"","overlay-gradient":""},"mobile":{"background-color":"","background-image":"","background-repeat":"repeat","background-position":"center center","background-size":"auto","background-attachment":"scroll","background-type":"","background-media":"","overlay-type":"","overlay-color":"","overlay-opacity":"","overlay-gradient":""}},"ast-content-background-meta":{"desktop":{"background-color":"var(--ast-global-color-5)","background-image":"","background-repeat":"repeat","background-position":"center center","background-size":"auto","background-attachment":"scroll","background-type":"","background-media":"","overlay-type":"","overlay-color":"","overlay-opacity":"","overlay-gradient":""},"tablet":{"background-color":"var(--ast-global-color-5)","background-image":"","background-repeat":"repeat","background-position":"center center","background-size":"auto","background-attachment":"scroll","background-type":"","background-media":"","overlay-type":"","overlay-color":"","overlay-opacity":"","overlay-gradient":""},"mobile":{"background-color":"var(--ast-global-color-5)","background-image":"","background-repeat":"repeat","background-position":"center center","background-size":"auto","background-attachment":"scroll","background-type":"","background-media":"","overlay-type":"","overlay-color":"","overlay-opacity":"","overlay-gradient":""}},"footnotes":""},"categories":[8],"tags":[2215,646,1469,293,1111,1944,2381,1152],"class_list":["post-11546","post","type-post","status-publish","format-standard","hentry","category-el-mundo","tag-alemania","tag-angela-merkel","tag-europa","tag-francia","tag-francois-hollande","tag-refugiados","tag-refugiados-en-europa","tag-union-europea"],"spectra_blocks_featured_image_url":null,"spectra_blocks_author_info":{"display_name":"Facundo Novillo","avatar_url":"https:\/\/secure.gravatar.com\/avatar\/09745bc65ce6bf84291d6515d5f759c04b4fce4f329b8a975a8ac2982b552d3e?s=96&d=mm&r=g","author_link":"https:\/\/100xd.com.ar\/es\/author\/facundo\/","description":""},"_links":{"self":[{"href":"https:\/\/100xd.com.ar\/es\/wp-json\/wp\/v2\/posts\/11546","targetHints":{"allow":["GET"]}}],"collection":[{"href":"https:\/\/100xd.com.ar\/es\/wp-json\/wp\/v2\/posts"}],"about":[{"href":"https:\/\/100xd.com.ar\/es\/wp-json\/wp\/v2\/types\/post"}],"author":[{"embeddable":true,"href":"https:\/\/100xd.com.ar\/es\/wp-json\/wp\/v2\/users\/4"}],"replies":[{"embeddable":true,"href":"https:\/\/100xd.com.ar\/es\/wp-json\/wp\/v2\/comments?post=11546"}],"version-history":[{"count":1,"href":"https:\/\/100xd.com.ar\/es\/wp-json\/wp\/v2\/posts\/11546\/revisions"}],"predecessor-version":[{"id":11548,"href":"https:\/\/100xd.com.ar\/es\/wp-json\/wp\/v2\/posts\/11546\/revisions\/11548"}],"wp:attachment":[{"href":"https:\/\/100xd.com.ar\/es\/wp-json\/wp\/v2\/media?parent=11546"}],"wp:term":[{"taxonomy":"category","embeddable":true,"href":"https:\/\/100xd.com.ar\/es\/wp-json\/wp\/v2\/categories?post=11546"},{"taxonomy":"post_tag","embeddable":true,"href":"https:\/\/100xd.com.ar\/es\/wp-json\/wp\/v2\/tags?post=11546"}],"curies":[{"name":"wp","href":"https:\/\/api.w.org\/{rel}","templated":true}]}}