{"id":115324,"date":"2025-02-23T12:34:15","date_gmt":"2025-02-23T15:34:15","guid":{"rendered":"https:\/\/100xd.com.ar\/?p=115324"},"modified":"2025-02-23T12:34:15","modified_gmt":"2025-02-23T15:34:15","slug":"milei-ante-su-enemigo-mas-temible-milei","status":"publish","type":"post","link":"https:\/\/100xd.com.ar\/es\/milei-ante-su-enemigo-mas-temible-milei\/","title":{"rendered":"Milei, ante su enemigo m\u00e1s temible: Milei"},"content":{"rendered":"<p class=\"wp-block-paragraph\">Al aspirante al&nbsp;<strong>Nobel de Econom\u00eda<\/strong>&nbsp;lo engatus\u00f3 un aventurero de 28 a\u00f1os que hac\u00eda los primeros palotes en la timba financiera. El verdugo de&nbsp;<strong>\u201cla casta corrupta\u201d<\/strong>&nbsp;dej\u00f3 huellas pegadas en un&nbsp;<a href=\"https:\/\/www.lanacion.com.ar\/economia\/IA\/una-semana-de-libra-que-se-sabe-y-que-no-del-escandalo-de-la-criptomoneda-nid21022025\/\">negocio opaco&nbsp;<\/a>que gener\u00f3 decenas de millones de d\u00f3lares de la nada. Al genio de la comunicaci\u00f3n&nbsp;<a href=\"https:\/\/www.lanacion.com.ar\/politica\/santiago-caputo-interrumpio-la-entrevista-a-javier-milei-sobre-libra-y-el-gobierno-salio-a-dar-nid18022025\/\">lo tuvo que corregir en c\u00e1mara su asesor estrella<\/a>&nbsp;cuando intentaba dar explicaciones en una entrevista de televisi\u00f3n grabada.<\/p>\n\n\n\n<p class=\"wp-block-paragraph\">El caso del token&nbsp;<strong>$LIBRA&nbsp;<\/strong>afect\u00f3 a&nbsp;<strong>Javier Milei<\/strong>&nbsp;en los principales atributos de su personaje pol\u00edtico:&nbsp;<strong>solvencia t\u00e9cnica, honestidad, autenticidad.&nbsp;<\/strong>Se vio desnudo al rey que amenazaba con decapitar a los funcionarios que cometieran errores. \u00bfQu\u00e9 hacer cuando la peor crisis en 14 meses de gesti\u00f3n es \u00fanicamente atribuible a \u00e9l o a&nbsp;<strong>su hermana Karina<\/strong>, guardiana del despacho presidencial y operadora oficial de la guillotina?<\/p>\n\n\n\n<p class=\"wp-block-paragraph\">La respuesta que ofreci\u00f3 la Casa Rosada a ese dilema expuso las carencias de un dispositivo de poder donde predomina el terror a contradecir al l\u00edder y que entra en cortocircuito cuando un problema no se resuelve con el reflejo confortable de se\u00f1alar a la desprestigiada clase pol\u00edtica.<\/p>\n\n\n\n<p class=\"wp-block-paragraph\">Por primera vez a Milei le toc\u00f3 justificar un acto propio te\u00f1ido de sospechas:&nbsp;<strong>\u00bfpor qu\u00e9 hab\u00eda impulsado en las redes sociales un activo cripto que termin\u00f3 mal y permiti\u00f3 que jugadores desconocidos ganaran cifras siderales en tiempo r\u00e9cord, a costa de un sinf\u00edn de desprevenidos?<\/strong>&nbsp;La reacci\u00f3n sali\u00f3 mal por partida doble. A los cabos sueltos que dej\u00f3 su argumentaci\u00f3n se sum\u00f3 la imagen indecorosa de&nbsp;<strong>Santiago Caputo&nbsp;<\/strong>interrumpiendo una nota period\u00edstica para enmendar lo que el Presidente estaba diciendo.<\/p>\n\n\n\n<p class=\"wp-block-paragraph\">La versi\u00f3n de Milei deja sobre todo un gran agujero l\u00f3gico vinculado a su relaci\u00f3n con&nbsp;<strong>Hayden Mark Davis<\/strong>, el joven texano que cre\u00f3 el fallido criptoactivo y a quien \u00e9l hab\u00eda recibido en la Casa Rosada el 30 de enero. Si, como dijo en televisi\u00f3n, debe&nbsp;<strong>\u201clevantar murallas\u201d<\/strong>&nbsp;para filtrar mejor qui\u00e9n entra a verlo, si qued\u00f3 involucrado injustamente en un negocio ruinoso, si Davis miente cuando dice que es asesor del Gobierno,&nbsp;<strong>\u00bfentonces por qu\u00e9 el Presidente no lo denunci\u00f3 ni le solt\u00f3 la mano?<\/strong><\/p>\n\n\n\n<p class=\"wp-block-paragraph\">Es curiosa tanta prudencia en alguien que tiene&nbsp;<strong>gatillo f\u00e1cil para acusar<\/strong>: basta ver el&nbsp;<a href=\"https:\/\/www.lanacion.com.ar\/politica\/la-insolita-interrupcion-del-discurso-de-javier-milei-en-el-bid-y-la-respuesta-presidencial-nid21022025\/\">video viral<\/a>&nbsp;del viernes con su enojo en la sede del BID, en Washington, porque el&nbsp;<em>ringtone&nbsp;<\/em>de una llamada a su celular interfiri\u00f3 en la transmisi\u00f3n por&nbsp;<strong>Instagram&nbsp;<\/strong>del discurso que pronunciaba. En el estrado, desde donde no pod\u00eda ver qui\u00e9n era el incauto, dijo que&nbsp;<strong>\u201cun imb\u00e9cil malnacido\u201d<\/strong>&nbsp;y&nbsp;<strong>\u201ccabeza de pulpo\u201d<\/strong>&nbsp;estaba marc\u00e1ndole a prop\u00f3sito para interrumpirlo. Mientras, los gur\u00faes de su equipo de comunicaci\u00f3n digital, a cargo del tel\u00e9fono, se preguntaban al aire:&nbsp;<strong>\u201c\u00bfVos sab\u00e9s c\u00f3mo se baja?\u201d<\/strong>.<\/p>\n\n\n\n<figure data-spectra-id=\"spectra-f14b19ad-350a-4ddd-8d0b-6bbfa5ba3619\" class=\"wp-block-image\"><img decoding=\"async\" src=\"https:\/\/cdn.jwplayer.com\/v2\/media\/XF7rXc5S\/poster.jpg?width=720\" alt=\"La ins\u00f3lita interrupci\u00f3n del discurso de Javier Milei en el BID y la respuesta presidencial\" title=\"Milei, ante su enemigo m\u00e1s temible: Milei\" \/><figcaption>La ins\u00f3lita interrupci\u00f3n del discurso de Javier Milei en el BID y la respuesta presidencial<\/figcaption><\/figure>\n\n\n\n<p class=\"wp-block-paragraph\">La mano de seda con Davis resulta sorprendente porque el muchacho se jacta de tener retenidos cerca de&nbsp;<strong>100 millones de d\u00f3lares<\/strong>&nbsp;rescatados de la operaci\u00f3n $LIBRA, dice que son \u201cde la Argentina\u201d y que espera \u201cinstrucciones\u201d del Gobierno.&nbsp;<strong>Es un muchacho que antes de todo esto no aparec\u00eda ni en Google.<\/strong>&nbsp;\u00bfQu\u00e9 no podr\u00eda haber conseguido un esp\u00eda extranjero que se hubiera propuesto entrar al c\u00edrculo fraternal?<\/p>\n\n\n\n<p class=\"wp-block-paragraph\">Igual trato deferencial tuvo Milei con&nbsp;<strong>Mauricio Novelli<\/strong>, a quien aludi\u00f3 como \u201cun tipo h\u00edper creativo\u201d pese a ser quien facilit\u00f3 el ingreso de Davis a la intimidad presidencial.<\/p>\n\n\n\n<p class=\"wp-block-paragraph\">Hay sustancias explosivas que conviene no agitar. Davis es un personaje sin pasado p\u00fablico, cuyas verdaderas motivaciones intrigan a la dirigencia libertaria y que est\u00e1 a tiro de una&nbsp;<strong>investigaci\u00f3n federal en Estados Unidos<\/strong>&nbsp;por haber perjudicado a miles de ciudadanos de ese pa\u00eds.<\/p>\n\n\n\n<figure data-spectra-id=\"spectra-95386f22-c5ce-4899-b880-e23aa3a98ac8\" class=\"wp-block-image\"><img decoding=\"async\" src=\"https:\/\/resizer.glanacion.com\/resizer\/v2\/hayden-davis-el-19-de-octubre-de-2024-durante-el-IDOMFEP74NFGFAIRRUO5OHY7YY.jpeg?auth=059348f7d6954d6adfedd71b070d3f1c78431bfa33825cd9cf64b493a8b43ac3&amp;width=420&amp;height=235&amp;quality=70&amp;smart=true\" alt=\"Hayden Davis, el 19 de octubre de 2024, durante el discurso que dio Milei en el foro Argentina Tech\" title=\"Milei, ante su enemigo m\u00e1s temible: Milei\" \/><figcaption>Hayden Davis, el 19 de octubre de 2024, durante el discurso que dio Milei en el foro Argentina Tech<\/figcaption><\/figure>\n\n\n\n<h2 class=\"wp-block-heading\"><strong>\u201cTodo pasa\u201d<\/strong><\/h2>\n\n\n\n<p class=\"wp-block-paragraph\">Por eso, despu\u00e9s de cumplir la formalidad de que Milei justificara su conducta, la energ\u00eda del oficialismo se concentr\u00f3 en demostrar que el esc\u00e1ndalo no va a tener consecuencias reales sobre el plan econ\u00f3mico.&nbsp;<strong>\u201cEsto, en perspectiva, va a ser un bache apenas. La gente valora la baja de la inflaci\u00f3n y la recuperaci\u00f3n de la actividad que ya empieza a sentirse\u201d<\/strong>, dec\u00eda entre semana un funcionario de peso en la Casa Rosada. La doctrina de Grondona: \u201cTodo pasa\u201d.<\/p>\n\n\n\n<p class=\"wp-block-paragraph\">El ministro de Econom\u00eda,&nbsp;<strong>Luis Caputo<\/strong>, puso la cara antes que el propio Milei. \u201cCuando los s\u00f3lidos&nbsp;<em>fundamentals&nbsp;<\/em>econ\u00f3micos no cambian, los ruidos eventuales de la coyuntura suelen ser vistos por los m\u00e1s experimentados como una oportunidad\u201d, escribi\u00f3 en redes sociales.<\/p>\n\n\n\n<p class=\"wp-block-paragraph\">Hac\u00eda falta algo m\u00e1s para que los mercados no magnificaran la crisis. La atenci\u00f3n de los inversores estaba puesta en c\u00f3mo las sospechas sobre los hermanos Milei podr\u00edan afectar la capacidad de control pol\u00edtico de un gobierno que gestiona en minor\u00eda parlamentaria y que est\u00e1 camino a un proceso electoral decisivo.<\/p>\n\n\n\n<figure data-spectra-id=\"spectra-0b824cff-7f96-473b-a3b9-a140668906ce\" class=\"wp-block-image\"><img decoding=\"async\" src=\"https:\/\/resizer.glanacion.com\/resizer\/v2\/santiago-caputo-llegaba-a-la-casa-rosada-el-dia-UXOPPCLWFZF7PBVHDW6L63QIBI.jpg?auth=fd182c92f274df3b3ff204e6cb390da6b0747fa77ad17441fe42478c16c3fe63&amp;width=420&amp;height=280&amp;quality=70&amp;smart=true\" alt=\"Santiago Caputo llegaba a la Casa Rosada el d\u00eda de la entrevista de Milei con Jony Viale\" title=\"Milei, ante su enemigo m\u00e1s temible: Milei\" \/><figcaption>Santiago Caputo llegaba a la Casa Rosada el d\u00eda de la entrevista de Milei con Jony VialeEnrique Garc\u00eda Medina<\/figcaption><\/figure>\n\n\n\n<p class=\"wp-block-paragraph\">La maquinaria de la Casa Rosada se puso en marcha para influir sobre el resto del sistema institucional. Sobre todo, con los gobernadores dialoguistas, los senadores que los representan y los dirigentes del kirchnerismo con los que existen puentes de di\u00e1logo.<\/p>\n\n\n\n<p class=\"wp-block-paragraph\">Las amenazas de un juicio pol\u00edtico se diluyeron con la fuerza de su propia inconsistencia. Pero la posibilidad de que se aprobara en el Senado una&nbsp;<strong>comisi\u00f3n investigadora<\/strong>&nbsp;del caso pod\u00eda disparar una se\u00f1al de debilidad del Gobierno, de que le entraban las balas y perd\u00eda el manubrio con el que viene conduciendo un Congreso ajeno.<\/p>\n\n\n\n<p class=\"wp-block-paragraph\">El oficialismo se anot\u00f3 entonces un triunfo que se festej\u00f3 como una revancha al cabo de la peor semana de la era libertaria.<strong>&nbsp;Una muestra de poder agrandada por el espect\u00e1culo legislativo que permiti\u00f3 ver el estado de degradaci\u00f3n del orden pol\u00edtico contra el que Milei combate.<\/strong><\/p>\n\n\n\n<figure data-spectra-id=\"spectra-be8f32d8-0c34-4419-a16a-9b9f8b28ae1e\" class=\"wp-block-image\"><img decoding=\"async\" src=\"https:\/\/resizer.glanacion.com\/resizer\/v2\/el-senador-radical-eduardo-vischi-sentado-y-el-N26OUQTCPJDWDEBK6LDFS32OGI.JPG?auth=99d6444a1572d3c484a87601fb5c6339c61565fe89aa5e8dfff2e72a3d64c3d4&amp;width=420&amp;height=280&amp;quality=70&amp;smart=true\" alt=\"El senador radical Eduardo Vischi (sentado) y el libertario Ezequiel Atauche, en la sesi\u00f3n del jueves\" title=\"Milei, ante su enemigo m\u00e1s temible: Milei\" \/><figcaption>El senador radical Eduardo Vischi (sentado) y el libertario Ezequiel Atauche, en la sesi\u00f3n del juevesHernan Zenteno<\/figcaption><\/figure>\n\n\n\n<p class=\"wp-block-paragraph\">El s\u00edmbolo de aquel \u00e9xito del Gobierno fue el senador&nbsp;<strong>Eduardo Vischi<\/strong>, el correntino que preside el bloque de la UCR. El mi\u00e9rcoles firm\u00f3 el proyecto de ley para crear la comisi\u00f3n investigadora del esc\u00e1ndalo cripto, pero despu\u00e9s fue el receptor principal de las presiones para retirarlo o postergarlo. Incapaz de convencer a todo su bloque de una voltereta que no dejara rastros, se resign\u00f3 a que el tema se llevara al recinto. Al ser un expediente que no hab\u00eda pasado por comisi\u00f3n, requer\u00eda una mayor\u00eda de dos tercios de los presentes para ser incluido en el debate.&nbsp;<strong>Vischi vot\u00f3 a favor del tr\u00e1mite de urgencia.<\/strong>&nbsp;Pero apenas 10 minutos despu\u00e9s, cuando se someti\u00f3 a consideraci\u00f3n el contenido del proyecto, vot\u00f3 en contra.<\/p>\n\n\n\n<p class=\"wp-block-paragraph\">Lo mismo hicieron otros cinco legisladores de la UCR que responden a los gobernadores&nbsp;<strong>Gustavo Vald\u00e9s<\/strong>&nbsp;(Corrientes),&nbsp;<strong>Leandro Zdero&nbsp;<\/strong>(Chaco),&nbsp;<strong>Alfredo Cornejo<\/strong>&nbsp;(Mendoza),&nbsp;<strong>Maximiliano Pullaro<\/strong>&nbsp;(Santa Fe) y&nbsp;<strong>Rogelio Frigerio<\/strong>&nbsp;(que es de Pro, pero conduce a la senadora Stella Maris Olalla).<\/p>\n\n\n\n<p class=\"wp-block-paragraph\">Es decir, a las 16:04 cre\u00edan que era urgente discutir sobre la comisi\u00f3n investigadora y a las 16:14 se declararon en contra de constituirla. Entre una y otra votaci\u00f3n no hubo discursos ni argumentaciones, solo un confuso intento de discutir los procedimientos por parte del jefe del bloque libertario,&nbsp;<strong>Ezequiel Atauche<\/strong>, y del presidente provisional del Senado,&nbsp;<strong>Bartolom\u00e9 Abdala<\/strong>, que -como dir\u00eda Milei- parec\u00eda no estar interiorizado de los pormenores del reglamento. El proyecto fue rechazado: falt\u00f3 un solo voto para su aprobaci\u00f3n con dos tercios del total de la C\u00e1mara (la mayor\u00eda que exige el reglamento para conformar una comisi\u00f3n investigadora).<\/p>\n\n\n\n<p class=\"wp-block-paragraph\">Ninguno de los radicales explic\u00f3 por qu\u00e9 cambi\u00f3 tan abruptamente de posici\u00f3n.&nbsp;<strong>\u00bfSe la jugaron a que no hubiera votos para habilitar el debate y as\u00ed disimular su complicidad con el Gobierno<\/strong>? \u00bfO directamente enga\u00f1aron a la otra mitad del bloque para habilitar la discusi\u00f3n y a punto seguido aniquilar el proyecto? O peor: \u00bfestaba todo guionado y cada uno sab\u00eda el papel que le tocaba jugar en cada momento? \u00bfSer\u00e1 por eso por lo que la sesi\u00f3n continu\u00f3 sin que nadie alzara la voz?<\/p>\n\n\n\n<p class=\"wp-block-paragraph\">En cualquier caso, result\u00f3&nbsp;<strong>un sentido homenaje a Milei y su pr\u00e9dica antipol\u00edtica<\/strong>. El Senado qued\u00f3 retratado como un&nbsp;<strong>mercado de votos<\/strong>, en el que las convicciones pueden valer menos que una $LIBRA. El radicalismo se exhibi\u00f3 como un partido sin alma, a merced de los intereses pasajeros de sus caciques provinciales.<\/p>\n\n\n\n<h2 class=\"wp-block-heading\"><strong>Con ayuda de \u201cla casta\u201d<\/strong><\/h2>\n\n\n\n<p class=\"wp-block-paragraph\"><strong>Milei volvi\u00f3 a actuar como el titiritero de \u201cla casta\u201d.<\/strong>&nbsp;Su equipo mostr\u00f3 con qu\u00e9 facilidad puede torcer la voluntad de los gobernadores, fam\u00e9licos por el recorte de fondos nacionales. El Congreso opositor es todav\u00eda un cuchillo de madera. El kirchnerismo se mostr\u00f3 incapaz de articular una ofensiva s\u00f3lida para meter el dedo en la llaga de Milei y termin\u00f3 la semana zambullido en la&nbsp;<a href=\"https:\/\/www.lanacion.com.ar\/politica\/dura-respuesta-del-kirchnerismo-contra-el-nuevo-espacio-de-kicillof-que-desafia-a-cristina-dividio-nid22022025\/\">batalla interna entre Axel Kicillof y Cristina Kirchner<\/a>.<\/p>\n\n\n\n<p class=\"wp-block-paragraph\">En plena tormenta, nada se interpuso en la voluntad del Gobierno de suspender las elecciones primarias.<\/p>\n\n\n\n<p class=\"wp-block-paragraph\"><strong>El Pro no pudo ocultar sus divisiones<\/strong>. Mientras un grupo de dirigentes se apur\u00f3 a inmolarse por la inocencia de Milei,&nbsp;<strong>Mauricio Macri<\/strong>&nbsp;se preocup\u00f3 por resaltar la \u201cgravedad\u201d de lo sucedido con el cripto activo de la discordia.&nbsp;<strong>Santiago Caputo<\/strong>&nbsp;le tir\u00f3 el cami\u00f3n encima cuando aval\u00f3 que un funcionario de segundo orden acusara a Macri en el Congreso de sabotear la licitaci\u00f3n de la Hidrov\u00eda. El expresidente no contuvo su furia con el asesor presidencial que sufre el&nbsp;<strong>\u201cdefecto de la excelencia\u201d<\/strong>&nbsp;(Manuel Adorni dixit). La alianza electoral Pro-La Libertad Avanza asoma cada vez m\u00e1s quim\u00e9rica.&nbsp;<strong>Ser\u00e1 que Plut\u00f3n entr\u00f3 en Acuario<\/strong>, como dir\u00eda la legisladora&nbsp;<strong>Florencia Arietto<\/strong>.<\/p>\n\n\n\n<figure data-spectra-id=\"spectra-ab5d0972-4c56-45d3-bee6-34daab2036a5\" class=\"wp-block-image\"><img decoding=\"async\" src=\"https:\/\/resizer.glanacion.com\/resizer\/v2\/mauricio-macri-en-su-visita-a-2IMWYCPX7REYVAX5BAIDGASVSU.jpeg?auth=3644e3294000eea3a4d81286030553f836f54fb88ec0d3b18fc19328acfe8ac3&amp;width=420&amp;height=280&amp;quality=70&amp;smart=true\" alt=\"Mauricio Macri, en su visita a Arrecifes\" title=\"Milei, ante su enemigo m\u00e1s temible: Milei\" \/><figcaption>Mauricio Macri, en su visita a Arrecifes<\/figcaption><\/figure>\n\n\n\n<p class=\"wp-block-paragraph\">El \u00fanico gesto al que \u2013por prudencia- se vio obligado el oficialismo fue la postergaci\u00f3n del tratamiento de los candidatos a la Corte.&nbsp;<strong>Ariel Lijo<\/strong>, por ahora, es el perdedor m\u00e1s famoso en el casino de $LIBRA.<\/p>\n\n\n\n<p class=\"wp-block-paragraph\">La criptocrisis dej\u00f3 en evidencia la desproporcionada centralidad de Milei en el escenario pol\u00edtico actual de la Argentina.&nbsp;<strong>Una oposici\u00f3n desarticulada y un sistema de gobierno que premia la obsecuencia deja al Presidente muy expuesto a su peor enemigo: \u00e9l mismo.&nbsp;<\/strong>Nadie impidi\u00f3 su traspi\u00e9 con empresarios de dudosa trayectoria al igual que nadie le advirti\u00f3 un mes atr\u00e1s que su discurso en Davos contra la diversidad sexual podr\u00eda desatar protestas y afectar su agenda.<\/p>\n\n\n\n<figure data-spectra-id=\"spectra-104845ff-9cd2-4edd-ae10-24a738fd1e67\" class=\"wp-block-image\"><img decoding=\"async\" src=\"https:\/\/resizer.glanacion.com\/resizer\/v2\/karina-milei-en-F3URWWZMMBF4ZAXVRMJ462IUDE.jpg?auth=8e8feed25b0fb9062a6e298e0c43ddbeb880979f362eaad363e546b19f4162ee&amp;width=420&amp;height=280&amp;quality=70&amp;smart=true\" alt=\"Karina Milei, en Washington\" title=\"Milei, ante su enemigo m\u00e1s temible: Milei\" \/><figcaption>Karina Milei, en WashingtonMANDEL NGAN &#8211; AFP<\/figcaption><\/figure>\n\n\n\n<p class=\"wp-block-paragraph\">Los primeros indicios posteriores al esc\u00e1ndalo revelan que el poder sigue centralizado en los dos hermanos y en&nbsp;<strong>Santiago Caputo<\/strong>, que debi\u00f3 aceptar que lo critiquen Adorni y el jefe de Gabinete,&nbsp;<strong>Guillermo Francos<\/strong>, por su irrupci\u00f3n en la entrevista televisiva, pero despu\u00e9s fue incluido en la comitiva presidencial en Estados Unidos.&nbsp;<strong>\u201cNi loco lo saco\u201d<\/strong>, transmiti\u00f3 Milei en privado, en un mensaje desprovisto de iron\u00edas.<\/p>\n\n\n\n<p class=\"wp-block-paragraph\">La \u201cmuralla\u201d de Milei seguir\u00e1 siendo su hermana Karina, que lo acompa\u00f1\u00f3 a la conferencia trumpista en la que gan\u00f3&nbsp;<em>likes&nbsp;<\/em>y aplausos por regalarle una motosierra a&nbsp;<strong>Elon Musk<\/strong>. En ese Disney particular pudo ahogar las penas criollas: era puro sonrisas, no se sabe si en su papel de presidente, de economista o de&nbsp;<em>influencer&nbsp;<\/em>global. Tuvo un&nbsp;<a href=\"https:\/\/www.lanacion.com.ar\/politica\/trump-se-reunio-con-milei-en-cpac-y-le-mando-un-guino-escucho-que-te-esta-yendo-fantastico-nid22022025\/\">reencuentro con el mism\u00edsimo Trump<\/a>, que le regal\u00f3 elogios desde el atril.<\/p>\n\n\n\n<figure data-spectra-id=\"spectra-fa2aab87-24b8-4870-a8fe-60724dc9398c\" class=\"wp-block-image\"><img decoding=\"async\" src=\"https:\/\/cdn.jwplayer.com\/v2\/media\/ZI1OVDP7\/poster.jpg?width=720\" alt=\"N5LXjtLNYKOpjaD5\" title=\"Milei, ante su enemigo m\u00e1s temible: Milei\" \/><figcaption>N5LXjtLNYKOpjaD5<\/figcaption><\/figure>\n\n\n\n<p class=\"wp-block-paragraph\">Ante esas audiencias volvi\u00f3, en t\u00e9rminos futbol\u00edsticos, a su 4-4-2: resalt\u00f3 sus logros con la inflaci\u00f3n, defendi\u00f3 el ajuste del gasto p\u00fablico y se declar\u00f3 enemigo del Estado.&nbsp;<strong>\u201cEs peor que la mafia\u201d<\/strong>, insisti\u00f3.<\/p>\n\n\n\n<p class=\"wp-block-paragraph\">Esboz\u00f3 as\u00ed la\u00a0<strong>gran paradoja<\/strong>\u00a0que encarnan este a\u00f1o los dos hermanos: ella como armadora y \u00e9l como l\u00edder se proponen crear desde los entresijos del Estado un partido pol\u00edtico destinado a acabar con el Estado. De momento ning\u00fan rival parece en condiciones de oponerles un l\u00edmite. Pero el desaf\u00edo es demasiado ambicioso para distraerse con los proyectos extravagantes de oportunistas cazadores de fortunas.<\/p>\n\n\n\n<p class=\"wp-block-paragraph\">Por\u00a0<a href=\"https:\/\/www.lanacion.com.ar\/autor\/martin-rodriguez-yebra-161\/\"><strong>Mart\u00edn Rodr\u00edguez Yebra<\/strong><\/a><\/p>\n\n\n\n<p class=\"wp-block-paragraph\">Fuente:<a href=\"https:\/\/www.lanacion.com.ar\/\"> La Naci\u00f3n<\/a><\/p>","protected":false},"excerpt":{"rendered":"<p>Al aspirante al&nbsp;Nobel de Econom\u00eda&nbsp;lo engatus\u00f3 un aventurero de 28 a\u00f1os que hac\u00eda los primeros palotes en la timba financiera. El verdugo de&nbsp;\u201cla casta corrupta\u201d&nbsp;dej\u00f3 huellas pegadas en un&nbsp;negocio opaco&nbsp;que gener\u00f3 decenas de millones de d\u00f3lares de la nada. Al genio de la comunicaci\u00f3n&nbsp;lo tuvo que corregir en c\u00e1mara su asesor estrella&nbsp;cuando intentaba dar explicaciones [&hellip;]<\/p>\n","protected":false},"author":9,"featured_media":0,"comment_status":"open","ping_status":"open","sticky":false,"template":"","format":"standard","meta":{"site-sidebar-layout":"default","site-content-layout":"","ast-site-content-layout":"default","site-content-style":"default","site-sidebar-style":"default","ast-global-header-display":"","ast-banner-title-visibility":"","ast-main-header-display":"","ast-hfb-above-header-display":"","ast-hfb-below-header-display":"","ast-hfb-mobile-header-display":"","site-post-title":"","ast-breadcrumbs-content":"","ast-featured-img":"","footer-sml-layout":"","ast-disable-related-posts":"","theme-transparent-header-meta":"","adv-header-id-meta":"","stick-header-meta":"","header-above-stick-meta":"","header-main-stick-meta":"","header-below-stick-meta":"","astra-migrate-meta-layouts":"default","ast-page-background-enabled":"default","ast-page-background-meta":{"desktop":{"background-color":"","background-image":"","background-repeat":"repeat","background-position":"center center","background-size":"auto","background-attachment":"scroll","background-type":"","background-media":"","overlay-type":"","overlay-color":"","overlay-opacity":"","overlay-gradient":""},"tablet":{"background-color":"","background-image":"","background-repeat":"repeat","background-position":"center center","background-size":"auto","background-attachment":"scroll","background-type":"","background-media":"","overlay-type":"","overlay-color":"","overlay-opacity":"","overlay-gradient":""},"mobile":{"background-color":"","background-image":"","background-repeat":"repeat","background-position":"center center","background-size":"auto","background-attachment":"scroll","background-type":"","background-media":"","overlay-type":"","overlay-color":"","overlay-opacity":"","overlay-gradient":""}},"ast-content-background-meta":{"desktop":{"background-color":"var(--ast-global-color-5)","background-image":"","background-repeat":"repeat","background-position":"center center","background-size":"auto","background-attachment":"scroll","background-type":"","background-media":"","overlay-type":"","overlay-color":"","overlay-opacity":"","overlay-gradient":""},"tablet":{"background-color":"var(--ast-global-color-5)","background-image":"","background-repeat":"repeat","background-position":"center center","background-size":"auto","background-attachment":"scroll","background-type":"","background-media":"","overlay-type":"","overlay-color":"","overlay-opacity":"","overlay-gradient":""},"mobile":{"background-color":"var(--ast-global-color-5)","background-image":"","background-repeat":"repeat","background-position":"center center","background-size":"auto","background-attachment":"scroll","background-type":"","background-media":"","overlay-type":"","overlay-color":"","overlay-opacity":"","overlay-gradient":""}},"footnotes":""},"categories":[2],"tags":[],"class_list":["post-115324","post","type-post","status-publish","format-standard","hentry","category-politica"],"spectra_blocks_featured_image_url":null,"spectra_blocks_author_info":{"display_name":"Jorge Alfredo Baret","avatar_url":"https:\/\/secure.gravatar.com\/avatar\/31696f5ca83439b642450ec7d3f82f98451a5efacb414343d5478c982b337f26?s=96&d=mm&r=g","author_link":"https:\/\/100xd.com.ar\/es\/author\/jorge\/","description":"Ingeniero Qu\u00edmico UTN - Director Apoderado de Comunicaciones Auditadas SA. Editor Responsable 100xd.com.ar."},"_links":{"self":[{"href":"https:\/\/100xd.com.ar\/es\/wp-json\/wp\/v2\/posts\/115324","targetHints":{"allow":["GET"]}}],"collection":[{"href":"https:\/\/100xd.com.ar\/es\/wp-json\/wp\/v2\/posts"}],"about":[{"href":"https:\/\/100xd.com.ar\/es\/wp-json\/wp\/v2\/types\/post"}],"author":[{"embeddable":true,"href":"https:\/\/100xd.com.ar\/es\/wp-json\/wp\/v2\/users\/9"}],"replies":[{"embeddable":true,"href":"https:\/\/100xd.com.ar\/es\/wp-json\/wp\/v2\/comments?post=115324"}],"version-history":[{"count":1,"href":"https:\/\/100xd.com.ar\/es\/wp-json\/wp\/v2\/posts\/115324\/revisions"}],"predecessor-version":[{"id":115326,"href":"https:\/\/100xd.com.ar\/es\/wp-json\/wp\/v2\/posts\/115324\/revisions\/115326"}],"wp:attachment":[{"href":"https:\/\/100xd.com.ar\/es\/wp-json\/wp\/v2\/media?parent=115324"}],"wp:term":[{"taxonomy":"category","embeddable":true,"href":"https:\/\/100xd.com.ar\/es\/wp-json\/wp\/v2\/categories?post=115324"},{"taxonomy":"post_tag","embeddable":true,"href":"https:\/\/100xd.com.ar\/es\/wp-json\/wp\/v2\/tags?post=115324"}],"curies":[{"name":"wp","href":"https:\/\/api.w.org\/{rel}","templated":true}]}}