{"id":115163,"date":"2025-02-20T14:50:14","date_gmt":"2025-02-20T17:50:14","guid":{"rendered":"https:\/\/100xd.com.ar\/?p=115163"},"modified":"2025-02-20T14:50:14","modified_gmt":"2025-02-20T17:50:14","slug":"la-cgt-anuncio-paro-nacional-docente-para-el-24-de-febrero-y-5-de-marzo","status":"publish","type":"post","link":"https:\/\/100xd.com.ar\/es\/la-cgt-anuncio-paro-nacional-docente-para-el-24-de-febrero-y-5-de-marzo\/","title":{"rendered":"La CGT anunci\u00f3 paro nacional docente para el 24 de febrero y 5 de marzo"},"content":{"rendered":"<p class=\"wp-block-paragraph\">Las clases&nbsp;<strong>no comenzar\u00e1n con normalidad.<\/strong>&nbsp;En conferencia de prensa, los sindicatos docentes que integran la&nbsp;<a target=\"_blank\" href=\"https:\/\/www.perfil.com\/noticias\/politica\/cada-vez-mas-sectores-de-la-cgt-cuestionan-el-techo-paritario-oficial.phtml\" rel=\"noreferrer noopener\"><strong>Confederaci\u00f3n General del Trabajo<\/strong><\/a>&nbsp;(CGT) resolvieron no empezar con el calendario escolar y anunciaron dos&nbsp;<strong>paros nacionales<\/strong>: uno para el&nbsp;<strong>24 de febrero y otro para el 5 de marzo<\/strong>. Luego de que se difundiera la medida de protesta, el Gobierno convoc\u00f3 a una reuni\u00f3n de la&nbsp;<strong>Mesa del Salario M\u00ednimo Docente Garantizado&nbsp;<\/strong>para el lunes.<\/p>\n\n\n\n<p class=\"wp-block-paragraph\">El anuncio se funda en se\u00f1al de protesta porque las&nbsp;<a target=\"_blank\" href=\"https:\/\/www.perfil.com\/noticias\/politica\/anteultimo-dia-del-ano-el-gobierno-llamo-a-los-gremios-estatales-para-discutir-paritarias.phtml\" rel=\"noreferrer noopener\"><strong>paritarias<\/strong><\/a>&nbsp;est\u00e1n &#8220;planchadas&#8221; desde el a\u00f1o pasado, lo que significa que el salario docente tiene actualmente un&nbsp;<strong>piso de 420 mil pesos desde agosto de 2024<\/strong>. Informaron adem\u00e1s que&nbsp;<strong>no hay di\u00e1logo con el gobierno nacional<\/strong>, y que continuar\u00e1n con m\u00e1s medidas si no se atienden sus demandas<\/p>\n\n\n\n<p class=\"wp-block-paragraph\"><a target=\"_blank\" href=\"https:\/\/www.perfil.com\/noticias\/modo-fontevecchia\/hernan-letcher-hay-una-decision-politica-de-planchar-los-salarios-modof.phtml\" rel=\"noreferrer noopener\"><strong>Hern\u00e1n Letcher: &#8220;Hay una decisi\u00f3n pol\u00edtica de planchar los salarios&#8221;<\/strong><\/a><br>Esto no les gusta a los autoritariosEl ejercicio del periodismo profesional y cr\u00edtico es un pilar fundamental de la democracia. Por eso molesta a quienes creen ser los due\u00f1os de la verdad.Hoy m\u00e1s que nunca<a href=\"https:\/\/mi.perfil.com\/\">Suscribite<\/a><\/p>\n\n\n\n<p class=\"wp-block-paragraph\">\u201cEl actual salario docente no fue acordado por los trabajadores y trabajadoras de la educaci\u00f3n sino que el gobierno nacional&nbsp;<strong>lo impuso por decreto<\/strong>. Lo hizo sin considerar que apenas asumi\u00f3 produjo una&nbsp;<a target=\"_blank\" href=\"https:\/\/www.perfil.com\/noticias\/economia\/hasta-javier-milei-reconocio-la-brutal-caida-el-salario-promedio-de-la-economia-es-400-mil-pesos.phtml\" rel=\"noreferrer noopener\"><strong>ca\u00edda abrupta de los salarios<\/strong><\/a>&nbsp;del conjunto de los trabajadores de la educaci\u00f3n\u201d, lanz\u00f3 este jueves el&nbsp;<strong>secretario general de la Confederaci\u00f3n de Educadores de Argentina (CEA), Fabi\u00e1n Feldman.<\/strong><\/p>\n\n\n\n<p class=\"wp-block-paragraph\">Luego agreg\u00f3: \u201cSi tom\u00e1ramos el mismo salario que otorgaron en julio del a\u00f1o pasado, hoy ese mismo salario tendr\u00eda que ascender a 715 mil pesos. Es decir,&nbsp;<strong>tampoco se produjo la recuperaci\u00f3n por inflaci\u00f3n<\/strong>. Estamos&nbsp;<strong>por debajo de la l\u00ednea de pobreza<\/strong>, como muchas veces se\u00f1alamos las organizaciones sindicales docentes y la CGT&#8221;, expres\u00f3.<\/p>\n\n\n\n<h2 class=\"wp-block-heading\"><strong>Una medida de alcance nacional<\/strong><\/h2>\n\n\n\n<p class=\"wp-block-paragraph\">El inicio de las clases en&nbsp;<strong>10 provincias<\/strong>, previsto para el pr\u00f3ximo lunes 24 de febrero,&nbsp;<strong>pende de un hilo<\/strong>. En gran parte de las provincias las negociaciones con los gobiernos locales por subas de salarios ya comenzaron y se encuentran en pleno desarrollo. De acuerdo al cronograma nacional actual, el&nbsp;<strong>lunes 24 las clases deber\u00e1n iniciarse&nbsp;<\/strong>en Ciudad de Buenos Aires, C\u00f3rdoba, Santa Fe, Corrientes, Entre R\u00edos, Formosa, Mendoza, San Juan, San Luis y Santa Cruz. Al d\u00eda siguiente lo har\u00eda Neuqu\u00e9n y el mi\u00e9rcoles 26 ser\u00eda el turno de La Pampa.<\/p>\n\n\n\n<p class=\"wp-block-paragraph\"><a target=\"_blank\" href=\"https:\/\/www.perfil.com\/noticias\/economia\/polemica-por-la-inflacion-con-la-canasta-actualizada-hubieran-perdido-los-salarios.phtml\" rel=\"noreferrer noopener\"><strong>Pol\u00e9mica por la inflaci\u00f3n: con la canasta actualizada hubieran perdido los salarios<\/strong><\/a><\/p>\n\n\n\n<p class=\"wp-block-paragraph\">Debido a la afluencia tur\u00edstica esperada por el Carnaval, en las provincias del norte del pa\u00eds se dispuso que el&nbsp;<strong>inicio de clases sea el pr\u00f3ximo 5 de marzo.<\/strong>&nbsp;Ese d\u00eda las escuelas se abrir\u00e1n en Salta, Jujuy, Tucum\u00e1n, Chaco, Formosa, Santiago del Estero, Catamarca y Misiones, y tambi\u00e9n se sumar\u00e1n Provincia de Buenos Aires y Tierra del Fuego.<\/p>\n\n\n\n<p class=\"wp-block-paragraph\">Hasta el momento, cuatro centrales que aglutinan a la mayor parte de la docencia del pa\u00eds, que son la Confederaci\u00f3n de Trabajadores de la Educaci\u00f3n (CTERA), la Uni\u00f3n de Docentes Argentinos (UDA), la Asociaci\u00f3n del Magisterio de la Ense\u00f1anza T\u00e9cnica (AMET) y la Confederaci\u00f3n de Educadores Argentinos (CEA), le&nbsp;<strong>exigen al Gobierno que convoque a la paritaria nacional docente<\/strong>, prevista por ley pero&nbsp;<strong>desestimada de hecho<\/strong>&nbsp;por la Casa Rosada.<\/p>\n\n\n\n<h2 class=\"wp-block-heading\">El Gobierno busca aplacar el conflicto docente<\/h2>\n\n\n\n<p class=\"wp-block-paragraph\">El Ministerio de Capital Humano convoc\u00f3 para el pr\u00f3ximo lunes, a las 15, a la Mesa del Salario M\u00ednimo Docente Garantizado &#8220;en l\u00ednea con el di\u00e1logo siempre abierto por las secretar\u00edas de Trabajo y Educaci\u00f3n&#8221; de esa cartera.<\/p>\n\n\n\n<p class=\"wp-block-paragraph\">En encuentro tendr\u00e1 lugar en la Secretar\u00eda de Trabajo y participar\u00e1n los gremios docentes nacionales y el Comit\u00e9 Ejecutivo del Consejo Federal de Educaci\u00f3n, integrado por los ministros de Educaci\u00f3n provinciales.<\/p>\n\n\n\n<p class=\"wp-block-paragraph\">Adem\u00e1s, participar\u00e1n de la reuni\u00f3n &#8220;con voz y sin voto las asociaciones de escuelas privadas&#8221;, indic\u00f3 un comunicado del Ministerio de Capital Humano.<\/p>\n\n\n\n<p class=\"wp-block-paragraph\">Fuente: <a href=\"https:\/\/www.perfil.com\/\">Perfil.com<\/a><\/p>","protected":false},"excerpt":{"rendered":"<p>Las clases&nbsp;no comenzar\u00e1n con normalidad.&nbsp;En conferencia de prensa, los sindicatos docentes que integran la&nbsp;Confederaci\u00f3n General del Trabajo&nbsp;(CGT) resolvieron no empezar con el calendario escolar y anunciaron dos&nbsp;paros nacionales: uno para el&nbsp;24 de febrero y otro para el 5 de marzo. Luego de que se difundiera la medida de protesta, el Gobierno convoc\u00f3 a una reuni\u00f3n [&hellip;]<\/p>\n","protected":false},"author":9,"featured_media":0,"comment_status":"open","ping_status":"open","sticky":false,"template":"","format":"standard","meta":{"site-sidebar-layout":"default","site-content-layout":"","ast-site-content-layout":"default","site-content-style":"default","site-sidebar-style":"default","ast-global-header-display":"","ast-banner-title-visibility":"","ast-main-header-display":"","ast-hfb-above-header-display":"","ast-hfb-below-header-display":"","ast-hfb-mobile-header-display":"","site-post-title":"","ast-breadcrumbs-content":"","ast-featured-img":"","footer-sml-layout":"","ast-disable-related-posts":"","theme-transparent-header-meta":"","adv-header-id-meta":"","stick-header-meta":"","header-above-stick-meta":"","header-main-stick-meta":"","header-below-stick-meta":"","astra-migrate-meta-layouts":"default","ast-page-background-enabled":"default","ast-page-background-meta":{"desktop":{"background-color":"","background-image":"","background-repeat":"repeat","background-position":"center center","background-size":"auto","background-attachment":"scroll","background-type":"","background-media":"","overlay-type":"","overlay-color":"","overlay-opacity":"","overlay-gradient":""},"tablet":{"background-color":"","background-image":"","background-repeat":"repeat","background-position":"center center","background-size":"auto","background-attachment":"scroll","background-type":"","background-media":"","overlay-type":"","overlay-color":"","overlay-opacity":"","overlay-gradient":""},"mobile":{"background-color":"","background-image":"","background-repeat":"repeat","background-position":"center center","background-size":"auto","background-attachment":"scroll","background-type":"","background-media":"","overlay-type":"","overlay-color":"","overlay-opacity":"","overlay-gradient":""}},"ast-content-background-meta":{"desktop":{"background-color":"var(--ast-global-color-5)","background-image":"","background-repeat":"repeat","background-position":"center center","background-size":"auto","background-attachment":"scroll","background-type":"","background-media":"","overlay-type":"","overlay-color":"","overlay-opacity":"","overlay-gradient":""},"tablet":{"background-color":"var(--ast-global-color-5)","background-image":"","background-repeat":"repeat","background-position":"center center","background-size":"auto","background-attachment":"scroll","background-type":"","background-media":"","overlay-type":"","overlay-color":"","overlay-opacity":"","overlay-gradient":""},"mobile":{"background-color":"var(--ast-global-color-5)","background-image":"","background-repeat":"repeat","background-position":"center center","background-size":"auto","background-attachment":"scroll","background-type":"","background-media":"","overlay-type":"","overlay-color":"","overlay-opacity":"","overlay-gradient":""}},"footnotes":""},"categories":[25],"tags":[],"class_list":["post-115163","post","type-post","status-publish","format-standard","hentry","category-destacado"],"spectra_blocks_featured_image_url":null,"spectra_blocks_author_info":{"display_name":"Jorge Alfredo Baret","avatar_url":"https:\/\/secure.gravatar.com\/avatar\/31696f5ca83439b642450ec7d3f82f98451a5efacb414343d5478c982b337f26?s=96&d=mm&r=g","author_link":"https:\/\/100xd.com.ar\/es\/author\/jorge\/","description":"Ingeniero Qu\u00edmico UTN - Director Apoderado de Comunicaciones Auditadas SA. Editor Responsable 100xd.com.ar."},"_links":{"self":[{"href":"https:\/\/100xd.com.ar\/es\/wp-json\/wp\/v2\/posts\/115163","targetHints":{"allow":["GET"]}}],"collection":[{"href":"https:\/\/100xd.com.ar\/es\/wp-json\/wp\/v2\/posts"}],"about":[{"href":"https:\/\/100xd.com.ar\/es\/wp-json\/wp\/v2\/types\/post"}],"author":[{"embeddable":true,"href":"https:\/\/100xd.com.ar\/es\/wp-json\/wp\/v2\/users\/9"}],"replies":[{"embeddable":true,"href":"https:\/\/100xd.com.ar\/es\/wp-json\/wp\/v2\/comments?post=115163"}],"version-history":[{"count":1,"href":"https:\/\/100xd.com.ar\/es\/wp-json\/wp\/v2\/posts\/115163\/revisions"}],"predecessor-version":[{"id":115165,"href":"https:\/\/100xd.com.ar\/es\/wp-json\/wp\/v2\/posts\/115163\/revisions\/115165"}],"wp:attachment":[{"href":"https:\/\/100xd.com.ar\/es\/wp-json\/wp\/v2\/media?parent=115163"}],"wp:term":[{"taxonomy":"category","embeddable":true,"href":"https:\/\/100xd.com.ar\/es\/wp-json\/wp\/v2\/categories?post=115163"},{"taxonomy":"post_tag","embeddable":true,"href":"https:\/\/100xd.com.ar\/es\/wp-json\/wp\/v2\/tags?post=115163"}],"curies":[{"name":"wp","href":"https:\/\/api.w.org\/{rel}","templated":true}]}}