{"id":115010,"date":"2025-02-17T11:10:36","date_gmt":"2025-02-17T14:10:36","guid":{"rendered":"https:\/\/100xd.com.ar\/?p=115010"},"modified":"2025-02-17T11:10:36","modified_gmt":"2025-02-17T14:10:36","slug":"municipio-de-tandil-centro-cultural-arte-y-parte","status":"publish","type":"post","link":"https:\/\/100xd.com.ar\/es\/municipio-de-tandil-centro-cultural-arte-y-parte\/","title":{"rendered":"Municipio de Tandil: Centro Cultural Arte y Parte"},"content":{"rendered":"<p class=\"wp-block-paragraph\">Somos un espacio cultural y caf\u00e9 que apunta a detectar y desarrollar talentos art\u00edsticos y educativos.<br>Estamos en Yrigoyen 882, con talleres art\u00edsticos durante la semana. Los fines de semana hay charlas, presentaciones, teatro, ferias, recitales y muestras pl\u00e1sticas, adem\u00e1s de una propuesta gastron\u00f3mica elaborada en \u201cEl Ombligo\u201d, nuestra cocina comunitaria. \u201cMagma\u201d, nuestra radio, refleja el esp\u00edritu cultural, solidario y comunitario.<br>Con una clara mirada de diversidad y adhiriendo a conceptos cooperativistas, solidarios, sustentables, y amigables con el medioambiente, ARTE Y PARTE te espera para conocer el Tandil cultural que te va a llenar el coraz\u00f3n.<\/p>\n\n\n\n<h6 class=\"wp-block-heading\">Ubicaci\u00f3n<\/h6>\n\n\n\n<p class=\"wp-block-paragraph\"><strong><\/strong>Yrigoyen 882,&nbsp;<strong><\/strong>Mitre y Espa\u00f1a.&nbsp;<strong><\/strong>Tandil,&nbsp;<strong><\/strong>7000<\/p>\n\n\n\n<figure data-spectra-id=\"spectra-e4aed057-145d-41db-9452-01af0adb9996\" class=\"wp-block-image\"><img decoding=\"async\" src=\"https:\/\/tandil.tur.ar\/wp-content\/uploads\/2024\/05\/Imagen-de-WhatsApp-2024-05-03-a-las-11.54.42_2fcdb5c1-300x200.jpg\" alt=\"Imagen De WhatsApp 2024 05 03 A Las 11.54.42 2fcdb5c1 300x200\" class=\"wp-image-14586\" title=\"Municipio de Tandil: Centro Cultural Arte y Parte\" \/><\/figure>\n\n\n\n<p class=\"wp-block-paragraph\"><strong>Tipo<\/strong>&nbsp;Esparcimiento<strong>D\u00edas:<\/strong>&nbsp;Martes, Mi\u00e9rcoles, Jueves, Viernes, S\u00e1bados<strong>Apertura:<\/strong>&nbsp;08:00 hs.<strong>Cierre:<\/strong>&nbsp;03:00 hs.<strong>Capacidad:<\/strong>&nbsp;SIN INFORMACION<strong>Grupos y asistentes:<\/strong>&nbsp;Acepta grupos de j\u00f3venes, Acepta contingentes, Accesibilidad diferenciada, Otros (ver observaciones)<strong>Incluye:<\/strong>&nbsp;SIN INFORMACION<strong>Consideraciones:<\/strong>&nbsp;De lunes a jueves de 8 hs. A 21.30 hs. Viernes y s\u00e1bados de 8 hs. A 3 am.<\/p>","protected":false},"excerpt":{"rendered":"<p>Somos un espacio cultural y caf\u00e9 que apunta a detectar y desarrollar talentos art\u00edsticos y educativos.Estamos en Yrigoyen 882, con talleres art\u00edsticos durante la semana. Los fines de semana hay charlas, presentaciones, teatro, ferias, recitales y muestras pl\u00e1sticas, adem\u00e1s de una propuesta gastron\u00f3mica elaborada en \u201cEl Ombligo\u201d, nuestra cocina comunitaria. \u201cMagma\u201d, nuestra radio, refleja el [&hellip;]<\/p>\n","protected":false},"author":9,"featured_media":0,"comment_status":"open","ping_status":"open","sticky":false,"template":"","format":"standard","meta":{"site-sidebar-layout":"default","site-content-layout":"","ast-site-content-layout":"default","site-content-style":"default","site-sidebar-style":"default","ast-global-header-display":"","ast-banner-title-visibility":"","ast-main-header-display":"","ast-hfb-above-header-display":"","ast-hfb-below-header-display":"","ast-hfb-mobile-header-display":"","site-post-title":"","ast-breadcrumbs-content":"","ast-featured-img":"","footer-sml-layout":"","ast-disable-related-posts":"","theme-transparent-header-meta":"","adv-header-id-meta":"","stick-header-meta":"","header-above-stick-meta":"","header-main-stick-meta":"","header-below-stick-meta":"","astra-migrate-meta-layouts":"default","ast-page-background-enabled":"default","ast-page-background-meta":{"desktop":{"background-color":"","background-image":"","background-repeat":"repeat","background-position":"center center","background-size":"auto","background-attachment":"scroll","background-type":"","background-media":"","overlay-type":"","overlay-color":"","overlay-opacity":"","overlay-gradient":""},"tablet":{"background-color":"","background-image":"","background-repeat":"repeat","background-position":"center center","background-size":"auto","background-attachment":"scroll","background-type":"","background-media":"","overlay-type":"","overlay-color":"","overlay-opacity":"","overlay-gradient":""},"mobile":{"background-color":"","background-image":"","background-repeat":"repeat","background-position":"center center","background-size":"auto","background-attachment":"scroll","background-type":"","background-media":"","overlay-type":"","overlay-color":"","overlay-opacity":"","overlay-gradient":""}},"ast-content-background-meta":{"desktop":{"background-color":"var(--ast-global-color-5)","background-image":"","background-repeat":"repeat","background-position":"center center","background-size":"auto","background-attachment":"scroll","background-type":"","background-media":"","overlay-type":"","overlay-color":"","overlay-opacity":"","overlay-gradient":""},"tablet":{"background-color":"var(--ast-global-color-5)","background-image":"","background-repeat":"repeat","background-position":"center center","background-size":"auto","background-attachment":"scroll","background-type":"","background-media":"","overlay-type":"","overlay-color":"","overlay-opacity":"","overlay-gradient":""},"mobile":{"background-color":"var(--ast-global-color-5)","background-image":"","background-repeat":"repeat","background-position":"center center","background-size":"auto","background-attachment":"scroll","background-type":"","background-media":"","overlay-type":"","overlay-color":"","overlay-opacity":"","overlay-gradient":""}},"footnotes":""},"categories":[4023],"tags":[],"class_list":["post-115010","post","type-post","status-publish","format-standard","hentry","category-municipios-municipios"],"spectra_blocks_featured_image_url":null,"spectra_blocks_author_info":{"display_name":"Jorge Alfredo Baret","avatar_url":"https:\/\/secure.gravatar.com\/avatar\/31696f5ca83439b642450ec7d3f82f98451a5efacb414343d5478c982b337f26?s=96&d=mm&r=g","author_link":"https:\/\/100xd.com.ar\/es\/author\/jorge\/","description":"Ingeniero Qu\u00edmico UTN - Director Apoderado de Comunicaciones Auditadas SA. Editor Responsable 100xd.com.ar."},"_links":{"self":[{"href":"https:\/\/100xd.com.ar\/es\/wp-json\/wp\/v2\/posts\/115010","targetHints":{"allow":["GET"]}}],"collection":[{"href":"https:\/\/100xd.com.ar\/es\/wp-json\/wp\/v2\/posts"}],"about":[{"href":"https:\/\/100xd.com.ar\/es\/wp-json\/wp\/v2\/types\/post"}],"author":[{"embeddable":true,"href":"https:\/\/100xd.com.ar\/es\/wp-json\/wp\/v2\/users\/9"}],"replies":[{"embeddable":true,"href":"https:\/\/100xd.com.ar\/es\/wp-json\/wp\/v2\/comments?post=115010"}],"version-history":[{"count":1,"href":"https:\/\/100xd.com.ar\/es\/wp-json\/wp\/v2\/posts\/115010\/revisions"}],"predecessor-version":[{"id":115012,"href":"https:\/\/100xd.com.ar\/es\/wp-json\/wp\/v2\/posts\/115010\/revisions\/115012"}],"wp:attachment":[{"href":"https:\/\/100xd.com.ar\/es\/wp-json\/wp\/v2\/media?parent=115010"}],"wp:term":[{"taxonomy":"category","embeddable":true,"href":"https:\/\/100xd.com.ar\/es\/wp-json\/wp\/v2\/categories?post=115010"},{"taxonomy":"post_tag","embeddable":true,"href":"https:\/\/100xd.com.ar\/es\/wp-json\/wp\/v2\/tags?post=115010"}],"curies":[{"name":"wp","href":"https:\/\/api.w.org\/{rel}","templated":true}]}}