{"id":114757,"date":"2025-02-08T10:02:49","date_gmt":"2025-02-08T13:02:49","guid":{"rendered":"https:\/\/100xd.com.ar\/?p=114757"},"modified":"2025-02-08T10:02:49","modified_gmt":"2025-02-08T13:02:49","slug":"el-jefe-de-los-fiscales-reclamo-fondos-al-gobierno-para-poder-implementar-el-sistema-acusatorio","status":"publish","type":"post","link":"https:\/\/100xd.com.ar\/es\/el-jefe-de-los-fiscales-reclamo-fondos-al-gobierno-para-poder-implementar-el-sistema-acusatorio\/","title":{"rendered":"El jefe de los fiscales reclam\u00f3 fondos al Gobierno para poder implementar el sistema acusatorio"},"content":{"rendered":"<p class=\"wp-block-paragraph\">El Procurador General de la Naci\u00f3n,&nbsp;<strong>Eduardo Casal,&nbsp;<\/strong>intim\u00f3 al Gobierno nacional a que le env\u00ede dinero para poder continuar con la puesta en marcha del sistema acusatorio en todo pa\u00eds. El funcionario dijo que de lo contrario, no se puede implementar de manera eficiente este mecanismo de tr\u00e1mite de las causa penales federales, donde el fiscal es el protagonista y el juez deja de ser el actor central del proceso.<\/p>\n\n\n\n<p class=\"wp-block-paragraph\"><mark>\u201cNo puede seguirse adelante eficientemente sin la debida adjudicaci\u00f3n de recursos\u201d,<\/mark>&nbsp;escribi\u00f3 Casal al ministro de Justicia,&nbsp;<strong>Mariano C\u00faneo Libarona<\/strong>.<\/p>\n\n\n\n<p class=\"wp-block-paragraph\">El sistema acusatorio, donde desaparece el expediente de papel, las audiencias son orales y se graban en video y el fiscal acusa ante la defensa y el juez resuelve en poco tiempo. El nuevo sistema ya se puso en marcha en&nbsp;<strong>Salta, Jujuy, Mendoza, Rosario, General Roca, Comodoro Rivadavia.&nbsp;<\/strong>Pero falta implementarlo en el resto del pa\u00eds, incluido&nbsp;<strong>Mar del Plata y Bah\u00eda Blanca<\/strong>, donde est\u00e1 previsto hacerlo en abril y mayo pr\u00f3ximo.<\/p>\n\n\n\n<p class=\"wp-block-paragraph\">El fiscal federal ante el Tribunal Oral en lo Penal de Mar del Plata,<strong>&nbsp;Juan Manuel Pettigiani<\/strong>,&nbsp;<a href=\"https:\/\/www.lanacion.com.ar\/politica\/un-fiscal-denuncio-al-ministro-cuneo-libarona-por-la-implementacion-del-sistema-acusatorio-en-mar-nid03022025\/\">denunci\u00f3 la semana pasada al ministro C\u00faneo Libarona<\/a>&nbsp;por violaci\u00f3n de sus deberes de funcionario, al instrumentar el sistema acusatorio sin el nombramiento de fiscales para las investigaciones.<\/p>\n\n\n\n<p class=\"wp-block-paragraph\">La Procuraci\u00f3n, el Consejo de la Magistratura, la Corte y el Ministerio de Justicia vienen financiando la puesta en marcha del sistema con la refacci\u00f3n de edificios, su adecuaci\u00f3n, el equipamiento, laboratorios, computadoras, conectividad.<\/p>\n\n\n\n<p class=\"wp-block-paragraph\"><mark>Pero Casal le dijo a C\u00faneo Libarona que el dinero previsto del presupuesto propio se agot\u00f3 y que mantuvieron un reuni\u00f3n con las autoridades del Ministerio de Econom\u00eda que les dijeron que no les van a dar un peso m\u00e1s.<\/mark><\/p>\n\n\n\n<figure data-spectra-id=\"spectra-b86f671b-1d97-4805-9bc7-6155b06975cb\" class=\"wp-block-image\"><img decoding=\"async\" src=\"https:\/\/resizer.glanacion.com\/resizer\/v2\/el-ministro-cuneo-libarona-visito-al-procurador-EWVDNMLRZRF2LDTTN5ED4H7B3Y.jpg?auth=f3400991248b7fa0f730086104e0dcde7b98596f553cddf0f4ece1ea65f3bddd&amp;width=420&amp;height=280&amp;quality=70&amp;smart=true\" alt=\"El ministro C\u00faneo Libarona visit\u00f3 al Procurador Casal para proponerle la creaci\u00f3n de una fiscal\u00eda anticorrupci\u00f3n; ahora, hay tensi\u00f3n por la falta de recursos\" title=\"El jefe de los fiscales reclam\u00f3 fondos al Gobierno para poder implementar el sistema acusatorio\" \/><figcaption>El ministro C\u00faneo Libarona visit\u00f3 al Procurador Casal para proponerle la creaci\u00f3n de una fiscal\u00eda anticorrupci\u00f3n; ahora, hay tensi\u00f3n por la falta de recursos<\/figcaption><\/figure>\n\n\n\n<p class=\"wp-block-paragraph\">Casal dijo que no hay dinero \u201cpara que los fiscales puedan llevar adelante las investigaciones complejas de manera m\u00e1s eficiente garantizando el cumplimiento de los plazos procesales establecidos por el C\u00f3digo Procesal Penal Federal (CPPF)\u201d. Pidieron computadoras, licencias de software. \u201cLa falta de recursos tecnol\u00f3gicos limita significativamente el potencial de la herramienta y afecta la calidad y celeridad que le podr\u00eda aportar a las investigaciones penales\u201d, escribi\u00f3 el Procurador.<\/p>\n\n\n\n<p class=\"wp-block-paragraph\">En cuanto a Mar del Plata y Bah\u00eda Blanca dijo que la Procuraci\u00f3n atraves\u00e1 una \u201cacuciante situaci\u00f3n presupuestaria\u201d, seg\u00fan la nota que le enviaron a C\u00faneo Libarona que no tuvo respuesta.<\/p>\n\n\n\n<p class=\"wp-block-paragraph\">Describi\u00f3 Casal que el secretario de Hacienda, Carlos Guberman, le remarc\u00f3 que \u201cno se van a otorgar incrementos en los cr\u00e9ditos presupuestarios\u201d, porque \u201cel equilibrio fiscal y la reducci\u00f3n de impuestos son la pol\u00edtica prioritaria fijada\u201d. Por lo que inst\u00f3 a revisar los programas y los proyectos, incluso si ello implica \u201cdiferir o dilatar\u201d los planes pues el objetivo es \u201clograr el equilibrio fiscal\u201d.<\/p>\n\n\n\n<p class=\"wp-block-paragraph\">El Ministerio P\u00fablico Fiscal no cuenta hoy con los medios tecnol\u00f3gicos, la estructura edilicia ni los recursos humanos y materiales necesarios para poder continuar implementado un nuevo sistema procesal que le otorga m\u00e1s funciones y obligaciones, dice la nota de Casal. La ley preve\u00eda que las nuevas funciones que asumen los fiscales debe ser acompa\u00f1ada del presupuesto, pero no se cumpli\u00f3.<\/p>\n\n\n\n<p class=\"wp-block-paragraph\">Por\u00a0<a href=\"https:\/\/www.lanacion.com.ar\/autor\/hernan-cappiello-154\/\"><strong>Hern\u00e1n Cappiello<\/strong><\/a><\/p>\n\n\n\n<p class=\"wp-block-paragraph\">Fuente:<a href=\"https:\/\/www.lanacion.com.ar\/\"> La Naci\u00f3n<\/a><\/p>","protected":false},"excerpt":{"rendered":"<p>El Procurador General de la Naci\u00f3n,&nbsp;Eduardo Casal,&nbsp;intim\u00f3 al Gobierno nacional a que le env\u00ede dinero para poder continuar con la puesta en marcha del sistema acusatorio en todo pa\u00eds. El funcionario dijo que de lo contrario, no se puede implementar de manera eficiente este mecanismo de tr\u00e1mite de las causa penales federales, donde el fiscal [&hellip;]<\/p>\n","protected":false},"author":9,"featured_media":0,"comment_status":"open","ping_status":"open","sticky":false,"template":"","format":"standard","meta":{"site-sidebar-layout":"default","site-content-layout":"","ast-site-content-layout":"default","site-content-style":"default","site-sidebar-style":"default","ast-global-header-display":"","ast-banner-title-visibility":"","ast-main-header-display":"","ast-hfb-above-header-display":"","ast-hfb-below-header-display":"","ast-hfb-mobile-header-display":"","site-post-title":"","ast-breadcrumbs-content":"","ast-featured-img":"","footer-sml-layout":"","ast-disable-related-posts":"","theme-transparent-header-meta":"","adv-header-id-meta":"","stick-header-meta":"","header-above-stick-meta":"","header-main-stick-meta":"","header-below-stick-meta":"","astra-migrate-meta-layouts":"default","ast-page-background-enabled":"default","ast-page-background-meta":{"desktop":{"background-color":"","background-image":"","background-repeat":"repeat","background-position":"center center","background-size":"auto","background-attachment":"scroll","background-type":"","background-media":"","overlay-type":"","overlay-color":"","overlay-opacity":"","overlay-gradient":""},"tablet":{"background-color":"","background-image":"","background-repeat":"repeat","background-position":"center center","background-size":"auto","background-attachment":"scroll","background-type":"","background-media":"","overlay-type":"","overlay-color":"","overlay-opacity":"","overlay-gradient":""},"mobile":{"background-color":"","background-image":"","background-repeat":"repeat","background-position":"center center","background-size":"auto","background-attachment":"scroll","background-type":"","background-media":"","overlay-type":"","overlay-color":"","overlay-opacity":"","overlay-gradient":""}},"ast-content-background-meta":{"desktop":{"background-color":"var(--ast-global-color-5)","background-image":"","background-repeat":"repeat","background-position":"center center","background-size":"auto","background-attachment":"scroll","background-type":"","background-media":"","overlay-type":"","overlay-color":"","overlay-opacity":"","overlay-gradient":""},"tablet":{"background-color":"var(--ast-global-color-5)","background-image":"","background-repeat":"repeat","background-position":"center center","background-size":"auto","background-attachment":"scroll","background-type":"","background-media":"","overlay-type":"","overlay-color":"","overlay-opacity":"","overlay-gradient":""},"mobile":{"background-color":"var(--ast-global-color-5)","background-image":"","background-repeat":"repeat","background-position":"center center","background-size":"auto","background-attachment":"scroll","background-type":"","background-media":"","overlay-type":"","overlay-color":"","overlay-opacity":"","overlay-gradient":""}},"footnotes":""},"categories":[2],"tags":[],"class_list":["post-114757","post","type-post","status-publish","format-standard","hentry","category-politica"],"spectra_blocks_featured_image_url":null,"spectra_blocks_author_info":{"display_name":"Jorge Alfredo Baret","avatar_url":"https:\/\/secure.gravatar.com\/avatar\/31696f5ca83439b642450ec7d3f82f98451a5efacb414343d5478c982b337f26?s=96&d=mm&r=g","author_link":"https:\/\/100xd.com.ar\/es\/author\/jorge\/","description":"Ingeniero Qu\u00edmico UTN - Director Apoderado de Comunicaciones Auditadas SA. Editor Responsable 100xd.com.ar."},"_links":{"self":[{"href":"https:\/\/100xd.com.ar\/es\/wp-json\/wp\/v2\/posts\/114757","targetHints":{"allow":["GET"]}}],"collection":[{"href":"https:\/\/100xd.com.ar\/es\/wp-json\/wp\/v2\/posts"}],"about":[{"href":"https:\/\/100xd.com.ar\/es\/wp-json\/wp\/v2\/types\/post"}],"author":[{"embeddable":true,"href":"https:\/\/100xd.com.ar\/es\/wp-json\/wp\/v2\/users\/9"}],"replies":[{"embeddable":true,"href":"https:\/\/100xd.com.ar\/es\/wp-json\/wp\/v2\/comments?post=114757"}],"version-history":[{"count":1,"href":"https:\/\/100xd.com.ar\/es\/wp-json\/wp\/v2\/posts\/114757\/revisions"}],"predecessor-version":[{"id":114759,"href":"https:\/\/100xd.com.ar\/es\/wp-json\/wp\/v2\/posts\/114757\/revisions\/114759"}],"wp:attachment":[{"href":"https:\/\/100xd.com.ar\/es\/wp-json\/wp\/v2\/media?parent=114757"}],"wp:term":[{"taxonomy":"category","embeddable":true,"href":"https:\/\/100xd.com.ar\/es\/wp-json\/wp\/v2\/categories?post=114757"},{"taxonomy":"post_tag","embeddable":true,"href":"https:\/\/100xd.com.ar\/es\/wp-json\/wp\/v2\/tags?post=114757"}],"curies":[{"name":"wp","href":"https:\/\/api.w.org\/{rel}","templated":true}]}}